{"id":19536,"date":"2020-09-05T18:38:58","date_gmt":"2020-09-05T16:38:58","guid":{"rendered":"https:\/\/blog.brand-architecture.at\/2020\/09\/05\/louverture-du-tunnel-de-base-du-ceneri-est-une-nouvelle-etape-dans-lalptransit\/"},"modified":"2025-12-15T12:35:48","modified_gmt":"2025-12-15T11:35:48","slug":"louverture-du-tunnel-de-base-du-ceneri-est-une-nouvelle-etape-dans-lalptransit","status":"publish","type":"post","link":"https:\/\/loginfo24.com\/fr\/2020\/09\/05\/louverture-du-tunnel-de-base-du-ceneri-est-une-nouvelle-etape-dans-lalptransit\/","title":{"rendered":"L&rsquo;ouverture du tunnel de base du Ceneri est une nouvelle \u00e9tape dans l&rsquo;Alptransit"},"content":{"rendered":"<p>L&rsquo;ouverture du tunnel de base du Ceneri pour le trafic ferroviaire repr\u00e9sente une nouvelle \u00e9tape pour l&rsquo;Alptransit. C&rsquo;est \u00e9galement un moment important pour le transport de marchandises par rail, car les d\u00e9lais de transport se raccourcissent \u00e9galement dans ce domaine. Cependant, le corridor de 4 m\u00e8tres doit encore attendre jusqu&rsquo;\u00e0 la fin de l&rsquo;ann\u00e9e pour \u00eatre pleinement op\u00e9rationnel, jusqu&rsquo;\u00e0 l&rsquo;ouverture du tunnel de B\u00f6zberg en d\u00e9cembre.<\/p>\n<p>(Bellinzona) La pr\u00e9sidente de la Conf\u00e9d\u00e9ration Simonetta Sommaruga a officiellement inaugur\u00e9 le tunnel de base du Ceneri en compagnie du conseiller f\u00e9d\u00e9ral Ignazio Cassis et du pr\u00e9sident du gouvernement tessinois Norman Gobbi. Cela ach\u00e8ve la Nouvelle ligne ferroviaire \u00e0 travers les Alpes (NEAT) d\u00e9cid\u00e9e en 1992. Avec cette \u0153uvre majeure, la Suisse renforce sa politique de transfert et la protection des Alpes. Les voyageurs peuvent se d\u00e9placer plus rapidement du nord au sud \u2013 et le Tessin b\u00e9n\u00e9ficie d&rsquo;un S-Bahn attrayant gr\u00e2ce au Ceneri. Le PDG des CFF Vincent Ducrot et le PDG de l&rsquo;ATG Dieter Schwank ont \u00e9galement soulign\u00e9 lors de la c\u00e9r\u00e9monie l&rsquo;importance de la NEAT pour la Suisse et le transport ferroviaire.<\/p>\n<p>Depuis le r\u00e9f\u00e9rendum de 1992 sur la NEAT, de nombreuses personnes se sont engag\u00e9es pour la nouvelle ligne \u00e0 plat \u00e0 travers les Alpes. Avec le tunnel de base du Ceneri, elle est achev\u00e9e. Cela renforce la politique de transfert suisse et la protection des Alpes. Gr\u00e2ce \u00e0 la NEAT \u2013 le c\u0153ur du corridor ferroviaire europ\u00e9en important de Rotterdam \u00e0 G\u00eanes \u2013 davantage de marchandises peuvent \u00eatre transport\u00e9es par rail plut\u00f4t que par route. Pour le transport de passagers, il y a des connexions plus fr\u00e9quentes entre le nord et le sud, et le Tessin b\u00e9n\u00e9ficie d&rsquo;un S-Bahn performant gr\u00e2ce au Ceneri : les temps de trajet entre les trois villes de Lugano, Locarno et Bellinzona sont r\u00e9duits de moiti\u00e9.<\/p>\n<h5>Le vote positif pour la NEAT \u00e9tait visionnaire<\/h5>\n<p>\u00ab La NEAT a \u00e9t\u00e9 le d\u00e9clencheur d&rsquo;une politique de transfert intelligente dont nous pouvons \u00eatre fiers jusqu&rsquo;\u00e0 aujourd&rsquo;hui \u00bb, a d\u00e9clar\u00e9 la pr\u00e9sidente de la Conf\u00e9d\u00e9ration Sommaruga dans son discours. Elle a remerci\u00e9 la population qui a rendu possible cette \u0153uvre majeure en votant oui \u00e0 la NEAT. \u00ab Cette d\u00e9cision \u00e9tait courageuse et visionnaire : pour notre pays et pour la protection des Alpes. Gr\u00e2ce au Ceneri, notre politique de transfert re\u00e7oit un nouvel \u00e9lan. \u00bb<br \/>\nLe conseiller f\u00e9d\u00e9ral Ignazio Cassis a soulign\u00e9 l&rsquo;importance de la NEAT d&rsquo;une part pour son canton d&rsquo;origine, le Tessin, et d&rsquo;autre part pour la Suisse et le continent europ\u00e9en : elle renforce le corridor ferroviaire de fret nord-sud europ\u00e9en et permet des transports de marchandises respectueux de l&rsquo;environnement. \u00ab Avec cette \u0153uvre tourn\u00e9e vers l&rsquo;avenir, nous soulignons notre appartenance au continent europ\u00e9en, qui, hier comme aujourd&rsquo;hui, est une condition fondamentale de notre prosp\u00e9rit\u00e9 \u00bb, a d\u00e9clar\u00e9 le chef du D\u00e9partement f\u00e9d\u00e9ral des affaires \u00e9trang\u00e8res.<\/p>\n<h5>Le transport local dans le Tessin en profite \u00e9galement<\/h5>\n<p>Le pr\u00e9sident du gouvernement tessinois Norman Gobbi a exprim\u00e9 sa joie face au bond en avant dans les transports publics, rendu possible par le nouveau S-Bahn et la connexion directe entre Locarno et Lugano. \u00ab Le tunnel de Ceneri va transformer notre identit\u00e9 tessinoise. Gr\u00e2ce aux connexions rapides au sein de notre canton, le Tessin deviendra une grande ville avec d&rsquo;importants \u00ab quartiers \u00bb dans le Sopra et le Sottoceneri \u00bb, a d\u00e9clar\u00e9 Gobbi.<\/p>\n<p>Le PDG des CFF Vincent Ducrot et Dieter Schwank, PDG de l&rsquo;Alptransit Gotthard AG (ATG), ont \u00e9galement salu\u00e9 dans leurs discours l&rsquo;importance de la NEAT. Parmi les invit\u00e9s de la c\u00e9r\u00e9monie figuraient \u00e9galement les membres du gouvernement tessinois, le pr\u00e9sident du Conseil des \u00c9tats Hans St\u00f6ckli ainsi que des d\u00e9l\u00e9gations de l&rsquo;ATG, qui a construit le tunnel, et des CFF, qui exploiteront le tunnel. En raison de la pand\u00e9mie de Corona, la c\u00e9r\u00e9monie d&rsquo;inauguration n&rsquo;a pu se d\u00e9rouler que sous une forme r\u00e9duite.<\/p>\n<p>En coupant le ruban d&rsquo;inauguration, la pr\u00e9sidente de la Conf\u00e9d\u00e9ration Sommaruga a ouvert le tunnel de base du Ceneri \u00e0 la circulation. Ensuite, un train de marchandises a travers\u00e9 la nouvelle structure en direction du sud. Les intervenants \u00e9taient arriv\u00e9s du sud avec un train de l&rsquo;S-Bahn tessinoise et du nord avec un train de voyageurs des CFF. La c\u00e9r\u00e9monie d&rsquo;inauguration a ainsi mis en lumi\u00e8re le r\u00f4le important du tunnel de base du Ceneri pour le transport r\u00e9gional de passagers, le transport longue distance et le transport de marchandises.<\/p>\n<p>Image : \u00a9 Alptransit<\/p>\n<p><a href=\"https:\/\/www.alptransit.ch\" target=\"_blank\" rel=\"noopener noreferrer\">www.alptransit.ch<\/a>\u00a0\u00a0 <a href=\"https:\/\/www.sbb.ch\" target=\"_blank\" rel=\"noopener noreferrer\">www.sbb.ch<\/a>\u00a0\u00a0\u00a0 <a href=\"https:\/\/www.sbbcargo.com\" target=\"_blank\" rel=\"noopener noreferrer\">www.sbbcargo.com<\/a><\/p>\n","protected":false},"excerpt":{"rendered":"<p>L&rsquo;ouverture du tunnel de base du Ceneri pour le trafic ferroviaire repr\u00e9sente une nouvelle \u00e9tape pour l&rsquo;Alptransit. C&rsquo;est \u00e9galement un moment important pour le transport de<span class=\"excerpt-hellip\"> [\u2026]<\/span><\/p>\n","protected":false},"author":0,"featured_media":0,"comment_status":"open","ping_status":"open","sticky":false,"template":"","format":"standard","meta":{"_acf_changed":false,"footnotes":""},"categories":[1557,1561],"tags":[],"class_list":["post-19536","post","type-post","status-publish","format-standard","hentry","category-forwarding-logistics","category-regions"],"acf":[],"yoast_head":"<!-- This site is optimized with the Yoast SEO plugin v27.3 - https:\/\/yoast.com\/product\/yoast-seo-wordpress\/ -->\n<title>L&#039;ouverture du tunnel de base du Ceneri est une nouvelle \u00e9tape dans l&#039;Alptransit - Loginfo24.<\/title>\n<meta name=\"robots\" content=\"index, follow, max-snippet:-1, max-image-preview:large, max-video-preview:-1\" \/>\n<link rel=\"canonical\" href=\"https:\/\/loginfo24.com\/fr\/2020\/09\/05\/louverture-du-tunnel-de-base-du-ceneri-est-une-nouvelle-etape-dans-lalptransit\/\" \/>\n<meta property=\"og:locale\" content=\"fr_FR\" \/>\n<meta property=\"og:type\" content=\"article\" \/>\n<meta property=\"og:title\" content=\"L&#039;ouverture du tunnel de base du Ceneri est une nouvelle \u00e9tape dans l&#039;Alptransit - Loginfo24.\" \/>\n<meta property=\"og:description\" content=\"L&rsquo;ouverture du tunnel de base du Ceneri pour le trafic ferroviaire repr\u00e9sente une nouvelle \u00e9tape pour l&rsquo;Alptransit. C&rsquo;est \u00e9galement un moment important pour le transport de [\u2026]\" \/>\n<meta property=\"og:url\" content=\"https:\/\/loginfo24.com\/fr\/2020\/09\/05\/louverture-du-tunnel-de-base-du-ceneri-est-une-nouvelle-etape-dans-lalptransit\/\" \/>\n<meta property=\"og:site_name\" content=\"Loginfo24\" \/>\n<meta property=\"article:publisher\" content=\"https:\/\/www.facebook.com\/people\/Loginfo24\/100057360583332\/\" \/>\n<meta property=\"article:published_time\" content=\"2020-09-05T16:38:58+00:00\" \/>\n<meta property=\"article:modified_time\" content=\"2025-12-15T11:35:48+00:00\" \/>\n<meta name=\"twitter:card\" content=\"summary_large_image\" \/>\n<meta name=\"twitter:label1\" content=\"Dur\u00e9e de lecture estim\u00e9e\" \/>\n\t<meta name=\"twitter:data1\" content=\"4 minutes\" \/>\n<script type=\"application\/ld+json\" class=\"yoast-schema-graph\">{\"@context\":\"https:\\\/\\\/schema.org\",\"@graph\":[{\"@type\":\"Article\",\"@id\":\"https:\\\/\\\/loginfo24.com\\\/fr\\\/2020\\\/09\\\/05\\\/louverture-du-tunnel-de-base-du-ceneri-est-une-nouvelle-etape-dans-lalptransit\\\/#article\",\"isPartOf\":{\"@id\":\"https:\\\/\\\/loginfo24.com\\\/fr\\\/2020\\\/09\\\/05\\\/louverture-du-tunnel-de-base-du-ceneri-est-une-nouvelle-etape-dans-lalptransit\\\/\"},\"author\":{\"name\":\"\",\"@id\":\"\"},\"headline\":\"L&rsquo;ouverture du tunnel de base du Ceneri est une nouvelle \u00e9tape dans l&rsquo;Alptransit\",\"datePublished\":\"2020-09-05T16:38:58+00:00\",\"dateModified\":\"2025-12-15T11:35:48+00:00\",\"mainEntityOfPage\":{\"@id\":\"https:\\\/\\\/loginfo24.com\\\/fr\\\/2020\\\/09\\\/05\\\/louverture-du-tunnel-de-base-du-ceneri-est-une-nouvelle-etape-dans-lalptransit\\\/\"},\"wordCount\":836,\"commentCount\":0,\"publisher\":{\"@id\":\"https:\\\/\\\/loginfo24.com\\\/fr\\\/#organization\"},\"articleSection\":[\"Forwarding &amp; Logistics\",\"Regions\"],\"inLanguage\":\"fr-FR\",\"potentialAction\":[{\"@type\":\"CommentAction\",\"name\":\"Comment\",\"target\":[\"https:\\\/\\\/loginfo24.com\\\/fr\\\/2020\\\/09\\\/05\\\/louverture-du-tunnel-de-base-du-ceneri-est-une-nouvelle-etape-dans-lalptransit\\\/#respond\"]}]},{\"@type\":\"WebPage\",\"@id\":\"https:\\\/\\\/loginfo24.com\\\/fr\\\/2020\\\/09\\\/05\\\/louverture-du-tunnel-de-base-du-ceneri-est-une-nouvelle-etape-dans-lalptransit\\\/\",\"url\":\"https:\\\/\\\/loginfo24.com\\\/fr\\\/2020\\\/09\\\/05\\\/louverture-du-tunnel-de-base-du-ceneri-est-une-nouvelle-etape-dans-lalptransit\\\/\",\"name\":\"L'ouverture du tunnel de base du Ceneri est une nouvelle \u00e9tape dans l'Alptransit - Loginfo24.\",\"isPartOf\":{\"@id\":\"https:\\\/\\\/loginfo24.com\\\/fr\\\/#website\"},\"datePublished\":\"2020-09-05T16:38:58+00:00\",\"dateModified\":\"2025-12-15T11:35:48+00:00\",\"breadcrumb\":{\"@id\":\"https:\\\/\\\/loginfo24.com\\\/fr\\\/2020\\\/09\\\/05\\\/louverture-du-tunnel-de-base-du-ceneri-est-une-nouvelle-etape-dans-lalptransit\\\/#breadcrumb\"},\"inLanguage\":\"fr-FR\",\"potentialAction\":[{\"@type\":\"ReadAction\",\"target\":[\"https:\\\/\\\/loginfo24.com\\\/fr\\\/2020\\\/09\\\/05\\\/louverture-du-tunnel-de-base-du-ceneri-est-une-nouvelle-etape-dans-lalptransit\\\/\"]}]},{\"@type\":\"BreadcrumbList\",\"@id\":\"https:\\\/\\\/loginfo24.com\\\/fr\\\/2020\\\/09\\\/05\\\/louverture-du-tunnel-de-base-du-ceneri-est-une-nouvelle-etape-dans-lalptransit\\\/#breadcrumb\",\"itemListElement\":[{\"@type\":\"ListItem\",\"position\":1,\"name\":\"Startseite\",\"item\":\"https:\\\/\\\/loginfo24.com\\\/fr\\\/\"},{\"@type\":\"ListItem\",\"position\":2,\"name\":\"L&#8217;ouverture du tunnel de base du Ceneri est une nouvelle \u00e9tape dans l&#8217;Alptransit\"}]},{\"@type\":\"WebSite\",\"@id\":\"https:\\\/\\\/loginfo24.com\\\/fr\\\/#website\",\"url\":\"https:\\\/\\\/loginfo24.com\\\/fr\\\/\",\"name\":\"Loginfo24\",\"description\":\"Loginfo24 est la plateforme d\u00e9di\u00e9e \u00e0 la logistique et aux cha\u00eenes d&#039;approvisionnement qui fournit des informations 24 heures sur 24.\",\"publisher\":{\"@id\":\"https:\\\/\\\/loginfo24.com\\\/fr\\\/#organization\"},\"potentialAction\":[{\"@type\":\"SearchAction\",\"target\":{\"@type\":\"EntryPoint\",\"urlTemplate\":\"https:\\\/\\\/loginfo24.com\\\/fr\\\/?s={search_term_string}\"},\"query-input\":{\"@type\":\"PropertyValueSpecification\",\"valueRequired\":true,\"valueName\":\"search_term_string\"}}],\"inLanguage\":\"fr-FR\"},{\"@type\":\"Organization\",\"@id\":\"https:\\\/\\\/loginfo24.com\\\/fr\\\/#organization\",\"name\":\"Groupe Logismedia AG\",\"url\":\"https:\\\/\\\/loginfo24.com\\\/fr\\\/\",\"logo\":{\"@type\":\"ImageObject\",\"inLanguage\":\"fr-FR\",\"@id\":\"https:\\\/\\\/loginfo24.com\\\/fr\\\/#\\\/schema\\\/logo\\\/image\\\/\",\"url\":\"https:\\\/\\\/loginfo24.com\\\/wp-content\\\/uploads\\\/sites\\\/7\\\/2026\\\/01\\\/Logo_LogInfo24.png\",\"contentUrl\":\"https:\\\/\\\/loginfo24.com\\\/wp-content\\\/uploads\\\/sites\\\/7\\\/2026\\\/01\\\/Logo_LogInfo24.png\",\"width\":938,\"height\":351,\"caption\":\"Groupe Logismedia AG\"},\"image\":{\"@id\":\"https:\\\/\\\/loginfo24.com\\\/fr\\\/#\\\/schema\\\/logo\\\/image\\\/\"},\"sameAs\":[\"https:\\\/\\\/www.facebook.com\\\/people\\\/Loginfo24\\\/100057360583332\\\/\",\"https:\\\/\\\/www.linkedin.com\\\/company\\\/lofinfo24\\\/\"]}]}<\/script>\n<!-- \/ Yoast SEO plugin. -->","yoast_head_json":{"title":"L'ouverture du tunnel de base du Ceneri est une nouvelle \u00e9tape dans l'Alptransit - Loginfo24.","robots":{"index":"index","follow":"follow","max-snippet":"max-snippet:-1","max-image-preview":"max-image-preview:large","max-video-preview":"max-video-preview:-1"},"canonical":"https:\/\/loginfo24.com\/fr\/2020\/09\/05\/louverture-du-tunnel-de-base-du-ceneri-est-une-nouvelle-etape-dans-lalptransit\/","og_locale":"fr_FR","og_type":"article","og_title":"L'ouverture du tunnel de base du Ceneri est une nouvelle \u00e9tape dans l'Alptransit - Loginfo24.","og_description":"L&rsquo;ouverture du tunnel de base du Ceneri pour le trafic ferroviaire repr\u00e9sente une nouvelle \u00e9tape pour l&rsquo;Alptransit. C&rsquo;est \u00e9galement un moment important pour le transport de [\u2026]","og_url":"https:\/\/loginfo24.com\/fr\/2020\/09\/05\/louverture-du-tunnel-de-base-du-ceneri-est-une-nouvelle-etape-dans-lalptransit\/","og_site_name":"Loginfo24","article_publisher":"https:\/\/www.facebook.com\/people\/Loginfo24\/100057360583332\/","article_published_time":"2020-09-05T16:38:58+00:00","article_modified_time":"2025-12-15T11:35:48+00:00","twitter_card":"summary_large_image","twitter_misc":{"Dur\u00e9e de lecture estim\u00e9e":"4 minutes"},"schema":{"@context":"https:\/\/schema.org","@graph":[{"@type":"Article","@id":"https:\/\/loginfo24.com\/fr\/2020\/09\/05\/louverture-du-tunnel-de-base-du-ceneri-est-une-nouvelle-etape-dans-lalptransit\/#article","isPartOf":{"@id":"https:\/\/loginfo24.com\/fr\/2020\/09\/05\/louverture-du-tunnel-de-base-du-ceneri-est-une-nouvelle-etape-dans-lalptransit\/"},"author":{"name":"","@id":""},"headline":"L&rsquo;ouverture du tunnel de base du Ceneri est une nouvelle \u00e9tape dans l&rsquo;Alptransit","datePublished":"2020-09-05T16:38:58+00:00","dateModified":"2025-12-15T11:35:48+00:00","mainEntityOfPage":{"@id":"https:\/\/loginfo24.com\/fr\/2020\/09\/05\/louverture-du-tunnel-de-base-du-ceneri-est-une-nouvelle-etape-dans-lalptransit\/"},"wordCount":836,"commentCount":0,"publisher":{"@id":"https:\/\/loginfo24.com\/fr\/#organization"},"articleSection":["Forwarding &amp; Logistics","Regions"],"inLanguage":"fr-FR","potentialAction":[{"@type":"CommentAction","name":"Comment","target":["https:\/\/loginfo24.com\/fr\/2020\/09\/05\/louverture-du-tunnel-de-base-du-ceneri-est-une-nouvelle-etape-dans-lalptransit\/#respond"]}]},{"@type":"WebPage","@id":"https:\/\/loginfo24.com\/fr\/2020\/09\/05\/louverture-du-tunnel-de-base-du-ceneri-est-une-nouvelle-etape-dans-lalptransit\/","url":"https:\/\/loginfo24.com\/fr\/2020\/09\/05\/louverture-du-tunnel-de-base-du-ceneri-est-une-nouvelle-etape-dans-lalptransit\/","name":"L'ouverture du tunnel de base du Ceneri est une nouvelle \u00e9tape dans l'Alptransit - Loginfo24.","isPartOf":{"@id":"https:\/\/loginfo24.com\/fr\/#website"},"datePublished":"2020-09-05T16:38:58+00:00","dateModified":"2025-12-15T11:35:48+00:00","breadcrumb":{"@id":"https:\/\/loginfo24.com\/fr\/2020\/09\/05\/louverture-du-tunnel-de-base-du-ceneri-est-une-nouvelle-etape-dans-lalptransit\/#breadcrumb"},"inLanguage":"fr-FR","potentialAction":[{"@type":"ReadAction","target":["https:\/\/loginfo24.com\/fr\/2020\/09\/05\/louverture-du-tunnel-de-base-du-ceneri-est-une-nouvelle-etape-dans-lalptransit\/"]}]},{"@type":"BreadcrumbList","@id":"https:\/\/loginfo24.com\/fr\/2020\/09\/05\/louverture-du-tunnel-de-base-du-ceneri-est-une-nouvelle-etape-dans-lalptransit\/#breadcrumb","itemListElement":[{"@type":"ListItem","position":1,"name":"Startseite","item":"https:\/\/loginfo24.com\/fr\/"},{"@type":"ListItem","position":2,"name":"L&#8217;ouverture du tunnel de base du Ceneri est une nouvelle \u00e9tape dans l&#8217;Alptransit"}]},{"@type":"WebSite","@id":"https:\/\/loginfo24.com\/fr\/#website","url":"https:\/\/loginfo24.com\/fr\/","name":"Loginfo24","description":"Loginfo24 est la plateforme d\u00e9di\u00e9e \u00e0 la logistique et aux cha\u00eenes d&#039;approvisionnement qui fournit des informations 24 heures sur 24.","publisher":{"@id":"https:\/\/loginfo24.com\/fr\/#organization"},"potentialAction":[{"@type":"SearchAction","target":{"@type":"EntryPoint","urlTemplate":"https:\/\/loginfo24.com\/fr\/?s={search_term_string}"},"query-input":{"@type":"PropertyValueSpecification","valueRequired":true,"valueName":"search_term_string"}}],"inLanguage":"fr-FR"},{"@type":"Organization","@id":"https:\/\/loginfo24.com\/fr\/#organization","name":"Groupe Logismedia AG","url":"https:\/\/loginfo24.com\/fr\/","logo":{"@type":"ImageObject","inLanguage":"fr-FR","@id":"https:\/\/loginfo24.com\/fr\/#\/schema\/logo\/image\/","url":"https:\/\/loginfo24.com\/wp-content\/uploads\/sites\/7\/2026\/01\/Logo_LogInfo24.png","contentUrl":"https:\/\/loginfo24.com\/wp-content\/uploads\/sites\/7\/2026\/01\/Logo_LogInfo24.png","width":938,"height":351,"caption":"Groupe Logismedia AG"},"image":{"@id":"https:\/\/loginfo24.com\/fr\/#\/schema\/logo\/image\/"},"sameAs":["https:\/\/www.facebook.com\/people\/Loginfo24\/100057360583332\/","https:\/\/www.linkedin.com\/company\/lofinfo24\/"]}]}},"_links":{"self":[{"href":"https:\/\/loginfo24.com\/fr\/wp-json\/wp\/v2\/posts\/19536","targetHints":{"allow":["GET"]}}],"collection":[{"href":"https:\/\/loginfo24.com\/fr\/wp-json\/wp\/v2\/posts"}],"about":[{"href":"https:\/\/loginfo24.com\/fr\/wp-json\/wp\/v2\/types\/post"}],"replies":[{"embeddable":true,"href":"https:\/\/loginfo24.com\/fr\/wp-json\/wp\/v2\/comments?post=19536"}],"version-history":[{"count":1,"href":"https:\/\/loginfo24.com\/fr\/wp-json\/wp\/v2\/posts\/19536\/revisions"}],"predecessor-version":[{"id":35354,"href":"https:\/\/loginfo24.com\/fr\/wp-json\/wp\/v2\/posts\/19536\/revisions\/35354"}],"wp:attachment":[{"href":"https:\/\/loginfo24.com\/fr\/wp-json\/wp\/v2\/media?parent=19536"}],"wp:term":[{"taxonomy":"category","embeddable":true,"href":"https:\/\/loginfo24.com\/fr\/wp-json\/wp\/v2\/categories?post=19536"},{"taxonomy":"post_tag","embeddable":true,"href":"https:\/\/loginfo24.com\/fr\/wp-json\/wp\/v2\/tags?post=19536"}],"curies":[{"name":"wp","href":"https:\/\/api.w.org\/{rel}","templated":true}]}}