{"id":19318,"date":"2020-08-25T08:01:49","date_gmt":"2020-08-25T06:01:49","guid":{"rendered":"https:\/\/blog.brand-architecture.at\/2020\/08\/25\/la-cooperation-de-fret-24plus-a-munich-sassocie-a-bavarian-transcon\/"},"modified":"2025-12-15T12:34:53","modified_gmt":"2025-12-15T11:34:53","slug":"la-cooperation-de-fret-24plus-a-munich-sassocie-a-bavarian-transcon","status":"publish","type":"post","link":"https:\/\/loginfo24.com\/fr\/2020\/08\/25\/la-cooperation-de-fret-24plus-a-munich-sassocie-a-bavarian-transcon\/","title":{"rendered":"La coop\u00e9ration de fret 24plus \u00e0 Munich s&rsquo;associe \u00e0 Bavarian TransCon"},"content":{"rendered":"<p>La coop\u00e9ration de fret 24plus s&rsquo;associe \u00e0 Bavarian TransCon \u00e0 Munich. Un partenariat syst\u00e9matique par \u00e9tapes est pr\u00e9vu avec une connexion au hub r\u00e9gional du sud de l&rsquo;Allemagne \u00e0 partir du 1er septembre 2020 et une connexion au hub central au d\u00e9but de l&rsquo;ann\u00e9e prochaine.<\/p>\n<p>(Haueneck-Unterhaun) La coop\u00e9ration de fret 24plus remplace son partenaire pour la r\u00e9gion de Munich. La succursale de Kirchheim de Rhenus Freight Logistics GmbH &amp; Co. KG, qui \u00e9tait jusqu&rsquo;\u00e0 pr\u00e9sent le prestataire de services pour 24plus, sera remplac\u00e9e par Bavarian TransCon Logistic GmbH \u00e0 Olching. Le remplacement se fera en deux \u00e9tapes. \u00c0 partir du 1er septembre 2020, Bavarian TransCon sera connect\u00e9 au hub r\u00e9gional 24plus du sud de l&rsquo;Allemagne \u00e0 Ludwigsburg et utilisera l&#8217;emplacement que Rhenus Freight Logistics GmbH &amp; Co. KG n&rsquo;a pas encore exploit\u00e9. Au d\u00e9but de la nouvelle ann\u00e9e 2021, Bavarian TransCon sera \u00e9galement connect\u00e9 au hub central 24plus \u00e0 Hauneck. En m\u00eame temps, Rhenus Freight Logistics \u00e0 Kirchheim se retirera du r\u00e9seau 24plus.<\/p>\n<h5><strong>La nouvelle cr\u00e9ation comble un vide<\/strong><\/h5>\n<p> Bavarian TransCon Logistic GmbH est une nouvelle cr\u00e9ation des deux transporteurs exp\u00e9riment\u00e9s Andreas Krebs et G\u00fcnter Frauenknecht. Leur entreprise commune a commenc\u00e9 ses activit\u00e9s en juillet 2019 et s&rsquo;est d\u00e9velopp\u00e9e depuis \u00e0 un rythme rapide, m\u00eame en p\u00e9riode de Corona. \u00ab\u00a0Munich est un terrain difficile en tant que m\u00e9tropole de services pour les exp\u00e9ditions de fret\u00a0\u00bb, explique le directeur g\u00e9n\u00e9ral G\u00fcnter Frauenknecht les circonstances de la cr\u00e9ation de l&rsquo;entreprise. \u00ab\u00a0Avec des loyers et des co\u00fbts de personnel \u00e9lev\u00e9s et un faible volume d&rsquo;envois, de plus en plus de transporteurs se retirent du secteur du fret \u00e0 Munich. Avec la cr\u00e9ation de notre entreprise de transport, nous avons donc combl\u00e9 un vide.\u00a0\u00bb Bavarian TransCon dispose \u00e0 Olching d&rsquo;une installation de transport moderne avec 2 500 m\u00e8tres carr\u00e9s de surface de transbordement et un bureau de plus de 300 m\u00e8tres carr\u00e9s. Les performances de transport en local et \u00e0 longue distance sont assur\u00e9es par des entreprises de transport fixes. Le directeur g\u00e9n\u00e9ral de 24plus, Stefan Rehmet, se dit satisfait de l&rsquo;\u00e9volution \u00e0 Munich : \u00ab\u00a0Nous rempla\u00e7ons en deux \u00e9tapes un prestataire de services par un partenaire syst\u00e9matique hautement engag\u00e9, qui souhaite cro\u00eetre avec nous.\u00a0\u00bb Photo : \u00a9 24plus <a href=\"https:\/\/www.24plus.de\" target=\"_blank\" rel=\"noopener noreferrer\">www.24plus.de<\/a><\/p>\n","protected":false},"excerpt":{"rendered":"<p>La coop\u00e9ration de fret 24plus s&rsquo;associe \u00e0 Bavarian TransCon \u00e0 Munich. Un partenariat syst\u00e9matique par \u00e9tapes est pr\u00e9vu avec une connexion au hub r\u00e9gional du sud<span class=\"excerpt-hellip\"> [\u2026]<\/span><\/p>\n","protected":false},"author":0,"featured_media":0,"comment_status":"open","ping_status":"open","sticky":false,"template":"","format":"standard","meta":{"_acf_changed":false,"footnotes":""},"categories":[1561],"tags":[],"class_list":["post-19318","post","type-post","status-publish","format-standard","hentry","category-regions"],"acf":[],"yoast_head":"<!-- This site is optimized with the Yoast SEO plugin v27.3 - https:\/\/yoast.com\/product\/yoast-seo-wordpress\/ -->\n<title>La coop\u00e9ration de fret 24plus \u00e0 Munich s&#039;associe \u00e0 Bavarian TransCon - Loginfo24.<\/title>\n<meta name=\"robots\" content=\"index, follow, max-snippet:-1, max-image-preview:large, max-video-preview:-1\" \/>\n<link rel=\"canonical\" href=\"https:\/\/loginfo24.com\/fr\/2020\/08\/25\/la-cooperation-de-fret-24plus-a-munich-sassocie-a-bavarian-transcon\/\" \/>\n<meta property=\"og:locale\" content=\"fr_FR\" \/>\n<meta property=\"og:type\" content=\"article\" \/>\n<meta property=\"og:title\" content=\"La coop\u00e9ration de fret 24plus \u00e0 Munich s&#039;associe \u00e0 Bavarian TransCon - Loginfo24.\" \/>\n<meta property=\"og:description\" content=\"La coop\u00e9ration de fret 24plus s&rsquo;associe \u00e0 Bavarian TransCon \u00e0 Munich. Un partenariat syst\u00e9matique par \u00e9tapes est pr\u00e9vu avec une connexion au hub r\u00e9gional du sud [\u2026]\" \/>\n<meta property=\"og:url\" content=\"https:\/\/loginfo24.com\/fr\/2020\/08\/25\/la-cooperation-de-fret-24plus-a-munich-sassocie-a-bavarian-transcon\/\" \/>\n<meta property=\"og:site_name\" content=\"Loginfo24\" \/>\n<meta property=\"article:publisher\" content=\"https:\/\/www.facebook.com\/people\/Loginfo24\/100057360583332\/\" \/>\n<meta property=\"article:published_time\" content=\"2020-08-25T06:01:49+00:00\" \/>\n<meta property=\"article:modified_time\" content=\"2025-12-15T11:34:53+00:00\" \/>\n<meta name=\"twitter:card\" content=\"summary_large_image\" \/>\n<meta name=\"twitter:label1\" content=\"Dur\u00e9e de lecture estim\u00e9e\" \/>\n\t<meta name=\"twitter:data1\" content=\"2 minutes\" \/>\n<script type=\"application\/ld+json\" class=\"yoast-schema-graph\">{\"@context\":\"https:\\\/\\\/schema.org\",\"@graph\":[{\"@type\":\"Article\",\"@id\":\"https:\\\/\\\/loginfo24.com\\\/fr\\\/2020\\\/08\\\/25\\\/la-cooperation-de-fret-24plus-a-munich-sassocie-a-bavarian-transcon\\\/#article\",\"isPartOf\":{\"@id\":\"https:\\\/\\\/loginfo24.com\\\/fr\\\/2020\\\/08\\\/25\\\/la-cooperation-de-fret-24plus-a-munich-sassocie-a-bavarian-transcon\\\/\"},\"author\":{\"name\":\"\",\"@id\":\"\"},\"headline\":\"La coop\u00e9ration de fret 24plus \u00e0 Munich s&rsquo;associe \u00e0 Bavarian TransCon\",\"datePublished\":\"2020-08-25T06:01:49+00:00\",\"dateModified\":\"2025-12-15T11:34:53+00:00\",\"mainEntityOfPage\":{\"@id\":\"https:\\\/\\\/loginfo24.com\\\/fr\\\/2020\\\/08\\\/25\\\/la-cooperation-de-fret-24plus-a-munich-sassocie-a-bavarian-transcon\\\/\"},\"wordCount\":411,\"commentCount\":0,\"publisher\":{\"@id\":\"https:\\\/\\\/loginfo24.com\\\/fr\\\/#organization\"},\"articleSection\":[\"Regions\"],\"inLanguage\":\"fr-FR\",\"potentialAction\":[{\"@type\":\"CommentAction\",\"name\":\"Comment\",\"target\":[\"https:\\\/\\\/loginfo24.com\\\/fr\\\/2020\\\/08\\\/25\\\/la-cooperation-de-fret-24plus-a-munich-sassocie-a-bavarian-transcon\\\/#respond\"]}]},{\"@type\":\"WebPage\",\"@id\":\"https:\\\/\\\/loginfo24.com\\\/fr\\\/2020\\\/08\\\/25\\\/la-cooperation-de-fret-24plus-a-munich-sassocie-a-bavarian-transcon\\\/\",\"url\":\"https:\\\/\\\/loginfo24.com\\\/fr\\\/2020\\\/08\\\/25\\\/la-cooperation-de-fret-24plus-a-munich-sassocie-a-bavarian-transcon\\\/\",\"name\":\"La coop\u00e9ration de fret 24plus \u00e0 Munich s'associe \u00e0 Bavarian TransCon - Loginfo24.\",\"isPartOf\":{\"@id\":\"https:\\\/\\\/loginfo24.com\\\/fr\\\/#website\"},\"datePublished\":\"2020-08-25T06:01:49+00:00\",\"dateModified\":\"2025-12-15T11:34:53+00:00\",\"breadcrumb\":{\"@id\":\"https:\\\/\\\/loginfo24.com\\\/fr\\\/2020\\\/08\\\/25\\\/la-cooperation-de-fret-24plus-a-munich-sassocie-a-bavarian-transcon\\\/#breadcrumb\"},\"inLanguage\":\"fr-FR\",\"potentialAction\":[{\"@type\":\"ReadAction\",\"target\":[\"https:\\\/\\\/loginfo24.com\\\/fr\\\/2020\\\/08\\\/25\\\/la-cooperation-de-fret-24plus-a-munich-sassocie-a-bavarian-transcon\\\/\"]}]},{\"@type\":\"BreadcrumbList\",\"@id\":\"https:\\\/\\\/loginfo24.com\\\/fr\\\/2020\\\/08\\\/25\\\/la-cooperation-de-fret-24plus-a-munich-sassocie-a-bavarian-transcon\\\/#breadcrumb\",\"itemListElement\":[{\"@type\":\"ListItem\",\"position\":1,\"name\":\"Startseite\",\"item\":\"https:\\\/\\\/loginfo24.com\\\/fr\\\/\"},{\"@type\":\"ListItem\",\"position\":2,\"name\":\"La coop\u00e9ration de fret 24plus \u00e0 Munich s&#8217;associe \u00e0 Bavarian TransCon\"}]},{\"@type\":\"WebSite\",\"@id\":\"https:\\\/\\\/loginfo24.com\\\/fr\\\/#website\",\"url\":\"https:\\\/\\\/loginfo24.com\\\/fr\\\/\",\"name\":\"Loginfo24\",\"description\":\"Loginfo24 est la plateforme d\u00e9di\u00e9e \u00e0 la logistique et aux cha\u00eenes d&#039;approvisionnement qui fournit des informations 24 heures sur 24.\",\"publisher\":{\"@id\":\"https:\\\/\\\/loginfo24.com\\\/fr\\\/#organization\"},\"potentialAction\":[{\"@type\":\"SearchAction\",\"target\":{\"@type\":\"EntryPoint\",\"urlTemplate\":\"https:\\\/\\\/loginfo24.com\\\/fr\\\/?s={search_term_string}\"},\"query-input\":{\"@type\":\"PropertyValueSpecification\",\"valueRequired\":true,\"valueName\":\"search_term_string\"}}],\"inLanguage\":\"fr-FR\"},{\"@type\":\"Organization\",\"@id\":\"https:\\\/\\\/loginfo24.com\\\/fr\\\/#organization\",\"name\":\"Groupe Logismedia AG\",\"url\":\"https:\\\/\\\/loginfo24.com\\\/fr\\\/\",\"logo\":{\"@type\":\"ImageObject\",\"inLanguage\":\"fr-FR\",\"@id\":\"https:\\\/\\\/loginfo24.com\\\/fr\\\/#\\\/schema\\\/logo\\\/image\\\/\",\"url\":\"https:\\\/\\\/loginfo24.com\\\/wp-content\\\/uploads\\\/sites\\\/7\\\/2026\\\/01\\\/Logo_LogInfo24.png\",\"contentUrl\":\"https:\\\/\\\/loginfo24.com\\\/wp-content\\\/uploads\\\/sites\\\/7\\\/2026\\\/01\\\/Logo_LogInfo24.png\",\"width\":938,\"height\":351,\"caption\":\"Groupe Logismedia AG\"},\"image\":{\"@id\":\"https:\\\/\\\/loginfo24.com\\\/fr\\\/#\\\/schema\\\/logo\\\/image\\\/\"},\"sameAs\":[\"https:\\\/\\\/www.facebook.com\\\/people\\\/Loginfo24\\\/100057360583332\\\/\",\"https:\\\/\\\/www.linkedin.com\\\/company\\\/lofinfo24\\\/\"]}]}<\/script>\n<!-- \/ Yoast SEO plugin. -->","yoast_head_json":{"title":"La coop\u00e9ration de fret 24plus \u00e0 Munich s'associe \u00e0 Bavarian TransCon - Loginfo24.","robots":{"index":"index","follow":"follow","max-snippet":"max-snippet:-1","max-image-preview":"max-image-preview:large","max-video-preview":"max-video-preview:-1"},"canonical":"https:\/\/loginfo24.com\/fr\/2020\/08\/25\/la-cooperation-de-fret-24plus-a-munich-sassocie-a-bavarian-transcon\/","og_locale":"fr_FR","og_type":"article","og_title":"La coop\u00e9ration de fret 24plus \u00e0 Munich s'associe \u00e0 Bavarian TransCon - Loginfo24.","og_description":"La coop\u00e9ration de fret 24plus s&rsquo;associe \u00e0 Bavarian TransCon \u00e0 Munich. Un partenariat syst\u00e9matique par \u00e9tapes est pr\u00e9vu avec une connexion au hub r\u00e9gional du sud [\u2026]","og_url":"https:\/\/loginfo24.com\/fr\/2020\/08\/25\/la-cooperation-de-fret-24plus-a-munich-sassocie-a-bavarian-transcon\/","og_site_name":"Loginfo24","article_publisher":"https:\/\/www.facebook.com\/people\/Loginfo24\/100057360583332\/","article_published_time":"2020-08-25T06:01:49+00:00","article_modified_time":"2025-12-15T11:34:53+00:00","twitter_card":"summary_large_image","twitter_misc":{"Dur\u00e9e de lecture estim\u00e9e":"2 minutes"},"schema":{"@context":"https:\/\/schema.org","@graph":[{"@type":"Article","@id":"https:\/\/loginfo24.com\/fr\/2020\/08\/25\/la-cooperation-de-fret-24plus-a-munich-sassocie-a-bavarian-transcon\/#article","isPartOf":{"@id":"https:\/\/loginfo24.com\/fr\/2020\/08\/25\/la-cooperation-de-fret-24plus-a-munich-sassocie-a-bavarian-transcon\/"},"author":{"name":"","@id":""},"headline":"La coop\u00e9ration de fret 24plus \u00e0 Munich s&rsquo;associe \u00e0 Bavarian TransCon","datePublished":"2020-08-25T06:01:49+00:00","dateModified":"2025-12-15T11:34:53+00:00","mainEntityOfPage":{"@id":"https:\/\/loginfo24.com\/fr\/2020\/08\/25\/la-cooperation-de-fret-24plus-a-munich-sassocie-a-bavarian-transcon\/"},"wordCount":411,"commentCount":0,"publisher":{"@id":"https:\/\/loginfo24.com\/fr\/#organization"},"articleSection":["Regions"],"inLanguage":"fr-FR","potentialAction":[{"@type":"CommentAction","name":"Comment","target":["https:\/\/loginfo24.com\/fr\/2020\/08\/25\/la-cooperation-de-fret-24plus-a-munich-sassocie-a-bavarian-transcon\/#respond"]}]},{"@type":"WebPage","@id":"https:\/\/loginfo24.com\/fr\/2020\/08\/25\/la-cooperation-de-fret-24plus-a-munich-sassocie-a-bavarian-transcon\/","url":"https:\/\/loginfo24.com\/fr\/2020\/08\/25\/la-cooperation-de-fret-24plus-a-munich-sassocie-a-bavarian-transcon\/","name":"La coop\u00e9ration de fret 24plus \u00e0 Munich s'associe \u00e0 Bavarian TransCon - Loginfo24.","isPartOf":{"@id":"https:\/\/loginfo24.com\/fr\/#website"},"datePublished":"2020-08-25T06:01:49+00:00","dateModified":"2025-12-15T11:34:53+00:00","breadcrumb":{"@id":"https:\/\/loginfo24.com\/fr\/2020\/08\/25\/la-cooperation-de-fret-24plus-a-munich-sassocie-a-bavarian-transcon\/#breadcrumb"},"inLanguage":"fr-FR","potentialAction":[{"@type":"ReadAction","target":["https:\/\/loginfo24.com\/fr\/2020\/08\/25\/la-cooperation-de-fret-24plus-a-munich-sassocie-a-bavarian-transcon\/"]}]},{"@type":"BreadcrumbList","@id":"https:\/\/loginfo24.com\/fr\/2020\/08\/25\/la-cooperation-de-fret-24plus-a-munich-sassocie-a-bavarian-transcon\/#breadcrumb","itemListElement":[{"@type":"ListItem","position":1,"name":"Startseite","item":"https:\/\/loginfo24.com\/fr\/"},{"@type":"ListItem","position":2,"name":"La coop\u00e9ration de fret 24plus \u00e0 Munich s&#8217;associe \u00e0 Bavarian TransCon"}]},{"@type":"WebSite","@id":"https:\/\/loginfo24.com\/fr\/#website","url":"https:\/\/loginfo24.com\/fr\/","name":"Loginfo24","description":"Loginfo24 est la plateforme d\u00e9di\u00e9e \u00e0 la logistique et aux cha\u00eenes d&#039;approvisionnement qui fournit des informations 24 heures sur 24.","publisher":{"@id":"https:\/\/loginfo24.com\/fr\/#organization"},"potentialAction":[{"@type":"SearchAction","target":{"@type":"EntryPoint","urlTemplate":"https:\/\/loginfo24.com\/fr\/?s={search_term_string}"},"query-input":{"@type":"PropertyValueSpecification","valueRequired":true,"valueName":"search_term_string"}}],"inLanguage":"fr-FR"},{"@type":"Organization","@id":"https:\/\/loginfo24.com\/fr\/#organization","name":"Groupe Logismedia AG","url":"https:\/\/loginfo24.com\/fr\/","logo":{"@type":"ImageObject","inLanguage":"fr-FR","@id":"https:\/\/loginfo24.com\/fr\/#\/schema\/logo\/image\/","url":"https:\/\/loginfo24.com\/wp-content\/uploads\/sites\/7\/2026\/01\/Logo_LogInfo24.png","contentUrl":"https:\/\/loginfo24.com\/wp-content\/uploads\/sites\/7\/2026\/01\/Logo_LogInfo24.png","width":938,"height":351,"caption":"Groupe Logismedia AG"},"image":{"@id":"https:\/\/loginfo24.com\/fr\/#\/schema\/logo\/image\/"},"sameAs":["https:\/\/www.facebook.com\/people\/Loginfo24\/100057360583332\/","https:\/\/www.linkedin.com\/company\/lofinfo24\/"]}]}},"_links":{"self":[{"href":"https:\/\/loginfo24.com\/fr\/wp-json\/wp\/v2\/posts\/19318","targetHints":{"allow":["GET"]}}],"collection":[{"href":"https:\/\/loginfo24.com\/fr\/wp-json\/wp\/v2\/posts"}],"about":[{"href":"https:\/\/loginfo24.com\/fr\/wp-json\/wp\/v2\/types\/post"}],"replies":[{"embeddable":true,"href":"https:\/\/loginfo24.com\/fr\/wp-json\/wp\/v2\/comments?post=19318"}],"version-history":[{"count":1,"href":"https:\/\/loginfo24.com\/fr\/wp-json\/wp\/v2\/posts\/19318\/revisions"}],"predecessor-version":[{"id":34924,"href":"https:\/\/loginfo24.com\/fr\/wp-json\/wp\/v2\/posts\/19318\/revisions\/34924"}],"wp:attachment":[{"href":"https:\/\/loginfo24.com\/fr\/wp-json\/wp\/v2\/media?parent=19318"}],"wp:term":[{"taxonomy":"category","embeddable":true,"href":"https:\/\/loginfo24.com\/fr\/wp-json\/wp\/v2\/categories?post=19318"},{"taxonomy":"post_tag","embeddable":true,"href":"https:\/\/loginfo24.com\/fr\/wp-json\/wp\/v2\/tags?post=19318"}],"curies":[{"name":"wp","href":"https:\/\/api.w.org\/{rel}","templated":true}]}}