{"id":19126,"date":"2020-08-12T07:05:46","date_gmt":"2020-08-12T05:05:46","guid":{"rendered":"https:\/\/blog.brand-architecture.at\/2020\/08\/12\/la-planification-de-lextension-du-tunnel-de-base-du-lotschberg-entre-dans-une-nouvelle-phase\/"},"modified":"2025-12-15T12:34:08","modified_gmt":"2025-12-15T11:34:08","slug":"la-planification-de-lextension-du-tunnel-de-base-du-lotschberg-entre-dans-une-nouvelle-phase","status":"publish","type":"post","link":"https:\/\/loginfo24.com\/fr\/2020\/08\/12\/la-planification-de-lextension-du-tunnel-de-base-du-lotschberg-entre-dans-une-nouvelle-phase\/","title":{"rendered":"La planification de l&rsquo;extension du tunnel de base du L\u00f6tschberg entre dans une nouvelle phase"},"content":{"rendered":"<p>La BLS avance dans les travaux de planification pour l&rsquo;extension du tunnel de base du L\u00f6tschberg. \u00c0 partir de lundi 17 ao\u00fbt 2020, le projet de construction pour l&rsquo;extension partielle en double voie sera mis \u00e0 disposition du public. Le projet pour l&rsquo;extension compl\u00e8te en deux tubes de tunnel est \u00e9galement en cours de d\u00e9veloppement par la BLS en parall\u00e8le.<\/p>\n<p>(Berne) Le tunnel de base du L\u00f6tschberg, long de 35 kilom\u00e8tres, doit \u00eatre, selon la volont\u00e9 du Parlement, d\u00e9velopp\u00e9 sur une longueur de 14 kilom\u00e8tres entre Ferden et Mitholz. Ainsi, le tunnel serait double voie sur 28 kilom\u00e8tres et resterait simple voie sur seulement 7 kilom\u00e8tres. Les plans pour cette extension partielle seront mis \u00e0 disposition du public \u00e0 partir de lundi 17 ao\u00fbt 2020. L&rsquo;exposition publique est la prochaine \u00e9tape dans le processus d&rsquo;approbation des plans dirig\u00e9 par l&rsquo;Office f\u00e9d\u00e9ral des transports. La BLS continue \u00e9galement \u00e0 travailler sur la planification de l&rsquo;extension compl\u00e8te en deux tubes de tunnel, afin que ces plans soient au m\u00eame stade que ceux de l&rsquo;extension partielle d&rsquo;ici fin 2022.<\/p>\n<h5><strong>L&rsquo;extension compl\u00e8te est \u00e0 nouveau examin\u00e9e en raison d&rsquo;une fermeture de huit mois<\/strong><\/h5>\n<p>Pour connecter la nouvelle section de tunnel \u00e0 Mitholz \u00e0 la section existante \u00e0 voie unique, des travaux de construction importants sont n\u00e9cessaires sur le tube existant. Pour cela, le tunnel devra \u00eatre ferm\u00e9 pendant huit mois. En raison de cette longue fermeture, le Parlement a charg\u00e9 le Conseil f\u00e9d\u00e9ral de r\u00e9examiner l&rsquo;extension compl\u00e8te du tunnel, qui ne n\u00e9cessiterait pas de fermeture totale prolong\u00e9e. Les r\u00e9sultats seront pr\u00e9sent\u00e9s par le Conseil f\u00e9d\u00e9ral au Parlement dans le cadre du rapport interm\u00e9diaire sur l&rsquo;\u00e9tape d&rsquo;extension STEP 2035. Sur cette base, le Parlement devrait d\u00e9cider au d\u00e9but de 2023 s&rsquo;il souhaite maintenir l&rsquo;extension partielle d\u00e9j\u00e0 d\u00e9cid\u00e9e ou si le tunnel doit \u00eatre enti\u00e8rement d\u00e9velopp\u00e9. La BLS attend donc jusqu&rsquo;\u00e0 ce moment-l\u00e0 pour lancer l&rsquo;appel d&rsquo;offres pour les travaux principaux de l&rsquo;extension partielle. En revanche, elle commencera d\u00e8s 2022 certains travaux pr\u00e9paratoires n\u00e9cessaires tant pour l&rsquo;extension partielle que pour l&rsquo;extension compl\u00e8te.<\/p>\n<h5><strong>La capacit\u00e9 sur la ligne de montagne du L\u00f6tschberg est suffisante pendant la fermeture<\/strong><\/h5>\n<p>Si le Parlement opte pour l&rsquo;extension partielle, les travaux de construction devraient commencer en 2025 et durer jusqu&rsquo;\u00e0 fin 2031. La fermeture de huit mois est pr\u00e9vue vers la fin de la p\u00e9riode de construction. Pendant cette fermeture, les trains de voyageurs circuleront sur la ligne de montagne. Les trains de marchandises seront d\u00e9tourn\u00e9s par la ligne de montagne ou l&rsquo;axe du Gotthard. Les capacit\u00e9s du transport automobile et des trains RegioExpress \u00e0 travers le tunnel de base du L\u00f6tschberg resteront inchang\u00e9es. En cas d&rsquo;extension compl\u00e8te, un changement de projet correspondant sera probablement mis \u00e0 disposition du public \u00e0 la mi-2023. Les travaux de construction dans ce cas s&rsquo;\u00e9tendront de 2026 \u00e0 fin 2033.<\/p>\n<h5><strong><img loading=\"lazy\" decoding=\"async\" class=\"aligncenter wp-image-4816 \" src=\"https:\/\/loginfo24.com\/wp-content\/uploads\/sites\/7\/2025\/12\/BLS_12.8.20_2.jpg\" alt=\"\" width=\"598\" height=\"348\" \/><\/strong><\/h5>\n<h5><strong>La BLS consid\u00e8re l&rsquo;extension compl\u00e8te directe comme judicieuse<\/strong><\/h5>\n<p>Une extension compl\u00e8te directe est, selon la BLS, judicieuse car elle n&rsquo;entra\u00eene pas de fermeture totale du tunnel de base, \u00e9vitant ainsi des co\u00fbts \u00e9conomiques et co\u00fbtant moins cher \u00e0 long terme au contribuable qu&rsquo;une extension compl\u00e8te par \u00e9tapes. De plus, cela augmenterait la flexibilit\u00e9 dans la planification des horaires et la stabilit\u00e9 de l&rsquo;offre sur cet axe NEAT important. Photo : \u00a9 BLS<a href=\"https:\/\/www.bls.ch\" target=\"_blank\" rel=\"noopener noreferrer\">www.bls.ch<\/a> \u00a0\u00a0 <a href=\"https:\/\/www.blscargo.ch\" target=\"_blank\" rel=\"noopener noreferrer\">www.blscargo.ch<\/a><\/p>\n","protected":false},"excerpt":{"rendered":"<p>La BLS avance dans les travaux de planification pour l&rsquo;extension du tunnel de base du L\u00f6tschberg. \u00c0 partir de lundi 17 ao\u00fbt 2020, le projet de<span class=\"excerpt-hellip\"> [\u2026]<\/span><\/p>\n","protected":false},"author":0,"featured_media":0,"comment_status":"open","ping_status":"open","sticky":false,"template":"","format":"standard","meta":{"_acf_changed":false,"footnotes":""},"categories":[1557,1561],"tags":[],"class_list":["post-19126","post","type-post","status-publish","format-standard","hentry","category-forwarding-logistics","category-regions"],"acf":[],"yoast_head":"<!-- This site is optimized with the Yoast SEO plugin v27.3 - https:\/\/yoast.com\/product\/yoast-seo-wordpress\/ -->\n<title>La planification de l&#039;extension du tunnel de base du L\u00f6tschberg entre dans une nouvelle phase - Loginfo24.<\/title>\n<meta name=\"robots\" content=\"index, follow, max-snippet:-1, max-image-preview:large, max-video-preview:-1\" \/>\n<link rel=\"canonical\" href=\"https:\/\/loginfo24.com\/fr\/2020\/08\/12\/la-planification-de-lextension-du-tunnel-de-base-du-lotschberg-entre-dans-une-nouvelle-phase\/\" \/>\n<meta property=\"og:locale\" content=\"fr_FR\" \/>\n<meta property=\"og:type\" content=\"article\" \/>\n<meta property=\"og:title\" content=\"La planification de l&#039;extension du tunnel de base du L\u00f6tschberg entre dans une nouvelle phase - Loginfo24.\" \/>\n<meta property=\"og:description\" content=\"La BLS avance dans les travaux de planification pour l&rsquo;extension du tunnel de base du L\u00f6tschberg. \u00c0 partir de lundi 17 ao\u00fbt 2020, le projet de [\u2026]\" \/>\n<meta property=\"og:url\" content=\"https:\/\/loginfo24.com\/fr\/2020\/08\/12\/la-planification-de-lextension-du-tunnel-de-base-du-lotschberg-entre-dans-une-nouvelle-phase\/\" \/>\n<meta property=\"og:site_name\" content=\"Loginfo24\" \/>\n<meta property=\"article:publisher\" content=\"https:\/\/www.facebook.com\/people\/Loginfo24\/100057360583332\/\" \/>\n<meta property=\"article:published_time\" content=\"2020-08-12T05:05:46+00:00\" \/>\n<meta property=\"article:modified_time\" content=\"2025-12-15T11:34:08+00:00\" \/>\n<meta property=\"og:image\" content=\"https:\/\/loginfo24.com\/wp-content\/uploads\/sites\/7\/2025\/12\/BLS_12.8.20_2.jpg\" \/>\n<meta name=\"twitter:card\" content=\"summary_large_image\" \/>\n<meta name=\"twitter:label1\" content=\"Dur\u00e9e de lecture estim\u00e9e\" \/>\n\t<meta name=\"twitter:data1\" content=\"3 minutes\" \/>\n<script type=\"application\/ld+json\" class=\"yoast-schema-graph\">{\"@context\":\"https:\\\/\\\/schema.org\",\"@graph\":[{\"@type\":\"Article\",\"@id\":\"https:\\\/\\\/loginfo24.com\\\/fr\\\/2020\\\/08\\\/12\\\/la-planification-de-lextension-du-tunnel-de-base-du-lotschberg-entre-dans-une-nouvelle-phase\\\/#article\",\"isPartOf\":{\"@id\":\"https:\\\/\\\/loginfo24.com\\\/fr\\\/2020\\\/08\\\/12\\\/la-planification-de-lextension-du-tunnel-de-base-du-lotschberg-entre-dans-une-nouvelle-phase\\\/\"},\"author\":{\"name\":\"\",\"@id\":\"\"},\"headline\":\"La planification de l&rsquo;extension du tunnel de base du L\u00f6tschberg entre dans une nouvelle phase\",\"datePublished\":\"2020-08-12T05:05:46+00:00\",\"dateModified\":\"2025-12-15T11:34:08+00:00\",\"mainEntityOfPage\":{\"@id\":\"https:\\\/\\\/loginfo24.com\\\/fr\\\/2020\\\/08\\\/12\\\/la-planification-de-lextension-du-tunnel-de-base-du-lotschberg-entre-dans-une-nouvelle-phase\\\/\"},\"wordCount\":613,\"commentCount\":0,\"publisher\":{\"@id\":\"https:\\\/\\\/loginfo24.com\\\/fr\\\/#organization\"},\"image\":{\"@id\":\"https:\\\/\\\/loginfo24.com\\\/fr\\\/2020\\\/08\\\/12\\\/la-planification-de-lextension-du-tunnel-de-base-du-lotschberg-entre-dans-une-nouvelle-phase\\\/#primaryimage\"},\"thumbnailUrl\":\"https:\\\/\\\/loginfo24.com\\\/wp-content\\\/uploads\\\/sites\\\/7\\\/2025\\\/12\\\/BLS_12.8.20_2.jpg\",\"articleSection\":[\"Forwarding &amp; Logistics\",\"Regions\"],\"inLanguage\":\"fr-FR\",\"potentialAction\":[{\"@type\":\"CommentAction\",\"name\":\"Comment\",\"target\":[\"https:\\\/\\\/loginfo24.com\\\/fr\\\/2020\\\/08\\\/12\\\/la-planification-de-lextension-du-tunnel-de-base-du-lotschberg-entre-dans-une-nouvelle-phase\\\/#respond\"]}]},{\"@type\":\"WebPage\",\"@id\":\"https:\\\/\\\/loginfo24.com\\\/fr\\\/2020\\\/08\\\/12\\\/la-planification-de-lextension-du-tunnel-de-base-du-lotschberg-entre-dans-une-nouvelle-phase\\\/\",\"url\":\"https:\\\/\\\/loginfo24.com\\\/fr\\\/2020\\\/08\\\/12\\\/la-planification-de-lextension-du-tunnel-de-base-du-lotschberg-entre-dans-une-nouvelle-phase\\\/\",\"name\":\"La planification de l'extension du tunnel de base du L\u00f6tschberg entre dans une nouvelle phase - Loginfo24.\",\"isPartOf\":{\"@id\":\"https:\\\/\\\/loginfo24.com\\\/fr\\\/#website\"},\"primaryImageOfPage\":{\"@id\":\"https:\\\/\\\/loginfo24.com\\\/fr\\\/2020\\\/08\\\/12\\\/la-planification-de-lextension-du-tunnel-de-base-du-lotschberg-entre-dans-une-nouvelle-phase\\\/#primaryimage\"},\"image\":{\"@id\":\"https:\\\/\\\/loginfo24.com\\\/fr\\\/2020\\\/08\\\/12\\\/la-planification-de-lextension-du-tunnel-de-base-du-lotschberg-entre-dans-une-nouvelle-phase\\\/#primaryimage\"},\"thumbnailUrl\":\"https:\\\/\\\/loginfo24.com\\\/wp-content\\\/uploads\\\/sites\\\/7\\\/2025\\\/12\\\/BLS_12.8.20_2.jpg\",\"datePublished\":\"2020-08-12T05:05:46+00:00\",\"dateModified\":\"2025-12-15T11:34:08+00:00\",\"breadcrumb\":{\"@id\":\"https:\\\/\\\/loginfo24.com\\\/fr\\\/2020\\\/08\\\/12\\\/la-planification-de-lextension-du-tunnel-de-base-du-lotschberg-entre-dans-une-nouvelle-phase\\\/#breadcrumb\"},\"inLanguage\":\"fr-FR\",\"potentialAction\":[{\"@type\":\"ReadAction\",\"target\":[\"https:\\\/\\\/loginfo24.com\\\/fr\\\/2020\\\/08\\\/12\\\/la-planification-de-lextension-du-tunnel-de-base-du-lotschberg-entre-dans-une-nouvelle-phase\\\/\"]}]},{\"@type\":\"ImageObject\",\"inLanguage\":\"fr-FR\",\"@id\":\"https:\\\/\\\/loginfo24.com\\\/fr\\\/2020\\\/08\\\/12\\\/la-planification-de-lextension-du-tunnel-de-base-du-lotschberg-entre-dans-une-nouvelle-phase\\\/#primaryimage\",\"url\":\"https:\\\/\\\/loginfo24.com\\\/wp-content\\\/uploads\\\/sites\\\/7\\\/2025\\\/12\\\/BLS_12.8.20_2.jpg\",\"contentUrl\":\"https:\\\/\\\/loginfo24.com\\\/wp-content\\\/uploads\\\/sites\\\/7\\\/2025\\\/12\\\/BLS_12.8.20_2.jpg\"},{\"@type\":\"BreadcrumbList\",\"@id\":\"https:\\\/\\\/loginfo24.com\\\/fr\\\/2020\\\/08\\\/12\\\/la-planification-de-lextension-du-tunnel-de-base-du-lotschberg-entre-dans-une-nouvelle-phase\\\/#breadcrumb\",\"itemListElement\":[{\"@type\":\"ListItem\",\"position\":1,\"name\":\"Startseite\",\"item\":\"https:\\\/\\\/loginfo24.com\\\/fr\\\/\"},{\"@type\":\"ListItem\",\"position\":2,\"name\":\"La planification de l&#8217;extension du tunnel de base du L\u00f6tschberg entre dans une nouvelle phase\"}]},{\"@type\":\"WebSite\",\"@id\":\"https:\\\/\\\/loginfo24.com\\\/fr\\\/#website\",\"url\":\"https:\\\/\\\/loginfo24.com\\\/fr\\\/\",\"name\":\"Loginfo24\",\"description\":\"Loginfo24 est la plateforme d\u00e9di\u00e9e \u00e0 la logistique et aux cha\u00eenes d&#039;approvisionnement qui fournit des informations 24 heures sur 24.\",\"publisher\":{\"@id\":\"https:\\\/\\\/loginfo24.com\\\/fr\\\/#organization\"},\"potentialAction\":[{\"@type\":\"SearchAction\",\"target\":{\"@type\":\"EntryPoint\",\"urlTemplate\":\"https:\\\/\\\/loginfo24.com\\\/fr\\\/?s={search_term_string}\"},\"query-input\":{\"@type\":\"PropertyValueSpecification\",\"valueRequired\":true,\"valueName\":\"search_term_string\"}}],\"inLanguage\":\"fr-FR\"},{\"@type\":\"Organization\",\"@id\":\"https:\\\/\\\/loginfo24.com\\\/fr\\\/#organization\",\"name\":\"Groupe Logismedia AG\",\"url\":\"https:\\\/\\\/loginfo24.com\\\/fr\\\/\",\"logo\":{\"@type\":\"ImageObject\",\"inLanguage\":\"fr-FR\",\"@id\":\"https:\\\/\\\/loginfo24.com\\\/fr\\\/#\\\/schema\\\/logo\\\/image\\\/\",\"url\":\"https:\\\/\\\/loginfo24.com\\\/wp-content\\\/uploads\\\/sites\\\/7\\\/2026\\\/01\\\/Logo_LogInfo24.png\",\"contentUrl\":\"https:\\\/\\\/loginfo24.com\\\/wp-content\\\/uploads\\\/sites\\\/7\\\/2026\\\/01\\\/Logo_LogInfo24.png\",\"width\":938,\"height\":351,\"caption\":\"Groupe Logismedia AG\"},\"image\":{\"@id\":\"https:\\\/\\\/loginfo24.com\\\/fr\\\/#\\\/schema\\\/logo\\\/image\\\/\"},\"sameAs\":[\"https:\\\/\\\/www.facebook.com\\\/people\\\/Loginfo24\\\/100057360583332\\\/\",\"https:\\\/\\\/www.linkedin.com\\\/company\\\/lofinfo24\\\/\"]}]}<\/script>\n<!-- \/ Yoast SEO plugin. -->","yoast_head_json":{"title":"La planification de l'extension du tunnel de base du L\u00f6tschberg entre dans une nouvelle phase - Loginfo24.","robots":{"index":"index","follow":"follow","max-snippet":"max-snippet:-1","max-image-preview":"max-image-preview:large","max-video-preview":"max-video-preview:-1"},"canonical":"https:\/\/loginfo24.com\/fr\/2020\/08\/12\/la-planification-de-lextension-du-tunnel-de-base-du-lotschberg-entre-dans-une-nouvelle-phase\/","og_locale":"fr_FR","og_type":"article","og_title":"La planification de l'extension du tunnel de base du L\u00f6tschberg entre dans une nouvelle phase - Loginfo24.","og_description":"La BLS avance dans les travaux de planification pour l&rsquo;extension du tunnel de base du L\u00f6tschberg. \u00c0 partir de lundi 17 ao\u00fbt 2020, le projet de [\u2026]","og_url":"https:\/\/loginfo24.com\/fr\/2020\/08\/12\/la-planification-de-lextension-du-tunnel-de-base-du-lotschberg-entre-dans-une-nouvelle-phase\/","og_site_name":"Loginfo24","article_publisher":"https:\/\/www.facebook.com\/people\/Loginfo24\/100057360583332\/","article_published_time":"2020-08-12T05:05:46+00:00","article_modified_time":"2025-12-15T11:34:08+00:00","og_image":[{"url":"https:\/\/loginfo24.com\/wp-content\/uploads\/sites\/7\/2025\/12\/BLS_12.8.20_2.jpg","type":"","width":"","height":""}],"twitter_card":"summary_large_image","twitter_misc":{"Dur\u00e9e de lecture estim\u00e9e":"3 minutes"},"schema":{"@context":"https:\/\/schema.org","@graph":[{"@type":"Article","@id":"https:\/\/loginfo24.com\/fr\/2020\/08\/12\/la-planification-de-lextension-du-tunnel-de-base-du-lotschberg-entre-dans-une-nouvelle-phase\/#article","isPartOf":{"@id":"https:\/\/loginfo24.com\/fr\/2020\/08\/12\/la-planification-de-lextension-du-tunnel-de-base-du-lotschberg-entre-dans-une-nouvelle-phase\/"},"author":{"name":"","@id":""},"headline":"La planification de l&rsquo;extension du tunnel de base du L\u00f6tschberg entre dans une nouvelle phase","datePublished":"2020-08-12T05:05:46+00:00","dateModified":"2025-12-15T11:34:08+00:00","mainEntityOfPage":{"@id":"https:\/\/loginfo24.com\/fr\/2020\/08\/12\/la-planification-de-lextension-du-tunnel-de-base-du-lotschberg-entre-dans-une-nouvelle-phase\/"},"wordCount":613,"commentCount":0,"publisher":{"@id":"https:\/\/loginfo24.com\/fr\/#organization"},"image":{"@id":"https:\/\/loginfo24.com\/fr\/2020\/08\/12\/la-planification-de-lextension-du-tunnel-de-base-du-lotschberg-entre-dans-une-nouvelle-phase\/#primaryimage"},"thumbnailUrl":"https:\/\/loginfo24.com\/wp-content\/uploads\/sites\/7\/2025\/12\/BLS_12.8.20_2.jpg","articleSection":["Forwarding &amp; Logistics","Regions"],"inLanguage":"fr-FR","potentialAction":[{"@type":"CommentAction","name":"Comment","target":["https:\/\/loginfo24.com\/fr\/2020\/08\/12\/la-planification-de-lextension-du-tunnel-de-base-du-lotschberg-entre-dans-une-nouvelle-phase\/#respond"]}]},{"@type":"WebPage","@id":"https:\/\/loginfo24.com\/fr\/2020\/08\/12\/la-planification-de-lextension-du-tunnel-de-base-du-lotschberg-entre-dans-une-nouvelle-phase\/","url":"https:\/\/loginfo24.com\/fr\/2020\/08\/12\/la-planification-de-lextension-du-tunnel-de-base-du-lotschberg-entre-dans-une-nouvelle-phase\/","name":"La planification de l'extension du tunnel de base du L\u00f6tschberg entre dans une nouvelle phase - Loginfo24.","isPartOf":{"@id":"https:\/\/loginfo24.com\/fr\/#website"},"primaryImageOfPage":{"@id":"https:\/\/loginfo24.com\/fr\/2020\/08\/12\/la-planification-de-lextension-du-tunnel-de-base-du-lotschberg-entre-dans-une-nouvelle-phase\/#primaryimage"},"image":{"@id":"https:\/\/loginfo24.com\/fr\/2020\/08\/12\/la-planification-de-lextension-du-tunnel-de-base-du-lotschberg-entre-dans-une-nouvelle-phase\/#primaryimage"},"thumbnailUrl":"https:\/\/loginfo24.com\/wp-content\/uploads\/sites\/7\/2025\/12\/BLS_12.8.20_2.jpg","datePublished":"2020-08-12T05:05:46+00:00","dateModified":"2025-12-15T11:34:08+00:00","breadcrumb":{"@id":"https:\/\/loginfo24.com\/fr\/2020\/08\/12\/la-planification-de-lextension-du-tunnel-de-base-du-lotschberg-entre-dans-une-nouvelle-phase\/#breadcrumb"},"inLanguage":"fr-FR","potentialAction":[{"@type":"ReadAction","target":["https:\/\/loginfo24.com\/fr\/2020\/08\/12\/la-planification-de-lextension-du-tunnel-de-base-du-lotschberg-entre-dans-une-nouvelle-phase\/"]}]},{"@type":"ImageObject","inLanguage":"fr-FR","@id":"https:\/\/loginfo24.com\/fr\/2020\/08\/12\/la-planification-de-lextension-du-tunnel-de-base-du-lotschberg-entre-dans-une-nouvelle-phase\/#primaryimage","url":"https:\/\/loginfo24.com\/wp-content\/uploads\/sites\/7\/2025\/12\/BLS_12.8.20_2.jpg","contentUrl":"https:\/\/loginfo24.com\/wp-content\/uploads\/sites\/7\/2025\/12\/BLS_12.8.20_2.jpg"},{"@type":"BreadcrumbList","@id":"https:\/\/loginfo24.com\/fr\/2020\/08\/12\/la-planification-de-lextension-du-tunnel-de-base-du-lotschberg-entre-dans-une-nouvelle-phase\/#breadcrumb","itemListElement":[{"@type":"ListItem","position":1,"name":"Startseite","item":"https:\/\/loginfo24.com\/fr\/"},{"@type":"ListItem","position":2,"name":"La planification de l&#8217;extension du tunnel de base du L\u00f6tschberg entre dans une nouvelle phase"}]},{"@type":"WebSite","@id":"https:\/\/loginfo24.com\/fr\/#website","url":"https:\/\/loginfo24.com\/fr\/","name":"Loginfo24","description":"Loginfo24 est la plateforme d\u00e9di\u00e9e \u00e0 la logistique et aux cha\u00eenes d&#039;approvisionnement qui fournit des informations 24 heures sur 24.","publisher":{"@id":"https:\/\/loginfo24.com\/fr\/#organization"},"potentialAction":[{"@type":"SearchAction","target":{"@type":"EntryPoint","urlTemplate":"https:\/\/loginfo24.com\/fr\/?s={search_term_string}"},"query-input":{"@type":"PropertyValueSpecification","valueRequired":true,"valueName":"search_term_string"}}],"inLanguage":"fr-FR"},{"@type":"Organization","@id":"https:\/\/loginfo24.com\/fr\/#organization","name":"Groupe Logismedia AG","url":"https:\/\/loginfo24.com\/fr\/","logo":{"@type":"ImageObject","inLanguage":"fr-FR","@id":"https:\/\/loginfo24.com\/fr\/#\/schema\/logo\/image\/","url":"https:\/\/loginfo24.com\/wp-content\/uploads\/sites\/7\/2026\/01\/Logo_LogInfo24.png","contentUrl":"https:\/\/loginfo24.com\/wp-content\/uploads\/sites\/7\/2026\/01\/Logo_LogInfo24.png","width":938,"height":351,"caption":"Groupe Logismedia AG"},"image":{"@id":"https:\/\/loginfo24.com\/fr\/#\/schema\/logo\/image\/"},"sameAs":["https:\/\/www.facebook.com\/people\/Loginfo24\/100057360583332\/","https:\/\/www.linkedin.com\/company\/lofinfo24\/"]}]}},"_links":{"self":[{"href":"https:\/\/loginfo24.com\/fr\/wp-json\/wp\/v2\/posts\/19126","targetHints":{"allow":["GET"]}}],"collection":[{"href":"https:\/\/loginfo24.com\/fr\/wp-json\/wp\/v2\/posts"}],"about":[{"href":"https:\/\/loginfo24.com\/fr\/wp-json\/wp\/v2\/types\/post"}],"replies":[{"embeddable":true,"href":"https:\/\/loginfo24.com\/fr\/wp-json\/wp\/v2\/comments?post=19126"}],"version-history":[{"count":1,"href":"https:\/\/loginfo24.com\/fr\/wp-json\/wp\/v2\/posts\/19126\/revisions"}],"predecessor-version":[{"id":34540,"href":"https:\/\/loginfo24.com\/fr\/wp-json\/wp\/v2\/posts\/19126\/revisions\/34540"}],"wp:attachment":[{"href":"https:\/\/loginfo24.com\/fr\/wp-json\/wp\/v2\/media?parent=19126"}],"wp:term":[{"taxonomy":"category","embeddable":true,"href":"https:\/\/loginfo24.com\/fr\/wp-json\/wp\/v2\/categories?post=19126"},{"taxonomy":"post_tag","embeddable":true,"href":"https:\/\/loginfo24.com\/fr\/wp-json\/wp\/v2\/tags?post=19126"}],"curies":[{"name":"wp","href":"https:\/\/api.w.org\/{rel}","templated":true}]}}