{"id":18929,"date":"2020-08-03T07:05:25","date_gmt":"2020-08-03T05:05:25","guid":{"rendered":"https:\/\/blog.brand-architecture.at\/2020\/08\/03\/creer-des-pistes-cyclables-et-une-infrastructure-de-recharge-pour-les-velos-cargo-en-allemagne\/"},"modified":"2025-12-15T12:33:18","modified_gmt":"2025-12-15T11:33:18","slug":"creer-des-pistes-cyclables-et-une-infrastructure-de-recharge-pour-les-velos-cargo-en-allemagne","status":"publish","type":"post","link":"https:\/\/loginfo24.com\/fr\/2020\/08\/03\/creer-des-pistes-cyclables-et-une-infrastructure-de-recharge-pour-les-velos-cargo-en-allemagne\/","title":{"rendered":"Cr\u00e9er des pistes cyclables et une infrastructure de recharge pour les v\u00e9los cargo en Allemagne"},"content":{"rendered":"<p>Un consortium de diverses parties autour du v\u00e9lo cargo s&rsquo;adresse par une lettre ouverte \u00e0 l&rsquo;Association des villes et communes allemandes (DStGB). Il est principalement demand\u00e9 d&rsquo;avoir plus de pistes cyclables et des pistes plus larges, car les v\u00e9los cargo sont plus larges que les v\u00e9los traditionnels. En plus d&rsquo;autres demandes, l&rsquo;infrastructure de recharge doit \u00e9galement \u00eatre am\u00e9lior\u00e9e.<\/p>\n<p>(PresseBox, Berlin) Lettre ouverte de GreenPack, Swobbee, ONO, BAYK, Radkutsche, SaR Radlogistik, Carla Cargo, Heinzmann, Martin Sei\u00dfler et de l&rsquo;Association allemande de logistique \u00e0 v\u00e9lo (RLVD) \u00e0 l&rsquo;Association des villes et communes allemandes (DStGB), \u00e0 l&rsquo;Association des villes allemandes, au Minist\u00e8re f\u00e9d\u00e9ral des Transports et de l&rsquo;infrastructure num\u00e9rique (BMVI) ainsi qu&rsquo;aux porte-parole en mati\u00e8re de politique des transports des partis repr\u00e9sent\u00e9s au Bundestag.<\/p>\n<h4><strong>Introduction<\/strong><\/h4>\n<p>La crise du Corona contribue involontairement \u00e0 la transition des transports : certaines villes ont profit\u00e9 de la r\u00e9duction du trafic automobile pour \u00e9tablir des pistes cyclables provisoires. Berlin a pris un r\u00f4le de leader \u00e0 cet \u00e9gard en Allemagne. Bien que toutes les cons\u00e9quences de la pand\u00e9mie de Corona soient douloureuses, notamment sur le plan sanitaire et \u00e9conomique, ces mesures d&rsquo;infrastructure sont n\u00e9anmoins r\u00e9jouissantes et \u00e0 saluer !<\/p>\n<p>Les mesures engag\u00e9es ne peuvent cependant repr\u00e9senter qu&rsquo;un premier pas. Pour que la transition de la mobilit\u00e9 r\u00e9ussisse dans les villes, nous avons besoin d&rsquo;un changement de politique des transports ! Nous devons mettre fin \u00e0 la fixation unilat\u00e9rale sur les voitures particuli\u00e8res et mettre les v\u00e9los et les v\u00e9los cargo au centre de nos pr\u00e9occupations. Les v\u00e9los cargo peuvent d\u00e9j\u00e0 remplacer de nombreux v\u00e9hicules particuliers et camionnettes diesel aujourd&rsquo;hui. Ce qui manque, c&rsquo;est une infrastructure ad\u00e9quate !<\/p>\n<p>La situation li\u00e9e au Corona a n\u00e9cessit\u00e9 une mise en place rapide et un d\u00e9veloppement de l&rsquo;infrastructure cyclable provisoire. Les prochaines \u00e9tapes doivent \u00eatre des modifications structurelles pour une int\u00e9gration durable dans les syst\u00e8mes de transport existants. Cela envoie un signal contre l&rsquo;activisme et pour une transition de mobilit\u00e9 durable.<\/p>\n<p>Nous, les signataires de cet appel, demandons \u00e0 la politique aux niveaux f\u00e9d\u00e9ral, r\u00e9gional et communal de renforcer les alternatives de mobilit\u00e9 et de transport existantes. Les v\u00e9los et les v\u00e9los cargo doivent \u00eatre sortis de leur position marginale dans la circulation routi\u00e8re et leur accorder la place qui correspond \u00e0 leur contribution \u00e0 la protection du climat et \u00e0 l&rsquo;am\u00e9lioration de la qualit\u00e9 de vie !<\/p>\n<h4><strong>Contexte<\/strong><\/h4>\n<p>L&rsquo;Allemagne s&rsquo;est fix\u00e9 pour objectif de r\u00e9duire ses \u00e9missions de gaz \u00e0 effet de serre de 55 % d&rsquo;ici 2030 par rapport au niveau de 1990. Le transport motoris\u00e9 est le troisi\u00e8me plus grand \u00e9metteur de CO2 en Allemagne. Les \u00e9missions li\u00e9es au transport ont m\u00eame augment\u00e9 en Allemagne malgr\u00e9 des technologies de propulsion plus efficaces, en raison de l&rsquo;augmentation du nombre de v\u00e9hicules et de la tendance vers des v\u00e9hicules plus grands. En particulier dans les villes, la pollution est \u00e9lev\u00e9e - et il existe d\u00e9j\u00e0 aujourd&rsquo;hui des solutions pour les villes.<\/p>\n<h4><strong>Demandes<\/strong><\/h4>\n<p>&nbsp;<strong>1. Plus de pistes cyclables<\/strong>Un grand r\u00e9seau de pistes cyclables augmente l&rsquo;attractivit\u00e9 de l&rsquo;alternative de mobilit\u00e9 \u00e9cologique qu&rsquo;est le v\u00e9lo. Lorsque plus de personnes montent \u00e0 v\u00e9lo, le bruit, la pression du trafic et les \u00e9missions dans les centres urbains sont r\u00e9duits de mani\u00e8re durable. Par cons\u00e9quent, il est n\u00e9cessaire de travailler \u00e0 un rythme accru \u00e0 l&rsquo;extension du r\u00e9seau de pistes cyclables existant, m\u00eame au-del\u00e0 de la crise du Corona.<br \/><strong>2. Pistes cyclables plus larges<\/strong>Un v\u00e9lo cargo n\u00e9cessite plus d&rsquo;espace qu&rsquo;un v\u00e9lo normal. Nous avons besoin de pistes cyclables larges qui peuvent \u00eatre emprunt\u00e9es en toute s\u00e9curit\u00e9 par des v\u00e9los cargo tout en garantissant une distance s\u00e9curitaire par rapport au trafic automobile - la r\u00e9vision du code de la route prend d\u00e9j\u00e0 en compte la n\u00e9cessit\u00e9 de la s\u00e9curit\u00e9 des cyclistes, maintenant il faut que la mise en \u0153uvre infrastructurelle suive !<br \/><strong>3. Routes rapides pour v\u00e9los<\/strong>Les v\u00e9los cargo et les v\u00e9los \u00e9lectriques repr\u00e9sentent non seulement une alternative \u00e9cologique et \u00e9conomique aux camionnettes diesel, mais ils peuvent \u00e9galement acc\u00e9l\u00e9rer consid\u00e9rablement le transport urbain. De nouveaux concepts de transport urbain doivent prendre en compte le v\u00e9lo cargo et pr\u00e9voir l&rsquo;\u00e9tablissement de routes rapides pour v\u00e9los. Cela augmente directement l&rsquo;attractivit\u00e9 de cette alternative de mobilit\u00e9, incite au changement et soulage les centres-villes.<br \/><strong>4. Cr\u00e9er une infrastructure de recharge pour les v\u00e9los cargo \u00e9lectriques<\/strong>Bien que le potentiel des v\u00e9los cargo \u00e9lectriques ait d\u00e9j\u00e0 \u00e9t\u00e9 reconnu, il manque une prise de conscience de la n\u00e9cessit\u00e9 d&rsquo;une infrastructure de recharge ad\u00e9quate. Nous avons besoin d&rsquo;une station-service pour la micromobilit\u00e9 ! Un r\u00e9seau public de stations de changement de batterie r\u00e9pond \u00e0 la pratique logistique caract\u00e9ris\u00e9e par la flexibilit\u00e9 et la rapidit\u00e9 et augmente l&rsquo;efficacit\u00e9 de la logistique des v\u00e9los cargo.<br \/><strong>5. Cadre juridique adapt\u00e9<\/strong>Nous avons besoin d&rsquo;un cadre juridique qui refl\u00e8te \u00e0 la fois l&rsquo;importance actuelle et future des v\u00e9los cargo et am\u00e9liore les conditions, en particulier pour l&rsquo;utilisation commerciale des v\u00e9los \u00e9lectriques. De plus, les obstacles \u00e0 l&rsquo;\u00e9tablissement de stations de recharge pour les v\u00e9los \u00e9lectriques dans l&rsquo;espace public doivent \u00eatre lev\u00e9s.<br \/><strong>6. Lien entre protection du climat et promotion \u00e9conomique<\/strong>En ce qui concerne la r\u00e9duction n\u00e9cessaire des \u00e9missions, la promotion \u00e9conomique doit \u00e0 l&rsquo;avenir \u00eatre encore plus align\u00e9e sur la protection du climat. Le soutien aux technologies durables, aux syst\u00e8mes de transport et aux formes de mobilit\u00e9 est un investissement direct dans l&rsquo;avenir et dans une \u00e9conomie durablement forte. De plus, les co\u00fbts plus \u00e9lev\u00e9s pour les v\u00e9los cargo lourds doivent \u00eatre pris en compte avec des montants de subvention plus \u00e9lev\u00e9s.<br \/><strong>7. \u00c9largir le soutien \u00e0 la recherche sur les syst\u00e8mes de logistique \u00e0 v\u00e9lo<\/strong>Les v\u00e9los cargo et les v\u00e9los \u00e9lectriques ainsi que les syst\u00e8mes innovants de changement de batterie jouent un r\u00f4le essentiel dans les syst\u00e8mes logistiques multimodaux durables. La recherche et le d\u00e9veloppement au niveau technique et syst\u00e9mique doivent \u00eatre renforc\u00e9s pour accro\u00eetre encore l&rsquo;utilit\u00e9 sociale et \u00e9conomique. De plus, les services de conseil pour le d\u00e9veloppement de concepts logistiques bas\u00e9s sur les v\u00e9los cargo doivent \u00e9galement \u00eatre soutenus.<\/p>\n<p>Photo : \u00a9 Swobbee<br \/><a href=\"https:\/\/www.greenpack.de\" target=\"_blank\" rel=\"noopener noreferrer\">www.greenpack.de<\/a><\/p>\n","protected":false},"excerpt":{"rendered":"<p>Un consortium de diverses parties autour du v\u00e9lo cargo s&rsquo;adresse par une lettre ouverte \u00e0 l&rsquo;Association des villes et communes allemandes (DStGB). Il est principalement demand\u00e9<span class=\"excerpt-hellip\"> [\u2026]<\/span><\/p>\n","protected":false},"author":0,"featured_media":0,"comment_status":"open","ping_status":"open","sticky":false,"template":"","format":"standard","meta":{"_acf_changed":false,"footnotes":""},"categories":[1557,1556,1561],"tags":[],"class_list":["post-18929","post","type-post","status-publish","format-standard","hentry","category-forwarding-logistics","category-intermodal-road","category-regions"],"acf":[],"yoast_head":"<!-- This site is optimized with the Yoast SEO plugin v27.3 - https:\/\/yoast.com\/product\/yoast-seo-wordpress\/ -->\n<title>Cr\u00e9er des pistes cyclables et une infrastructure de recharge pour les v\u00e9los cargo en Allemagne - Loginfo24.<\/title>\n<meta name=\"robots\" content=\"index, follow, max-snippet:-1, max-image-preview:large, max-video-preview:-1\" \/>\n<link rel=\"canonical\" href=\"https:\/\/loginfo24.com\/fr\/2020\/08\/03\/creer-des-pistes-cyclables-et-une-infrastructure-de-recharge-pour-les-velos-cargo-en-allemagne\/\" \/>\n<meta property=\"og:locale\" content=\"fr_FR\" \/>\n<meta property=\"og:type\" content=\"article\" \/>\n<meta property=\"og:title\" content=\"Cr\u00e9er des pistes cyclables et une infrastructure de recharge pour les v\u00e9los cargo en Allemagne - Loginfo24.\" \/>\n<meta property=\"og:description\" content=\"Un consortium de diverses parties autour du v\u00e9lo cargo s&rsquo;adresse par une lettre ouverte \u00e0 l&rsquo;Association des villes et communes allemandes (DStGB). Il est principalement demand\u00e9 [\u2026]\" \/>\n<meta property=\"og:url\" content=\"https:\/\/loginfo24.com\/fr\/2020\/08\/03\/creer-des-pistes-cyclables-et-une-infrastructure-de-recharge-pour-les-velos-cargo-en-allemagne\/\" \/>\n<meta property=\"og:site_name\" content=\"Loginfo24\" \/>\n<meta property=\"article:publisher\" content=\"https:\/\/www.facebook.com\/people\/Loginfo24\/100057360583332\/\" \/>\n<meta property=\"article:published_time\" content=\"2020-08-03T05:05:25+00:00\" \/>\n<meta property=\"article:modified_time\" content=\"2025-12-15T11:33:18+00:00\" \/>\n<meta name=\"twitter:card\" content=\"summary_large_image\" \/>\n<meta name=\"twitter:label1\" content=\"Dur\u00e9e de lecture estim\u00e9e\" \/>\n\t<meta name=\"twitter:data1\" content=\"5 minutes\" \/>\n<script type=\"application\/ld+json\" class=\"yoast-schema-graph\">{\"@context\":\"https:\\\/\\\/schema.org\",\"@graph\":[{\"@type\":\"Article\",\"@id\":\"https:\\\/\\\/loginfo24.com\\\/fr\\\/2020\\\/08\\\/03\\\/creer-des-pistes-cyclables-et-une-infrastructure-de-recharge-pour-les-velos-cargo-en-allemagne\\\/#article\",\"isPartOf\":{\"@id\":\"https:\\\/\\\/loginfo24.com\\\/fr\\\/2020\\\/08\\\/03\\\/creer-des-pistes-cyclables-et-une-infrastructure-de-recharge-pour-les-velos-cargo-en-allemagne\\\/\"},\"author\":{\"name\":\"\",\"@id\":\"\"},\"headline\":\"Cr\u00e9er des pistes cyclables et une infrastructure de recharge pour les v\u00e9los cargo en Allemagne\",\"datePublished\":\"2020-08-03T05:05:25+00:00\",\"dateModified\":\"2025-12-15T11:33:18+00:00\",\"mainEntityOfPage\":{\"@id\":\"https:\\\/\\\/loginfo24.com\\\/fr\\\/2020\\\/08\\\/03\\\/creer-des-pistes-cyclables-et-une-infrastructure-de-recharge-pour-les-velos-cargo-en-allemagne\\\/\"},\"wordCount\":1128,\"commentCount\":0,\"publisher\":{\"@id\":\"https:\\\/\\\/loginfo24.com\\\/fr\\\/#organization\"},\"articleSection\":[\"Forwarding &amp; Logistics\",\"Intermodal \\\/ Road\",\"Regions\"],\"inLanguage\":\"fr-FR\",\"potentialAction\":[{\"@type\":\"CommentAction\",\"name\":\"Comment\",\"target\":[\"https:\\\/\\\/loginfo24.com\\\/fr\\\/2020\\\/08\\\/03\\\/creer-des-pistes-cyclables-et-une-infrastructure-de-recharge-pour-les-velos-cargo-en-allemagne\\\/#respond\"]}]},{\"@type\":\"WebPage\",\"@id\":\"https:\\\/\\\/loginfo24.com\\\/fr\\\/2020\\\/08\\\/03\\\/creer-des-pistes-cyclables-et-une-infrastructure-de-recharge-pour-les-velos-cargo-en-allemagne\\\/\",\"url\":\"https:\\\/\\\/loginfo24.com\\\/fr\\\/2020\\\/08\\\/03\\\/creer-des-pistes-cyclables-et-une-infrastructure-de-recharge-pour-les-velos-cargo-en-allemagne\\\/\",\"name\":\"Cr\u00e9er des pistes cyclables et une infrastructure de recharge pour les v\u00e9los cargo en Allemagne - Loginfo24.\",\"isPartOf\":{\"@id\":\"https:\\\/\\\/loginfo24.com\\\/fr\\\/#website\"},\"datePublished\":\"2020-08-03T05:05:25+00:00\",\"dateModified\":\"2025-12-15T11:33:18+00:00\",\"breadcrumb\":{\"@id\":\"https:\\\/\\\/loginfo24.com\\\/fr\\\/2020\\\/08\\\/03\\\/creer-des-pistes-cyclables-et-une-infrastructure-de-recharge-pour-les-velos-cargo-en-allemagne\\\/#breadcrumb\"},\"inLanguage\":\"fr-FR\",\"potentialAction\":[{\"@type\":\"ReadAction\",\"target\":[\"https:\\\/\\\/loginfo24.com\\\/fr\\\/2020\\\/08\\\/03\\\/creer-des-pistes-cyclables-et-une-infrastructure-de-recharge-pour-les-velos-cargo-en-allemagne\\\/\"]}]},{\"@type\":\"BreadcrumbList\",\"@id\":\"https:\\\/\\\/loginfo24.com\\\/fr\\\/2020\\\/08\\\/03\\\/creer-des-pistes-cyclables-et-une-infrastructure-de-recharge-pour-les-velos-cargo-en-allemagne\\\/#breadcrumb\",\"itemListElement\":[{\"@type\":\"ListItem\",\"position\":1,\"name\":\"Startseite\",\"item\":\"https:\\\/\\\/loginfo24.com\\\/fr\\\/\"},{\"@type\":\"ListItem\",\"position\":2,\"name\":\"Cr\u00e9er des pistes cyclables et une infrastructure de recharge pour les v\u00e9los cargo en Allemagne\"}]},{\"@type\":\"WebSite\",\"@id\":\"https:\\\/\\\/loginfo24.com\\\/fr\\\/#website\",\"url\":\"https:\\\/\\\/loginfo24.com\\\/fr\\\/\",\"name\":\"Loginfo24\",\"description\":\"Loginfo24 est la plateforme d\u00e9di\u00e9e \u00e0 la logistique et aux cha\u00eenes d&#039;approvisionnement qui fournit des informations 24 heures sur 24.\",\"publisher\":{\"@id\":\"https:\\\/\\\/loginfo24.com\\\/fr\\\/#organization\"},\"potentialAction\":[{\"@type\":\"SearchAction\",\"target\":{\"@type\":\"EntryPoint\",\"urlTemplate\":\"https:\\\/\\\/loginfo24.com\\\/fr\\\/?s={search_term_string}\"},\"query-input\":{\"@type\":\"PropertyValueSpecification\",\"valueRequired\":true,\"valueName\":\"search_term_string\"}}],\"inLanguage\":\"fr-FR\"},{\"@type\":\"Organization\",\"@id\":\"https:\\\/\\\/loginfo24.com\\\/fr\\\/#organization\",\"name\":\"Groupe Logismedia AG\",\"url\":\"https:\\\/\\\/loginfo24.com\\\/fr\\\/\",\"logo\":{\"@type\":\"ImageObject\",\"inLanguage\":\"fr-FR\",\"@id\":\"https:\\\/\\\/loginfo24.com\\\/fr\\\/#\\\/schema\\\/logo\\\/image\\\/\",\"url\":\"https:\\\/\\\/loginfo24.com\\\/wp-content\\\/uploads\\\/sites\\\/7\\\/2026\\\/01\\\/Logo_LogInfo24.png\",\"contentUrl\":\"https:\\\/\\\/loginfo24.com\\\/wp-content\\\/uploads\\\/sites\\\/7\\\/2026\\\/01\\\/Logo_LogInfo24.png\",\"width\":938,\"height\":351,\"caption\":\"Groupe Logismedia AG\"},\"image\":{\"@id\":\"https:\\\/\\\/loginfo24.com\\\/fr\\\/#\\\/schema\\\/logo\\\/image\\\/\"},\"sameAs\":[\"https:\\\/\\\/www.facebook.com\\\/people\\\/Loginfo24\\\/100057360583332\\\/\",\"https:\\\/\\\/www.linkedin.com\\\/company\\\/lofinfo24\\\/\"]}]}<\/script>\n<!-- \/ Yoast SEO plugin. -->","yoast_head_json":{"title":"Cr\u00e9er des pistes cyclables et une infrastructure de recharge pour les v\u00e9los cargo en Allemagne - Loginfo24.","robots":{"index":"index","follow":"follow","max-snippet":"max-snippet:-1","max-image-preview":"max-image-preview:large","max-video-preview":"max-video-preview:-1"},"canonical":"https:\/\/loginfo24.com\/fr\/2020\/08\/03\/creer-des-pistes-cyclables-et-une-infrastructure-de-recharge-pour-les-velos-cargo-en-allemagne\/","og_locale":"fr_FR","og_type":"article","og_title":"Cr\u00e9er des pistes cyclables et une infrastructure de recharge pour les v\u00e9los cargo en Allemagne - Loginfo24.","og_description":"Un consortium de diverses parties autour du v\u00e9lo cargo s&rsquo;adresse par une lettre ouverte \u00e0 l&rsquo;Association des villes et communes allemandes (DStGB). Il est principalement demand\u00e9 [\u2026]","og_url":"https:\/\/loginfo24.com\/fr\/2020\/08\/03\/creer-des-pistes-cyclables-et-une-infrastructure-de-recharge-pour-les-velos-cargo-en-allemagne\/","og_site_name":"Loginfo24","article_publisher":"https:\/\/www.facebook.com\/people\/Loginfo24\/100057360583332\/","article_published_time":"2020-08-03T05:05:25+00:00","article_modified_time":"2025-12-15T11:33:18+00:00","twitter_card":"summary_large_image","twitter_misc":{"Dur\u00e9e de lecture estim\u00e9e":"5 minutes"},"schema":{"@context":"https:\/\/schema.org","@graph":[{"@type":"Article","@id":"https:\/\/loginfo24.com\/fr\/2020\/08\/03\/creer-des-pistes-cyclables-et-une-infrastructure-de-recharge-pour-les-velos-cargo-en-allemagne\/#article","isPartOf":{"@id":"https:\/\/loginfo24.com\/fr\/2020\/08\/03\/creer-des-pistes-cyclables-et-une-infrastructure-de-recharge-pour-les-velos-cargo-en-allemagne\/"},"author":{"name":"","@id":""},"headline":"Cr\u00e9er des pistes cyclables et une infrastructure de recharge pour les v\u00e9los cargo en Allemagne","datePublished":"2020-08-03T05:05:25+00:00","dateModified":"2025-12-15T11:33:18+00:00","mainEntityOfPage":{"@id":"https:\/\/loginfo24.com\/fr\/2020\/08\/03\/creer-des-pistes-cyclables-et-une-infrastructure-de-recharge-pour-les-velos-cargo-en-allemagne\/"},"wordCount":1128,"commentCount":0,"publisher":{"@id":"https:\/\/loginfo24.com\/fr\/#organization"},"articleSection":["Forwarding &amp; Logistics","Intermodal \/ Road","Regions"],"inLanguage":"fr-FR","potentialAction":[{"@type":"CommentAction","name":"Comment","target":["https:\/\/loginfo24.com\/fr\/2020\/08\/03\/creer-des-pistes-cyclables-et-une-infrastructure-de-recharge-pour-les-velos-cargo-en-allemagne\/#respond"]}]},{"@type":"WebPage","@id":"https:\/\/loginfo24.com\/fr\/2020\/08\/03\/creer-des-pistes-cyclables-et-une-infrastructure-de-recharge-pour-les-velos-cargo-en-allemagne\/","url":"https:\/\/loginfo24.com\/fr\/2020\/08\/03\/creer-des-pistes-cyclables-et-une-infrastructure-de-recharge-pour-les-velos-cargo-en-allemagne\/","name":"Cr\u00e9er des pistes cyclables et une infrastructure de recharge pour les v\u00e9los cargo en Allemagne - Loginfo24.","isPartOf":{"@id":"https:\/\/loginfo24.com\/fr\/#website"},"datePublished":"2020-08-03T05:05:25+00:00","dateModified":"2025-12-15T11:33:18+00:00","breadcrumb":{"@id":"https:\/\/loginfo24.com\/fr\/2020\/08\/03\/creer-des-pistes-cyclables-et-une-infrastructure-de-recharge-pour-les-velos-cargo-en-allemagne\/#breadcrumb"},"inLanguage":"fr-FR","potentialAction":[{"@type":"ReadAction","target":["https:\/\/loginfo24.com\/fr\/2020\/08\/03\/creer-des-pistes-cyclables-et-une-infrastructure-de-recharge-pour-les-velos-cargo-en-allemagne\/"]}]},{"@type":"BreadcrumbList","@id":"https:\/\/loginfo24.com\/fr\/2020\/08\/03\/creer-des-pistes-cyclables-et-une-infrastructure-de-recharge-pour-les-velos-cargo-en-allemagne\/#breadcrumb","itemListElement":[{"@type":"ListItem","position":1,"name":"Startseite","item":"https:\/\/loginfo24.com\/fr\/"},{"@type":"ListItem","position":2,"name":"Cr\u00e9er des pistes cyclables et une infrastructure de recharge pour les v\u00e9los cargo en Allemagne"}]},{"@type":"WebSite","@id":"https:\/\/loginfo24.com\/fr\/#website","url":"https:\/\/loginfo24.com\/fr\/","name":"Loginfo24","description":"Loginfo24 est la plateforme d\u00e9di\u00e9e \u00e0 la logistique et aux cha\u00eenes d&#039;approvisionnement qui fournit des informations 24 heures sur 24.","publisher":{"@id":"https:\/\/loginfo24.com\/fr\/#organization"},"potentialAction":[{"@type":"SearchAction","target":{"@type":"EntryPoint","urlTemplate":"https:\/\/loginfo24.com\/fr\/?s={search_term_string}"},"query-input":{"@type":"PropertyValueSpecification","valueRequired":true,"valueName":"search_term_string"}}],"inLanguage":"fr-FR"},{"@type":"Organization","@id":"https:\/\/loginfo24.com\/fr\/#organization","name":"Groupe Logismedia AG","url":"https:\/\/loginfo24.com\/fr\/","logo":{"@type":"ImageObject","inLanguage":"fr-FR","@id":"https:\/\/loginfo24.com\/fr\/#\/schema\/logo\/image\/","url":"https:\/\/loginfo24.com\/wp-content\/uploads\/sites\/7\/2026\/01\/Logo_LogInfo24.png","contentUrl":"https:\/\/loginfo24.com\/wp-content\/uploads\/sites\/7\/2026\/01\/Logo_LogInfo24.png","width":938,"height":351,"caption":"Groupe Logismedia AG"},"image":{"@id":"https:\/\/loginfo24.com\/fr\/#\/schema\/logo\/image\/"},"sameAs":["https:\/\/www.facebook.com\/people\/Loginfo24\/100057360583332\/","https:\/\/www.linkedin.com\/company\/lofinfo24\/"]}]}},"_links":{"self":[{"href":"https:\/\/loginfo24.com\/fr\/wp-json\/wp\/v2\/posts\/18929","targetHints":{"allow":["GET"]}}],"collection":[{"href":"https:\/\/loginfo24.com\/fr\/wp-json\/wp\/v2\/posts"}],"about":[{"href":"https:\/\/loginfo24.com\/fr\/wp-json\/wp\/v2\/types\/post"}],"replies":[{"embeddable":true,"href":"https:\/\/loginfo24.com\/fr\/wp-json\/wp\/v2\/comments?post=18929"}],"version-history":[{"count":1,"href":"https:\/\/loginfo24.com\/fr\/wp-json\/wp\/v2\/posts\/18929\/revisions"}],"predecessor-version":[{"id":34163,"href":"https:\/\/loginfo24.com\/fr\/wp-json\/wp\/v2\/posts\/18929\/revisions\/34163"}],"wp:attachment":[{"href":"https:\/\/loginfo24.com\/fr\/wp-json\/wp\/v2\/media?parent=18929"}],"wp:term":[{"taxonomy":"category","embeddable":true,"href":"https:\/\/loginfo24.com\/fr\/wp-json\/wp\/v2\/categories?post=18929"},{"taxonomy":"post_tag","embeddable":true,"href":"https:\/\/loginfo24.com\/fr\/wp-json\/wp\/v2\/tags?post=18929"}],"curies":[{"name":"wp","href":"https:\/\/api.w.org\/{rel}","templated":true}]}}