{"id":18649,"date":"2020-07-21T07:01:49","date_gmt":"2020-07-21T05:01:49","guid":{"rendered":"https:\/\/blog.brand-architecture.at\/2020\/07\/21\/le-nouveau-centre-logistique-damazon-a-sulzetal-commence-debut-aout\/"},"modified":"2025-12-15T12:32:11","modified_gmt":"2025-12-15T11:32:11","slug":"le-nouveau-centre-logistique-damazon-a-sulzetal-commence-debut-aout","status":"publish","type":"post","link":"https:\/\/loginfo24.com\/fr\/2020\/07\/21\/le-nouveau-centre-logistique-damazon-a-sulzetal-commence-debut-aout\/","title":{"rendered":"Le nouveau centre logistique d&rsquo;Amazon \u00e0 S\u00fclzetal commence d\u00e9but ao\u00fbt"},"content":{"rendered":"<p>Bient\u00f4t, ce sera le moment, le nouveau centre logistique d&rsquo;Amazon \u00e0 S\u00fclzetal pr\u00e8s de Magdeburg commencera ses op\u00e9rations. \u00c0 partir du 3 ao\u00fbt, cela commence log. Environ 1 000 employ\u00e9s devraient y trouver un emploi. Le d\u00e9marrage se fera avec environ 170 personnes. Jusqu&rsquo;\u00e0 100 000 colis devraient quitter l&rsquo;entrep\u00f4t les jours de pointe. L&rsquo;accent est mis sur des produits plus volumineux, tels que des outils de jardin.<\/p>\n<p>(S\u00fclzetal) Le logo d&rsquo;Amazon est suspendu et les techniciens peaufinent la technologie de transport : le compte \u00e0 rebours pour le d\u00e9marrage du nouveau centre logistique d&rsquo;Amazon \u00e0 S\u00fclzetal pr\u00e8s de Magdeburg a commenc\u00e9. D\u00e8s le 3 ao\u00fbt 2020, les commandes des clients y seront trait\u00e9es.<\/p>\n<p>Les colis de S\u00fclzetal sont destin\u00e9s aux clients de la r\u00e9gion et de toute l&rsquo;Europe. Les jours de pointe, plus de 100 000 colis seront exp\u00e9di\u00e9s depuis le centre logistique de S\u00fclzetal. Avant cela, la technologie et les processus sont encore perfectionn\u00e9s, et les marchandises sont stock\u00e9es. \u00c0 S\u00fclzetal, il y a environ 13 200 emplacements de palettes dans les rayonnages hauts. Le centre logistique se concentre sur des articles plus volumineux comme des outils de jardin ou des emballages en gros. Les produits sont stock\u00e9s individuellement ou sur des palettes dans les rayonnages hauts. Au total, 97 000 m\u00b2 d&rsquo;espace sont disponibles pour cela. Cela correspond \u00e0 la taille de 13 terrains de football.<\/p>\n<h5><strong>Jusqu&rsquo;\u00e0 1 000 employ\u00e9s<\/strong><\/h5>\n<p>Environ 1 000 employ\u00e9s veilleront \u00e0 ce que les commandes d&rsquo;Amazon arrivent \u00e0 temps. Environ 170 seront pr\u00e9sents au d\u00e9marrage, et au cours de la deuxi\u00e8me semaine d&rsquo;exploitation, l&rsquo;\u00e9quipe comptera d\u00e9j\u00e0 plus de 400 membres et continuera \u00e0 cro\u00eetre progressivement.<\/p>\n<p>Pour la r\u00e9gion, l&rsquo;implantation d&rsquo;Amazon est d\u00e9j\u00e0 devenue un facteur \u00e9conomique important. \u00ab\u00a0Je suis reconnaissant qu&rsquo;une grande entreprise comme Amazon se soit install\u00e9e ici chez nous\u00a0\u00bb, d\u00e9clare J\u00f6rg Methner, maire de S\u00fclzetal : \u00ab\u00a0Il convient de souligner la cr\u00e9ation d&#8217;emplois. Je suis \u00e9galement reconnaissant que la taxe professionnelle reste ici dans notre commune unifi\u00e9e. Certaines entreprises devraient s&rsquo;en inspirer.\u00a0\u00bb<\/p>\n<h5><strong>Un signe pour le district de B\u00f6rde<\/strong><\/h5>\n<p>Le nouveau site d&rsquo;Amazon envoie un signal fort dans le district, constate Martin Stichnoth, pr\u00e9sident du district de B\u00f6rde. \u00ab\u00a0L&rsquo;investissement dans notre r\u00e9gion est, surtout dans la situation particuli\u00e8re actuelle, un atout pour le march\u00e9 du travail r\u00e9gional et le d\u00e9veloppement \u00e9conomique global dans le district de B\u00f6rde.\u00a0\u00bb<\/p>\n<p>Les employ\u00e9s d&rsquo;exp\u00e9dition \u00e0 S\u00fclzetal commencent avec un salaire de base d&rsquo;environ 11,66 euros bruts de l&rsquo;heure. Les chefs d&rsquo;\u00e9quipe commencent avec un salaire horaire de 17,07 euros bruts. Au salaire de base s&rsquo;ajoutent des prestations suppl\u00e9mentaires telles qu&rsquo;une assurance vie et invalidit\u00e9 gratuite et une retraite d&rsquo;entreprise.<\/p>\n<p>Photo : \u00a9 Amazon Logistik Holger Peters<\/p>\n<p>Source :  <a href=\"https:\/\/blog.aboutamazon.de\/logistikzentren\/\" target=\"_blank\" rel=\"noopener noreferrer\"><strong>Blog Logistique d&rsquo;Amazon<\/strong><\/a> \/ Irmgard Jarosch<\/p>\n","protected":false},"excerpt":{"rendered":"<p>Bient\u00f4t, ce sera le moment, le nouveau centre logistique d&rsquo;Amazon \u00e0 S\u00fclzetal pr\u00e8s de Magdeburg commencera ses op\u00e9rations. \u00c0 partir du 3 ao\u00fbt, cela commence log.<span class=\"excerpt-hellip\"> [\u2026]<\/span><\/p>\n","protected":false},"author":0,"featured_media":0,"comment_status":"open","ping_status":"open","sticky":false,"template":"","format":"standard","meta":{"_acf_changed":false,"footnotes":""},"categories":[1557,1560,1561],"tags":[],"class_list":["post-18649","post","type-post","status-publish","format-standard","hentry","category-forwarding-logistics","category-intralogistics","category-regions"],"acf":[],"yoast_head":"<!-- This site is optimized with the Yoast SEO plugin v27.3 - https:\/\/yoast.com\/product\/yoast-seo-wordpress\/ -->\n<title>Le nouveau centre logistique d&#039;Amazon \u00e0 S\u00fclzetal commence d\u00e9but ao\u00fbt - Loginfo24.<\/title>\n<meta name=\"robots\" content=\"index, follow, max-snippet:-1, max-image-preview:large, max-video-preview:-1\" \/>\n<link rel=\"canonical\" href=\"https:\/\/loginfo24.com\/fr\/2020\/07\/21\/le-nouveau-centre-logistique-damazon-a-sulzetal-commence-debut-aout\/\" \/>\n<meta property=\"og:locale\" content=\"fr_FR\" \/>\n<meta property=\"og:type\" content=\"article\" \/>\n<meta property=\"og:title\" content=\"Le nouveau centre logistique d&#039;Amazon \u00e0 S\u00fclzetal commence d\u00e9but ao\u00fbt - Loginfo24.\" \/>\n<meta property=\"og:description\" content=\"Bient\u00f4t, ce sera le moment, le nouveau centre logistique d&rsquo;Amazon \u00e0 S\u00fclzetal pr\u00e8s de Magdeburg commencera ses op\u00e9rations. \u00c0 partir du 3 ao\u00fbt, cela commence log. [\u2026]\" \/>\n<meta property=\"og:url\" content=\"https:\/\/loginfo24.com\/fr\/2020\/07\/21\/le-nouveau-centre-logistique-damazon-a-sulzetal-commence-debut-aout\/\" \/>\n<meta property=\"og:site_name\" content=\"Loginfo24\" \/>\n<meta property=\"article:publisher\" content=\"https:\/\/www.facebook.com\/people\/Loginfo24\/100057360583332\/\" \/>\n<meta property=\"article:published_time\" content=\"2020-07-21T05:01:49+00:00\" \/>\n<meta property=\"article:modified_time\" content=\"2025-12-15T11:32:11+00:00\" \/>\n<meta name=\"twitter:card\" content=\"summary_large_image\" \/>\n<meta name=\"twitter:label1\" content=\"Dur\u00e9e de lecture estim\u00e9e\" \/>\n\t<meta name=\"twitter:data1\" content=\"2 minutes\" \/>\n<script type=\"application\/ld+json\" class=\"yoast-schema-graph\">{\"@context\":\"https:\\\/\\\/schema.org\",\"@graph\":[{\"@type\":\"Article\",\"@id\":\"https:\\\/\\\/loginfo24.com\\\/fr\\\/2020\\\/07\\\/21\\\/le-nouveau-centre-logistique-damazon-a-sulzetal-commence-debut-aout\\\/#article\",\"isPartOf\":{\"@id\":\"https:\\\/\\\/loginfo24.com\\\/fr\\\/2020\\\/07\\\/21\\\/le-nouveau-centre-logistique-damazon-a-sulzetal-commence-debut-aout\\\/\"},\"author\":{\"name\":\"\",\"@id\":\"\"},\"headline\":\"Le nouveau centre logistique d&rsquo;Amazon \u00e0 S\u00fclzetal commence d\u00e9but ao\u00fbt\",\"datePublished\":\"2020-07-21T05:01:49+00:00\",\"dateModified\":\"2025-12-15T11:32:11+00:00\",\"mainEntityOfPage\":{\"@id\":\"https:\\\/\\\/loginfo24.com\\\/fr\\\/2020\\\/07\\\/21\\\/le-nouveau-centre-logistique-damazon-a-sulzetal-commence-debut-aout\\\/\"},\"wordCount\":501,\"commentCount\":0,\"publisher\":{\"@id\":\"https:\\\/\\\/loginfo24.com\\\/fr\\\/#organization\"},\"articleSection\":[\"Forwarding &amp; Logistics\",\"Intralogistics\",\"Regions\"],\"inLanguage\":\"fr-FR\",\"potentialAction\":[{\"@type\":\"CommentAction\",\"name\":\"Comment\",\"target\":[\"https:\\\/\\\/loginfo24.com\\\/fr\\\/2020\\\/07\\\/21\\\/le-nouveau-centre-logistique-damazon-a-sulzetal-commence-debut-aout\\\/#respond\"]}]},{\"@type\":\"WebPage\",\"@id\":\"https:\\\/\\\/loginfo24.com\\\/fr\\\/2020\\\/07\\\/21\\\/le-nouveau-centre-logistique-damazon-a-sulzetal-commence-debut-aout\\\/\",\"url\":\"https:\\\/\\\/loginfo24.com\\\/fr\\\/2020\\\/07\\\/21\\\/le-nouveau-centre-logistique-damazon-a-sulzetal-commence-debut-aout\\\/\",\"name\":\"Le nouveau centre logistique d'Amazon \u00e0 S\u00fclzetal commence d\u00e9but ao\u00fbt - Loginfo24.\",\"isPartOf\":{\"@id\":\"https:\\\/\\\/loginfo24.com\\\/fr\\\/#website\"},\"datePublished\":\"2020-07-21T05:01:49+00:00\",\"dateModified\":\"2025-12-15T11:32:11+00:00\",\"breadcrumb\":{\"@id\":\"https:\\\/\\\/loginfo24.com\\\/fr\\\/2020\\\/07\\\/21\\\/le-nouveau-centre-logistique-damazon-a-sulzetal-commence-debut-aout\\\/#breadcrumb\"},\"inLanguage\":\"fr-FR\",\"potentialAction\":[{\"@type\":\"ReadAction\",\"target\":[\"https:\\\/\\\/loginfo24.com\\\/fr\\\/2020\\\/07\\\/21\\\/le-nouveau-centre-logistique-damazon-a-sulzetal-commence-debut-aout\\\/\"]}]},{\"@type\":\"BreadcrumbList\",\"@id\":\"https:\\\/\\\/loginfo24.com\\\/fr\\\/2020\\\/07\\\/21\\\/le-nouveau-centre-logistique-damazon-a-sulzetal-commence-debut-aout\\\/#breadcrumb\",\"itemListElement\":[{\"@type\":\"ListItem\",\"position\":1,\"name\":\"Startseite\",\"item\":\"https:\\\/\\\/loginfo24.com\\\/fr\\\/\"},{\"@type\":\"ListItem\",\"position\":2,\"name\":\"Le nouveau centre logistique d&#8217;Amazon \u00e0 S\u00fclzetal commence d\u00e9but ao\u00fbt\"}]},{\"@type\":\"WebSite\",\"@id\":\"https:\\\/\\\/loginfo24.com\\\/fr\\\/#website\",\"url\":\"https:\\\/\\\/loginfo24.com\\\/fr\\\/\",\"name\":\"Loginfo24\",\"description\":\"Loginfo24 est la plateforme d\u00e9di\u00e9e \u00e0 la logistique et aux cha\u00eenes d&#039;approvisionnement qui fournit des informations 24 heures sur 24.\",\"publisher\":{\"@id\":\"https:\\\/\\\/loginfo24.com\\\/fr\\\/#organization\"},\"potentialAction\":[{\"@type\":\"SearchAction\",\"target\":{\"@type\":\"EntryPoint\",\"urlTemplate\":\"https:\\\/\\\/loginfo24.com\\\/fr\\\/?s={search_term_string}\"},\"query-input\":{\"@type\":\"PropertyValueSpecification\",\"valueRequired\":true,\"valueName\":\"search_term_string\"}}],\"inLanguage\":\"fr-FR\"},{\"@type\":\"Organization\",\"@id\":\"https:\\\/\\\/loginfo24.com\\\/fr\\\/#organization\",\"name\":\"Groupe Logismedia AG\",\"url\":\"https:\\\/\\\/loginfo24.com\\\/fr\\\/\",\"logo\":{\"@type\":\"ImageObject\",\"inLanguage\":\"fr-FR\",\"@id\":\"https:\\\/\\\/loginfo24.com\\\/fr\\\/#\\\/schema\\\/logo\\\/image\\\/\",\"url\":\"https:\\\/\\\/loginfo24.com\\\/wp-content\\\/uploads\\\/sites\\\/7\\\/2026\\\/01\\\/Logo_LogInfo24.png\",\"contentUrl\":\"https:\\\/\\\/loginfo24.com\\\/wp-content\\\/uploads\\\/sites\\\/7\\\/2026\\\/01\\\/Logo_LogInfo24.png\",\"width\":938,\"height\":351,\"caption\":\"Groupe Logismedia AG\"},\"image\":{\"@id\":\"https:\\\/\\\/loginfo24.com\\\/fr\\\/#\\\/schema\\\/logo\\\/image\\\/\"},\"sameAs\":[\"https:\\\/\\\/www.facebook.com\\\/people\\\/Loginfo24\\\/100057360583332\\\/\",\"https:\\\/\\\/www.linkedin.com\\\/company\\\/lofinfo24\\\/\"]}]}<\/script>\n<!-- \/ Yoast SEO plugin. -->","yoast_head_json":{"title":"Le nouveau centre logistique d'Amazon \u00e0 S\u00fclzetal commence d\u00e9but ao\u00fbt - Loginfo24.","robots":{"index":"index","follow":"follow","max-snippet":"max-snippet:-1","max-image-preview":"max-image-preview:large","max-video-preview":"max-video-preview:-1"},"canonical":"https:\/\/loginfo24.com\/fr\/2020\/07\/21\/le-nouveau-centre-logistique-damazon-a-sulzetal-commence-debut-aout\/","og_locale":"fr_FR","og_type":"article","og_title":"Le nouveau centre logistique d'Amazon \u00e0 S\u00fclzetal commence d\u00e9but ao\u00fbt - Loginfo24.","og_description":"Bient\u00f4t, ce sera le moment, le nouveau centre logistique d&rsquo;Amazon \u00e0 S\u00fclzetal pr\u00e8s de Magdeburg commencera ses op\u00e9rations. \u00c0 partir du 3 ao\u00fbt, cela commence log. [\u2026]","og_url":"https:\/\/loginfo24.com\/fr\/2020\/07\/21\/le-nouveau-centre-logistique-damazon-a-sulzetal-commence-debut-aout\/","og_site_name":"Loginfo24","article_publisher":"https:\/\/www.facebook.com\/people\/Loginfo24\/100057360583332\/","article_published_time":"2020-07-21T05:01:49+00:00","article_modified_time":"2025-12-15T11:32:11+00:00","twitter_card":"summary_large_image","twitter_misc":{"Dur\u00e9e de lecture estim\u00e9e":"2 minutes"},"schema":{"@context":"https:\/\/schema.org","@graph":[{"@type":"Article","@id":"https:\/\/loginfo24.com\/fr\/2020\/07\/21\/le-nouveau-centre-logistique-damazon-a-sulzetal-commence-debut-aout\/#article","isPartOf":{"@id":"https:\/\/loginfo24.com\/fr\/2020\/07\/21\/le-nouveau-centre-logistique-damazon-a-sulzetal-commence-debut-aout\/"},"author":{"name":"","@id":""},"headline":"Le nouveau centre logistique d&rsquo;Amazon \u00e0 S\u00fclzetal commence d\u00e9but ao\u00fbt","datePublished":"2020-07-21T05:01:49+00:00","dateModified":"2025-12-15T11:32:11+00:00","mainEntityOfPage":{"@id":"https:\/\/loginfo24.com\/fr\/2020\/07\/21\/le-nouveau-centre-logistique-damazon-a-sulzetal-commence-debut-aout\/"},"wordCount":501,"commentCount":0,"publisher":{"@id":"https:\/\/loginfo24.com\/fr\/#organization"},"articleSection":["Forwarding &amp; Logistics","Intralogistics","Regions"],"inLanguage":"fr-FR","potentialAction":[{"@type":"CommentAction","name":"Comment","target":["https:\/\/loginfo24.com\/fr\/2020\/07\/21\/le-nouveau-centre-logistique-damazon-a-sulzetal-commence-debut-aout\/#respond"]}]},{"@type":"WebPage","@id":"https:\/\/loginfo24.com\/fr\/2020\/07\/21\/le-nouveau-centre-logistique-damazon-a-sulzetal-commence-debut-aout\/","url":"https:\/\/loginfo24.com\/fr\/2020\/07\/21\/le-nouveau-centre-logistique-damazon-a-sulzetal-commence-debut-aout\/","name":"Le nouveau centre logistique d'Amazon \u00e0 S\u00fclzetal commence d\u00e9but ao\u00fbt - Loginfo24.","isPartOf":{"@id":"https:\/\/loginfo24.com\/fr\/#website"},"datePublished":"2020-07-21T05:01:49+00:00","dateModified":"2025-12-15T11:32:11+00:00","breadcrumb":{"@id":"https:\/\/loginfo24.com\/fr\/2020\/07\/21\/le-nouveau-centre-logistique-damazon-a-sulzetal-commence-debut-aout\/#breadcrumb"},"inLanguage":"fr-FR","potentialAction":[{"@type":"ReadAction","target":["https:\/\/loginfo24.com\/fr\/2020\/07\/21\/le-nouveau-centre-logistique-damazon-a-sulzetal-commence-debut-aout\/"]}]},{"@type":"BreadcrumbList","@id":"https:\/\/loginfo24.com\/fr\/2020\/07\/21\/le-nouveau-centre-logistique-damazon-a-sulzetal-commence-debut-aout\/#breadcrumb","itemListElement":[{"@type":"ListItem","position":1,"name":"Startseite","item":"https:\/\/loginfo24.com\/fr\/"},{"@type":"ListItem","position":2,"name":"Le nouveau centre logistique d&#8217;Amazon \u00e0 S\u00fclzetal commence d\u00e9but ao\u00fbt"}]},{"@type":"WebSite","@id":"https:\/\/loginfo24.com\/fr\/#website","url":"https:\/\/loginfo24.com\/fr\/","name":"Loginfo24","description":"Loginfo24 est la plateforme d\u00e9di\u00e9e \u00e0 la logistique et aux cha\u00eenes d&#039;approvisionnement qui fournit des informations 24 heures sur 24.","publisher":{"@id":"https:\/\/loginfo24.com\/fr\/#organization"},"potentialAction":[{"@type":"SearchAction","target":{"@type":"EntryPoint","urlTemplate":"https:\/\/loginfo24.com\/fr\/?s={search_term_string}"},"query-input":{"@type":"PropertyValueSpecification","valueRequired":true,"valueName":"search_term_string"}}],"inLanguage":"fr-FR"},{"@type":"Organization","@id":"https:\/\/loginfo24.com\/fr\/#organization","name":"Groupe Logismedia AG","url":"https:\/\/loginfo24.com\/fr\/","logo":{"@type":"ImageObject","inLanguage":"fr-FR","@id":"https:\/\/loginfo24.com\/fr\/#\/schema\/logo\/image\/","url":"https:\/\/loginfo24.com\/wp-content\/uploads\/sites\/7\/2026\/01\/Logo_LogInfo24.png","contentUrl":"https:\/\/loginfo24.com\/wp-content\/uploads\/sites\/7\/2026\/01\/Logo_LogInfo24.png","width":938,"height":351,"caption":"Groupe Logismedia AG"},"image":{"@id":"https:\/\/loginfo24.com\/fr\/#\/schema\/logo\/image\/"},"sameAs":["https:\/\/www.facebook.com\/people\/Loginfo24\/100057360583332\/","https:\/\/www.linkedin.com\/company\/lofinfo24\/"]}]}},"_links":{"self":[{"href":"https:\/\/loginfo24.com\/fr\/wp-json\/wp\/v2\/posts\/18649","targetHints":{"allow":["GET"]}}],"collection":[{"href":"https:\/\/loginfo24.com\/fr\/wp-json\/wp\/v2\/posts"}],"about":[{"href":"https:\/\/loginfo24.com\/fr\/wp-json\/wp\/v2\/types\/post"}],"replies":[{"embeddable":true,"href":"https:\/\/loginfo24.com\/fr\/wp-json\/wp\/v2\/comments?post=18649"}],"version-history":[{"count":1,"href":"https:\/\/loginfo24.com\/fr\/wp-json\/wp\/v2\/posts\/18649\/revisions"}],"predecessor-version":[{"id":33620,"href":"https:\/\/loginfo24.com\/fr\/wp-json\/wp\/v2\/posts\/18649\/revisions\/33620"}],"wp:attachment":[{"href":"https:\/\/loginfo24.com\/fr\/wp-json\/wp\/v2\/media?parent=18649"}],"wp:term":[{"taxonomy":"category","embeddable":true,"href":"https:\/\/loginfo24.com\/fr\/wp-json\/wp\/v2\/categories?post=18649"},{"taxonomy":"post_tag","embeddable":true,"href":"https:\/\/loginfo24.com\/fr\/wp-json\/wp\/v2\/tags?post=18649"}],"curies":[{"name":"wp","href":"https:\/\/api.w.org\/{rel}","templated":true}]}}