{"id":18577,"date":"2020-07-16T08:05:16","date_gmt":"2020-07-16T06:05:16","guid":{"rendered":"https:\/\/blog.brand-architecture.at\/2020\/07\/16\/portrait-logistique-du-jour-jorg-arnold\/"},"modified":"2025-12-15T12:31:53","modified_gmt":"2025-12-15T11:31:53","slug":"portrait-logistique-du-jour-jorg-arnold","status":"publish","type":"post","link":"https:\/\/loginfo24.com\/fr\/2020\/07\/16\/portrait-logistique-du-jour-jorg-arnold\/","title":{"rendered":"Portrait logistique du jour : J\u00f6rg Arnold"},"content":{"rendered":"<p>Dans le portrait du jour, des personnes de tous les domaines, secteurs et niveaux de la logistique se pr\u00e9sentent. En quelques mots, elles d\u00e9crivent pourquoi elles aiment leur activit\u00e9 dans cette branche vari\u00e9e.<\/p>\n<p>&nbsp;<\/p>\n<h3><strong>Aujourd&rsquo;hui : J\u00f6rg Arnold, HHLA Hamburger Hafen und Logistik AG<\/strong><\/h3>\n<p>&nbsp;<\/p>\n<table>\n<tbody>\n<tr>\n<td colspan=\"2\" width=\"605\">\n<h5><strong>Mon activit\u00e9 dans la logistique :<\/strong><\/h5>\n<p>Vente Pack- et Servicecenter \/ Projet et traitement de Break Bulk<\/p>\n<p>&nbsp;<\/td>\n<\/tr>\n<tr>\n<td width=\"170\"><strong>Pr\u00e9nom\/Nom :<\/strong><\/td>\n<td width=\"435\">J\u00f6rg Arnold<\/td>\n<\/tr>\n<tr>\n<td width=\"170\"><strong>Ann\u00e9e de naissance :<\/strong><\/td>\n<td width=\"435\">1960<\/td>\n<\/tr>\n<tr>\n<td width=\"170\"><strong>Entreprise :<\/strong><\/td>\n<td width=\"435\">Hamburger Hafen und Logistik AG<\/td>\n<\/tr>\n<tr>\n<td width=\"170\"><strong>Pays :<\/strong><\/td>\n<td width=\"435\">Allemagne<\/td>\n<\/tr>\n<tr>\n<td width=\"170\"><strong>Fonction :<\/strong><\/td>\n<td width=\"435\">Commercial<\/td>\n<\/tr>\n<tr>\n<td width=\"170\"><strong>Dans la logistique depuis :<\/strong><\/td>\n<td width=\"435\">1976<\/td>\n<\/tr>\n<tr>\n<td width=\"170\"><strong>Formation :<\/strong><\/td>\n<td width=\"435\">Agent de transit en manutention portuaire<\/td>\n<\/tr>\n<tr>\n<td width=\"170\"><strong>Site web :<\/strong><\/td>\n<td width=\"435\"><a href=\"https:\/\/www.hhla.de\" target=\"_blank\" rel=\"noopener noreferrer\">www.hhla.de<\/a><\/td>\n<\/tr>\n<tr>\n<td width=\"170\"><strong>Profil LinkedIn :<\/strong><\/td>\n<td width=\"435\"><a href=\"https:\/\/www.linkinedin.com.\/messaging\/thread\/668904360192131681\" target=\"_blank\" rel=\"noopener noreferrer\">https:\/\/www.linkinedin.com.\/messaging\/thread\/668904360192131681<\/a><\/td>\n<\/tr>\n<tr>\n<td colspan=\"2\" width=\"605\">\n<h5><\/h5>\n<h5><strong>Ce que j&rsquo;aime dans mon travail et dans la logistique :<\/strong><\/h5>\n<p>Toujours de nouveaux d\u00e9fis avec l&rsquo;utilisation de nouvelles technologies, et cela chaque jour. Il est \u00e9galement important de g\u00e9rer et de collaborer avec des clients et des prestataires nationaux et internationaux. Dans le domaine des projets, on peut parler d&rsquo;une \u00e9quipe familiale internationale qui \u00e9change r\u00e9guli\u00e8rement lors de salons ou de soir\u00e9es portuaires.<\/p>\n<p>&nbsp;<\/td>\n<\/tr>\n<\/tbody>\n<\/table>\n","protected":false},"excerpt":{"rendered":"<p>Dans le portrait du jour, des personnes de tous les domaines, secteurs et niveaux de la logistique se pr\u00e9sentent. En quelques mots, elles d\u00e9crivent pourquoi elles<span class=\"excerpt-hellip\"> [\u2026]<\/span><\/p>\n","protected":false},"author":0,"featured_media":0,"comment_status":"open","ping_status":"open","sticky":false,"template":"","format":"standard","meta":{"_acf_changed":false,"footnotes":""},"categories":[1665,1557,1561,1559],"tags":[],"class_list":["post-18577","post","type-post","status-publish","format-standard","hentry","category-categories","category-forwarding-logistics","category-regions","category-shipping-ports"],"acf":[],"yoast_head":"<!-- This site is optimized with the Yoast SEO plugin v27.3 - https:\/\/yoast.com\/product\/yoast-seo-wordpress\/ -->\n<title>Portrait logistique du jour : J\u00f6rg Arnold - Loginfo24.<\/title>\n<meta name=\"robots\" content=\"index, follow, max-snippet:-1, max-image-preview:large, max-video-preview:-1\" \/>\n<link rel=\"canonical\" href=\"https:\/\/loginfo24.com\/fr\/2020\/07\/16\/portrait-logistique-du-jour-jorg-arnold\/\" \/>\n<meta property=\"og:locale\" content=\"fr_FR\" \/>\n<meta property=\"og:type\" content=\"article\" \/>\n<meta property=\"og:title\" content=\"Portrait logistique du jour : J\u00f6rg Arnold - Loginfo24.\" \/>\n<meta property=\"og:description\" content=\"Dans le portrait du jour, des personnes de tous les domaines, secteurs et niveaux de la logistique se pr\u00e9sentent. En quelques mots, elles d\u00e9crivent pourquoi elles [\u2026]\" \/>\n<meta property=\"og:url\" content=\"https:\/\/loginfo24.com\/fr\/2020\/07\/16\/portrait-logistique-du-jour-jorg-arnold\/\" \/>\n<meta property=\"og:site_name\" content=\"Loginfo24\" \/>\n<meta property=\"article:publisher\" content=\"https:\/\/www.facebook.com\/people\/Loginfo24\/100057360583332\/\" \/>\n<meta property=\"article:published_time\" content=\"2020-07-16T06:05:16+00:00\" \/>\n<meta property=\"article:modified_time\" content=\"2025-12-15T11:31:53+00:00\" \/>\n<meta name=\"twitter:card\" content=\"summary_large_image\" \/>\n<meta name=\"twitter:label1\" content=\"Dur\u00e9e de lecture estim\u00e9e\" \/>\n\t<meta name=\"twitter:data1\" content=\"1 minute\" \/>\n<script type=\"application\/ld+json\" class=\"yoast-schema-graph\">{\"@context\":\"https:\\\/\\\/schema.org\",\"@graph\":[{\"@type\":\"Article\",\"@id\":\"https:\\\/\\\/loginfo24.com\\\/fr\\\/2020\\\/07\\\/16\\\/portrait-logistique-du-jour-jorg-arnold\\\/#article\",\"isPartOf\":{\"@id\":\"https:\\\/\\\/loginfo24.com\\\/fr\\\/2020\\\/07\\\/16\\\/portrait-logistique-du-jour-jorg-arnold\\\/\"},\"author\":{\"name\":\"\",\"@id\":\"\"},\"headline\":\"Portrait logistique du jour : J\u00f6rg Arnold\",\"datePublished\":\"2020-07-16T06:05:16+00:00\",\"dateModified\":\"2025-12-15T11:31:53+00:00\",\"mainEntityOfPage\":{\"@id\":\"https:\\\/\\\/loginfo24.com\\\/fr\\\/2020\\\/07\\\/16\\\/portrait-logistique-du-jour-jorg-arnold\\\/\"},\"wordCount\":188,\"commentCount\":0,\"publisher\":{\"@id\":\"https:\\\/\\\/loginfo24.com\\\/fr\\\/#organization\"},\"articleSection\":[\"Categories\",\"Forwarding &amp; Logistics\",\"Regions\",\"Shipping &amp; Ports\"],\"inLanguage\":\"fr-FR\",\"potentialAction\":[{\"@type\":\"CommentAction\",\"name\":\"Comment\",\"target\":[\"https:\\\/\\\/loginfo24.com\\\/fr\\\/2020\\\/07\\\/16\\\/portrait-logistique-du-jour-jorg-arnold\\\/#respond\"]}]},{\"@type\":\"WebPage\",\"@id\":\"https:\\\/\\\/loginfo24.com\\\/fr\\\/2020\\\/07\\\/16\\\/portrait-logistique-du-jour-jorg-arnold\\\/\",\"url\":\"https:\\\/\\\/loginfo24.com\\\/fr\\\/2020\\\/07\\\/16\\\/portrait-logistique-du-jour-jorg-arnold\\\/\",\"name\":\"Portrait logistique du jour : J\u00f6rg Arnold - Loginfo24.\",\"isPartOf\":{\"@id\":\"https:\\\/\\\/loginfo24.com\\\/fr\\\/#website\"},\"datePublished\":\"2020-07-16T06:05:16+00:00\",\"dateModified\":\"2025-12-15T11:31:53+00:00\",\"breadcrumb\":{\"@id\":\"https:\\\/\\\/loginfo24.com\\\/fr\\\/2020\\\/07\\\/16\\\/portrait-logistique-du-jour-jorg-arnold\\\/#breadcrumb\"},\"inLanguage\":\"fr-FR\",\"potentialAction\":[{\"@type\":\"ReadAction\",\"target\":[\"https:\\\/\\\/loginfo24.com\\\/fr\\\/2020\\\/07\\\/16\\\/portrait-logistique-du-jour-jorg-arnold\\\/\"]}]},{\"@type\":\"BreadcrumbList\",\"@id\":\"https:\\\/\\\/loginfo24.com\\\/fr\\\/2020\\\/07\\\/16\\\/portrait-logistique-du-jour-jorg-arnold\\\/#breadcrumb\",\"itemListElement\":[{\"@type\":\"ListItem\",\"position\":1,\"name\":\"Startseite\",\"item\":\"https:\\\/\\\/loginfo24.com\\\/fr\\\/\"},{\"@type\":\"ListItem\",\"position\":2,\"name\":\"Portrait logistique du jour : J\u00f6rg Arnold\"}]},{\"@type\":\"WebSite\",\"@id\":\"https:\\\/\\\/loginfo24.com\\\/fr\\\/#website\",\"url\":\"https:\\\/\\\/loginfo24.com\\\/fr\\\/\",\"name\":\"Loginfo24\",\"description\":\"Loginfo24 est la plateforme d\u00e9di\u00e9e \u00e0 la logistique et aux cha\u00eenes d&#039;approvisionnement qui fournit des informations 24 heures sur 24.\",\"publisher\":{\"@id\":\"https:\\\/\\\/loginfo24.com\\\/fr\\\/#organization\"},\"potentialAction\":[{\"@type\":\"SearchAction\",\"target\":{\"@type\":\"EntryPoint\",\"urlTemplate\":\"https:\\\/\\\/loginfo24.com\\\/fr\\\/?s={search_term_string}\"},\"query-input\":{\"@type\":\"PropertyValueSpecification\",\"valueRequired\":true,\"valueName\":\"search_term_string\"}}],\"inLanguage\":\"fr-FR\"},{\"@type\":\"Organization\",\"@id\":\"https:\\\/\\\/loginfo24.com\\\/fr\\\/#organization\",\"name\":\"Groupe Logismedia AG\",\"url\":\"https:\\\/\\\/loginfo24.com\\\/fr\\\/\",\"logo\":{\"@type\":\"ImageObject\",\"inLanguage\":\"fr-FR\",\"@id\":\"https:\\\/\\\/loginfo24.com\\\/fr\\\/#\\\/schema\\\/logo\\\/image\\\/\",\"url\":\"https:\\\/\\\/loginfo24.com\\\/wp-content\\\/uploads\\\/sites\\\/7\\\/2026\\\/01\\\/Logo_LogInfo24.png\",\"contentUrl\":\"https:\\\/\\\/loginfo24.com\\\/wp-content\\\/uploads\\\/sites\\\/7\\\/2026\\\/01\\\/Logo_LogInfo24.png\",\"width\":938,\"height\":351,\"caption\":\"Groupe Logismedia AG\"},\"image\":{\"@id\":\"https:\\\/\\\/loginfo24.com\\\/fr\\\/#\\\/schema\\\/logo\\\/image\\\/\"},\"sameAs\":[\"https:\\\/\\\/www.facebook.com\\\/people\\\/Loginfo24\\\/100057360583332\\\/\",\"https:\\\/\\\/www.linkedin.com\\\/company\\\/lofinfo24\\\/\"]}]}<\/script>\n<!-- \/ Yoast SEO plugin. -->","yoast_head_json":{"title":"Portrait logistique du jour : J\u00f6rg Arnold - Loginfo24.","robots":{"index":"index","follow":"follow","max-snippet":"max-snippet:-1","max-image-preview":"max-image-preview:large","max-video-preview":"max-video-preview:-1"},"canonical":"https:\/\/loginfo24.com\/fr\/2020\/07\/16\/portrait-logistique-du-jour-jorg-arnold\/","og_locale":"fr_FR","og_type":"article","og_title":"Portrait logistique du jour : J\u00f6rg Arnold - Loginfo24.","og_description":"Dans le portrait du jour, des personnes de tous les domaines, secteurs et niveaux de la logistique se pr\u00e9sentent. En quelques mots, elles d\u00e9crivent pourquoi elles [\u2026]","og_url":"https:\/\/loginfo24.com\/fr\/2020\/07\/16\/portrait-logistique-du-jour-jorg-arnold\/","og_site_name":"Loginfo24","article_publisher":"https:\/\/www.facebook.com\/people\/Loginfo24\/100057360583332\/","article_published_time":"2020-07-16T06:05:16+00:00","article_modified_time":"2025-12-15T11:31:53+00:00","twitter_card":"summary_large_image","twitter_misc":{"Dur\u00e9e de lecture estim\u00e9e":"1 minute"},"schema":{"@context":"https:\/\/schema.org","@graph":[{"@type":"Article","@id":"https:\/\/loginfo24.com\/fr\/2020\/07\/16\/portrait-logistique-du-jour-jorg-arnold\/#article","isPartOf":{"@id":"https:\/\/loginfo24.com\/fr\/2020\/07\/16\/portrait-logistique-du-jour-jorg-arnold\/"},"author":{"name":"","@id":""},"headline":"Portrait logistique du jour : J\u00f6rg Arnold","datePublished":"2020-07-16T06:05:16+00:00","dateModified":"2025-12-15T11:31:53+00:00","mainEntityOfPage":{"@id":"https:\/\/loginfo24.com\/fr\/2020\/07\/16\/portrait-logistique-du-jour-jorg-arnold\/"},"wordCount":188,"commentCount":0,"publisher":{"@id":"https:\/\/loginfo24.com\/fr\/#organization"},"articleSection":["Categories","Forwarding &amp; Logistics","Regions","Shipping &amp; Ports"],"inLanguage":"fr-FR","potentialAction":[{"@type":"CommentAction","name":"Comment","target":["https:\/\/loginfo24.com\/fr\/2020\/07\/16\/portrait-logistique-du-jour-jorg-arnold\/#respond"]}]},{"@type":"WebPage","@id":"https:\/\/loginfo24.com\/fr\/2020\/07\/16\/portrait-logistique-du-jour-jorg-arnold\/","url":"https:\/\/loginfo24.com\/fr\/2020\/07\/16\/portrait-logistique-du-jour-jorg-arnold\/","name":"Portrait logistique du jour : J\u00f6rg Arnold - Loginfo24.","isPartOf":{"@id":"https:\/\/loginfo24.com\/fr\/#website"},"datePublished":"2020-07-16T06:05:16+00:00","dateModified":"2025-12-15T11:31:53+00:00","breadcrumb":{"@id":"https:\/\/loginfo24.com\/fr\/2020\/07\/16\/portrait-logistique-du-jour-jorg-arnold\/#breadcrumb"},"inLanguage":"fr-FR","potentialAction":[{"@type":"ReadAction","target":["https:\/\/loginfo24.com\/fr\/2020\/07\/16\/portrait-logistique-du-jour-jorg-arnold\/"]}]},{"@type":"BreadcrumbList","@id":"https:\/\/loginfo24.com\/fr\/2020\/07\/16\/portrait-logistique-du-jour-jorg-arnold\/#breadcrumb","itemListElement":[{"@type":"ListItem","position":1,"name":"Startseite","item":"https:\/\/loginfo24.com\/fr\/"},{"@type":"ListItem","position":2,"name":"Portrait logistique du jour : J\u00f6rg Arnold"}]},{"@type":"WebSite","@id":"https:\/\/loginfo24.com\/fr\/#website","url":"https:\/\/loginfo24.com\/fr\/","name":"Loginfo24","description":"Loginfo24 est la plateforme d\u00e9di\u00e9e \u00e0 la logistique et aux cha\u00eenes d&#039;approvisionnement qui fournit des informations 24 heures sur 24.","publisher":{"@id":"https:\/\/loginfo24.com\/fr\/#organization"},"potentialAction":[{"@type":"SearchAction","target":{"@type":"EntryPoint","urlTemplate":"https:\/\/loginfo24.com\/fr\/?s={search_term_string}"},"query-input":{"@type":"PropertyValueSpecification","valueRequired":true,"valueName":"search_term_string"}}],"inLanguage":"fr-FR"},{"@type":"Organization","@id":"https:\/\/loginfo24.com\/fr\/#organization","name":"Groupe Logismedia AG","url":"https:\/\/loginfo24.com\/fr\/","logo":{"@type":"ImageObject","inLanguage":"fr-FR","@id":"https:\/\/loginfo24.com\/fr\/#\/schema\/logo\/image\/","url":"https:\/\/loginfo24.com\/wp-content\/uploads\/sites\/7\/2026\/01\/Logo_LogInfo24.png","contentUrl":"https:\/\/loginfo24.com\/wp-content\/uploads\/sites\/7\/2026\/01\/Logo_LogInfo24.png","width":938,"height":351,"caption":"Groupe Logismedia AG"},"image":{"@id":"https:\/\/loginfo24.com\/fr\/#\/schema\/logo\/image\/"},"sameAs":["https:\/\/www.facebook.com\/people\/Loginfo24\/100057360583332\/","https:\/\/www.linkedin.com\/company\/lofinfo24\/"]}]}},"_links":{"self":[{"href":"https:\/\/loginfo24.com\/fr\/wp-json\/wp\/v2\/posts\/18577","targetHints":{"allow":["GET"]}}],"collection":[{"href":"https:\/\/loginfo24.com\/fr\/wp-json\/wp\/v2\/posts"}],"about":[{"href":"https:\/\/loginfo24.com\/fr\/wp-json\/wp\/v2\/types\/post"}],"replies":[{"embeddable":true,"href":"https:\/\/loginfo24.com\/fr\/wp-json\/wp\/v2\/comments?post=18577"}],"version-history":[{"count":1,"href":"https:\/\/loginfo24.com\/fr\/wp-json\/wp\/v2\/posts\/18577\/revisions"}],"predecessor-version":[{"id":33476,"href":"https:\/\/loginfo24.com\/fr\/wp-json\/wp\/v2\/posts\/18577\/revisions\/33476"}],"wp:attachment":[{"href":"https:\/\/loginfo24.com\/fr\/wp-json\/wp\/v2\/media?parent=18577"}],"wp:term":[{"taxonomy":"category","embeddable":true,"href":"https:\/\/loginfo24.com\/fr\/wp-json\/wp\/v2\/categories?post=18577"},{"taxonomy":"post_tag","embeddable":true,"href":"https:\/\/loginfo24.com\/fr\/wp-json\/wp\/v2\/tags?post=18577"}],"curies":[{"name":"wp","href":"https:\/\/api.w.org\/{rel}","templated":true}]}}