{"id":18463,"date":"2020-07-10T06:02:10","date_gmt":"2020-07-10T04:02:10","guid":{"rendered":"https:\/\/blog.brand-architecture.at\/2020\/07\/10\/portrait-logistique-du-jour-christina-scheib\/"},"modified":"2025-12-15T12:31:25","modified_gmt":"2025-12-15T11:31:25","slug":"portrait-logistique-du-jour-christina-scheib","status":"publish","type":"post","link":"https:\/\/loginfo24.com\/fr\/2020\/07\/10\/portrait-logistique-du-jour-christina-scheib\/","title":{"rendered":"Portrait logistique du jour : Christina Scheib"},"content":{"rendered":"<p>Dans le portrait du jour, des personnes de tous horizons, secteurs et niveaux de la logistique se pr\u00e9sentent. En quelques mots, elles d\u00e9crivent pourquoi elles aiment leur activit\u00e9 dans ce secteur diversifi\u00e9.<\/p>\n<h5><\/h5>\n<h4><\/h4>\n<h4><\/h4>\n<h4><strong>Aujourd&rsquo;hui : Christina Scheib, entrepreneuse et ambassadrice des femmes au BGL-Sud<\/strong><\/h4>\n<table>\n<tbody>\n<tr>\n<td colspan=\"2\" width=\"605\"><strong>Mon activit\u00e9 dans la logistique :<\/strong><\/p>\n<p>Entrepreneuse autonome, ambassadrice des femmes et ambassadrice du secteur au BGL-Sud.<\/p>\n<p>J&rsquo;aide les femmes dans tous les domaines. Cela peut \u00eatre des sujets tels que la s\u00e9curit\u00e9 sur les aires de repos, des probl\u00e8mes avec l&#8217;employeur (o\u00f9 j&rsquo;interviens en tant qu&rsquo;interm\u00e9diaire neutre). Je travaille en \u00e9troite collaboration avec la police et le BAG. De plus, je suis la porte-parole des questions f\u00e9minines aupr\u00e8s de la direction du BGL et en politique. Ce ne sont l\u00e0 que quelques-unes des nombreuses t\u00e2ches d&rsquo;une ambassadrice des femmes et du secteur dans la logistique.<\/p>\n<p>&nbsp;<\/td>\n<\/tr>\n<tr>\n<td width=\"212\"><strong>Pr\u00e9nom\/Nom :<\/strong><\/td>\n<td width=\"392\">Christina Scheib<\/td>\n<\/tr>\n<tr>\n<td width=\"212\"><strong>Ann\u00e9e de naissance :<\/strong><\/td>\n<td width=\"392\">1985<\/td>\n<\/tr>\n<tr>\n<td width=\"212\"><strong>Entreprise :<\/strong><\/td>\n<td width=\"392\">BGL-Sud, Christina Scheib Transporte<\/td>\n<\/tr>\n<tr>\n<td width=\"212\"><strong>Pays :<\/strong><\/td>\n<td width=\"392\">Allemagne<\/td>\n<\/tr>\n<tr>\n<td width=\"212\"><strong>Fonction :<\/strong><\/td>\n<td width=\"392\">Ambassadrice des femmes \/ Ambassadrice du secteur<\/td>\n<\/tr>\n<tr>\n<td width=\"212\"><strong>Dans la logistique depuis :<\/strong><\/td>\n<td width=\"392\">2011<\/td>\n<\/tr>\n<tr>\n<td width=\"212\"><strong>Formation :<\/strong><\/td>\n<td width=\"392\">Assistante m\u00e9dicale \/ Conductrice professionnelle<\/td>\n<\/tr>\n<tr>\n<td width=\"212\"><strong>Site web :<\/strong><\/td>\n<td width=\"392\"><a href=\"https:\/\/www.bgl-sued.de\" target=\"_blank\" rel=\"noopener noreferrer\">www.bgl-sued.de<\/a><\/td>\n<\/tr>\n<tr>\n<td width=\"212\"><strong>Profil LinkedIn :<\/strong><\/td>\n<td width=\"392\"><a href=\"https:\/\/www.linkedin.com\/in\/christina-scheib-3597a01a9\/\" target=\"_blank\" rel=\"noopener noreferrer\">https:\/\/www.linkedin.com\/in\/christina-scheib-3597a01a9\/<\/a><\/td>\n<\/tr>\n<tr>\n<td colspan=\"2\" width=\"605\">&nbsp;<\/p>\n<p><strong>Ce que j&rsquo;aime dans mon travail et dans la logistique :<\/strong><\/p>\n<p>C&rsquo;est un m\u00e9tier tr\u00e8s vari\u00e9. L&rsquo;un des m\u00e9tiers les plus importants - conducteur de camion. Sans nous, il n&rsquo;y aurait rien \u00e0 manger, \u00e0 boire, rien \u00e0 porter, pas de maisons et bien plus encore. On se rend dans de nombreux endroits diff\u00e9rents. La logistique connecte.<\/p>\n<p>&nbsp;<\/td>\n<\/tr>\n<\/tbody>\n<\/table>\n","protected":false},"excerpt":{"rendered":"<p>Dans le portrait du jour, des personnes de tous horizons, secteurs et niveaux de la logistique se pr\u00e9sentent. En quelques mots, elles d\u00e9crivent pourquoi elles aiment<span class=\"excerpt-hellip\"> [\u2026]<\/span><\/p>\n","protected":false},"author":0,"featured_media":0,"comment_status":"open","ping_status":"open","sticky":false,"template":"","format":"standard","meta":{"_acf_changed":false,"footnotes":""},"categories":[1665,1561],"tags":[],"class_list":["post-18463","post","type-post","status-publish","format-standard","hentry","category-categories","category-regions"],"acf":[],"yoast_head":"<!-- This site is optimized with the Yoast SEO plugin v27.3 - https:\/\/yoast.com\/product\/yoast-seo-wordpress\/ -->\n<title>Portrait logistique du jour : Christina Scheib - Loginfo24.<\/title>\n<meta name=\"robots\" content=\"index, follow, max-snippet:-1, max-image-preview:large, max-video-preview:-1\" \/>\n<link rel=\"canonical\" href=\"https:\/\/loginfo24.com\/fr\/2020\/07\/10\/portrait-logistique-du-jour-christina-scheib\/\" \/>\n<meta property=\"og:locale\" content=\"fr_FR\" \/>\n<meta property=\"og:type\" content=\"article\" \/>\n<meta property=\"og:title\" content=\"Portrait logistique du jour : Christina Scheib - Loginfo24.\" \/>\n<meta property=\"og:description\" content=\"Dans le portrait du jour, des personnes de tous horizons, secteurs et niveaux de la logistique se pr\u00e9sentent. En quelques mots, elles d\u00e9crivent pourquoi elles aiment [\u2026]\" \/>\n<meta property=\"og:url\" content=\"https:\/\/loginfo24.com\/fr\/2020\/07\/10\/portrait-logistique-du-jour-christina-scheib\/\" \/>\n<meta property=\"og:site_name\" content=\"Loginfo24\" \/>\n<meta property=\"article:publisher\" content=\"https:\/\/www.facebook.com\/people\/Loginfo24\/100057360583332\/\" \/>\n<meta property=\"article:published_time\" content=\"2020-07-10T04:02:10+00:00\" \/>\n<meta property=\"article:modified_time\" content=\"2025-12-15T11:31:25+00:00\" \/>\n<meta name=\"twitter:card\" content=\"summary_large_image\" \/>\n<meta name=\"twitter:label1\" content=\"Dur\u00e9e de lecture estim\u00e9e\" \/>\n\t<meta name=\"twitter:data1\" content=\"1 minute\" \/>\n<script type=\"application\/ld+json\" class=\"yoast-schema-graph\">{\"@context\":\"https:\\\/\\\/schema.org\",\"@graph\":[{\"@type\":\"Article\",\"@id\":\"https:\\\/\\\/loginfo24.com\\\/fr\\\/2020\\\/07\\\/10\\\/portrait-logistique-du-jour-christina-scheib\\\/#article\",\"isPartOf\":{\"@id\":\"https:\\\/\\\/loginfo24.com\\\/fr\\\/2020\\\/07\\\/10\\\/portrait-logistique-du-jour-christina-scheib\\\/\"},\"author\":{\"name\":\"\",\"@id\":\"\"},\"headline\":\"Portrait logistique du jour : Christina Scheib\",\"datePublished\":\"2020-07-10T04:02:10+00:00\",\"dateModified\":\"2025-12-15T11:31:25+00:00\",\"mainEntityOfPage\":{\"@id\":\"https:\\\/\\\/loginfo24.com\\\/fr\\\/2020\\\/07\\\/10\\\/portrait-logistique-du-jour-christina-scheib\\\/\"},\"wordCount\":269,\"commentCount\":0,\"publisher\":{\"@id\":\"https:\\\/\\\/loginfo24.com\\\/fr\\\/#organization\"},\"articleSection\":[\"Categories\",\"Regions\"],\"inLanguage\":\"fr-FR\",\"potentialAction\":[{\"@type\":\"CommentAction\",\"name\":\"Comment\",\"target\":[\"https:\\\/\\\/loginfo24.com\\\/fr\\\/2020\\\/07\\\/10\\\/portrait-logistique-du-jour-christina-scheib\\\/#respond\"]}]},{\"@type\":\"WebPage\",\"@id\":\"https:\\\/\\\/loginfo24.com\\\/fr\\\/2020\\\/07\\\/10\\\/portrait-logistique-du-jour-christina-scheib\\\/\",\"url\":\"https:\\\/\\\/loginfo24.com\\\/fr\\\/2020\\\/07\\\/10\\\/portrait-logistique-du-jour-christina-scheib\\\/\",\"name\":\"Portrait logistique du jour : Christina Scheib - Loginfo24.\",\"isPartOf\":{\"@id\":\"https:\\\/\\\/loginfo24.com\\\/fr\\\/#website\"},\"datePublished\":\"2020-07-10T04:02:10+00:00\",\"dateModified\":\"2025-12-15T11:31:25+00:00\",\"breadcrumb\":{\"@id\":\"https:\\\/\\\/loginfo24.com\\\/fr\\\/2020\\\/07\\\/10\\\/portrait-logistique-du-jour-christina-scheib\\\/#breadcrumb\"},\"inLanguage\":\"fr-FR\",\"potentialAction\":[{\"@type\":\"ReadAction\",\"target\":[\"https:\\\/\\\/loginfo24.com\\\/fr\\\/2020\\\/07\\\/10\\\/portrait-logistique-du-jour-christina-scheib\\\/\"]}]},{\"@type\":\"BreadcrumbList\",\"@id\":\"https:\\\/\\\/loginfo24.com\\\/fr\\\/2020\\\/07\\\/10\\\/portrait-logistique-du-jour-christina-scheib\\\/#breadcrumb\",\"itemListElement\":[{\"@type\":\"ListItem\",\"position\":1,\"name\":\"Startseite\",\"item\":\"https:\\\/\\\/loginfo24.com\\\/fr\\\/\"},{\"@type\":\"ListItem\",\"position\":2,\"name\":\"Portrait logistique du jour : Christina Scheib\"}]},{\"@type\":\"WebSite\",\"@id\":\"https:\\\/\\\/loginfo24.com\\\/fr\\\/#website\",\"url\":\"https:\\\/\\\/loginfo24.com\\\/fr\\\/\",\"name\":\"Loginfo24\",\"description\":\"Loginfo24 est la plateforme d\u00e9di\u00e9e \u00e0 la logistique et aux cha\u00eenes d&#039;approvisionnement qui fournit des informations 24 heures sur 24.\",\"publisher\":{\"@id\":\"https:\\\/\\\/loginfo24.com\\\/fr\\\/#organization\"},\"potentialAction\":[{\"@type\":\"SearchAction\",\"target\":{\"@type\":\"EntryPoint\",\"urlTemplate\":\"https:\\\/\\\/loginfo24.com\\\/fr\\\/?s={search_term_string}\"},\"query-input\":{\"@type\":\"PropertyValueSpecification\",\"valueRequired\":true,\"valueName\":\"search_term_string\"}}],\"inLanguage\":\"fr-FR\"},{\"@type\":\"Organization\",\"@id\":\"https:\\\/\\\/loginfo24.com\\\/fr\\\/#organization\",\"name\":\"Groupe Logismedia AG\",\"url\":\"https:\\\/\\\/loginfo24.com\\\/fr\\\/\",\"logo\":{\"@type\":\"ImageObject\",\"inLanguage\":\"fr-FR\",\"@id\":\"https:\\\/\\\/loginfo24.com\\\/fr\\\/#\\\/schema\\\/logo\\\/image\\\/\",\"url\":\"https:\\\/\\\/loginfo24.com\\\/wp-content\\\/uploads\\\/sites\\\/7\\\/2026\\\/01\\\/Logo_LogInfo24.png\",\"contentUrl\":\"https:\\\/\\\/loginfo24.com\\\/wp-content\\\/uploads\\\/sites\\\/7\\\/2026\\\/01\\\/Logo_LogInfo24.png\",\"width\":938,\"height\":351,\"caption\":\"Groupe Logismedia AG\"},\"image\":{\"@id\":\"https:\\\/\\\/loginfo24.com\\\/fr\\\/#\\\/schema\\\/logo\\\/image\\\/\"},\"sameAs\":[\"https:\\\/\\\/www.facebook.com\\\/people\\\/Loginfo24\\\/100057360583332\\\/\",\"https:\\\/\\\/www.linkedin.com\\\/company\\\/lofinfo24\\\/\"]}]}<\/script>\n<!-- \/ Yoast SEO plugin. -->","yoast_head_json":{"title":"Portrait logistique du jour : Christina Scheib - Loginfo24.","robots":{"index":"index","follow":"follow","max-snippet":"max-snippet:-1","max-image-preview":"max-image-preview:large","max-video-preview":"max-video-preview:-1"},"canonical":"https:\/\/loginfo24.com\/fr\/2020\/07\/10\/portrait-logistique-du-jour-christina-scheib\/","og_locale":"fr_FR","og_type":"article","og_title":"Portrait logistique du jour : Christina Scheib - Loginfo24.","og_description":"Dans le portrait du jour, des personnes de tous horizons, secteurs et niveaux de la logistique se pr\u00e9sentent. En quelques mots, elles d\u00e9crivent pourquoi elles aiment [\u2026]","og_url":"https:\/\/loginfo24.com\/fr\/2020\/07\/10\/portrait-logistique-du-jour-christina-scheib\/","og_site_name":"Loginfo24","article_publisher":"https:\/\/www.facebook.com\/people\/Loginfo24\/100057360583332\/","article_published_time":"2020-07-10T04:02:10+00:00","article_modified_time":"2025-12-15T11:31:25+00:00","twitter_card":"summary_large_image","twitter_misc":{"Dur\u00e9e de lecture estim\u00e9e":"1 minute"},"schema":{"@context":"https:\/\/schema.org","@graph":[{"@type":"Article","@id":"https:\/\/loginfo24.com\/fr\/2020\/07\/10\/portrait-logistique-du-jour-christina-scheib\/#article","isPartOf":{"@id":"https:\/\/loginfo24.com\/fr\/2020\/07\/10\/portrait-logistique-du-jour-christina-scheib\/"},"author":{"name":"","@id":""},"headline":"Portrait logistique du jour : Christina Scheib","datePublished":"2020-07-10T04:02:10+00:00","dateModified":"2025-12-15T11:31:25+00:00","mainEntityOfPage":{"@id":"https:\/\/loginfo24.com\/fr\/2020\/07\/10\/portrait-logistique-du-jour-christina-scheib\/"},"wordCount":269,"commentCount":0,"publisher":{"@id":"https:\/\/loginfo24.com\/fr\/#organization"},"articleSection":["Categories","Regions"],"inLanguage":"fr-FR","potentialAction":[{"@type":"CommentAction","name":"Comment","target":["https:\/\/loginfo24.com\/fr\/2020\/07\/10\/portrait-logistique-du-jour-christina-scheib\/#respond"]}]},{"@type":"WebPage","@id":"https:\/\/loginfo24.com\/fr\/2020\/07\/10\/portrait-logistique-du-jour-christina-scheib\/","url":"https:\/\/loginfo24.com\/fr\/2020\/07\/10\/portrait-logistique-du-jour-christina-scheib\/","name":"Portrait logistique du jour : Christina Scheib - Loginfo24.","isPartOf":{"@id":"https:\/\/loginfo24.com\/fr\/#website"},"datePublished":"2020-07-10T04:02:10+00:00","dateModified":"2025-12-15T11:31:25+00:00","breadcrumb":{"@id":"https:\/\/loginfo24.com\/fr\/2020\/07\/10\/portrait-logistique-du-jour-christina-scheib\/#breadcrumb"},"inLanguage":"fr-FR","potentialAction":[{"@type":"ReadAction","target":["https:\/\/loginfo24.com\/fr\/2020\/07\/10\/portrait-logistique-du-jour-christina-scheib\/"]}]},{"@type":"BreadcrumbList","@id":"https:\/\/loginfo24.com\/fr\/2020\/07\/10\/portrait-logistique-du-jour-christina-scheib\/#breadcrumb","itemListElement":[{"@type":"ListItem","position":1,"name":"Startseite","item":"https:\/\/loginfo24.com\/fr\/"},{"@type":"ListItem","position":2,"name":"Portrait logistique du jour : Christina Scheib"}]},{"@type":"WebSite","@id":"https:\/\/loginfo24.com\/fr\/#website","url":"https:\/\/loginfo24.com\/fr\/","name":"Loginfo24","description":"Loginfo24 est la plateforme d\u00e9di\u00e9e \u00e0 la logistique et aux cha\u00eenes d&#039;approvisionnement qui fournit des informations 24 heures sur 24.","publisher":{"@id":"https:\/\/loginfo24.com\/fr\/#organization"},"potentialAction":[{"@type":"SearchAction","target":{"@type":"EntryPoint","urlTemplate":"https:\/\/loginfo24.com\/fr\/?s={search_term_string}"},"query-input":{"@type":"PropertyValueSpecification","valueRequired":true,"valueName":"search_term_string"}}],"inLanguage":"fr-FR"},{"@type":"Organization","@id":"https:\/\/loginfo24.com\/fr\/#organization","name":"Groupe Logismedia AG","url":"https:\/\/loginfo24.com\/fr\/","logo":{"@type":"ImageObject","inLanguage":"fr-FR","@id":"https:\/\/loginfo24.com\/fr\/#\/schema\/logo\/image\/","url":"https:\/\/loginfo24.com\/wp-content\/uploads\/sites\/7\/2026\/01\/Logo_LogInfo24.png","contentUrl":"https:\/\/loginfo24.com\/wp-content\/uploads\/sites\/7\/2026\/01\/Logo_LogInfo24.png","width":938,"height":351,"caption":"Groupe Logismedia AG"},"image":{"@id":"https:\/\/loginfo24.com\/fr\/#\/schema\/logo\/image\/"},"sameAs":["https:\/\/www.facebook.com\/people\/Loginfo24\/100057360583332\/","https:\/\/www.linkedin.com\/company\/lofinfo24\/"]}]}},"_links":{"self":[{"href":"https:\/\/loginfo24.com\/fr\/wp-json\/wp\/v2\/posts\/18463","targetHints":{"allow":["GET"]}}],"collection":[{"href":"https:\/\/loginfo24.com\/fr\/wp-json\/wp\/v2\/posts"}],"about":[{"href":"https:\/\/loginfo24.com\/fr\/wp-json\/wp\/v2\/types\/post"}],"replies":[{"embeddable":true,"href":"https:\/\/loginfo24.com\/fr\/wp-json\/wp\/v2\/comments?post=18463"}],"version-history":[{"count":1,"href":"https:\/\/loginfo24.com\/fr\/wp-json\/wp\/v2\/posts\/18463\/revisions"}],"predecessor-version":[{"id":33254,"href":"https:\/\/loginfo24.com\/fr\/wp-json\/wp\/v2\/posts\/18463\/revisions\/33254"}],"wp:attachment":[{"href":"https:\/\/loginfo24.com\/fr\/wp-json\/wp\/v2\/media?parent=18463"}],"wp:term":[{"taxonomy":"category","embeddable":true,"href":"https:\/\/loginfo24.com\/fr\/wp-json\/wp\/v2\/categories?post=18463"},{"taxonomy":"post_tag","embeddable":true,"href":"https:\/\/loginfo24.com\/fr\/wp-json\/wp\/v2\/tags?post=18463"}],"curies":[{"name":"wp","href":"https:\/\/api.w.org\/{rel}","templated":true}]}}