{"id":18403,"date":"2020-07-08T06:02:05","date_gmt":"2020-07-08T04:02:05","guid":{"rendered":"https:\/\/blog.brand-architecture.at\/2020\/07\/08\/linitiative-kiel-canal-accueille-la-suspension-des-redevances-pour-le-canal-nord-baltique\/"},"modified":"2025-12-15T12:31:11","modified_gmt":"2025-12-15T11:31:11","slug":"linitiative-kiel-canal-accueille-la-suspension-des-redevances-pour-le-canal-nord-baltique","status":"publish","type":"post","link":"https:\/\/loginfo24.com\/fr\/2020\/07\/08\/linitiative-kiel-canal-accueille-la-suspension-des-redevances-pour-le-canal-nord-baltique\/","title":{"rendered":"L&rsquo;initiative Kiel-Canal accueille la suspension des redevances pour le canal Nord-Baltique"},"content":{"rendered":"<p>L&rsquo;initiative Kiel-Canal accueille la suspension des redevances pour le canal Nord-Baltique par la politique. Cela repr\u00e9sente une \u00e9tape importante pour la comp\u00e9titivit\u00e9 du canal. Cela emp\u00eache \u00e9galement les navires de choisir le d\u00e9tour plus long et moins \u00e9cologique autour du Danemark.<\/p>\n<p>(Kiel) L&rsquo;initiative Kiel-Canal a, au cours des derniers mois, avec le soutien des cinq \u00c9tats f\u00e9d\u00e9raux du nord de l&rsquo;Allemagne et de l&rsquo;Association centrale des courtiers maritimes allemands, plaid\u00e9 avec persistance pour la suspension des redevances de navigation pour le canal Nord-Baltique et se r\u00e9jouit de la d\u00e9cision prise aujourd&rsquo;hui par le gouvernement f\u00e9d\u00e9ral de renoncer aux redevances de navigation jusqu&rsquo;au 31.12.2020.<\/p>\n<p>\u00ab En raison de la crise du Corona, l&rsquo;\u00e9conomie maritime subit une pression \u00e9norme sur les co\u00fbts et le trafic sur le canal Nord-Baltique conna\u00eet une baisse sans pr\u00e9c\u00e9dent \u00bb, souligne Jens Broder Knudsen, pr\u00e9sident de l&rsquo;initiative Kiel-Canal. Cette baisse est principalement due aux prix des carburants actuellement historiquement bas, qui entra\u00eeneraient un d\u00e9savantage concurrentiel consid\u00e9rable pour le canal Nord-Baltique par rapport au d\u00e9tour autour de Skagen. La route autour du Danemark est certes plus longue et moins \u00e9cologique, mais elle est exempte de redevances de navigation.<\/p>\n<h5><strong><img loading=\"lazy\" decoding=\"async\" class=\"aligncenter wp-image-3973 size-large\" src=\"https:\/\/loginfo24.com\/wp-content\/uploads\/sites\/7\/2025\/12\/Nordostsee_8.7.20.jpg\" alt=\"\" width=\"1024\" height=\"680\" \/><\/strong><\/h5>\n<h5><\/h5>\n<h5><\/h5>\n<h5><strong>Impact \u00e9galement sur le port de Hambourg<\/strong><\/h5>\n<p>\u00ab La suspension des redevances de navigation est une \u00e9tape importante pour r\u00e9tablir la comp\u00e9titivit\u00e9 du canal Nord-Baltique. Cela r\u00e9pond \u00e0 l&rsquo;importance du canal Nord-Baltique, car il s\u00e9curise plus de 3 000 emplois dans la r\u00e9gion et environ 51 millions de tonnes de chargement dans le port de Hambourg \u00bb, souligne Knudsen. Knudsen souligne que des \u00c9tats f\u00e9d\u00e9raux orient\u00e9s vers l&rsquo;exportation comme la Bavi\u00e8re et le Bade-Wurtemberg d\u00e9pendent \u00e9galement du port de Hambourg et d&rsquo;un canal Nord-Baltique fonctionnel, car cette \u00ab plaque tournante logistique \u00bb est d&rsquo;une importance centrale pour les exportations vers la r\u00e9gion baltique et la connexion aux cha\u00eenes de transport internationales.<\/p>\n<p>Selon Knudsen, il serait maintenant n\u00e9cessaire d&rsquo;examiner si la suspension temporaire des redevances est suffisante ou si une suspension permanente repr\u00e9senterait une meilleure solution sur le plan \u00e9conomique. Il souligne \u00e0 cet \u00e9gard que l&rsquo;ann\u00e9e derni\u00e8re, le gouvernement f\u00e9d\u00e9ral a renonc\u00e9 de mani\u00e8re permanente \u00e0 des recettes annuelles de 350 millions d&rsquo;euros pour le rail et de 35 millions d&rsquo;euros pour les redevances maritimes pour les voies navigables int\u00e9rieures du sud et du nord de l&rsquo;Allemagne, \u00e0 l&rsquo;exception du canal Nord-Baltique et de la Moselle.<\/p>\n<h5><strong>L&rsquo;initiative Kiel-Canal e.V.<\/strong><\/h5>\n<p>L&rsquo;initiative Kiel-Canal e.V., fond\u00e9e fin 2012, regroupe des voix engag\u00e9es pour le canal Nord-Baltique et plaide aupr\u00e8s de l&rsquo;\u00e9conomie, de la politique et des autorit\u00e9s pour le maintien de la fonctionnalit\u00e9 et la durabilit\u00e9 du canal. Parmi les membres figurent, en plus de nombreuses entreprises, plusieurs chambres de commerce, des entit\u00e9s de droit public, des institutions, des associations, des clubs ainsi que des collectivit\u00e9s territoriales.<\/p>\n<p>Photo 1 : \u00a9 Loginfo24 \/ Photo 2 : \u00a9 Initiative Kiel-Canal e.V.<\/p>\n<p><a href=\"https:\/\/initiative-kiel-canal.de\" target=\"_blank\" rel=\"noopener noreferrer\">https:\/\/initiative-kiel-canal.de<\/a><\/p>\n","protected":false},"excerpt":{"rendered":"<p>L&rsquo;initiative Kiel-Canal accueille la suspension des redevances pour le canal Nord-Baltique par la politique. Cela repr\u00e9sente une \u00e9tape importante pour la comp\u00e9titivit\u00e9 du canal. Cela emp\u00eache<span class=\"excerpt-hellip\"> [\u2026]<\/span><\/p>\n","protected":false},"author":0,"featured_media":0,"comment_status":"open","ping_status":"open","sticky":false,"template":"","format":"standard","meta":{"_acf_changed":false,"footnotes":""},"categories":[1557,1561,1559],"tags":[],"class_list":["post-18403","post","type-post","status-publish","format-standard","hentry","category-forwarding-logistics","category-regions","category-shipping-ports"],"acf":[],"yoast_head":"<!-- This site is optimized with the Yoast SEO plugin v27.3 - https:\/\/yoast.com\/product\/yoast-seo-wordpress\/ -->\n<title>L&#039;initiative Kiel-Canal accueille la suspension des redevances pour le canal Nord-Baltique - Loginfo24.<\/title>\n<meta name=\"robots\" content=\"index, follow, max-snippet:-1, max-image-preview:large, max-video-preview:-1\" \/>\n<link rel=\"canonical\" href=\"https:\/\/loginfo24.com\/fr\/2020\/07\/08\/linitiative-kiel-canal-accueille-la-suspension-des-redevances-pour-le-canal-nord-baltique\/\" \/>\n<meta property=\"og:locale\" content=\"fr_FR\" \/>\n<meta property=\"og:type\" content=\"article\" \/>\n<meta property=\"og:title\" content=\"L&#039;initiative Kiel-Canal accueille la suspension des redevances pour le canal Nord-Baltique - Loginfo24.\" \/>\n<meta property=\"og:description\" content=\"L&rsquo;initiative Kiel-Canal accueille la suspension des redevances pour le canal Nord-Baltique par la politique. Cela repr\u00e9sente une \u00e9tape importante pour la comp\u00e9titivit\u00e9 du canal. Cela emp\u00eache [\u2026]\" \/>\n<meta property=\"og:url\" content=\"https:\/\/loginfo24.com\/fr\/2020\/07\/08\/linitiative-kiel-canal-accueille-la-suspension-des-redevances-pour-le-canal-nord-baltique\/\" \/>\n<meta property=\"og:site_name\" content=\"Loginfo24\" \/>\n<meta property=\"article:publisher\" content=\"https:\/\/www.facebook.com\/people\/Loginfo24\/100057360583332\/\" \/>\n<meta property=\"article:published_time\" content=\"2020-07-08T04:02:05+00:00\" \/>\n<meta property=\"article:modified_time\" content=\"2025-12-15T11:31:11+00:00\" \/>\n<meta property=\"og:image\" content=\"https:\/\/loginfo24.com\/wp-content\/uploads\/sites\/7\/2025\/12\/Nordostsee_8.7.20.jpg\" \/>\n<meta name=\"twitter:card\" content=\"summary_large_image\" \/>\n<meta name=\"twitter:label1\" content=\"Dur\u00e9e de lecture estim\u00e9e\" \/>\n\t<meta name=\"twitter:data1\" content=\"2 minutes\" \/>\n<script type=\"application\/ld+json\" class=\"yoast-schema-graph\">{\"@context\":\"https:\\\/\\\/schema.org\",\"@graph\":[{\"@type\":\"Article\",\"@id\":\"https:\\\/\\\/loginfo24.com\\\/fr\\\/2020\\\/07\\\/08\\\/linitiative-kiel-canal-accueille-la-suspension-des-redevances-pour-le-canal-nord-baltique\\\/#article\",\"isPartOf\":{\"@id\":\"https:\\\/\\\/loginfo24.com\\\/fr\\\/2020\\\/07\\\/08\\\/linitiative-kiel-canal-accueille-la-suspension-des-redevances-pour-le-canal-nord-baltique\\\/\"},\"author\":{\"name\":\"\",\"@id\":\"\"},\"headline\":\"L&rsquo;initiative Kiel-Canal accueille la suspension des redevances pour le canal Nord-Baltique\",\"datePublished\":\"2020-07-08T04:02:05+00:00\",\"dateModified\":\"2025-12-15T11:31:11+00:00\",\"mainEntityOfPage\":{\"@id\":\"https:\\\/\\\/loginfo24.com\\\/fr\\\/2020\\\/07\\\/08\\\/linitiative-kiel-canal-accueille-la-suspension-des-redevances-pour-le-canal-nord-baltique\\\/\"},\"wordCount\":527,\"commentCount\":0,\"publisher\":{\"@id\":\"https:\\\/\\\/loginfo24.com\\\/fr\\\/#organization\"},\"image\":{\"@id\":\"https:\\\/\\\/loginfo24.com\\\/fr\\\/2020\\\/07\\\/08\\\/linitiative-kiel-canal-accueille-la-suspension-des-redevances-pour-le-canal-nord-baltique\\\/#primaryimage\"},\"thumbnailUrl\":\"https:\\\/\\\/loginfo24.com\\\/wp-content\\\/uploads\\\/sites\\\/7\\\/2025\\\/12\\\/Nordostsee_8.7.20.jpg\",\"articleSection\":[\"Forwarding &amp; Logistics\",\"Regions\",\"Shipping &amp; Ports\"],\"inLanguage\":\"fr-FR\",\"potentialAction\":[{\"@type\":\"CommentAction\",\"name\":\"Comment\",\"target\":[\"https:\\\/\\\/loginfo24.com\\\/fr\\\/2020\\\/07\\\/08\\\/linitiative-kiel-canal-accueille-la-suspension-des-redevances-pour-le-canal-nord-baltique\\\/#respond\"]}]},{\"@type\":\"WebPage\",\"@id\":\"https:\\\/\\\/loginfo24.com\\\/fr\\\/2020\\\/07\\\/08\\\/linitiative-kiel-canal-accueille-la-suspension-des-redevances-pour-le-canal-nord-baltique\\\/\",\"url\":\"https:\\\/\\\/loginfo24.com\\\/fr\\\/2020\\\/07\\\/08\\\/linitiative-kiel-canal-accueille-la-suspension-des-redevances-pour-le-canal-nord-baltique\\\/\",\"name\":\"L'initiative Kiel-Canal accueille la suspension des redevances pour le canal Nord-Baltique - Loginfo24.\",\"isPartOf\":{\"@id\":\"https:\\\/\\\/loginfo24.com\\\/fr\\\/#website\"},\"primaryImageOfPage\":{\"@id\":\"https:\\\/\\\/loginfo24.com\\\/fr\\\/2020\\\/07\\\/08\\\/linitiative-kiel-canal-accueille-la-suspension-des-redevances-pour-le-canal-nord-baltique\\\/#primaryimage\"},\"image\":{\"@id\":\"https:\\\/\\\/loginfo24.com\\\/fr\\\/2020\\\/07\\\/08\\\/linitiative-kiel-canal-accueille-la-suspension-des-redevances-pour-le-canal-nord-baltique\\\/#primaryimage\"},\"thumbnailUrl\":\"https:\\\/\\\/loginfo24.com\\\/wp-content\\\/uploads\\\/sites\\\/7\\\/2025\\\/12\\\/Nordostsee_8.7.20.jpg\",\"datePublished\":\"2020-07-08T04:02:05+00:00\",\"dateModified\":\"2025-12-15T11:31:11+00:00\",\"breadcrumb\":{\"@id\":\"https:\\\/\\\/loginfo24.com\\\/fr\\\/2020\\\/07\\\/08\\\/linitiative-kiel-canal-accueille-la-suspension-des-redevances-pour-le-canal-nord-baltique\\\/#breadcrumb\"},\"inLanguage\":\"fr-FR\",\"potentialAction\":[{\"@type\":\"ReadAction\",\"target\":[\"https:\\\/\\\/loginfo24.com\\\/fr\\\/2020\\\/07\\\/08\\\/linitiative-kiel-canal-accueille-la-suspension-des-redevances-pour-le-canal-nord-baltique\\\/\"]}]},{\"@type\":\"ImageObject\",\"inLanguage\":\"fr-FR\",\"@id\":\"https:\\\/\\\/loginfo24.com\\\/fr\\\/2020\\\/07\\\/08\\\/linitiative-kiel-canal-accueille-la-suspension-des-redevances-pour-le-canal-nord-baltique\\\/#primaryimage\",\"url\":\"https:\\\/\\\/loginfo24.com\\\/wp-content\\\/uploads\\\/sites\\\/7\\\/2025\\\/12\\\/Nordostsee_8.7.20.jpg\",\"contentUrl\":\"https:\\\/\\\/loginfo24.com\\\/wp-content\\\/uploads\\\/sites\\\/7\\\/2025\\\/12\\\/Nordostsee_8.7.20.jpg\"},{\"@type\":\"BreadcrumbList\",\"@id\":\"https:\\\/\\\/loginfo24.com\\\/fr\\\/2020\\\/07\\\/08\\\/linitiative-kiel-canal-accueille-la-suspension-des-redevances-pour-le-canal-nord-baltique\\\/#breadcrumb\",\"itemListElement\":[{\"@type\":\"ListItem\",\"position\":1,\"name\":\"Startseite\",\"item\":\"https:\\\/\\\/loginfo24.com\\\/fr\\\/\"},{\"@type\":\"ListItem\",\"position\":2,\"name\":\"L&#8217;initiative Kiel-Canal accueille la suspension des redevances pour le canal Nord-Baltique\"}]},{\"@type\":\"WebSite\",\"@id\":\"https:\\\/\\\/loginfo24.com\\\/fr\\\/#website\",\"url\":\"https:\\\/\\\/loginfo24.com\\\/fr\\\/\",\"name\":\"Loginfo24\",\"description\":\"Loginfo24 est la plateforme d\u00e9di\u00e9e \u00e0 la logistique et aux cha\u00eenes d&#039;approvisionnement qui fournit des informations 24 heures sur 24.\",\"publisher\":{\"@id\":\"https:\\\/\\\/loginfo24.com\\\/fr\\\/#organization\"},\"potentialAction\":[{\"@type\":\"SearchAction\",\"target\":{\"@type\":\"EntryPoint\",\"urlTemplate\":\"https:\\\/\\\/loginfo24.com\\\/fr\\\/?s={search_term_string}\"},\"query-input\":{\"@type\":\"PropertyValueSpecification\",\"valueRequired\":true,\"valueName\":\"search_term_string\"}}],\"inLanguage\":\"fr-FR\"},{\"@type\":\"Organization\",\"@id\":\"https:\\\/\\\/loginfo24.com\\\/fr\\\/#organization\",\"name\":\"Groupe Logismedia AG\",\"url\":\"https:\\\/\\\/loginfo24.com\\\/fr\\\/\",\"logo\":{\"@type\":\"ImageObject\",\"inLanguage\":\"fr-FR\",\"@id\":\"https:\\\/\\\/loginfo24.com\\\/fr\\\/#\\\/schema\\\/logo\\\/image\\\/\",\"url\":\"https:\\\/\\\/loginfo24.com\\\/wp-content\\\/uploads\\\/sites\\\/7\\\/2026\\\/01\\\/Logo_LogInfo24.png\",\"contentUrl\":\"https:\\\/\\\/loginfo24.com\\\/wp-content\\\/uploads\\\/sites\\\/7\\\/2026\\\/01\\\/Logo_LogInfo24.png\",\"width\":938,\"height\":351,\"caption\":\"Groupe Logismedia AG\"},\"image\":{\"@id\":\"https:\\\/\\\/loginfo24.com\\\/fr\\\/#\\\/schema\\\/logo\\\/image\\\/\"},\"sameAs\":[\"https:\\\/\\\/www.facebook.com\\\/people\\\/Loginfo24\\\/100057360583332\\\/\",\"https:\\\/\\\/www.linkedin.com\\\/company\\\/lofinfo24\\\/\"]}]}<\/script>\n<!-- \/ Yoast SEO plugin. -->","yoast_head_json":{"title":"L'initiative Kiel-Canal accueille la suspension des redevances pour le canal Nord-Baltique - Loginfo24.","robots":{"index":"index","follow":"follow","max-snippet":"max-snippet:-1","max-image-preview":"max-image-preview:large","max-video-preview":"max-video-preview:-1"},"canonical":"https:\/\/loginfo24.com\/fr\/2020\/07\/08\/linitiative-kiel-canal-accueille-la-suspension-des-redevances-pour-le-canal-nord-baltique\/","og_locale":"fr_FR","og_type":"article","og_title":"L'initiative Kiel-Canal accueille la suspension des redevances pour le canal Nord-Baltique - Loginfo24.","og_description":"L&rsquo;initiative Kiel-Canal accueille la suspension des redevances pour le canal Nord-Baltique par la politique. Cela repr\u00e9sente une \u00e9tape importante pour la comp\u00e9titivit\u00e9 du canal. Cela emp\u00eache [\u2026]","og_url":"https:\/\/loginfo24.com\/fr\/2020\/07\/08\/linitiative-kiel-canal-accueille-la-suspension-des-redevances-pour-le-canal-nord-baltique\/","og_site_name":"Loginfo24","article_publisher":"https:\/\/www.facebook.com\/people\/Loginfo24\/100057360583332\/","article_published_time":"2020-07-08T04:02:05+00:00","article_modified_time":"2025-12-15T11:31:11+00:00","og_image":[{"url":"https:\/\/loginfo24.com\/wp-content\/uploads\/sites\/7\/2025\/12\/Nordostsee_8.7.20.jpg","type":"","width":"","height":""}],"twitter_card":"summary_large_image","twitter_misc":{"Dur\u00e9e de lecture estim\u00e9e":"2 minutes"},"schema":{"@context":"https:\/\/schema.org","@graph":[{"@type":"Article","@id":"https:\/\/loginfo24.com\/fr\/2020\/07\/08\/linitiative-kiel-canal-accueille-la-suspension-des-redevances-pour-le-canal-nord-baltique\/#article","isPartOf":{"@id":"https:\/\/loginfo24.com\/fr\/2020\/07\/08\/linitiative-kiel-canal-accueille-la-suspension-des-redevances-pour-le-canal-nord-baltique\/"},"author":{"name":"","@id":""},"headline":"L&rsquo;initiative Kiel-Canal accueille la suspension des redevances pour le canal Nord-Baltique","datePublished":"2020-07-08T04:02:05+00:00","dateModified":"2025-12-15T11:31:11+00:00","mainEntityOfPage":{"@id":"https:\/\/loginfo24.com\/fr\/2020\/07\/08\/linitiative-kiel-canal-accueille-la-suspension-des-redevances-pour-le-canal-nord-baltique\/"},"wordCount":527,"commentCount":0,"publisher":{"@id":"https:\/\/loginfo24.com\/fr\/#organization"},"image":{"@id":"https:\/\/loginfo24.com\/fr\/2020\/07\/08\/linitiative-kiel-canal-accueille-la-suspension-des-redevances-pour-le-canal-nord-baltique\/#primaryimage"},"thumbnailUrl":"https:\/\/loginfo24.com\/wp-content\/uploads\/sites\/7\/2025\/12\/Nordostsee_8.7.20.jpg","articleSection":["Forwarding &amp; Logistics","Regions","Shipping &amp; Ports"],"inLanguage":"fr-FR","potentialAction":[{"@type":"CommentAction","name":"Comment","target":["https:\/\/loginfo24.com\/fr\/2020\/07\/08\/linitiative-kiel-canal-accueille-la-suspension-des-redevances-pour-le-canal-nord-baltique\/#respond"]}]},{"@type":"WebPage","@id":"https:\/\/loginfo24.com\/fr\/2020\/07\/08\/linitiative-kiel-canal-accueille-la-suspension-des-redevances-pour-le-canal-nord-baltique\/","url":"https:\/\/loginfo24.com\/fr\/2020\/07\/08\/linitiative-kiel-canal-accueille-la-suspension-des-redevances-pour-le-canal-nord-baltique\/","name":"L'initiative Kiel-Canal accueille la suspension des redevances pour le canal Nord-Baltique - Loginfo24.","isPartOf":{"@id":"https:\/\/loginfo24.com\/fr\/#website"},"primaryImageOfPage":{"@id":"https:\/\/loginfo24.com\/fr\/2020\/07\/08\/linitiative-kiel-canal-accueille-la-suspension-des-redevances-pour-le-canal-nord-baltique\/#primaryimage"},"image":{"@id":"https:\/\/loginfo24.com\/fr\/2020\/07\/08\/linitiative-kiel-canal-accueille-la-suspension-des-redevances-pour-le-canal-nord-baltique\/#primaryimage"},"thumbnailUrl":"https:\/\/loginfo24.com\/wp-content\/uploads\/sites\/7\/2025\/12\/Nordostsee_8.7.20.jpg","datePublished":"2020-07-08T04:02:05+00:00","dateModified":"2025-12-15T11:31:11+00:00","breadcrumb":{"@id":"https:\/\/loginfo24.com\/fr\/2020\/07\/08\/linitiative-kiel-canal-accueille-la-suspension-des-redevances-pour-le-canal-nord-baltique\/#breadcrumb"},"inLanguage":"fr-FR","potentialAction":[{"@type":"ReadAction","target":["https:\/\/loginfo24.com\/fr\/2020\/07\/08\/linitiative-kiel-canal-accueille-la-suspension-des-redevances-pour-le-canal-nord-baltique\/"]}]},{"@type":"ImageObject","inLanguage":"fr-FR","@id":"https:\/\/loginfo24.com\/fr\/2020\/07\/08\/linitiative-kiel-canal-accueille-la-suspension-des-redevances-pour-le-canal-nord-baltique\/#primaryimage","url":"https:\/\/loginfo24.com\/wp-content\/uploads\/sites\/7\/2025\/12\/Nordostsee_8.7.20.jpg","contentUrl":"https:\/\/loginfo24.com\/wp-content\/uploads\/sites\/7\/2025\/12\/Nordostsee_8.7.20.jpg"},{"@type":"BreadcrumbList","@id":"https:\/\/loginfo24.com\/fr\/2020\/07\/08\/linitiative-kiel-canal-accueille-la-suspension-des-redevances-pour-le-canal-nord-baltique\/#breadcrumb","itemListElement":[{"@type":"ListItem","position":1,"name":"Startseite","item":"https:\/\/loginfo24.com\/fr\/"},{"@type":"ListItem","position":2,"name":"L&#8217;initiative Kiel-Canal accueille la suspension des redevances pour le canal Nord-Baltique"}]},{"@type":"WebSite","@id":"https:\/\/loginfo24.com\/fr\/#website","url":"https:\/\/loginfo24.com\/fr\/","name":"Loginfo24","description":"Loginfo24 est la plateforme d\u00e9di\u00e9e \u00e0 la logistique et aux cha\u00eenes d&#039;approvisionnement qui fournit des informations 24 heures sur 24.","publisher":{"@id":"https:\/\/loginfo24.com\/fr\/#organization"},"potentialAction":[{"@type":"SearchAction","target":{"@type":"EntryPoint","urlTemplate":"https:\/\/loginfo24.com\/fr\/?s={search_term_string}"},"query-input":{"@type":"PropertyValueSpecification","valueRequired":true,"valueName":"search_term_string"}}],"inLanguage":"fr-FR"},{"@type":"Organization","@id":"https:\/\/loginfo24.com\/fr\/#organization","name":"Groupe Logismedia AG","url":"https:\/\/loginfo24.com\/fr\/","logo":{"@type":"ImageObject","inLanguage":"fr-FR","@id":"https:\/\/loginfo24.com\/fr\/#\/schema\/logo\/image\/","url":"https:\/\/loginfo24.com\/wp-content\/uploads\/sites\/7\/2026\/01\/Logo_LogInfo24.png","contentUrl":"https:\/\/loginfo24.com\/wp-content\/uploads\/sites\/7\/2026\/01\/Logo_LogInfo24.png","width":938,"height":351,"caption":"Groupe Logismedia AG"},"image":{"@id":"https:\/\/loginfo24.com\/fr\/#\/schema\/logo\/image\/"},"sameAs":["https:\/\/www.facebook.com\/people\/Loginfo24\/100057360583332\/","https:\/\/www.linkedin.com\/company\/lofinfo24\/"]}]}},"_links":{"self":[{"href":"https:\/\/loginfo24.com\/fr\/wp-json\/wp\/v2\/posts\/18403","targetHints":{"allow":["GET"]}}],"collection":[{"href":"https:\/\/loginfo24.com\/fr\/wp-json\/wp\/v2\/posts"}],"about":[{"href":"https:\/\/loginfo24.com\/fr\/wp-json\/wp\/v2\/types\/post"}],"replies":[{"embeddable":true,"href":"https:\/\/loginfo24.com\/fr\/wp-json\/wp\/v2\/comments?post=18403"}],"version-history":[{"count":1,"href":"https:\/\/loginfo24.com\/fr\/wp-json\/wp\/v2\/posts\/18403\/revisions"}],"predecessor-version":[{"id":33134,"href":"https:\/\/loginfo24.com\/fr\/wp-json\/wp\/v2\/posts\/18403\/revisions\/33134"}],"wp:attachment":[{"href":"https:\/\/loginfo24.com\/fr\/wp-json\/wp\/v2\/media?parent=18403"}],"wp:term":[{"taxonomy":"category","embeddable":true,"href":"https:\/\/loginfo24.com\/fr\/wp-json\/wp\/v2\/categories?post=18403"},{"taxonomy":"post_tag","embeddable":true,"href":"https:\/\/loginfo24.com\/fr\/wp-json\/wp\/v2\/tags?post=18403"}],"curies":[{"name":"wp","href":"https:\/\/api.w.org\/{rel}","templated":true}]}}