{"id":18292,"date":"2020-07-02T08:27:08","date_gmt":"2020-07-02T06:27:08","guid":{"rendered":"https:\/\/blog.brand-architecture.at\/2020\/07\/02\/db-schenker-reorganise-sa-structure-de-management-dans-le-domaine-maritime\/"},"modified":"2025-12-15T12:30:43","modified_gmt":"2025-12-15T11:30:43","slug":"db-schenker-reorganise-sa-structure-de-management-dans-le-domaine-maritime","status":"publish","type":"post","link":"https:\/\/loginfo24.com\/fr\/2020\/07\/02\/db-schenker-reorganise-sa-structure-de-management-dans-le-domaine-maritime\/","title":{"rendered":"DB Schenker r\u00e9organise sa structure de management dans le domaine maritime"},"content":{"rendered":"<p>Chez DB Schenker, la direction du cluster Allemagne\/Suisse dans le domaine du fret maritime sera renforc\u00e9e \u00e0 partir du 1er juillet 2020. Hans Thorsten Lanfermann sera responsable de l&rsquo;exportation maritime et Michael Schwickert prendra en charge l&rsquo;importation maritime.<\/p>\n<p>(Francfort-sur-le-Main) DB Schenker renforce la direction du cluster DE\/CH avec deux nouveaux postes dans le domaine du fret maritime.<\/p>\n<p>\u00c0 compter du 1er juillet 2020, Hans-Thorsten Lanfermann sera responsable de l&rsquo;exportation maritime pour le cluster DE\/CH. Hans-Thorsten Lanfermann travaille pour DB Schenker depuis pr\u00e8s de 20 ans et \u00e9tait derni\u00e8rement directeur du fret maritime nord de Schenker Deutschland AG.<\/p>\n<p>Michael Schwickert sera responsable de l&rsquo;importation maritime pour le cluster DE\/CH. Michael Schwickert a \u00e9t\u00e9 responsable du fret maritime dans les agences DB Schenker de Koblenz et de Cologne depuis 1998, avant de prendre en 2018 le poste de responsable du commerce export FCL dans le cluster DE\/CH.<\/p>\n<p>Les deux postes sont responsables de l&rsquo;op\u00e9rationnel du fret maritime pour l&rsquo;ensemble du cluster DE\/CH. Claus Freydag, vice-pr\u00e9sident ex\u00e9cutif du fret maritime du cluster DE\/CH : \u00ab Nous sommes extr\u00eamement heureux d&rsquo;avoir pu pourvoir ces postes importants avec deux coll\u00e8gues tr\u00e8s exp\u00e9riment\u00e9s de nos propres rangs. Leurs comp\u00e9tences professionnelles et leur connaissance approfondie de notre entreprise garantissent une prise en charge rapide et efficace des nouvelles responsabilit\u00e9s. \u00bb<\/p>\n<p>La Schenker Deutschland AG, dont le si\u00e8ge est \u00e0 Francfort-sur-le-Main, est le principal fournisseur de logistique int\u00e9gr\u00e9e sur le march\u00e9 allemand, avec environ 17 400 employ\u00e9s dans plus de 100 sites et un chiffre d&rsquo;affaires d&rsquo;environ 4,1 milliards d&rsquo;euros par an.<\/p>\n<p>Photo : \u00ae Schenker \/ <em>L\u00e9gende de l&rsquo;image : Hans-Thorsten Lanfermann (\u00e0 gauche) responsable de l&rsquo;exportation maritime du cluster DE\/CH et Michael Schwickert (\u00e0 droite) responsable de l&rsquo;importation maritime du cluster DE\/CH<\/em><\/p>\n<p><em> <\/em><a href=\"https:\/\/www.dbschenker.com\" target=\"_blank\" rel=\"noopener noreferrer\">www.dbschenker.com<\/a><\/p>\n","protected":false},"excerpt":{"rendered":"<p>Chez DB Schenker, la direction du cluster Allemagne\/Suisse dans le domaine du fret maritime sera renforc\u00e9e \u00e0 partir du 1er juillet 2020. Hans Thorsten Lanfermann sera<span class=\"excerpt-hellip\"> [\u2026]<\/span><\/p>\n","protected":false},"author":0,"featured_media":0,"comment_status":"open","ping_status":"open","sticky":false,"template":"","format":"standard","meta":{"_acf_changed":false,"footnotes":""},"categories":[1557,1561,1559],"tags":[],"class_list":["post-18292","post","type-post","status-publish","format-standard","hentry","category-forwarding-logistics","category-regions","category-shipping-ports"],"acf":[],"yoast_head":"<!-- This site is optimized with the Yoast SEO plugin v27.3 - https:\/\/yoast.com\/product\/yoast-seo-wordpress\/ -->\n<title>DB Schenker r\u00e9organise sa structure de management dans le domaine maritime - Loginfo24.<\/title>\n<meta name=\"robots\" content=\"index, follow, max-snippet:-1, max-image-preview:large, max-video-preview:-1\" \/>\n<link rel=\"canonical\" href=\"https:\/\/loginfo24.com\/fr\/2020\/07\/02\/db-schenker-reorganise-sa-structure-de-management-dans-le-domaine-maritime\/\" \/>\n<meta property=\"og:locale\" content=\"fr_FR\" \/>\n<meta property=\"og:type\" content=\"article\" \/>\n<meta property=\"og:title\" content=\"DB Schenker r\u00e9organise sa structure de management dans le domaine maritime - Loginfo24.\" \/>\n<meta property=\"og:description\" content=\"Chez DB Schenker, la direction du cluster Allemagne\/Suisse dans le domaine du fret maritime sera renforc\u00e9e \u00e0 partir du 1er juillet 2020. Hans Thorsten Lanfermann sera [\u2026]\" \/>\n<meta property=\"og:url\" content=\"https:\/\/loginfo24.com\/fr\/2020\/07\/02\/db-schenker-reorganise-sa-structure-de-management-dans-le-domaine-maritime\/\" \/>\n<meta property=\"og:site_name\" content=\"Loginfo24\" \/>\n<meta property=\"article:publisher\" content=\"https:\/\/www.facebook.com\/people\/Loginfo24\/100057360583332\/\" \/>\n<meta property=\"article:published_time\" content=\"2020-07-02T06:27:08+00:00\" \/>\n<meta property=\"article:modified_time\" content=\"2025-12-15T11:30:43+00:00\" \/>\n<meta name=\"twitter:card\" content=\"summary_large_image\" \/>\n<meta name=\"twitter:label1\" content=\"Dur\u00e9e de lecture estim\u00e9e\" \/>\n\t<meta name=\"twitter:data1\" content=\"1 minute\" \/>\n<script type=\"application\/ld+json\" class=\"yoast-schema-graph\">{\"@context\":\"https:\\\/\\\/schema.org\",\"@graph\":[{\"@type\":\"Article\",\"@id\":\"https:\\\/\\\/loginfo24.com\\\/fr\\\/2020\\\/07\\\/02\\\/db-schenker-reorganise-sa-structure-de-management-dans-le-domaine-maritime\\\/#article\",\"isPartOf\":{\"@id\":\"https:\\\/\\\/loginfo24.com\\\/fr\\\/2020\\\/07\\\/02\\\/db-schenker-reorganise-sa-structure-de-management-dans-le-domaine-maritime\\\/\"},\"author\":{\"name\":\"\",\"@id\":\"\"},\"headline\":\"DB Schenker r\u00e9organise sa structure de management dans le domaine maritime\",\"datePublished\":\"2020-07-02T06:27:08+00:00\",\"dateModified\":\"2025-12-15T11:30:43+00:00\",\"mainEntityOfPage\":{\"@id\":\"https:\\\/\\\/loginfo24.com\\\/fr\\\/2020\\\/07\\\/02\\\/db-schenker-reorganise-sa-structure-de-management-dans-le-domaine-maritime\\\/\"},\"wordCount\":320,\"commentCount\":0,\"publisher\":{\"@id\":\"https:\\\/\\\/loginfo24.com\\\/fr\\\/#organization\"},\"articleSection\":[\"Forwarding &amp; Logistics\",\"Regions\",\"Shipping &amp; Ports\"],\"inLanguage\":\"fr-FR\",\"potentialAction\":[{\"@type\":\"CommentAction\",\"name\":\"Comment\",\"target\":[\"https:\\\/\\\/loginfo24.com\\\/fr\\\/2020\\\/07\\\/02\\\/db-schenker-reorganise-sa-structure-de-management-dans-le-domaine-maritime\\\/#respond\"]}]},{\"@type\":\"WebPage\",\"@id\":\"https:\\\/\\\/loginfo24.com\\\/fr\\\/2020\\\/07\\\/02\\\/db-schenker-reorganise-sa-structure-de-management-dans-le-domaine-maritime\\\/\",\"url\":\"https:\\\/\\\/loginfo24.com\\\/fr\\\/2020\\\/07\\\/02\\\/db-schenker-reorganise-sa-structure-de-management-dans-le-domaine-maritime\\\/\",\"name\":\"DB Schenker r\u00e9organise sa structure de management dans le domaine maritime - Loginfo24.\",\"isPartOf\":{\"@id\":\"https:\\\/\\\/loginfo24.com\\\/fr\\\/#website\"},\"datePublished\":\"2020-07-02T06:27:08+00:00\",\"dateModified\":\"2025-12-15T11:30:43+00:00\",\"breadcrumb\":{\"@id\":\"https:\\\/\\\/loginfo24.com\\\/fr\\\/2020\\\/07\\\/02\\\/db-schenker-reorganise-sa-structure-de-management-dans-le-domaine-maritime\\\/#breadcrumb\"},\"inLanguage\":\"fr-FR\",\"potentialAction\":[{\"@type\":\"ReadAction\",\"target\":[\"https:\\\/\\\/loginfo24.com\\\/fr\\\/2020\\\/07\\\/02\\\/db-schenker-reorganise-sa-structure-de-management-dans-le-domaine-maritime\\\/\"]}]},{\"@type\":\"BreadcrumbList\",\"@id\":\"https:\\\/\\\/loginfo24.com\\\/fr\\\/2020\\\/07\\\/02\\\/db-schenker-reorganise-sa-structure-de-management-dans-le-domaine-maritime\\\/#breadcrumb\",\"itemListElement\":[{\"@type\":\"ListItem\",\"position\":1,\"name\":\"Startseite\",\"item\":\"https:\\\/\\\/loginfo24.com\\\/fr\\\/\"},{\"@type\":\"ListItem\",\"position\":2,\"name\":\"DB Schenker r\u00e9organise sa structure de management dans le domaine maritime\"}]},{\"@type\":\"WebSite\",\"@id\":\"https:\\\/\\\/loginfo24.com\\\/fr\\\/#website\",\"url\":\"https:\\\/\\\/loginfo24.com\\\/fr\\\/\",\"name\":\"Loginfo24\",\"description\":\"Loginfo24 est la plateforme d\u00e9di\u00e9e \u00e0 la logistique et aux cha\u00eenes d&#039;approvisionnement qui fournit des informations 24 heures sur 24.\",\"publisher\":{\"@id\":\"https:\\\/\\\/loginfo24.com\\\/fr\\\/#organization\"},\"potentialAction\":[{\"@type\":\"SearchAction\",\"target\":{\"@type\":\"EntryPoint\",\"urlTemplate\":\"https:\\\/\\\/loginfo24.com\\\/fr\\\/?s={search_term_string}\"},\"query-input\":{\"@type\":\"PropertyValueSpecification\",\"valueRequired\":true,\"valueName\":\"search_term_string\"}}],\"inLanguage\":\"fr-FR\"},{\"@type\":\"Organization\",\"@id\":\"https:\\\/\\\/loginfo24.com\\\/fr\\\/#organization\",\"name\":\"Groupe Logismedia AG\",\"url\":\"https:\\\/\\\/loginfo24.com\\\/fr\\\/\",\"logo\":{\"@type\":\"ImageObject\",\"inLanguage\":\"fr-FR\",\"@id\":\"https:\\\/\\\/loginfo24.com\\\/fr\\\/#\\\/schema\\\/logo\\\/image\\\/\",\"url\":\"https:\\\/\\\/loginfo24.com\\\/wp-content\\\/uploads\\\/sites\\\/7\\\/2026\\\/01\\\/Logo_LogInfo24.png\",\"contentUrl\":\"https:\\\/\\\/loginfo24.com\\\/wp-content\\\/uploads\\\/sites\\\/7\\\/2026\\\/01\\\/Logo_LogInfo24.png\",\"width\":938,\"height\":351,\"caption\":\"Groupe Logismedia AG\"},\"image\":{\"@id\":\"https:\\\/\\\/loginfo24.com\\\/fr\\\/#\\\/schema\\\/logo\\\/image\\\/\"},\"sameAs\":[\"https:\\\/\\\/www.facebook.com\\\/people\\\/Loginfo24\\\/100057360583332\\\/\",\"https:\\\/\\\/www.linkedin.com\\\/company\\\/lofinfo24\\\/\"]}]}<\/script>\n<!-- \/ Yoast SEO plugin. -->","yoast_head_json":{"title":"DB Schenker r\u00e9organise sa structure de management dans le domaine maritime - Loginfo24.","robots":{"index":"index","follow":"follow","max-snippet":"max-snippet:-1","max-image-preview":"max-image-preview:large","max-video-preview":"max-video-preview:-1"},"canonical":"https:\/\/loginfo24.com\/fr\/2020\/07\/02\/db-schenker-reorganise-sa-structure-de-management-dans-le-domaine-maritime\/","og_locale":"fr_FR","og_type":"article","og_title":"DB Schenker r\u00e9organise sa structure de management dans le domaine maritime - Loginfo24.","og_description":"Chez DB Schenker, la direction du cluster Allemagne\/Suisse dans le domaine du fret maritime sera renforc\u00e9e \u00e0 partir du 1er juillet 2020. Hans Thorsten Lanfermann sera [\u2026]","og_url":"https:\/\/loginfo24.com\/fr\/2020\/07\/02\/db-schenker-reorganise-sa-structure-de-management-dans-le-domaine-maritime\/","og_site_name":"Loginfo24","article_publisher":"https:\/\/www.facebook.com\/people\/Loginfo24\/100057360583332\/","article_published_time":"2020-07-02T06:27:08+00:00","article_modified_time":"2025-12-15T11:30:43+00:00","twitter_card":"summary_large_image","twitter_misc":{"Dur\u00e9e de lecture estim\u00e9e":"1 minute"},"schema":{"@context":"https:\/\/schema.org","@graph":[{"@type":"Article","@id":"https:\/\/loginfo24.com\/fr\/2020\/07\/02\/db-schenker-reorganise-sa-structure-de-management-dans-le-domaine-maritime\/#article","isPartOf":{"@id":"https:\/\/loginfo24.com\/fr\/2020\/07\/02\/db-schenker-reorganise-sa-structure-de-management-dans-le-domaine-maritime\/"},"author":{"name":"","@id":""},"headline":"DB Schenker r\u00e9organise sa structure de management dans le domaine maritime","datePublished":"2020-07-02T06:27:08+00:00","dateModified":"2025-12-15T11:30:43+00:00","mainEntityOfPage":{"@id":"https:\/\/loginfo24.com\/fr\/2020\/07\/02\/db-schenker-reorganise-sa-structure-de-management-dans-le-domaine-maritime\/"},"wordCount":320,"commentCount":0,"publisher":{"@id":"https:\/\/loginfo24.com\/fr\/#organization"},"articleSection":["Forwarding &amp; Logistics","Regions","Shipping &amp; Ports"],"inLanguage":"fr-FR","potentialAction":[{"@type":"CommentAction","name":"Comment","target":["https:\/\/loginfo24.com\/fr\/2020\/07\/02\/db-schenker-reorganise-sa-structure-de-management-dans-le-domaine-maritime\/#respond"]}]},{"@type":"WebPage","@id":"https:\/\/loginfo24.com\/fr\/2020\/07\/02\/db-schenker-reorganise-sa-structure-de-management-dans-le-domaine-maritime\/","url":"https:\/\/loginfo24.com\/fr\/2020\/07\/02\/db-schenker-reorganise-sa-structure-de-management-dans-le-domaine-maritime\/","name":"DB Schenker r\u00e9organise sa structure de management dans le domaine maritime - Loginfo24.","isPartOf":{"@id":"https:\/\/loginfo24.com\/fr\/#website"},"datePublished":"2020-07-02T06:27:08+00:00","dateModified":"2025-12-15T11:30:43+00:00","breadcrumb":{"@id":"https:\/\/loginfo24.com\/fr\/2020\/07\/02\/db-schenker-reorganise-sa-structure-de-management-dans-le-domaine-maritime\/#breadcrumb"},"inLanguage":"fr-FR","potentialAction":[{"@type":"ReadAction","target":["https:\/\/loginfo24.com\/fr\/2020\/07\/02\/db-schenker-reorganise-sa-structure-de-management-dans-le-domaine-maritime\/"]}]},{"@type":"BreadcrumbList","@id":"https:\/\/loginfo24.com\/fr\/2020\/07\/02\/db-schenker-reorganise-sa-structure-de-management-dans-le-domaine-maritime\/#breadcrumb","itemListElement":[{"@type":"ListItem","position":1,"name":"Startseite","item":"https:\/\/loginfo24.com\/fr\/"},{"@type":"ListItem","position":2,"name":"DB Schenker r\u00e9organise sa structure de management dans le domaine maritime"}]},{"@type":"WebSite","@id":"https:\/\/loginfo24.com\/fr\/#website","url":"https:\/\/loginfo24.com\/fr\/","name":"Loginfo24","description":"Loginfo24 est la plateforme d\u00e9di\u00e9e \u00e0 la logistique et aux cha\u00eenes d&#039;approvisionnement qui fournit des informations 24 heures sur 24.","publisher":{"@id":"https:\/\/loginfo24.com\/fr\/#organization"},"potentialAction":[{"@type":"SearchAction","target":{"@type":"EntryPoint","urlTemplate":"https:\/\/loginfo24.com\/fr\/?s={search_term_string}"},"query-input":{"@type":"PropertyValueSpecification","valueRequired":true,"valueName":"search_term_string"}}],"inLanguage":"fr-FR"},{"@type":"Organization","@id":"https:\/\/loginfo24.com\/fr\/#organization","name":"Groupe Logismedia AG","url":"https:\/\/loginfo24.com\/fr\/","logo":{"@type":"ImageObject","inLanguage":"fr-FR","@id":"https:\/\/loginfo24.com\/fr\/#\/schema\/logo\/image\/","url":"https:\/\/loginfo24.com\/wp-content\/uploads\/sites\/7\/2026\/01\/Logo_LogInfo24.png","contentUrl":"https:\/\/loginfo24.com\/wp-content\/uploads\/sites\/7\/2026\/01\/Logo_LogInfo24.png","width":938,"height":351,"caption":"Groupe Logismedia AG"},"image":{"@id":"https:\/\/loginfo24.com\/fr\/#\/schema\/logo\/image\/"},"sameAs":["https:\/\/www.facebook.com\/people\/Loginfo24\/100057360583332\/","https:\/\/www.linkedin.com\/company\/lofinfo24\/"]}]}},"_links":{"self":[{"href":"https:\/\/loginfo24.com\/fr\/wp-json\/wp\/v2\/posts\/18292","targetHints":{"allow":["GET"]}}],"collection":[{"href":"https:\/\/loginfo24.com\/fr\/wp-json\/wp\/v2\/posts"}],"about":[{"href":"https:\/\/loginfo24.com\/fr\/wp-json\/wp\/v2\/types\/post"}],"replies":[{"embeddable":true,"href":"https:\/\/loginfo24.com\/fr\/wp-json\/wp\/v2\/comments?post=18292"}],"version-history":[{"count":1,"href":"https:\/\/loginfo24.com\/fr\/wp-json\/wp\/v2\/posts\/18292\/revisions"}],"predecessor-version":[{"id":32920,"href":"https:\/\/loginfo24.com\/fr\/wp-json\/wp\/v2\/posts\/18292\/revisions\/32920"}],"wp:attachment":[{"href":"https:\/\/loginfo24.com\/fr\/wp-json\/wp\/v2\/media?parent=18292"}],"wp:term":[{"taxonomy":"category","embeddable":true,"href":"https:\/\/loginfo24.com\/fr\/wp-json\/wp\/v2\/categories?post=18292"},{"taxonomy":"post_tag","embeddable":true,"href":"https:\/\/loginfo24.com\/fr\/wp-json\/wp\/v2\/tags?post=18292"}],"curies":[{"name":"wp","href":"https:\/\/api.w.org\/{rel}","templated":true}]}}