{"id":18274,"date":"2020-07-01T07:31:14","date_gmt":"2020-07-01T05:31:14","guid":{"rendered":"https:\/\/blog.brand-architecture.at\/2020\/07\/01\/associations-et-institutions-en-allemagne-avec-le-pacte-pour-un-rail-fort\/"},"modified":"2025-12-15T12:30:38","modified_gmt":"2025-12-15T11:30:38","slug":"associations-et-institutions-en-allemagne-avec-le-pacte-pour-un-rail-fort","status":"publish","type":"post","link":"https:\/\/loginfo24.com\/fr\/2020\/07\/01\/associations-et-institutions-en-allemagne-avec-le-pacte-pour-un-rail-fort\/","title":{"rendered":"Associations et institutions en Allemagne avec le pacte pour un rail fort"},"content":{"rendered":"<p>\u00c0 Berlin, un pacte de performance pour un rail fort a \u00e9t\u00e9 sign\u00e9 par 28 partenaires en Allemagne pour le transport de passagers et de marchandises. Un plan directeur pour le rail a \u00e9t\u00e9 \u00e9tabli. Dans le transport de passagers, un doublement du nombre de voyageurs d&rsquo;ici 2030 est vis\u00e9, et dans le transport de marchandises, une part du rail de 25 % est vis\u00e9e.<\/p>\n<p>(Berlin) Le DVF a aujourd&rsquo;hui sign\u00e9 le pacte ferroviaire avec d&rsquo;autres institutions et associations majeures. Par cet engagement, l&rsquo;association soutient la voie vers un transport ferroviaire performant et moderne en Allemagne.<\/p>\n<p>La signature du pacte ferroviaire par 28 partenaires documente l&rsquo;importance de l&rsquo;int\u00e9r\u00eat commun pour un d\u00e9veloppement r\u00e9ussi du secteur ferroviaire. C&rsquo;est un engagement que le transport ferroviaire sera \u00e0 l&rsquo;avenir la base d&rsquo;une mobilit\u00e9 moderne et qu&rsquo;il pourra contribuer de mani\u00e8re significative \u00e0 l&rsquo;atteinte des objectifs climatiques. Pour cela, les utilisateurs du transport de passagers et de marchandises ont \u00e9labor\u00e9 avec le minist\u00e8re f\u00e9d\u00e9ral des Transports le plan directeur pour le transport ferroviaire. Le ministre f\u00e9d\u00e9ral des Transports, Andreas Scheuer, a pr\u00e9sent\u00e9 aujourd&rsquo;hui les r\u00e9sultats des groupes de travail de l&rsquo;alliance d&rsquo;avenir ferroviaire dans le plan directeur pour le transport ferroviaire. \u00ab\u00a0Nous sommes heureux de faire partie du pacte ferroviaire, qui marque le d\u00e9but d&rsquo;une nouvelle \u00e8re pour le transport ferroviaire en Allemagne\u00a0\u00bb, a d\u00e9clar\u00e9 la directrice g\u00e9n\u00e9rale du DVF, Dr. Heike van Hoorn.<\/p>\n<h5>Le plan directeur doit maintenant \u00eatre mis en \u0153uvre<\/h5>\n<p>Gr\u00e2ce \u00e0 l&rsquo;initiative et au leadership du secr\u00e9taire d&rsquo;\u00c9tat Enak Ferlemann MdB, l&rsquo;alliance d&rsquo;avenir ferroviaire a pu travailler avec succ\u00e8s. \u00ab\u00a0Les mesures du plan directeur doivent maintenant \u00eatre effectivement mises en \u0153uvre. L&rsquo;objectif principal est d&rsquo;augmenter l&rsquo;attractivit\u00e9 et la part du rail dans le partage modal. Des objectifs d\u00e9riv\u00e9s tels que le doublement du nombre de passagers d&rsquo;ici 2030, le rythme allemand, la num\u00e9risation du rail, la r\u00e9duction du bruit et l&rsquo;augmentation de la part du transport ferroviaire de marchandises \u00e0 25 % n\u00e9cessitent des investissements fiables et suffisants. Cela exige une forte volont\u00e9 de toutes les parties prenantes pour d\u00e9velopper l&rsquo;infrastructure, moderniser la technologie et promouvoir l&rsquo;innovation pendant de nombreuses ann\u00e9es\u00a0\u00bb, a averti Dr. van Hoorn. La cheffe du DVF tenait \u00e9galement \u00e0 ce que le secteur ferroviaire reste attractif gr\u00e2ce \u00e0 de bonnes et passionnantes opportunit\u00e9s d&#8217;emploi pour des professionnels qualifi\u00e9s.<\/p>\n<p>Les progr\u00e8s de la mise en \u0153uvre des t\u00e2ches du plan directeur seront v\u00e9rifi\u00e9s lors d&rsquo;une \u00e9valuation r\u00e9guli\u00e8re. \u00c0 cet effet, les membres du plan directeur se r\u00e9uniront lors d&rsquo;une conf\u00e9rence annuelle sur l&rsquo;avenir.<\/p>\n<p>Photo : DVF<\/p>\n<p><a href=\"https:\/\/www.verkehrsforum.de\/\" target=\"_blank\" rel=\"noopener noreferrer\">www.verkehrsforum.de<\/a><\/p>\n<p>Lien vers le <a href=\"https:\/\/www.verkehrsforum.de\/download_file\/view\/2379\" target=\"_blank\" rel=\"noopener noreferrer\">plan directeur pour le rail<\/a><\/p>\n<p>Lien vers le <a href=\"https:\/\/www.verkehrsforum.de\/download_file\/view\/2377\" target=\"_blank\" rel=\"noopener noreferrer\">pacte ferroviaire<\/a><\/p>\n<p>Lien vers le <a href=\"https:\/\/www.verkehrsforum.de\/download_file\/view\/2378\" target=\"_blank\" rel=\"noopener noreferrer\">rapport final<\/a><\/p>\n","protected":false},"excerpt":{"rendered":"<p>\u00c0 Berlin, un pacte de performance pour un rail fort a \u00e9t\u00e9 sign\u00e9 par 28 partenaires en Allemagne pour le transport de passagers et de marchandises.<span class=\"excerpt-hellip\"> [\u2026]<\/span><\/p>\n","protected":false},"author":0,"featured_media":0,"comment_status":"open","ping_status":"open","sticky":false,"template":"","format":"standard","meta":{"_acf_changed":false,"footnotes":""},"categories":[1557,1561],"tags":[],"class_list":["post-18274","post","type-post","status-publish","format-standard","hentry","category-forwarding-logistics","category-regions"],"acf":[],"yoast_head":"<!-- This site is optimized with the Yoast SEO plugin v27.3 - https:\/\/yoast.com\/product\/yoast-seo-wordpress\/ -->\n<title>Associations et institutions en Allemagne avec le pacte pour un rail fort - Loginfo24.<\/title>\n<meta name=\"robots\" content=\"index, follow, max-snippet:-1, max-image-preview:large, max-video-preview:-1\" \/>\n<link rel=\"canonical\" href=\"https:\/\/loginfo24.com\/fr\/2020\/07\/01\/associations-et-institutions-en-allemagne-avec-le-pacte-pour-un-rail-fort\/\" \/>\n<meta property=\"og:locale\" content=\"fr_FR\" \/>\n<meta property=\"og:type\" content=\"article\" \/>\n<meta property=\"og:title\" content=\"Associations et institutions en Allemagne avec le pacte pour un rail fort - Loginfo24.\" \/>\n<meta property=\"og:description\" content=\"\u00c0 Berlin, un pacte de performance pour un rail fort a \u00e9t\u00e9 sign\u00e9 par 28 partenaires en Allemagne pour le transport de passagers et de marchandises. [\u2026]\" \/>\n<meta property=\"og:url\" content=\"https:\/\/loginfo24.com\/fr\/2020\/07\/01\/associations-et-institutions-en-allemagne-avec-le-pacte-pour-un-rail-fort\/\" \/>\n<meta property=\"og:site_name\" content=\"Loginfo24\" \/>\n<meta property=\"article:publisher\" content=\"https:\/\/www.facebook.com\/people\/Loginfo24\/100057360583332\/\" \/>\n<meta property=\"article:published_time\" content=\"2020-07-01T05:31:14+00:00\" \/>\n<meta property=\"article:modified_time\" content=\"2025-12-15T11:30:38+00:00\" \/>\n<meta name=\"twitter:card\" content=\"summary_large_image\" \/>\n<meta name=\"twitter:label1\" content=\"Dur\u00e9e de lecture estim\u00e9e\" \/>\n\t<meta name=\"twitter:data1\" content=\"2 minutes\" \/>\n<script type=\"application\/ld+json\" class=\"yoast-schema-graph\">{\"@context\":\"https:\\\/\\\/schema.org\",\"@graph\":[{\"@type\":\"Article\",\"@id\":\"https:\\\/\\\/loginfo24.com\\\/fr\\\/2020\\\/07\\\/01\\\/associations-et-institutions-en-allemagne-avec-le-pacte-pour-un-rail-fort\\\/#article\",\"isPartOf\":{\"@id\":\"https:\\\/\\\/loginfo24.com\\\/fr\\\/2020\\\/07\\\/01\\\/associations-et-institutions-en-allemagne-avec-le-pacte-pour-un-rail-fort\\\/\"},\"author\":{\"name\":\"\",\"@id\":\"\"},\"headline\":\"Associations et institutions en Allemagne avec le pacte pour un rail fort\",\"datePublished\":\"2020-07-01T05:31:14+00:00\",\"dateModified\":\"2025-12-15T11:30:38+00:00\",\"mainEntityOfPage\":{\"@id\":\"https:\\\/\\\/loginfo24.com\\\/fr\\\/2020\\\/07\\\/01\\\/associations-et-institutions-en-allemagne-avec-le-pacte-pour-un-rail-fort\\\/\"},\"wordCount\":503,\"commentCount\":0,\"publisher\":{\"@id\":\"https:\\\/\\\/loginfo24.com\\\/fr\\\/#organization\"},\"articleSection\":[\"Forwarding &amp; Logistics\",\"Regions\"],\"inLanguage\":\"fr-FR\",\"potentialAction\":[{\"@type\":\"CommentAction\",\"name\":\"Comment\",\"target\":[\"https:\\\/\\\/loginfo24.com\\\/fr\\\/2020\\\/07\\\/01\\\/associations-et-institutions-en-allemagne-avec-le-pacte-pour-un-rail-fort\\\/#respond\"]}]},{\"@type\":\"WebPage\",\"@id\":\"https:\\\/\\\/loginfo24.com\\\/fr\\\/2020\\\/07\\\/01\\\/associations-et-institutions-en-allemagne-avec-le-pacte-pour-un-rail-fort\\\/\",\"url\":\"https:\\\/\\\/loginfo24.com\\\/fr\\\/2020\\\/07\\\/01\\\/associations-et-institutions-en-allemagne-avec-le-pacte-pour-un-rail-fort\\\/\",\"name\":\"Associations et institutions en Allemagne avec le pacte pour un rail fort - Loginfo24.\",\"isPartOf\":{\"@id\":\"https:\\\/\\\/loginfo24.com\\\/fr\\\/#website\"},\"datePublished\":\"2020-07-01T05:31:14+00:00\",\"dateModified\":\"2025-12-15T11:30:38+00:00\",\"breadcrumb\":{\"@id\":\"https:\\\/\\\/loginfo24.com\\\/fr\\\/2020\\\/07\\\/01\\\/associations-et-institutions-en-allemagne-avec-le-pacte-pour-un-rail-fort\\\/#breadcrumb\"},\"inLanguage\":\"fr-FR\",\"potentialAction\":[{\"@type\":\"ReadAction\",\"target\":[\"https:\\\/\\\/loginfo24.com\\\/fr\\\/2020\\\/07\\\/01\\\/associations-et-institutions-en-allemagne-avec-le-pacte-pour-un-rail-fort\\\/\"]}]},{\"@type\":\"BreadcrumbList\",\"@id\":\"https:\\\/\\\/loginfo24.com\\\/fr\\\/2020\\\/07\\\/01\\\/associations-et-institutions-en-allemagne-avec-le-pacte-pour-un-rail-fort\\\/#breadcrumb\",\"itemListElement\":[{\"@type\":\"ListItem\",\"position\":1,\"name\":\"Startseite\",\"item\":\"https:\\\/\\\/loginfo24.com\\\/fr\\\/\"},{\"@type\":\"ListItem\",\"position\":2,\"name\":\"Associations et institutions en Allemagne avec le pacte pour un rail fort\"}]},{\"@type\":\"WebSite\",\"@id\":\"https:\\\/\\\/loginfo24.com\\\/fr\\\/#website\",\"url\":\"https:\\\/\\\/loginfo24.com\\\/fr\\\/\",\"name\":\"Loginfo24\",\"description\":\"Loginfo24 est la plateforme d\u00e9di\u00e9e \u00e0 la logistique et aux cha\u00eenes d&#039;approvisionnement qui fournit des informations 24 heures sur 24.\",\"publisher\":{\"@id\":\"https:\\\/\\\/loginfo24.com\\\/fr\\\/#organization\"},\"potentialAction\":[{\"@type\":\"SearchAction\",\"target\":{\"@type\":\"EntryPoint\",\"urlTemplate\":\"https:\\\/\\\/loginfo24.com\\\/fr\\\/?s={search_term_string}\"},\"query-input\":{\"@type\":\"PropertyValueSpecification\",\"valueRequired\":true,\"valueName\":\"search_term_string\"}}],\"inLanguage\":\"fr-FR\"},{\"@type\":\"Organization\",\"@id\":\"https:\\\/\\\/loginfo24.com\\\/fr\\\/#organization\",\"name\":\"Groupe Logismedia AG\",\"url\":\"https:\\\/\\\/loginfo24.com\\\/fr\\\/\",\"logo\":{\"@type\":\"ImageObject\",\"inLanguage\":\"fr-FR\",\"@id\":\"https:\\\/\\\/loginfo24.com\\\/fr\\\/#\\\/schema\\\/logo\\\/image\\\/\",\"url\":\"https:\\\/\\\/loginfo24.com\\\/wp-content\\\/uploads\\\/sites\\\/7\\\/2026\\\/01\\\/Logo_LogInfo24.png\",\"contentUrl\":\"https:\\\/\\\/loginfo24.com\\\/wp-content\\\/uploads\\\/sites\\\/7\\\/2026\\\/01\\\/Logo_LogInfo24.png\",\"width\":938,\"height\":351,\"caption\":\"Groupe Logismedia AG\"},\"image\":{\"@id\":\"https:\\\/\\\/loginfo24.com\\\/fr\\\/#\\\/schema\\\/logo\\\/image\\\/\"},\"sameAs\":[\"https:\\\/\\\/www.facebook.com\\\/people\\\/Loginfo24\\\/100057360583332\\\/\",\"https:\\\/\\\/www.linkedin.com\\\/company\\\/lofinfo24\\\/\"]}]}<\/script>\n<!-- \/ Yoast SEO plugin. -->","yoast_head_json":{"title":"Associations et institutions en Allemagne avec le pacte pour un rail fort - Loginfo24.","robots":{"index":"index","follow":"follow","max-snippet":"max-snippet:-1","max-image-preview":"max-image-preview:large","max-video-preview":"max-video-preview:-1"},"canonical":"https:\/\/loginfo24.com\/fr\/2020\/07\/01\/associations-et-institutions-en-allemagne-avec-le-pacte-pour-un-rail-fort\/","og_locale":"fr_FR","og_type":"article","og_title":"Associations et institutions en Allemagne avec le pacte pour un rail fort - Loginfo24.","og_description":"\u00c0 Berlin, un pacte de performance pour un rail fort a \u00e9t\u00e9 sign\u00e9 par 28 partenaires en Allemagne pour le transport de passagers et de marchandises. [\u2026]","og_url":"https:\/\/loginfo24.com\/fr\/2020\/07\/01\/associations-et-institutions-en-allemagne-avec-le-pacte-pour-un-rail-fort\/","og_site_name":"Loginfo24","article_publisher":"https:\/\/www.facebook.com\/people\/Loginfo24\/100057360583332\/","article_published_time":"2020-07-01T05:31:14+00:00","article_modified_time":"2025-12-15T11:30:38+00:00","twitter_card":"summary_large_image","twitter_misc":{"Dur\u00e9e de lecture estim\u00e9e":"2 minutes"},"schema":{"@context":"https:\/\/schema.org","@graph":[{"@type":"Article","@id":"https:\/\/loginfo24.com\/fr\/2020\/07\/01\/associations-et-institutions-en-allemagne-avec-le-pacte-pour-un-rail-fort\/#article","isPartOf":{"@id":"https:\/\/loginfo24.com\/fr\/2020\/07\/01\/associations-et-institutions-en-allemagne-avec-le-pacte-pour-un-rail-fort\/"},"author":{"name":"","@id":""},"headline":"Associations et institutions en Allemagne avec le pacte pour un rail fort","datePublished":"2020-07-01T05:31:14+00:00","dateModified":"2025-12-15T11:30:38+00:00","mainEntityOfPage":{"@id":"https:\/\/loginfo24.com\/fr\/2020\/07\/01\/associations-et-institutions-en-allemagne-avec-le-pacte-pour-un-rail-fort\/"},"wordCount":503,"commentCount":0,"publisher":{"@id":"https:\/\/loginfo24.com\/fr\/#organization"},"articleSection":["Forwarding &amp; Logistics","Regions"],"inLanguage":"fr-FR","potentialAction":[{"@type":"CommentAction","name":"Comment","target":["https:\/\/loginfo24.com\/fr\/2020\/07\/01\/associations-et-institutions-en-allemagne-avec-le-pacte-pour-un-rail-fort\/#respond"]}]},{"@type":"WebPage","@id":"https:\/\/loginfo24.com\/fr\/2020\/07\/01\/associations-et-institutions-en-allemagne-avec-le-pacte-pour-un-rail-fort\/","url":"https:\/\/loginfo24.com\/fr\/2020\/07\/01\/associations-et-institutions-en-allemagne-avec-le-pacte-pour-un-rail-fort\/","name":"Associations et institutions en Allemagne avec le pacte pour un rail fort - Loginfo24.","isPartOf":{"@id":"https:\/\/loginfo24.com\/fr\/#website"},"datePublished":"2020-07-01T05:31:14+00:00","dateModified":"2025-12-15T11:30:38+00:00","breadcrumb":{"@id":"https:\/\/loginfo24.com\/fr\/2020\/07\/01\/associations-et-institutions-en-allemagne-avec-le-pacte-pour-un-rail-fort\/#breadcrumb"},"inLanguage":"fr-FR","potentialAction":[{"@type":"ReadAction","target":["https:\/\/loginfo24.com\/fr\/2020\/07\/01\/associations-et-institutions-en-allemagne-avec-le-pacte-pour-un-rail-fort\/"]}]},{"@type":"BreadcrumbList","@id":"https:\/\/loginfo24.com\/fr\/2020\/07\/01\/associations-et-institutions-en-allemagne-avec-le-pacte-pour-un-rail-fort\/#breadcrumb","itemListElement":[{"@type":"ListItem","position":1,"name":"Startseite","item":"https:\/\/loginfo24.com\/fr\/"},{"@type":"ListItem","position":2,"name":"Associations et institutions en Allemagne avec le pacte pour un rail fort"}]},{"@type":"WebSite","@id":"https:\/\/loginfo24.com\/fr\/#website","url":"https:\/\/loginfo24.com\/fr\/","name":"Loginfo24","description":"Loginfo24 est la plateforme d\u00e9di\u00e9e \u00e0 la logistique et aux cha\u00eenes d&#039;approvisionnement qui fournit des informations 24 heures sur 24.","publisher":{"@id":"https:\/\/loginfo24.com\/fr\/#organization"},"potentialAction":[{"@type":"SearchAction","target":{"@type":"EntryPoint","urlTemplate":"https:\/\/loginfo24.com\/fr\/?s={search_term_string}"},"query-input":{"@type":"PropertyValueSpecification","valueRequired":true,"valueName":"search_term_string"}}],"inLanguage":"fr-FR"},{"@type":"Organization","@id":"https:\/\/loginfo24.com\/fr\/#organization","name":"Groupe Logismedia AG","url":"https:\/\/loginfo24.com\/fr\/","logo":{"@type":"ImageObject","inLanguage":"fr-FR","@id":"https:\/\/loginfo24.com\/fr\/#\/schema\/logo\/image\/","url":"https:\/\/loginfo24.com\/wp-content\/uploads\/sites\/7\/2026\/01\/Logo_LogInfo24.png","contentUrl":"https:\/\/loginfo24.com\/wp-content\/uploads\/sites\/7\/2026\/01\/Logo_LogInfo24.png","width":938,"height":351,"caption":"Groupe Logismedia AG"},"image":{"@id":"https:\/\/loginfo24.com\/fr\/#\/schema\/logo\/image\/"},"sameAs":["https:\/\/www.facebook.com\/people\/Loginfo24\/100057360583332\/","https:\/\/www.linkedin.com\/company\/lofinfo24\/"]}]}},"_links":{"self":[{"href":"https:\/\/loginfo24.com\/fr\/wp-json\/wp\/v2\/posts\/18274","targetHints":{"allow":["GET"]}}],"collection":[{"href":"https:\/\/loginfo24.com\/fr\/wp-json\/wp\/v2\/posts"}],"about":[{"href":"https:\/\/loginfo24.com\/fr\/wp-json\/wp\/v2\/types\/post"}],"replies":[{"embeddable":true,"href":"https:\/\/loginfo24.com\/fr\/wp-json\/wp\/v2\/comments?post=18274"}],"version-history":[{"count":1,"href":"https:\/\/loginfo24.com\/fr\/wp-json\/wp\/v2\/posts\/18274\/revisions"}],"predecessor-version":[{"id":32884,"href":"https:\/\/loginfo24.com\/fr\/wp-json\/wp\/v2\/posts\/18274\/revisions\/32884"}],"wp:attachment":[{"href":"https:\/\/loginfo24.com\/fr\/wp-json\/wp\/v2\/media?parent=18274"}],"wp:term":[{"taxonomy":"category","embeddable":true,"href":"https:\/\/loginfo24.com\/fr\/wp-json\/wp\/v2\/categories?post=18274"},{"taxonomy":"post_tag","embeddable":true,"href":"https:\/\/loginfo24.com\/fr\/wp-json\/wp\/v2\/tags?post=18274"}],"curies":[{"name":"wp","href":"https:\/\/api.w.org\/{rel}","templated":true}]}}