{"id":18262,"date":"2020-07-01T07:26:22","date_gmt":"2020-07-01T05:26:22","guid":{"rendered":"https:\/\/blog.brand-architecture.at\/2020\/07\/01\/gls-installe-des-stations-de-recharge-pour-vehicules-electriques-a-neuenstein\/"},"modified":"2025-12-15T12:30:36","modified_gmt":"2025-12-15T11:30:36","slug":"gls-installe-des-stations-de-recharge-pour-vehicules-electriques-a-neuenstein","status":"publish","type":"post","link":"https:\/\/loginfo24.com\/fr\/2020\/07\/01\/gls-installe-des-stations-de-recharge-pour-vehicules-electriques-a-neuenstein\/","title":{"rendered":"GLS installe des stations de recharge pour v\u00e9hicules \u00e9lectriques \u00e0 Neuenstein"},"content":{"rendered":"<p>Le prestataire de services de colis GLS Germany a install\u00e9 quatre stations de recharge pour v\u00e9hicules \u00e9lectriques avec un total de sept points de charge dans son si\u00e8ge \u00e0 Neuenstein. L&rsquo;\u00e9lectricit\u00e9 utilis\u00e9e provient enti\u00e8rement d&rsquo;\u00e9nergies renouvelables. Les installations sont gratuites pour les visiteurs et les employ\u00e9s de GLS.<\/p>\n<p>(Neuenstein) Investissement dans la mobilit\u00e9 \u00e9lectrique : Le prestataire de services de colis GLS Germany a install\u00e9 quatre stations de recharge pour v\u00e9hicules \u00e9lectriques \u00e0 son si\u00e8ge. <strong><\/strong>Ce mois-ci, GLS Germany a mis en service quatre stations de recharge pour v\u00e9hicules \u00e9lectriques sur les parkings des visiteurs et des employ\u00e9s de son si\u00e8ge \u00e0 Neuenstein, dans le Hessen. Les stations peuvent \u00eatre utilis\u00e9es par les employ\u00e9s ainsi que par tous les visiteurs, clients, fournisseurs et candidats. L&rsquo;utilisation est gratuite et l&rsquo;\u00e9lectricit\u00e9 utilis\u00e9e provient exclusivement d&rsquo;\u00e9nergies renouvelables.<\/p>\n<p>Sept points de charge sont disponibles, chacun avec une puissance de charge de 22 kilowatts en courant alternatif. Tous les v\u00e9hicules \u00e9quip\u00e9s d&rsquo;une prise de type 2, que poss\u00e8dent la plupart des mod\u00e8les commerciaux, peuvent y recharger leur batterie. Le fabricant et partenaire d&rsquo;installation des stations de recharge avec gestion dynamique de la charge est la soci\u00e9t\u00e9 ELEXON GmbH d&rsquo;Aix-la-Chapelle, qui a d\u00e9j\u00e0 r\u00e9alis\u00e9 avec succ\u00e8s divers projets d&rsquo;infrastructure de recharge en tant qu&rsquo;entrepreneur g\u00e9n\u00e9ral pour GLS.<\/p>\n<p>\u00ab Les investissements dans la mobilit\u00e9 \u00e9lectrique sont un \u00e9l\u00e9ment important de notre programme GLS KlimaProtect \u00bb, d\u00e9clare Anne Putz, responsable de la communication et du marketing chez GLS. \u00ab D&rsquo;une part, nous d\u00e9veloppons l&rsquo;infrastructure de recharge pour les v\u00e9hicules \u00e9lectriques dans nos d\u00e9p\u00f4ts. D&rsquo;autre part, nous cr\u00e9ons maintenant \u00e9galement la possibilit\u00e9 pour nos employ\u00e9s, clients et visiteurs de recharger leurs v\u00e9hicules \u00e9lectriques dans notre si\u00e8ge. \u00bb<\/p>\n<p>Photo : \u00a9 GLS<br \/><a href=\"https:\/\/www.gls-group.com\" target=\"_blank\" rel=\"noopener noreferrer\">www.gls-group.com<\/a><\/p>\n","protected":false},"excerpt":{"rendered":"<p>Le prestataire de services de colis GLS Germany a install\u00e9 quatre stations de recharge pour v\u00e9hicules \u00e9lectriques avec un total de sept points de charge dans<span class=\"excerpt-hellip\"> [\u2026]<\/span><\/p>\n","protected":false},"author":0,"featured_media":0,"comment_status":"open","ping_status":"open","sticky":false,"template":"","format":"standard","meta":{"_acf_changed":false,"footnotes":""},"categories":[1557,1556,1561],"tags":[],"class_list":["post-18262","post","type-post","status-publish","format-standard","hentry","category-forwarding-logistics","category-intermodal-road","category-regions"],"acf":[],"yoast_head":"<!-- This site is optimized with the Yoast SEO plugin v27.3 - https:\/\/yoast.com\/product\/yoast-seo-wordpress\/ -->\n<title>GLS installe des stations de recharge pour v\u00e9hicules \u00e9lectriques \u00e0 Neuenstein - Loginfo24.<\/title>\n<meta name=\"robots\" content=\"index, follow, max-snippet:-1, max-image-preview:large, max-video-preview:-1\" \/>\n<link rel=\"canonical\" href=\"https:\/\/loginfo24.com\/fr\/2020\/07\/01\/gls-installe-des-stations-de-recharge-pour-vehicules-electriques-a-neuenstein\/\" \/>\n<meta property=\"og:locale\" content=\"fr_FR\" \/>\n<meta property=\"og:type\" content=\"article\" \/>\n<meta property=\"og:title\" content=\"GLS installe des stations de recharge pour v\u00e9hicules \u00e9lectriques \u00e0 Neuenstein - Loginfo24.\" \/>\n<meta property=\"og:description\" content=\"Le prestataire de services de colis GLS Germany a install\u00e9 quatre stations de recharge pour v\u00e9hicules \u00e9lectriques avec un total de sept points de charge dans [\u2026]\" \/>\n<meta property=\"og:url\" content=\"https:\/\/loginfo24.com\/fr\/2020\/07\/01\/gls-installe-des-stations-de-recharge-pour-vehicules-electriques-a-neuenstein\/\" \/>\n<meta property=\"og:site_name\" content=\"Loginfo24\" \/>\n<meta property=\"article:publisher\" content=\"https:\/\/www.facebook.com\/people\/Loginfo24\/100057360583332\/\" \/>\n<meta property=\"article:published_time\" content=\"2020-07-01T05:26:22+00:00\" \/>\n<meta property=\"article:modified_time\" content=\"2025-12-15T11:30:36+00:00\" \/>\n<meta name=\"twitter:card\" content=\"summary_large_image\" \/>\n<meta name=\"twitter:label1\" content=\"Dur\u00e9e de lecture estim\u00e9e\" \/>\n\t<meta name=\"twitter:data1\" content=\"2 minutes\" \/>\n<script type=\"application\/ld+json\" class=\"yoast-schema-graph\">{\"@context\":\"https:\\\/\\\/schema.org\",\"@graph\":[{\"@type\":\"Article\",\"@id\":\"https:\\\/\\\/loginfo24.com\\\/fr\\\/2020\\\/07\\\/01\\\/gls-installe-des-stations-de-recharge-pour-vehicules-electriques-a-neuenstein\\\/#article\",\"isPartOf\":{\"@id\":\"https:\\\/\\\/loginfo24.com\\\/fr\\\/2020\\\/07\\\/01\\\/gls-installe-des-stations-de-recharge-pour-vehicules-electriques-a-neuenstein\\\/\"},\"author\":{\"name\":\"\",\"@id\":\"\"},\"headline\":\"GLS installe des stations de recharge pour v\u00e9hicules \u00e9lectriques \u00e0 Neuenstein\",\"datePublished\":\"2020-07-01T05:26:22+00:00\",\"dateModified\":\"2025-12-15T11:30:36+00:00\",\"mainEntityOfPage\":{\"@id\":\"https:\\\/\\\/loginfo24.com\\\/fr\\\/2020\\\/07\\\/01\\\/gls-installe-des-stations-de-recharge-pour-vehicules-electriques-a-neuenstein\\\/\"},\"wordCount\":330,\"commentCount\":0,\"publisher\":{\"@id\":\"https:\\\/\\\/loginfo24.com\\\/fr\\\/#organization\"},\"articleSection\":[\"Forwarding &amp; Logistics\",\"Intermodal \\\/ Road\",\"Regions\"],\"inLanguage\":\"fr-FR\",\"potentialAction\":[{\"@type\":\"CommentAction\",\"name\":\"Comment\",\"target\":[\"https:\\\/\\\/loginfo24.com\\\/fr\\\/2020\\\/07\\\/01\\\/gls-installe-des-stations-de-recharge-pour-vehicules-electriques-a-neuenstein\\\/#respond\"]}]},{\"@type\":\"WebPage\",\"@id\":\"https:\\\/\\\/loginfo24.com\\\/fr\\\/2020\\\/07\\\/01\\\/gls-installe-des-stations-de-recharge-pour-vehicules-electriques-a-neuenstein\\\/\",\"url\":\"https:\\\/\\\/loginfo24.com\\\/fr\\\/2020\\\/07\\\/01\\\/gls-installe-des-stations-de-recharge-pour-vehicules-electriques-a-neuenstein\\\/\",\"name\":\"GLS installe des stations de recharge pour v\u00e9hicules \u00e9lectriques \u00e0 Neuenstein - Loginfo24.\",\"isPartOf\":{\"@id\":\"https:\\\/\\\/loginfo24.com\\\/fr\\\/#website\"},\"datePublished\":\"2020-07-01T05:26:22+00:00\",\"dateModified\":\"2025-12-15T11:30:36+00:00\",\"breadcrumb\":{\"@id\":\"https:\\\/\\\/loginfo24.com\\\/fr\\\/2020\\\/07\\\/01\\\/gls-installe-des-stations-de-recharge-pour-vehicules-electriques-a-neuenstein\\\/#breadcrumb\"},\"inLanguage\":\"fr-FR\",\"potentialAction\":[{\"@type\":\"ReadAction\",\"target\":[\"https:\\\/\\\/loginfo24.com\\\/fr\\\/2020\\\/07\\\/01\\\/gls-installe-des-stations-de-recharge-pour-vehicules-electriques-a-neuenstein\\\/\"]}]},{\"@type\":\"BreadcrumbList\",\"@id\":\"https:\\\/\\\/loginfo24.com\\\/fr\\\/2020\\\/07\\\/01\\\/gls-installe-des-stations-de-recharge-pour-vehicules-electriques-a-neuenstein\\\/#breadcrumb\",\"itemListElement\":[{\"@type\":\"ListItem\",\"position\":1,\"name\":\"Startseite\",\"item\":\"https:\\\/\\\/loginfo24.com\\\/fr\\\/\"},{\"@type\":\"ListItem\",\"position\":2,\"name\":\"GLS installe des stations de recharge pour v\u00e9hicules \u00e9lectriques \u00e0 Neuenstein\"}]},{\"@type\":\"WebSite\",\"@id\":\"https:\\\/\\\/loginfo24.com\\\/fr\\\/#website\",\"url\":\"https:\\\/\\\/loginfo24.com\\\/fr\\\/\",\"name\":\"Loginfo24\",\"description\":\"Loginfo24 est la plateforme d\u00e9di\u00e9e \u00e0 la logistique et aux cha\u00eenes d&#039;approvisionnement qui fournit des informations 24 heures sur 24.\",\"publisher\":{\"@id\":\"https:\\\/\\\/loginfo24.com\\\/fr\\\/#organization\"},\"potentialAction\":[{\"@type\":\"SearchAction\",\"target\":{\"@type\":\"EntryPoint\",\"urlTemplate\":\"https:\\\/\\\/loginfo24.com\\\/fr\\\/?s={search_term_string}\"},\"query-input\":{\"@type\":\"PropertyValueSpecification\",\"valueRequired\":true,\"valueName\":\"search_term_string\"}}],\"inLanguage\":\"fr-FR\"},{\"@type\":\"Organization\",\"@id\":\"https:\\\/\\\/loginfo24.com\\\/fr\\\/#organization\",\"name\":\"Groupe Logismedia AG\",\"url\":\"https:\\\/\\\/loginfo24.com\\\/fr\\\/\",\"logo\":{\"@type\":\"ImageObject\",\"inLanguage\":\"fr-FR\",\"@id\":\"https:\\\/\\\/loginfo24.com\\\/fr\\\/#\\\/schema\\\/logo\\\/image\\\/\",\"url\":\"https:\\\/\\\/loginfo24.com\\\/wp-content\\\/uploads\\\/sites\\\/7\\\/2026\\\/01\\\/Logo_LogInfo24.png\",\"contentUrl\":\"https:\\\/\\\/loginfo24.com\\\/wp-content\\\/uploads\\\/sites\\\/7\\\/2026\\\/01\\\/Logo_LogInfo24.png\",\"width\":938,\"height\":351,\"caption\":\"Groupe Logismedia AG\"},\"image\":{\"@id\":\"https:\\\/\\\/loginfo24.com\\\/fr\\\/#\\\/schema\\\/logo\\\/image\\\/\"},\"sameAs\":[\"https:\\\/\\\/www.facebook.com\\\/people\\\/Loginfo24\\\/100057360583332\\\/\",\"https:\\\/\\\/www.linkedin.com\\\/company\\\/lofinfo24\\\/\"]}]}<\/script>\n<!-- \/ Yoast SEO plugin. -->","yoast_head_json":{"title":"GLS installe des stations de recharge pour v\u00e9hicules \u00e9lectriques \u00e0 Neuenstein - Loginfo24.","robots":{"index":"index","follow":"follow","max-snippet":"max-snippet:-1","max-image-preview":"max-image-preview:large","max-video-preview":"max-video-preview:-1"},"canonical":"https:\/\/loginfo24.com\/fr\/2020\/07\/01\/gls-installe-des-stations-de-recharge-pour-vehicules-electriques-a-neuenstein\/","og_locale":"fr_FR","og_type":"article","og_title":"GLS installe des stations de recharge pour v\u00e9hicules \u00e9lectriques \u00e0 Neuenstein - Loginfo24.","og_description":"Le prestataire de services de colis GLS Germany a install\u00e9 quatre stations de recharge pour v\u00e9hicules \u00e9lectriques avec un total de sept points de charge dans [\u2026]","og_url":"https:\/\/loginfo24.com\/fr\/2020\/07\/01\/gls-installe-des-stations-de-recharge-pour-vehicules-electriques-a-neuenstein\/","og_site_name":"Loginfo24","article_publisher":"https:\/\/www.facebook.com\/people\/Loginfo24\/100057360583332\/","article_published_time":"2020-07-01T05:26:22+00:00","article_modified_time":"2025-12-15T11:30:36+00:00","twitter_card":"summary_large_image","twitter_misc":{"Dur\u00e9e de lecture estim\u00e9e":"2 minutes"},"schema":{"@context":"https:\/\/schema.org","@graph":[{"@type":"Article","@id":"https:\/\/loginfo24.com\/fr\/2020\/07\/01\/gls-installe-des-stations-de-recharge-pour-vehicules-electriques-a-neuenstein\/#article","isPartOf":{"@id":"https:\/\/loginfo24.com\/fr\/2020\/07\/01\/gls-installe-des-stations-de-recharge-pour-vehicules-electriques-a-neuenstein\/"},"author":{"name":"","@id":""},"headline":"GLS installe des stations de recharge pour v\u00e9hicules \u00e9lectriques \u00e0 Neuenstein","datePublished":"2020-07-01T05:26:22+00:00","dateModified":"2025-12-15T11:30:36+00:00","mainEntityOfPage":{"@id":"https:\/\/loginfo24.com\/fr\/2020\/07\/01\/gls-installe-des-stations-de-recharge-pour-vehicules-electriques-a-neuenstein\/"},"wordCount":330,"commentCount":0,"publisher":{"@id":"https:\/\/loginfo24.com\/fr\/#organization"},"articleSection":["Forwarding &amp; Logistics","Intermodal \/ Road","Regions"],"inLanguage":"fr-FR","potentialAction":[{"@type":"CommentAction","name":"Comment","target":["https:\/\/loginfo24.com\/fr\/2020\/07\/01\/gls-installe-des-stations-de-recharge-pour-vehicules-electriques-a-neuenstein\/#respond"]}]},{"@type":"WebPage","@id":"https:\/\/loginfo24.com\/fr\/2020\/07\/01\/gls-installe-des-stations-de-recharge-pour-vehicules-electriques-a-neuenstein\/","url":"https:\/\/loginfo24.com\/fr\/2020\/07\/01\/gls-installe-des-stations-de-recharge-pour-vehicules-electriques-a-neuenstein\/","name":"GLS installe des stations de recharge pour v\u00e9hicules \u00e9lectriques \u00e0 Neuenstein - Loginfo24.","isPartOf":{"@id":"https:\/\/loginfo24.com\/fr\/#website"},"datePublished":"2020-07-01T05:26:22+00:00","dateModified":"2025-12-15T11:30:36+00:00","breadcrumb":{"@id":"https:\/\/loginfo24.com\/fr\/2020\/07\/01\/gls-installe-des-stations-de-recharge-pour-vehicules-electriques-a-neuenstein\/#breadcrumb"},"inLanguage":"fr-FR","potentialAction":[{"@type":"ReadAction","target":["https:\/\/loginfo24.com\/fr\/2020\/07\/01\/gls-installe-des-stations-de-recharge-pour-vehicules-electriques-a-neuenstein\/"]}]},{"@type":"BreadcrumbList","@id":"https:\/\/loginfo24.com\/fr\/2020\/07\/01\/gls-installe-des-stations-de-recharge-pour-vehicules-electriques-a-neuenstein\/#breadcrumb","itemListElement":[{"@type":"ListItem","position":1,"name":"Startseite","item":"https:\/\/loginfo24.com\/fr\/"},{"@type":"ListItem","position":2,"name":"GLS installe des stations de recharge pour v\u00e9hicules \u00e9lectriques \u00e0 Neuenstein"}]},{"@type":"WebSite","@id":"https:\/\/loginfo24.com\/fr\/#website","url":"https:\/\/loginfo24.com\/fr\/","name":"Loginfo24","description":"Loginfo24 est la plateforme d\u00e9di\u00e9e \u00e0 la logistique et aux cha\u00eenes d&#039;approvisionnement qui fournit des informations 24 heures sur 24.","publisher":{"@id":"https:\/\/loginfo24.com\/fr\/#organization"},"potentialAction":[{"@type":"SearchAction","target":{"@type":"EntryPoint","urlTemplate":"https:\/\/loginfo24.com\/fr\/?s={search_term_string}"},"query-input":{"@type":"PropertyValueSpecification","valueRequired":true,"valueName":"search_term_string"}}],"inLanguage":"fr-FR"},{"@type":"Organization","@id":"https:\/\/loginfo24.com\/fr\/#organization","name":"Groupe Logismedia AG","url":"https:\/\/loginfo24.com\/fr\/","logo":{"@type":"ImageObject","inLanguage":"fr-FR","@id":"https:\/\/loginfo24.com\/fr\/#\/schema\/logo\/image\/","url":"https:\/\/loginfo24.com\/wp-content\/uploads\/sites\/7\/2026\/01\/Logo_LogInfo24.png","contentUrl":"https:\/\/loginfo24.com\/wp-content\/uploads\/sites\/7\/2026\/01\/Logo_LogInfo24.png","width":938,"height":351,"caption":"Groupe Logismedia AG"},"image":{"@id":"https:\/\/loginfo24.com\/fr\/#\/schema\/logo\/image\/"},"sameAs":["https:\/\/www.facebook.com\/people\/Loginfo24\/100057360583332\/","https:\/\/www.linkedin.com\/company\/lofinfo24\/"]}]}},"_links":{"self":[{"href":"https:\/\/loginfo24.com\/fr\/wp-json\/wp\/v2\/posts\/18262","targetHints":{"allow":["GET"]}}],"collection":[{"href":"https:\/\/loginfo24.com\/fr\/wp-json\/wp\/v2\/posts"}],"about":[{"href":"https:\/\/loginfo24.com\/fr\/wp-json\/wp\/v2\/types\/post"}],"replies":[{"embeddable":true,"href":"https:\/\/loginfo24.com\/fr\/wp-json\/wp\/v2\/comments?post=18262"}],"version-history":[{"count":1,"href":"https:\/\/loginfo24.com\/fr\/wp-json\/wp\/v2\/posts\/18262\/revisions"}],"predecessor-version":[{"id":32860,"href":"https:\/\/loginfo24.com\/fr\/wp-json\/wp\/v2\/posts\/18262\/revisions\/32860"}],"wp:attachment":[{"href":"https:\/\/loginfo24.com\/fr\/wp-json\/wp\/v2\/media?parent=18262"}],"wp:term":[{"taxonomy":"category","embeddable":true,"href":"https:\/\/loginfo24.com\/fr\/wp-json\/wp\/v2\/categories?post=18262"},{"taxonomy":"post_tag","embeddable":true,"href":"https:\/\/loginfo24.com\/fr\/wp-json\/wp\/v2\/tags?post=18262"}],"curies":[{"name":"wp","href":"https:\/\/api.w.org\/{rel}","templated":true}]}}