{"id":18256,"date":"2020-07-01T07:15:47","date_gmt":"2020-07-01T05:15:47","guid":{"rendered":"https:\/\/blog.brand-architecture.at\/2020\/07\/01\/portrait-logistique-du-jour-arja-yousefi\/"},"modified":"2025-12-15T12:30:35","modified_gmt":"2025-12-15T11:30:35","slug":"portrait-logistique-du-jour-arja-yousefi","status":"publish","type":"post","link":"https:\/\/loginfo24.com\/fr\/2020\/07\/01\/portrait-logistique-du-jour-arja-yousefi\/","title":{"rendered":"Portrait logistique du jour : Arja Yousefi"},"content":{"rendered":"<p>Dans le portrait du jour, des personnes de tous horizons, secteurs et niveaux de la logistique se pr\u00e9sentent. En quelques mots, elles d\u00e9crivent pourquoi leur activit\u00e9 dans cette branche vari\u00e9e leur pla\u00eet.<\/p>\n<h3>Aujourd&rsquo;hui : Arja Yousefi, Heliot Group, Zurich\/Suisse<\/h3>\n<p>&nbsp;<\/p>\n<table>\n<tbody>\n<tr>\n<td colspan=\"2\" width=\"605\">\n<h5><strong>Mon activit\u00e9 dans la logistique<\/strong><\/h5>\n<p>Responsable des ventes&nbsp;<\/td>\n<\/tr>\n<tr>\n<td width=\"212\"><strong>Pr\u00e9nom\/Nom : <\/strong><\/td>\n<td width=\"392\">Arja Yousefi<\/td>\n<\/tr>\n<tr>\n<td width=\"212\"><strong>Ann\u00e9e de naissance :<\/strong><\/td>\n<td width=\"392\">1987<\/td>\n<\/tr>\n<tr>\n<td width=\"212\"><strong>Entreprise : <\/strong><\/td>\n<td width=\"392\">Heliot Group<\/td>\n<\/tr>\n<tr>\n<td width=\"212\"><strong>Pays : <\/strong><\/td>\n<td width=\"392\">Suisse<\/td>\n<\/tr>\n<tr>\n<td width=\"212\"><strong>Fonction : <\/strong><\/td>\n<td width=\"392\">Responsable des ventes<\/td>\n<\/tr>\n<tr>\n<td width=\"212\"><strong>Dans la logistique depuis : <\/strong><\/td>\n<td width=\"392\">2007<\/td>\n<\/tr>\n<tr>\n<td width=\"212\"><strong>Formation : <\/strong><strong> <\/strong><\/td>\n<td width=\"392\">Dipl\u00f4m\u00e9 f\u00e9d\u00e9ral en commerce de transport<br \/>Dipl\u00f4m\u00e9 f\u00e9d\u00e9ral en marketing (d\u00e9but 2020)<\/td>\n<\/tr>\n<tr>\n<td width=\"212\"><strong>Site web : <\/strong><\/td>\n<td width=\"392\"><a href=\"https:\/\/www.heliotgroup.com\/de\" target=\"_blank\" rel=\"noopener noreferrer\">https:\/\/www.heliotgroup.com\/de<\/a><\/td>\n<\/tr>\n<tr>\n<td width=\"212\"><strong>Profil LinkedIn :<\/strong><\/td>\n<td width=\"392\"><a href=\"https:\/\/www.linkedin.com\/in\/arja-yousefi-961016148\/\" target=\"_blank\" rel=\"noopener noreferrer\">https:\/\/www.linkedin.com\/in\/arja-yousefi-961016148\/<\/a><\/td>\n<\/tr>\n<tr>\n<td colspan=\"2\" width=\"605\">\n<h5><strong>Ce que j&rsquo;aime dans mon travail et dans la logistique :<\/strong><\/h5>\n<p>Depuis longtemps, je suis fascin\u00e9 par les processus complexes des flux de marchandises \u00e0 l&rsquo;\u00e9chelle mondiale, les \u00e9changes internationaux avec les parties prenantes impliqu\u00e9es ainsi que la pens\u00e9e proactive n\u00e9cessaire \u00e0 cela.<\/p>\n<p>D\u00e9j\u00e0 durant ma formation, j&rsquo;ai eu le privil\u00e8ge de travailler dans le d\u00e9partement des Services sp\u00e9ciaux &amp; Projets \u00e0 l&rsquo;\u00e9tranger. Cela m&rsquo;a permis de mettre \u00e0 l&rsquo;\u00e9preuve l&rsquo;ensemble de mes connaissances acquises et de prendre tr\u00e8s t\u00f4t une grande part de responsabilit\u00e9. Cela a eu un impact durable sur mon parcours professionnel et personnel. \u00catre transitaire, c&rsquo;est pour moi agir en tant qu&rsquo;\u00ab architecte \u00bb du transport, travailler de mani\u00e8re orient\u00e9e client et solution, combiner pens\u00e9e analytique et assurance en n\u00e9gociation pour rendre les processus de transport plus efficaces. Gr\u00e2ce \u00e0 mon m\u00e9tier actuel de Responsable des ventes au sein de la soci\u00e9t\u00e9 Heliot Group, qui op\u00e8re dans l&rsquo;industrie de l&rsquo;\u00ab internet des objets \u00bb, je suis en mesure de rendre ces processus plus transparents, efficaces et donc plus durables pour les entreprises de transport et les fournisseurs.<\/p>\n<p>Mon changement de secteur est motiv\u00e9 par ma conviction que l&rsquo;avenir de la logistique de transport r\u00e9side dans sa num\u00e9risation et sa technisation. Apr\u00e8s tout, le potentiel de la logistique ne sera pleinement exploit\u00e9 que si les m\u00e9thodes de travail existantes sont repens\u00e9es.&nbsp;&nbsp;<\/td>\n<\/tr>\n<\/tbody>\n<\/table>\n","protected":false},"excerpt":{"rendered":"<p>Dans le portrait du jour, des personnes de tous horizons, secteurs et niveaux de la logistique se pr\u00e9sentent. En quelques mots, elles d\u00e9crivent pourquoi leur activit\u00e9<span class=\"excerpt-hellip\"> [\u2026]<\/span><\/p>\n","protected":false},"author":0,"featured_media":0,"comment_status":"open","ping_status":"open","sticky":false,"template":"","format":"standard","meta":{"_acf_changed":false,"footnotes":""},"categories":[1665,1557,1561],"tags":[],"class_list":["post-18256","post","type-post","status-publish","format-standard","hentry","category-categories","category-forwarding-logistics","category-regions"],"acf":[],"yoast_head":"<!-- This site is optimized with the Yoast SEO plugin v27.3 - https:\/\/yoast.com\/product\/yoast-seo-wordpress\/ -->\n<title>Portrait logistique du jour : Arja Yousefi - Loginfo24.<\/title>\n<meta name=\"robots\" content=\"index, follow, max-snippet:-1, max-image-preview:large, max-video-preview:-1\" \/>\n<link rel=\"canonical\" href=\"https:\/\/loginfo24.com\/fr\/2020\/07\/01\/portrait-logistique-du-jour-arja-yousefi\/\" \/>\n<meta property=\"og:locale\" content=\"fr_FR\" \/>\n<meta property=\"og:type\" content=\"article\" \/>\n<meta property=\"og:title\" content=\"Portrait logistique du jour : Arja Yousefi - Loginfo24.\" \/>\n<meta property=\"og:description\" content=\"Dans le portrait du jour, des personnes de tous horizons, secteurs et niveaux de la logistique se pr\u00e9sentent. En quelques mots, elles d\u00e9crivent pourquoi leur activit\u00e9 [\u2026]\" \/>\n<meta property=\"og:url\" content=\"https:\/\/loginfo24.com\/fr\/2020\/07\/01\/portrait-logistique-du-jour-arja-yousefi\/\" \/>\n<meta property=\"og:site_name\" content=\"Loginfo24\" \/>\n<meta property=\"article:publisher\" content=\"https:\/\/www.facebook.com\/people\/Loginfo24\/100057360583332\/\" \/>\n<meta property=\"article:published_time\" content=\"2020-07-01T05:15:47+00:00\" \/>\n<meta property=\"article:modified_time\" content=\"2025-12-15T11:30:35+00:00\" \/>\n<meta name=\"twitter:card\" content=\"summary_large_image\" \/>\n<meta name=\"twitter:label1\" content=\"Dur\u00e9e de lecture estim\u00e9e\" \/>\n\t<meta name=\"twitter:data1\" content=\"2 minutes\" \/>\n<script type=\"application\/ld+json\" class=\"yoast-schema-graph\">{\"@context\":\"https:\\\/\\\/schema.org\",\"@graph\":[{\"@type\":\"Article\",\"@id\":\"https:\\\/\\\/loginfo24.com\\\/fr\\\/2020\\\/07\\\/01\\\/portrait-logistique-du-jour-arja-yousefi\\\/#article\",\"isPartOf\":{\"@id\":\"https:\\\/\\\/loginfo24.com\\\/fr\\\/2020\\\/07\\\/01\\\/portrait-logistique-du-jour-arja-yousefi\\\/\"},\"author\":{\"name\":\"\",\"@id\":\"\"},\"headline\":\"Portrait logistique du jour : Arja Yousefi\",\"datePublished\":\"2020-07-01T05:15:47+00:00\",\"dateModified\":\"2025-12-15T11:30:35+00:00\",\"mainEntityOfPage\":{\"@id\":\"https:\\\/\\\/loginfo24.com\\\/fr\\\/2020\\\/07\\\/01\\\/portrait-logistique-du-jour-arja-yousefi\\\/\"},\"wordCount\":365,\"commentCount\":0,\"publisher\":{\"@id\":\"https:\\\/\\\/loginfo24.com\\\/fr\\\/#organization\"},\"articleSection\":[\"Categories\",\"Forwarding &amp; Logistics\",\"Regions\"],\"inLanguage\":\"fr-FR\",\"potentialAction\":[{\"@type\":\"CommentAction\",\"name\":\"Comment\",\"target\":[\"https:\\\/\\\/loginfo24.com\\\/fr\\\/2020\\\/07\\\/01\\\/portrait-logistique-du-jour-arja-yousefi\\\/#respond\"]}]},{\"@type\":\"WebPage\",\"@id\":\"https:\\\/\\\/loginfo24.com\\\/fr\\\/2020\\\/07\\\/01\\\/portrait-logistique-du-jour-arja-yousefi\\\/\",\"url\":\"https:\\\/\\\/loginfo24.com\\\/fr\\\/2020\\\/07\\\/01\\\/portrait-logistique-du-jour-arja-yousefi\\\/\",\"name\":\"Portrait logistique du jour : Arja Yousefi - Loginfo24.\",\"isPartOf\":{\"@id\":\"https:\\\/\\\/loginfo24.com\\\/fr\\\/#website\"},\"datePublished\":\"2020-07-01T05:15:47+00:00\",\"dateModified\":\"2025-12-15T11:30:35+00:00\",\"breadcrumb\":{\"@id\":\"https:\\\/\\\/loginfo24.com\\\/fr\\\/2020\\\/07\\\/01\\\/portrait-logistique-du-jour-arja-yousefi\\\/#breadcrumb\"},\"inLanguage\":\"fr-FR\",\"potentialAction\":[{\"@type\":\"ReadAction\",\"target\":[\"https:\\\/\\\/loginfo24.com\\\/fr\\\/2020\\\/07\\\/01\\\/portrait-logistique-du-jour-arja-yousefi\\\/\"]}]},{\"@type\":\"BreadcrumbList\",\"@id\":\"https:\\\/\\\/loginfo24.com\\\/fr\\\/2020\\\/07\\\/01\\\/portrait-logistique-du-jour-arja-yousefi\\\/#breadcrumb\",\"itemListElement\":[{\"@type\":\"ListItem\",\"position\":1,\"name\":\"Startseite\",\"item\":\"https:\\\/\\\/loginfo24.com\\\/fr\\\/\"},{\"@type\":\"ListItem\",\"position\":2,\"name\":\"Portrait logistique du jour : Arja Yousefi\"}]},{\"@type\":\"WebSite\",\"@id\":\"https:\\\/\\\/loginfo24.com\\\/fr\\\/#website\",\"url\":\"https:\\\/\\\/loginfo24.com\\\/fr\\\/\",\"name\":\"Loginfo24\",\"description\":\"Loginfo24 est la plateforme d\u00e9di\u00e9e \u00e0 la logistique et aux cha\u00eenes d&#039;approvisionnement qui fournit des informations 24 heures sur 24.\",\"publisher\":{\"@id\":\"https:\\\/\\\/loginfo24.com\\\/fr\\\/#organization\"},\"potentialAction\":[{\"@type\":\"SearchAction\",\"target\":{\"@type\":\"EntryPoint\",\"urlTemplate\":\"https:\\\/\\\/loginfo24.com\\\/fr\\\/?s={search_term_string}\"},\"query-input\":{\"@type\":\"PropertyValueSpecification\",\"valueRequired\":true,\"valueName\":\"search_term_string\"}}],\"inLanguage\":\"fr-FR\"},{\"@type\":\"Organization\",\"@id\":\"https:\\\/\\\/loginfo24.com\\\/fr\\\/#organization\",\"name\":\"Groupe Logismedia AG\",\"url\":\"https:\\\/\\\/loginfo24.com\\\/fr\\\/\",\"logo\":{\"@type\":\"ImageObject\",\"inLanguage\":\"fr-FR\",\"@id\":\"https:\\\/\\\/loginfo24.com\\\/fr\\\/#\\\/schema\\\/logo\\\/image\\\/\",\"url\":\"https:\\\/\\\/loginfo24.com\\\/wp-content\\\/uploads\\\/sites\\\/7\\\/2026\\\/01\\\/Logo_LogInfo24.png\",\"contentUrl\":\"https:\\\/\\\/loginfo24.com\\\/wp-content\\\/uploads\\\/sites\\\/7\\\/2026\\\/01\\\/Logo_LogInfo24.png\",\"width\":938,\"height\":351,\"caption\":\"Groupe Logismedia AG\"},\"image\":{\"@id\":\"https:\\\/\\\/loginfo24.com\\\/fr\\\/#\\\/schema\\\/logo\\\/image\\\/\"},\"sameAs\":[\"https:\\\/\\\/www.facebook.com\\\/people\\\/Loginfo24\\\/100057360583332\\\/\",\"https:\\\/\\\/www.linkedin.com\\\/company\\\/lofinfo24\\\/\"]}]}<\/script>\n<!-- \/ Yoast SEO plugin. -->","yoast_head_json":{"title":"Portrait logistique du jour : Arja Yousefi - Loginfo24.","robots":{"index":"index","follow":"follow","max-snippet":"max-snippet:-1","max-image-preview":"max-image-preview:large","max-video-preview":"max-video-preview:-1"},"canonical":"https:\/\/loginfo24.com\/fr\/2020\/07\/01\/portrait-logistique-du-jour-arja-yousefi\/","og_locale":"fr_FR","og_type":"article","og_title":"Portrait logistique du jour : Arja Yousefi - Loginfo24.","og_description":"Dans le portrait du jour, des personnes de tous horizons, secteurs et niveaux de la logistique se pr\u00e9sentent. En quelques mots, elles d\u00e9crivent pourquoi leur activit\u00e9 [\u2026]","og_url":"https:\/\/loginfo24.com\/fr\/2020\/07\/01\/portrait-logistique-du-jour-arja-yousefi\/","og_site_name":"Loginfo24","article_publisher":"https:\/\/www.facebook.com\/people\/Loginfo24\/100057360583332\/","article_published_time":"2020-07-01T05:15:47+00:00","article_modified_time":"2025-12-15T11:30:35+00:00","twitter_card":"summary_large_image","twitter_misc":{"Dur\u00e9e de lecture estim\u00e9e":"2 minutes"},"schema":{"@context":"https:\/\/schema.org","@graph":[{"@type":"Article","@id":"https:\/\/loginfo24.com\/fr\/2020\/07\/01\/portrait-logistique-du-jour-arja-yousefi\/#article","isPartOf":{"@id":"https:\/\/loginfo24.com\/fr\/2020\/07\/01\/portrait-logistique-du-jour-arja-yousefi\/"},"author":{"name":"","@id":""},"headline":"Portrait logistique du jour : Arja Yousefi","datePublished":"2020-07-01T05:15:47+00:00","dateModified":"2025-12-15T11:30:35+00:00","mainEntityOfPage":{"@id":"https:\/\/loginfo24.com\/fr\/2020\/07\/01\/portrait-logistique-du-jour-arja-yousefi\/"},"wordCount":365,"commentCount":0,"publisher":{"@id":"https:\/\/loginfo24.com\/fr\/#organization"},"articleSection":["Categories","Forwarding &amp; Logistics","Regions"],"inLanguage":"fr-FR","potentialAction":[{"@type":"CommentAction","name":"Comment","target":["https:\/\/loginfo24.com\/fr\/2020\/07\/01\/portrait-logistique-du-jour-arja-yousefi\/#respond"]}]},{"@type":"WebPage","@id":"https:\/\/loginfo24.com\/fr\/2020\/07\/01\/portrait-logistique-du-jour-arja-yousefi\/","url":"https:\/\/loginfo24.com\/fr\/2020\/07\/01\/portrait-logistique-du-jour-arja-yousefi\/","name":"Portrait logistique du jour : Arja Yousefi - Loginfo24.","isPartOf":{"@id":"https:\/\/loginfo24.com\/fr\/#website"},"datePublished":"2020-07-01T05:15:47+00:00","dateModified":"2025-12-15T11:30:35+00:00","breadcrumb":{"@id":"https:\/\/loginfo24.com\/fr\/2020\/07\/01\/portrait-logistique-du-jour-arja-yousefi\/#breadcrumb"},"inLanguage":"fr-FR","potentialAction":[{"@type":"ReadAction","target":["https:\/\/loginfo24.com\/fr\/2020\/07\/01\/portrait-logistique-du-jour-arja-yousefi\/"]}]},{"@type":"BreadcrumbList","@id":"https:\/\/loginfo24.com\/fr\/2020\/07\/01\/portrait-logistique-du-jour-arja-yousefi\/#breadcrumb","itemListElement":[{"@type":"ListItem","position":1,"name":"Startseite","item":"https:\/\/loginfo24.com\/fr\/"},{"@type":"ListItem","position":2,"name":"Portrait logistique du jour : Arja Yousefi"}]},{"@type":"WebSite","@id":"https:\/\/loginfo24.com\/fr\/#website","url":"https:\/\/loginfo24.com\/fr\/","name":"Loginfo24","description":"Loginfo24 est la plateforme d\u00e9di\u00e9e \u00e0 la logistique et aux cha\u00eenes d&#039;approvisionnement qui fournit des informations 24 heures sur 24.","publisher":{"@id":"https:\/\/loginfo24.com\/fr\/#organization"},"potentialAction":[{"@type":"SearchAction","target":{"@type":"EntryPoint","urlTemplate":"https:\/\/loginfo24.com\/fr\/?s={search_term_string}"},"query-input":{"@type":"PropertyValueSpecification","valueRequired":true,"valueName":"search_term_string"}}],"inLanguage":"fr-FR"},{"@type":"Organization","@id":"https:\/\/loginfo24.com\/fr\/#organization","name":"Groupe Logismedia AG","url":"https:\/\/loginfo24.com\/fr\/","logo":{"@type":"ImageObject","inLanguage":"fr-FR","@id":"https:\/\/loginfo24.com\/fr\/#\/schema\/logo\/image\/","url":"https:\/\/loginfo24.com\/wp-content\/uploads\/sites\/7\/2026\/01\/Logo_LogInfo24.png","contentUrl":"https:\/\/loginfo24.com\/wp-content\/uploads\/sites\/7\/2026\/01\/Logo_LogInfo24.png","width":938,"height":351,"caption":"Groupe Logismedia AG"},"image":{"@id":"https:\/\/loginfo24.com\/fr\/#\/schema\/logo\/image\/"},"sameAs":["https:\/\/www.facebook.com\/people\/Loginfo24\/100057360583332\/","https:\/\/www.linkedin.com\/company\/lofinfo24\/"]}]}},"_links":{"self":[{"href":"https:\/\/loginfo24.com\/fr\/wp-json\/wp\/v2\/posts\/18256","targetHints":{"allow":["GET"]}}],"collection":[{"href":"https:\/\/loginfo24.com\/fr\/wp-json\/wp\/v2\/posts"}],"about":[{"href":"https:\/\/loginfo24.com\/fr\/wp-json\/wp\/v2\/types\/post"}],"replies":[{"embeddable":true,"href":"https:\/\/loginfo24.com\/fr\/wp-json\/wp\/v2\/comments?post=18256"}],"version-history":[{"count":1,"href":"https:\/\/loginfo24.com\/fr\/wp-json\/wp\/v2\/posts\/18256\/revisions"}],"predecessor-version":[{"id":32848,"href":"https:\/\/loginfo24.com\/fr\/wp-json\/wp\/v2\/posts\/18256\/revisions\/32848"}],"wp:attachment":[{"href":"https:\/\/loginfo24.com\/fr\/wp-json\/wp\/v2\/media?parent=18256"}],"wp:term":[{"taxonomy":"category","embeddable":true,"href":"https:\/\/loginfo24.com\/fr\/wp-json\/wp\/v2\/categories?post=18256"},{"taxonomy":"post_tag","embeddable":true,"href":"https:\/\/loginfo24.com\/fr\/wp-json\/wp\/v2\/tags?post=18256"}],"curies":[{"name":"wp","href":"https:\/\/api.w.org\/{rel}","templated":true}]}}