{"id":18173,"date":"2020-06-26T08:20:39","date_gmt":"2020-06-26T06:20:39","guid":{"rendered":"https:\/\/blog.brand-architecture.at\/2020\/06\/26\/bremenports-vise-a-atteindre-la-neutralite-climatique-dici-fin-2023\/"},"modified":"2025-12-15T12:30:15","modified_gmt":"2025-12-15T11:30:15","slug":"bremenports-vise-a-atteindre-la-neutralite-climatique-dici-fin-2023","status":"publish","type":"post","link":"https:\/\/loginfo24.com\/fr\/2020\/06\/26\/bremenports-vise-a-atteindre-la-neutralite-climatique-dici-fin-2023\/","title":{"rendered":"bremenports vise \u00e0 atteindre la neutralit\u00e9 climatique d&rsquo;ici fin 2023"},"content":{"rendered":"<p>bremenports a des objectifs ambitieux en mati\u00e8re d&rsquo;environnement et souhaite atteindre la neutralit\u00e9 climatique pour l&rsquo;ensemble de l&rsquo;infrastructure portuaire d&rsquo;ici fin 2023. D\u00e8s 2009, bremenports a \u00e9labor\u00e9 une strat\u00e9gie de durabilit\u00e9 avec greenports, en tant que premi\u00e8re entreprise du secteur portuaire allemand.<\/p>\n<p>(Br\u00eame) Ce qui sera de toute fa\u00e7on obligatoire pour tous d&rsquo;ici 2050 selon le Green Deal europ\u00e9en, bremenports souhaite l&rsquo;atteindre en un peu plus de deux ans : d&rsquo;ici fin 2023, l&rsquo;ensemble de l&rsquo;infrastructure portuaire doit \u00eatre compl\u00e8tement neutre en CO2. <\/p>\n<p>La protection de l&rsquo;environnement et du climat est en t\u00eate de l&rsquo;agenda des ports de Br\u00eame depuis plus d&rsquo;une d\u00e9cennie. D\u00e8s 2009, la soci\u00e9t\u00e9 de gestion portuaire a \u00e9labor\u00e9 une strat\u00e9gie de durabilit\u00e9 avec \u00ab\u00a0greenports\u00a0\u00bb, en tant que premi\u00e8re entreprise du secteur portuaire allemand. \u00ab\u00a0C&rsquo;\u00e9tait une pr\u00e9occupation de c\u0153ur pour la direction\u00a0\u00bb, rapporte Uwe von Bargen, directeur des affaires environnementales et de durabilit\u00e9 chez bremenports. Un des changements fondamentaux dans ce contexte a d&rsquo;abord \u00e9t\u00e9 de mettre en place les structures n\u00e9cessaires pour permettre des \u00e9conomies d&rsquo;\u00e9nergie. \u00ab\u00a0Pendant de nombreuses ann\u00e9es, les investissements et les d\u00e9penses ont \u00e9t\u00e9 exclusivement g\u00e9r\u00e9s financi\u00e8rement\u00a0\u00bb, explique von Bargen. \u00ab\u00a0Il fallait d&rsquo;abord ancrer dans l&rsquo;entreprise que les consid\u00e9rations de protection de l&rsquo;environnement devaient \u00e9galement jouer un r\u00f4le dans les d\u00e9cisions.\u00a0\u00bb<\/p>\n<p>Une fois que la dynamique a \u00e9t\u00e9 lanc\u00e9e, d&rsquo;autres jalons ont rapidement suivi : depuis 2010, la gestion environnementale a \u00e9t\u00e9 mise en place et deux ans plus tard, la gestion de la durabilit\u00e9. \u00c0 partir de 2015, il existe \u00e9galement une gestion de l&rsquo;\u00e9nergie et la m\u00eame ann\u00e9e, bremenports a \u00e9t\u00e9 certifi\u00e9 pour la premi\u00e8re fois selon la norme environnementale DIN ISO 50001. \u00ab\u00a0Nous avons notamment \u00e9labor\u00e9 un plan d&rsquo;action pour une utilisation durable et \u00e9conome en ressources de l&rsquo;\u00e9nergie, augment\u00e9 la part d&rsquo;\u00e9lectricit\u00e9 renouvelable \u00e0 plus de 90 % et \u00e9quip\u00e9 les m\u00e2ts d&rsquo;\u00e9clairage du chemin de fer portuaire de la technologie LED la plus r\u00e9cente\u00a0\u00bb, r\u00e9sume von Bargen les r\u00e9alisations. Et dans d&rsquo;autres domaines, les mesures dans le cadre de greenports portent d\u00e9j\u00e0 leurs fruits : les s\u00e9diments extraits des ports ont \u00e9t\u00e9 consid\u00e9rablement r\u00e9duits et avec la Luneplate, une zone de protection de la nature d&rsquo;importance europ\u00e9enne a \u00e9t\u00e9 cr\u00e9\u00e9e, qui est reconnue et r\u00e9compens\u00e9e dans le monde entier.<\/p>\n<h5><strong>Les \u00e9missions ont diminu\u00e9 de 70 %<\/strong><\/h5>\n<p>Au cours des huit derni\u00e8res ann\u00e9es, le bilan climatique des ports de Br\u00eame s&rsquo;est \u00e9galement am\u00e9lior\u00e9 de mani\u00e8re significative : par rapport \u00e0 l&rsquo;ann\u00e9e 2011 avec plus de 7 000 tonnes de CO2, les \u00e9missions ont pu \u00eatre r\u00e9duites de plus de 70 % l&rsquo;ann\u00e9e derni\u00e8re. Rien qu&rsquo;en 2013, 100 tonnes de celles-ci sont d\u00e9j\u00e0 \u00e9conomis\u00e9es chaque ann\u00e9e gr\u00e2ce \u00e0 la compensation des voyages en avion et des d\u00e9placements professionnels. \u00ab\u00a0Nous allons clairement au-del\u00e0 de l&rsquo;ordinaire\u00a0\u00bb, souligne von Bargen. Au total, les \u00e9missions de CO2 de la soci\u00e9t\u00e9 de gestion portuaire ont d\u00e9j\u00e0 \u00e9t\u00e9 neutralis\u00e9es depuis 2013.<\/p>\n<p>Des efforts sont \u00e9galement en cours pour atteindre le prochain objectif : d&rsquo;ici fin 2023, l&rsquo;infrastructure portuaire doit \u00e9galement \u00eatre enti\u00e8rement con\u00e7ue pour \u00eatre neutre en CO2. Cela inclut les \u00e9missions des grands consommateurs d&rsquo;\u00e9nergie tels que le chemin de fer portuaire, les \u00e9cluses et les ateliers, ainsi que la flotte et le parc automobile de bremenports. \u00ab\u00a0En particulier, la transition vers l&rsquo;\u00e9lectricit\u00e9 verte et l&rsquo;\u00e9lectrification progressive ont d\u00e9j\u00e0 consid\u00e9rablement am\u00e9lior\u00e9 l&#8217;empreinte carbone ici\u00a0\u00bb, explique von Bargen.<\/p>\n<p>En d\u00e9tail, cela est cependant exigeant : comment par exemple moderniser une barge \u00e0 clapet vieille de 50 ans ? \u00ab\u00a0Aucun fabricant de moteurs ne vous le dira\u00a0\u00bb, souligne von Bargen. \u00ab\u00a0C&rsquo;est pourquoi nous avons essay\u00e9 le gaz en liquides, c&rsquo;est-\u00e0-dire le carburant GTL, et avons d\u00e9j\u00e0 eu des exp\u00e9riences positives avec cela.\u00a0\u00bb En plus des v\u00e9hicules \u00e9lectriques d\u00e9j\u00e0 utilis\u00e9s, bremenports aimerait \u00e9galement avoir des v\u00e9hicules \u00e0 hydrog\u00e8ne. \u00ab\u00a0Cela a d\u00e9j\u00e0 \u00e9t\u00e9 d\u00e9cid\u00e9 en interne il y a trois ans, mais malheureusement, ces voitures sont encore tr\u00e8s difficiles \u00e0 obtenir aujourd&rsquo;hui\u00a0\u00bb, d\u00e9plore von Bargen et esp\u00e8re maintenant pour le troisi\u00e8me trimestre 2020. Dans l&rsquo;ensemble, le directeur de l&rsquo;environnement et de la durabilit\u00e9 voit d\u00e9j\u00e0 les ports de Br\u00eame sur la bonne voie pour 2023.<\/p>\n<h5><strong>Projet de recherche \u00ab\u00a0SHARC\u00a0\u00bb au port en eau profonde<\/strong><\/h5>\n<p>Lorsque la neutralit\u00e9 climatique de sa propre infrastructure sera atteinte dans deux ans, le coll\u00e8gue de von Bargen, Tobias Metzner, devrait avoir d\u00e9j\u00e0 pr\u00e9par\u00e9 des \u00e9tapes essentielles pour le prochain objectif : \u00ab\u00a0Le site portuaire lui-m\u00eame doit alors devenir neutre en CO2\u00a0\u00bb, explique le chef de projet. Comme cela englobe l&rsquo;ensemble du secteur portuaire avec de nombreuses grandes et petites entreprises, des concepts pour une gestion \u00e9nerg\u00e9tique durable dans le port en eau profonde doivent \u00eatre d\u00e9velopp\u00e9s dans un premier temps. Depuis le d\u00e9but de l&rsquo;ann\u00e9e, Siemens, le Centre de recherche allemand pour l&rsquo;intelligence artificielle (DFKI) et la TU Berlin, ainsi que l&rsquo;Institut pour l&rsquo;\u00e9nergie et l&rsquo;\u00e9conomie circulaire de l&rsquo;Universit\u00e9 de Br\u00eame, travaillent dans le cadre du projet de recherche \u00ab\u00a0SHARC\u00a0\u00bb sous la coordination de bremenports sur un \u00ab\u00a0concept d&rsquo;application portuaire intelligente pour l&rsquo;int\u00e9gration des \u00e9nergies renouvelables\u00a0\u00bb.<\/p>\n<p>\u00ab\u00a0En collaboration avec les partenaires de projet associ\u00e9s BLG et Eurogate, nous d\u00e9terminons dans un premier temps les donn\u00e9es sur la consommation d&rsquo;\u00e9nergie, c&rsquo;est-\u00e0-dire l&rsquo;\u00e9lectricit\u00e9, la chaleur et le froid ainsi que les carburants\u00a0\u00bb, rapporte Metzner. Cela concerne concr\u00e8tement dans le port en eau profonde la consommation d&rsquo;\u00e9lectricit\u00e9 des ponts \u00e0 conteneurs, des grues portiques et de l&rsquo;\u00e9clairage, ainsi que du gaz pour le chauffage, les centrales de cog\u00e9n\u00e9ration et une usine de copeaux de bois. S&rsquo;ajoutent les transporteurs de conteneurs, les reachstackers et d&rsquo;autres \u00e9quipements logistiques, ainsi que les v\u00e9hicules de service et les bus.<\/p>\n<h5><strong>Processus op\u00e9rationnels optimis\u00e9s en mati\u00e8re d&rsquo;\u00e9nergie<\/strong><\/h5>\n<p>\u00c0 partir des donn\u00e9es, diff\u00e9rents sc\u00e9narios futurs seront ensuite mod\u00e9lis\u00e9s et les effets tels que l&rsquo;\u00e9volution de la consommation d&rsquo;\u00e9nergie, des co\u00fbts et des r\u00e9ductions de CO2 ainsi que des impacts environnementaux seront simul\u00e9s. Il faudra examiner o\u00f9 il est possible de produire ou de d\u00e9velopper de l&rsquo;\u00e9nergie renouvelable suppl\u00e9mentaire pour le port et comment celle-ci peut \u00eatre mieux et plus fortement int\u00e9gr\u00e9e dans l&rsquo;infrastructure portuaire. Pour cela, des processus op\u00e9rationnels optimis\u00e9s en mati\u00e8re d&rsquo;\u00e9nergie ainsi qu&rsquo;une gestion active des consommateurs et producteurs d&rsquo;\u00e9nergie flexibles seront examin\u00e9s. \u00ab\u00a0Le d\u00e9fi est d&rsquo;anticiper comment, par exemple, les prix de l&rsquo;\u00e9nergie et la tarification du CO2 \u00e9volueront et affecteront la technologie respective\u00a0\u00bb, d\u00e9clare Metzner. \u00ab\u00a0Nous avons donc beaucoup discut\u00e9 et \u00e9valu\u00e9 un grand nombre de sources vari\u00e9es. En fin de compte, nous devons \u00e9viter de faire des investissements qui ne seront plus rentables par la suite.\u00a0\u00bb<\/p>\n<p>Dans la prochaine \u00e9tape, un sc\u00e9nario privil\u00e9gi\u00e9, y compris un plan d&rsquo;investissement et un mod\u00e8le \u00e9conomique, doit \u00eatre d\u00e9velopp\u00e9. Il est d\u00e9j\u00e0 clair que cela entra\u00eenera des co\u00fbts consid\u00e9rables : \u00ab\u00a0Le montant de l&rsquo;investissement se situe entre plusieurs dizaines et plusieurs centaines de millions d&rsquo;euros\u00a0\u00bb, souligne Metzner. \u00ab\u00a0En fin de compte, nous saurons alors ce que la transition \u00e9nerg\u00e9tique dans le port pourrait co\u00fbter.\u00a0\u00bb <\/p>\n<p>Au vu de la position claire de la politique br\u00eamoise en faveur de la protection du climat, le directeur g\u00e9n\u00e9ral de bremenports, Robert Howe, est optimiste quant \u00e0 la possibilit\u00e9 de passer rapidement \u00e0 la mise en \u0153uvre apr\u00e8s l&rsquo;analyse. Howe : \u00ab\u00a0Notre objectif ambitieux est de mettre en \u0153uvre les mesures techniques et organisationnelles d\u00e9riv\u00e9es \u00e0 partir de 2021. Le r\u00f4le de pionnier que nous avons avec greenports depuis une d\u00e9cennie est pour nous aussi un engagement pour l&rsquo;avenir.\u00a0\u00bb <\/p>\n<p>Photo : \u00a9 bremenports<\/p>\n<p><a href=\"https:\/\/www.bremenports.de\">www.bremenports.de<\/a><\/p>\n","protected":false},"excerpt":{"rendered":"<p>bremenports a des objectifs ambitieux en mati\u00e8re d&rsquo;environnement et souhaite atteindre la neutralit\u00e9 climatique pour l&rsquo;ensemble de l&rsquo;infrastructure portuaire d&rsquo;ici fin 2023. D\u00e8s 2009, bremenports a<span class=\"excerpt-hellip\"> [\u2026]<\/span><\/p>\n","protected":false},"author":0,"featured_media":0,"comment_status":"open","ping_status":"open","sticky":false,"template":"","format":"standard","meta":{"_acf_changed":false,"footnotes":""},"categories":[1557,1561,1559],"tags":[],"class_list":["post-18173","post","type-post","status-publish","format-standard","hentry","category-forwarding-logistics","category-regions","category-shipping-ports"],"acf":[],"yoast_head":"<!-- This site is optimized with the Yoast SEO plugin v27.3 - https:\/\/yoast.com\/product\/yoast-seo-wordpress\/ -->\n<title>bremenports vise \u00e0 atteindre la neutralit\u00e9 climatique d&#039;ici fin 2023 - Loginfo24.<\/title>\n<meta name=\"robots\" content=\"index, follow, max-snippet:-1, max-image-preview:large, max-video-preview:-1\" \/>\n<link rel=\"canonical\" href=\"https:\/\/loginfo24.com\/fr\/2020\/06\/26\/bremenports-vise-a-atteindre-la-neutralite-climatique-dici-fin-2023\/\" \/>\n<meta property=\"og:locale\" content=\"fr_FR\" \/>\n<meta property=\"og:type\" content=\"article\" \/>\n<meta property=\"og:title\" content=\"bremenports vise \u00e0 atteindre la neutralit\u00e9 climatique d&#039;ici fin 2023 - Loginfo24.\" \/>\n<meta property=\"og:description\" content=\"bremenports a des objectifs ambitieux en mati\u00e8re d&rsquo;environnement et souhaite atteindre la neutralit\u00e9 climatique pour l&rsquo;ensemble de l&rsquo;infrastructure portuaire d&rsquo;ici fin 2023. D\u00e8s 2009, bremenports a [\u2026]\" \/>\n<meta property=\"og:url\" content=\"https:\/\/loginfo24.com\/fr\/2020\/06\/26\/bremenports-vise-a-atteindre-la-neutralite-climatique-dici-fin-2023\/\" \/>\n<meta property=\"og:site_name\" content=\"Loginfo24\" \/>\n<meta property=\"article:publisher\" content=\"https:\/\/www.facebook.com\/people\/Loginfo24\/100057360583332\/\" \/>\n<meta property=\"article:published_time\" content=\"2020-06-26T06:20:39+00:00\" \/>\n<meta property=\"article:modified_time\" content=\"2025-12-15T11:30:15+00:00\" \/>\n<meta name=\"twitter:card\" content=\"summary_large_image\" \/>\n<meta name=\"twitter:label1\" content=\"Dur\u00e9e de lecture estim\u00e9e\" \/>\n\t<meta name=\"twitter:data1\" content=\"7 minutes\" \/>\n<script type=\"application\/ld+json\" class=\"yoast-schema-graph\">{\"@context\":\"https:\\\/\\\/schema.org\",\"@graph\":[{\"@type\":\"Article\",\"@id\":\"https:\\\/\\\/loginfo24.com\\\/fr\\\/2020\\\/06\\\/26\\\/bremenports-vise-a-atteindre-la-neutralite-climatique-dici-fin-2023\\\/#article\",\"isPartOf\":{\"@id\":\"https:\\\/\\\/loginfo24.com\\\/fr\\\/2020\\\/06\\\/26\\\/bremenports-vise-a-atteindre-la-neutralite-climatique-dici-fin-2023\\\/\"},\"author\":{\"name\":\"\",\"@id\":\"\"},\"headline\":\"bremenports vise \u00e0 atteindre la neutralit\u00e9 climatique d&rsquo;ici fin 2023\",\"datePublished\":\"2020-06-26T06:20:39+00:00\",\"dateModified\":\"2025-12-15T11:30:15+00:00\",\"mainEntityOfPage\":{\"@id\":\"https:\\\/\\\/loginfo24.com\\\/fr\\\/2020\\\/06\\\/26\\\/bremenports-vise-a-atteindre-la-neutralite-climatique-dici-fin-2023\\\/\"},\"wordCount\":1391,\"commentCount\":0,\"publisher\":{\"@id\":\"https:\\\/\\\/loginfo24.com\\\/fr\\\/#organization\"},\"articleSection\":[\"Forwarding &amp; Logistics\",\"Regions\",\"Shipping &amp; Ports\"],\"inLanguage\":\"fr-FR\",\"potentialAction\":[{\"@type\":\"CommentAction\",\"name\":\"Comment\",\"target\":[\"https:\\\/\\\/loginfo24.com\\\/fr\\\/2020\\\/06\\\/26\\\/bremenports-vise-a-atteindre-la-neutralite-climatique-dici-fin-2023\\\/#respond\"]}]},{\"@type\":\"WebPage\",\"@id\":\"https:\\\/\\\/loginfo24.com\\\/fr\\\/2020\\\/06\\\/26\\\/bremenports-vise-a-atteindre-la-neutralite-climatique-dici-fin-2023\\\/\",\"url\":\"https:\\\/\\\/loginfo24.com\\\/fr\\\/2020\\\/06\\\/26\\\/bremenports-vise-a-atteindre-la-neutralite-climatique-dici-fin-2023\\\/\",\"name\":\"bremenports vise \u00e0 atteindre la neutralit\u00e9 climatique d'ici fin 2023 - Loginfo24.\",\"isPartOf\":{\"@id\":\"https:\\\/\\\/loginfo24.com\\\/fr\\\/#website\"},\"datePublished\":\"2020-06-26T06:20:39+00:00\",\"dateModified\":\"2025-12-15T11:30:15+00:00\",\"breadcrumb\":{\"@id\":\"https:\\\/\\\/loginfo24.com\\\/fr\\\/2020\\\/06\\\/26\\\/bremenports-vise-a-atteindre-la-neutralite-climatique-dici-fin-2023\\\/#breadcrumb\"},\"inLanguage\":\"fr-FR\",\"potentialAction\":[{\"@type\":\"ReadAction\",\"target\":[\"https:\\\/\\\/loginfo24.com\\\/fr\\\/2020\\\/06\\\/26\\\/bremenports-vise-a-atteindre-la-neutralite-climatique-dici-fin-2023\\\/\"]}]},{\"@type\":\"BreadcrumbList\",\"@id\":\"https:\\\/\\\/loginfo24.com\\\/fr\\\/2020\\\/06\\\/26\\\/bremenports-vise-a-atteindre-la-neutralite-climatique-dici-fin-2023\\\/#breadcrumb\",\"itemListElement\":[{\"@type\":\"ListItem\",\"position\":1,\"name\":\"Startseite\",\"item\":\"https:\\\/\\\/loginfo24.com\\\/fr\\\/\"},{\"@type\":\"ListItem\",\"position\":2,\"name\":\"bremenports vise \u00e0 atteindre la neutralit\u00e9 climatique d&#8217;ici fin 2023\"}]},{\"@type\":\"WebSite\",\"@id\":\"https:\\\/\\\/loginfo24.com\\\/fr\\\/#website\",\"url\":\"https:\\\/\\\/loginfo24.com\\\/fr\\\/\",\"name\":\"Loginfo24\",\"description\":\"Loginfo24 est la plateforme d\u00e9di\u00e9e \u00e0 la logistique et aux cha\u00eenes d&#039;approvisionnement qui fournit des informations 24 heures sur 24.\",\"publisher\":{\"@id\":\"https:\\\/\\\/loginfo24.com\\\/fr\\\/#organization\"},\"potentialAction\":[{\"@type\":\"SearchAction\",\"target\":{\"@type\":\"EntryPoint\",\"urlTemplate\":\"https:\\\/\\\/loginfo24.com\\\/fr\\\/?s={search_term_string}\"},\"query-input\":{\"@type\":\"PropertyValueSpecification\",\"valueRequired\":true,\"valueName\":\"search_term_string\"}}],\"inLanguage\":\"fr-FR\"},{\"@type\":\"Organization\",\"@id\":\"https:\\\/\\\/loginfo24.com\\\/fr\\\/#organization\",\"name\":\"Groupe Logismedia AG\",\"url\":\"https:\\\/\\\/loginfo24.com\\\/fr\\\/\",\"logo\":{\"@type\":\"ImageObject\",\"inLanguage\":\"fr-FR\",\"@id\":\"https:\\\/\\\/loginfo24.com\\\/fr\\\/#\\\/schema\\\/logo\\\/image\\\/\",\"url\":\"https:\\\/\\\/loginfo24.com\\\/wp-content\\\/uploads\\\/sites\\\/7\\\/2026\\\/01\\\/Logo_LogInfo24.png\",\"contentUrl\":\"https:\\\/\\\/loginfo24.com\\\/wp-content\\\/uploads\\\/sites\\\/7\\\/2026\\\/01\\\/Logo_LogInfo24.png\",\"width\":938,\"height\":351,\"caption\":\"Groupe Logismedia AG\"},\"image\":{\"@id\":\"https:\\\/\\\/loginfo24.com\\\/fr\\\/#\\\/schema\\\/logo\\\/image\\\/\"},\"sameAs\":[\"https:\\\/\\\/www.facebook.com\\\/people\\\/Loginfo24\\\/100057360583332\\\/\",\"https:\\\/\\\/www.linkedin.com\\\/company\\\/lofinfo24\\\/\"]}]}<\/script>\n<!-- \/ Yoast SEO plugin. -->","yoast_head_json":{"title":"bremenports vise \u00e0 atteindre la neutralit\u00e9 climatique d'ici fin 2023 - Loginfo24.","robots":{"index":"index","follow":"follow","max-snippet":"max-snippet:-1","max-image-preview":"max-image-preview:large","max-video-preview":"max-video-preview:-1"},"canonical":"https:\/\/loginfo24.com\/fr\/2020\/06\/26\/bremenports-vise-a-atteindre-la-neutralite-climatique-dici-fin-2023\/","og_locale":"fr_FR","og_type":"article","og_title":"bremenports vise \u00e0 atteindre la neutralit\u00e9 climatique d'ici fin 2023 - Loginfo24.","og_description":"bremenports a des objectifs ambitieux en mati\u00e8re d&rsquo;environnement et souhaite atteindre la neutralit\u00e9 climatique pour l&rsquo;ensemble de l&rsquo;infrastructure portuaire d&rsquo;ici fin 2023. D\u00e8s 2009, bremenports a [\u2026]","og_url":"https:\/\/loginfo24.com\/fr\/2020\/06\/26\/bremenports-vise-a-atteindre-la-neutralite-climatique-dici-fin-2023\/","og_site_name":"Loginfo24","article_publisher":"https:\/\/www.facebook.com\/people\/Loginfo24\/100057360583332\/","article_published_time":"2020-06-26T06:20:39+00:00","article_modified_time":"2025-12-15T11:30:15+00:00","twitter_card":"summary_large_image","twitter_misc":{"Dur\u00e9e de lecture estim\u00e9e":"7 minutes"},"schema":{"@context":"https:\/\/schema.org","@graph":[{"@type":"Article","@id":"https:\/\/loginfo24.com\/fr\/2020\/06\/26\/bremenports-vise-a-atteindre-la-neutralite-climatique-dici-fin-2023\/#article","isPartOf":{"@id":"https:\/\/loginfo24.com\/fr\/2020\/06\/26\/bremenports-vise-a-atteindre-la-neutralite-climatique-dici-fin-2023\/"},"author":{"name":"","@id":""},"headline":"bremenports vise \u00e0 atteindre la neutralit\u00e9 climatique d&rsquo;ici fin 2023","datePublished":"2020-06-26T06:20:39+00:00","dateModified":"2025-12-15T11:30:15+00:00","mainEntityOfPage":{"@id":"https:\/\/loginfo24.com\/fr\/2020\/06\/26\/bremenports-vise-a-atteindre-la-neutralite-climatique-dici-fin-2023\/"},"wordCount":1391,"commentCount":0,"publisher":{"@id":"https:\/\/loginfo24.com\/fr\/#organization"},"articleSection":["Forwarding &amp; Logistics","Regions","Shipping &amp; Ports"],"inLanguage":"fr-FR","potentialAction":[{"@type":"CommentAction","name":"Comment","target":["https:\/\/loginfo24.com\/fr\/2020\/06\/26\/bremenports-vise-a-atteindre-la-neutralite-climatique-dici-fin-2023\/#respond"]}]},{"@type":"WebPage","@id":"https:\/\/loginfo24.com\/fr\/2020\/06\/26\/bremenports-vise-a-atteindre-la-neutralite-climatique-dici-fin-2023\/","url":"https:\/\/loginfo24.com\/fr\/2020\/06\/26\/bremenports-vise-a-atteindre-la-neutralite-climatique-dici-fin-2023\/","name":"bremenports vise \u00e0 atteindre la neutralit\u00e9 climatique d'ici fin 2023 - Loginfo24.","isPartOf":{"@id":"https:\/\/loginfo24.com\/fr\/#website"},"datePublished":"2020-06-26T06:20:39+00:00","dateModified":"2025-12-15T11:30:15+00:00","breadcrumb":{"@id":"https:\/\/loginfo24.com\/fr\/2020\/06\/26\/bremenports-vise-a-atteindre-la-neutralite-climatique-dici-fin-2023\/#breadcrumb"},"inLanguage":"fr-FR","potentialAction":[{"@type":"ReadAction","target":["https:\/\/loginfo24.com\/fr\/2020\/06\/26\/bremenports-vise-a-atteindre-la-neutralite-climatique-dici-fin-2023\/"]}]},{"@type":"BreadcrumbList","@id":"https:\/\/loginfo24.com\/fr\/2020\/06\/26\/bremenports-vise-a-atteindre-la-neutralite-climatique-dici-fin-2023\/#breadcrumb","itemListElement":[{"@type":"ListItem","position":1,"name":"Startseite","item":"https:\/\/loginfo24.com\/fr\/"},{"@type":"ListItem","position":2,"name":"bremenports vise \u00e0 atteindre la neutralit\u00e9 climatique d&#8217;ici fin 2023"}]},{"@type":"WebSite","@id":"https:\/\/loginfo24.com\/fr\/#website","url":"https:\/\/loginfo24.com\/fr\/","name":"Loginfo24","description":"Loginfo24 est la plateforme d\u00e9di\u00e9e \u00e0 la logistique et aux cha\u00eenes d&#039;approvisionnement qui fournit des informations 24 heures sur 24.","publisher":{"@id":"https:\/\/loginfo24.com\/fr\/#organization"},"potentialAction":[{"@type":"SearchAction","target":{"@type":"EntryPoint","urlTemplate":"https:\/\/loginfo24.com\/fr\/?s={search_term_string}"},"query-input":{"@type":"PropertyValueSpecification","valueRequired":true,"valueName":"search_term_string"}}],"inLanguage":"fr-FR"},{"@type":"Organization","@id":"https:\/\/loginfo24.com\/fr\/#organization","name":"Groupe Logismedia AG","url":"https:\/\/loginfo24.com\/fr\/","logo":{"@type":"ImageObject","inLanguage":"fr-FR","@id":"https:\/\/loginfo24.com\/fr\/#\/schema\/logo\/image\/","url":"https:\/\/loginfo24.com\/wp-content\/uploads\/sites\/7\/2026\/01\/Logo_LogInfo24.png","contentUrl":"https:\/\/loginfo24.com\/wp-content\/uploads\/sites\/7\/2026\/01\/Logo_LogInfo24.png","width":938,"height":351,"caption":"Groupe Logismedia AG"},"image":{"@id":"https:\/\/loginfo24.com\/fr\/#\/schema\/logo\/image\/"},"sameAs":["https:\/\/www.facebook.com\/people\/Loginfo24\/100057360583332\/","https:\/\/www.linkedin.com\/company\/lofinfo24\/"]}]}},"_links":{"self":[{"href":"https:\/\/loginfo24.com\/fr\/wp-json\/wp\/v2\/posts\/18173","targetHints":{"allow":["GET"]}}],"collection":[{"href":"https:\/\/loginfo24.com\/fr\/wp-json\/wp\/v2\/posts"}],"about":[{"href":"https:\/\/loginfo24.com\/fr\/wp-json\/wp\/v2\/types\/post"}],"replies":[{"embeddable":true,"href":"https:\/\/loginfo24.com\/fr\/wp-json\/wp\/v2\/comments?post=18173"}],"version-history":[{"count":1,"href":"https:\/\/loginfo24.com\/fr\/wp-json\/wp\/v2\/posts\/18173\/revisions"}],"predecessor-version":[{"id":32682,"href":"https:\/\/loginfo24.com\/fr\/wp-json\/wp\/v2\/posts\/18173\/revisions\/32682"}],"wp:attachment":[{"href":"https:\/\/loginfo24.com\/fr\/wp-json\/wp\/v2\/media?parent=18173"}],"wp:term":[{"taxonomy":"category","embeddable":true,"href":"https:\/\/loginfo24.com\/fr\/wp-json\/wp\/v2\/categories?post=18173"},{"taxonomy":"post_tag","embeddable":true,"href":"https:\/\/loginfo24.com\/fr\/wp-json\/wp\/v2\/tags?post=18173"}],"curies":[{"name":"wp","href":"https:\/\/api.w.org\/{rel}","templated":true}]}}