{"id":18083,"date":"2020-06-23T07:05:25","date_gmt":"2020-06-23T05:05:25","guid":{"rendered":"https:\/\/blog.brand-architecture.at\/2020\/06\/23\/kuhne-nagel-depasse-ses-objectifs-de-durabilite-sur-dix-ans\/"},"modified":"2025-12-15T12:29:53","modified_gmt":"2025-12-15T11:29:53","slug":"kuhne-nagel-depasse-ses-objectifs-de-durabilite-sur-dix-ans","status":"publish","type":"post","link":"https:\/\/loginfo24.com\/fr\/2020\/06\/23\/kuhne-nagel-depasse-ses-objectifs-de-durabilite-sur-dix-ans\/","title":{"rendered":"K\u00fchne + Nagel d\u00e9passe ses objectifs de durabilit\u00e9 sur dix ans"},"content":{"rendered":"<p>Le groupe logistique K\u00fchne + Nagel a pr\u00e9sent\u00e9 son rapport de durabilit\u00e9 2019. Au cours des dix derni\u00e8res ann\u00e9es, le groupe a r\u00e9duit ses propres \u00e9missions de CO2 de 27 %. Le programme Net Zero Carbon ouvre la voie \u00e0 la neutralit\u00e9 climatique<\/p>\n<p><span style=\"font-family: 'Cambria',serif\">(Schindellegi) Le groupe K\u00fchne + Nagel a publi\u00e9 son <a href=\"https:\/\/2019-annual-report.kuehne-nagel.com\/sustainability\/welcome-message-ceo-message\"><span style=\"color: windowtext;text-decoration: none\">rapport de durabilit\u00e9 2019<\/span><\/a>. L&rsquo;entreprise y pr\u00e9sente ses performances dans les domaines de l&rsquo;environnement, des employ\u00e9s et de la soci\u00e9t\u00e9 ainsi que de la gouvernance (Environnement, Social, Gouvernance \u2013 ESG). Le rapport suit la structure de la <a href=\"https:\/\/www.globalreporting.org\/Pages\/default.aspx\"><span style=\"color: windowtext;text-decoration: none\">Global Reporting Initiative<\/span><\/a> ainsi que les <a href=\"https:\/\/sustainabledevelopment.un.org\/?menu=1300\"><span style=\"color: windowtext;text-decoration: none\">17 objectifs de d\u00e9veloppement durable de l&rsquo;ONU<\/span><\/a>.<\/span><\/p>\n<h5>La durabilit\u00e9 est une t\u00e2che soci\u00e9tale<\/h5>\n<p><span style=\"font-family: 'Cambria',serif\">Dr. Detlef Trefzger, PDG de K\u00fchne + Nagel International AG, d\u00e9clare : \u00ab\u00a0La durabilit\u00e9 est une t\u00e2che soci\u00e9tale et de chacun. Apr\u00e8s avoir atteint avec succ\u00e8s nos objectifs environnementaux fix\u00e9s il y a dix ans, nous entamons maintenant la prochaine phase de notre strat\u00e9gie de durabilit\u00e9. Avec le programme Net Zero Carbon, nous prenons, main dans la main avec nos clients et partenaires, la responsabilit\u00e9 d&rsquo;une logistique durable.\u00a0\u00bb <\/span><\/p>\n<p><span style=\"font-family: 'Cambria',serif\">Le programme environnemental KN Green, lanc\u00e9 en 2010, a \u00e9t\u00e9 achev\u00e9 \u00e0 la fin de l&rsquo;ann\u00e9e derni\u00e8re. Tous les objectifs du programme ont \u00e9t\u00e9 atteints ou d\u00e9pass\u00e9s. Au cours de ces dix ann\u00e9es, K\u00fchne + Nagel a r\u00e9ussi \u00e0 r\u00e9duire les \u00e9missions de CO2 de ses propres sites de 27 %. La part des \u00e9nergies renouvelables dans la consommation totale d&rsquo;\u00e9lectricit\u00e9 \u00e9tait de 18 % et le taux de recyclage en moyenne sur dix ans \u00e9tait de 77 %. La surface \u00e9quip\u00e9e de technologie d&rsquo;\u00e9clairage LED repr\u00e9sentait fin 2019 environ 3,8 millions de m<sup>2<\/sup>.<\/span><\/p>\n<p><span style=\"font-family: 'Cambria',serif\">Avec le <a href=\"https:\/\/home.kuehne-nagel.com\/-\/company\/corporate-social-responsibility\/carbon-offset\"><span style=\"color: windowtext;text-decoration: none\">programme Net Zero Carbon<\/span><\/a>, K\u00fchne + Nagel a lanc\u00e9 un programme de durabilit\u00e9 pour les dix prochaines ann\u00e9es. Cela place K\u00fchne + Nagel en position de leader dans le secteur de la logistique. D&rsquo;ici fin 2020, les propres \u00e9missions de CO2 (Scope 1 et 2 du protocole des gaz \u00e0 effet de serre) seront neutralis\u00e9es ; d&rsquo;ici 2030, tous les transports des fournisseurs tels que les compagnies a\u00e9riennes, les compagnies maritimes et les transporteurs routiers (Scope 3) le seront \u00e9galement. Net Zero Carbon comprend les trois domaines d&rsquo;action : \u00e9viter, r\u00e9duire et compenser les \u00e9missions de CO2.<\/span><\/p>\n<p><span style=\"font-family: 'Cambria',serif\">K\u00fchne + Nagel est membre de <a href=\"https:\/\/www.six-group.com\/exchanges\/indices\/data_centre\/shares\/sxi_ssust_de.html\"><span style=\"color: windowtext;text-decoration: none\">SXI Switzerland Sustainability 25<\/span><\/a>, le principal indice de durabilit\u00e9 de la Suisse. De plus, l&rsquo;entreprise a \u00e9t\u00e9 r\u00e9compens\u00e9e par le prestigieux <a href=\"https:\/\/support.ecovadis.com\/hc\/de\/articles\/210460227-Wie-werden-die-EcoVadis-Medaillen-Niveaustufen-der-CSR-Anerkennung-vergeben-\"><span style=\"color: windowtext;text-decoration: none\">statut Gold EcoVadis<\/span><\/a>.<\/span><\/p>\n<p><span style=\"font-family: 'Cambria',serif\">Photo : \u00a9 K\u00fchne + Nagel<br \/>\n<\/span><\/p>\n<p><span style=\"font-family: 'Cambria',serif\"><a href=\"https:\/\/home.kuehne-nagel.com\/\" target=\"_blank\" rel=\"noopener noreferrer\">https:\/\/home.kuehne-nagel.com\/<\/a> <\/span><\/p>\n","protected":false},"excerpt":{"rendered":"<p>Le groupe logistique K\u00fchne + Nagel a pr\u00e9sent\u00e9 son rapport de durabilit\u00e9 2019. Au cours des dix derni\u00e8res ann\u00e9es, le groupe a r\u00e9duit ses propres \u00e9missions<span class=\"excerpt-hellip\"> [\u2026]<\/span><\/p>\n","protected":false},"author":0,"featured_media":0,"comment_status":"open","ping_status":"open","sticky":false,"template":"","format":"standard","meta":{"_acf_changed":false,"footnotes":""},"categories":[1557,1561],"tags":[],"class_list":["post-18083","post","type-post","status-publish","format-standard","hentry","category-forwarding-logistics","category-regions"],"acf":[],"yoast_head":"<!-- This site is optimized with the Yoast SEO plugin v27.3 - https:\/\/yoast.com\/product\/yoast-seo-wordpress\/ -->\n<title>K\u00fchne + Nagel d\u00e9passe ses objectifs de durabilit\u00e9 sur dix ans - Loginfo24.<\/title>\n<meta name=\"robots\" content=\"index, follow, max-snippet:-1, max-image-preview:large, max-video-preview:-1\" \/>\n<link rel=\"canonical\" href=\"https:\/\/loginfo24.com\/fr\/2020\/06\/23\/kuhne-nagel-depasse-ses-objectifs-de-durabilite-sur-dix-ans\/\" \/>\n<meta property=\"og:locale\" content=\"fr_FR\" \/>\n<meta property=\"og:type\" content=\"article\" \/>\n<meta property=\"og:title\" content=\"K\u00fchne + Nagel d\u00e9passe ses objectifs de durabilit\u00e9 sur dix ans - Loginfo24.\" \/>\n<meta property=\"og:description\" content=\"Le groupe logistique K\u00fchne + Nagel a pr\u00e9sent\u00e9 son rapport de durabilit\u00e9 2019. Au cours des dix derni\u00e8res ann\u00e9es, le groupe a r\u00e9duit ses propres \u00e9missions [\u2026]\" \/>\n<meta property=\"og:url\" content=\"https:\/\/loginfo24.com\/fr\/2020\/06\/23\/kuhne-nagel-depasse-ses-objectifs-de-durabilite-sur-dix-ans\/\" \/>\n<meta property=\"og:site_name\" content=\"Loginfo24\" \/>\n<meta property=\"article:publisher\" content=\"https:\/\/www.facebook.com\/people\/Loginfo24\/100057360583332\/\" \/>\n<meta property=\"article:published_time\" content=\"2020-06-23T05:05:25+00:00\" \/>\n<meta property=\"article:modified_time\" content=\"2025-12-15T11:29:53+00:00\" \/>\n<meta name=\"twitter:card\" content=\"summary_large_image\" \/>\n<meta name=\"twitter:label1\" content=\"Dur\u00e9e de lecture estim\u00e9e\" \/>\n\t<meta name=\"twitter:data1\" content=\"2 minutes\" \/>\n<script type=\"application\/ld+json\" class=\"yoast-schema-graph\">{\"@context\":\"https:\\\/\\\/schema.org\",\"@graph\":[{\"@type\":\"Article\",\"@id\":\"https:\\\/\\\/loginfo24.com\\\/fr\\\/2020\\\/06\\\/23\\\/kuhne-nagel-depasse-ses-objectifs-de-durabilite-sur-dix-ans\\\/#article\",\"isPartOf\":{\"@id\":\"https:\\\/\\\/loginfo24.com\\\/fr\\\/2020\\\/06\\\/23\\\/kuhne-nagel-depasse-ses-objectifs-de-durabilite-sur-dix-ans\\\/\"},\"author\":{\"name\":\"\",\"@id\":\"\"},\"headline\":\"K\u00fchne + Nagel d\u00e9passe ses objectifs de durabilit\u00e9 sur dix ans\",\"datePublished\":\"2020-06-23T05:05:25+00:00\",\"dateModified\":\"2025-12-15T11:29:53+00:00\",\"mainEntityOfPage\":{\"@id\":\"https:\\\/\\\/loginfo24.com\\\/fr\\\/2020\\\/06\\\/23\\\/kuhne-nagel-depasse-ses-objectifs-de-durabilite-sur-dix-ans\\\/\"},\"wordCount\":434,\"commentCount\":0,\"publisher\":{\"@id\":\"https:\\\/\\\/loginfo24.com\\\/fr\\\/#organization\"},\"articleSection\":[\"Forwarding &amp; Logistics\",\"Regions\"],\"inLanguage\":\"fr-FR\",\"potentialAction\":[{\"@type\":\"CommentAction\",\"name\":\"Comment\",\"target\":[\"https:\\\/\\\/loginfo24.com\\\/fr\\\/2020\\\/06\\\/23\\\/kuhne-nagel-depasse-ses-objectifs-de-durabilite-sur-dix-ans\\\/#respond\"]}]},{\"@type\":\"WebPage\",\"@id\":\"https:\\\/\\\/loginfo24.com\\\/fr\\\/2020\\\/06\\\/23\\\/kuhne-nagel-depasse-ses-objectifs-de-durabilite-sur-dix-ans\\\/\",\"url\":\"https:\\\/\\\/loginfo24.com\\\/fr\\\/2020\\\/06\\\/23\\\/kuhne-nagel-depasse-ses-objectifs-de-durabilite-sur-dix-ans\\\/\",\"name\":\"K\u00fchne + Nagel d\u00e9passe ses objectifs de durabilit\u00e9 sur dix ans - Loginfo24.\",\"isPartOf\":{\"@id\":\"https:\\\/\\\/loginfo24.com\\\/fr\\\/#website\"},\"datePublished\":\"2020-06-23T05:05:25+00:00\",\"dateModified\":\"2025-12-15T11:29:53+00:00\",\"breadcrumb\":{\"@id\":\"https:\\\/\\\/loginfo24.com\\\/fr\\\/2020\\\/06\\\/23\\\/kuhne-nagel-depasse-ses-objectifs-de-durabilite-sur-dix-ans\\\/#breadcrumb\"},\"inLanguage\":\"fr-FR\",\"potentialAction\":[{\"@type\":\"ReadAction\",\"target\":[\"https:\\\/\\\/loginfo24.com\\\/fr\\\/2020\\\/06\\\/23\\\/kuhne-nagel-depasse-ses-objectifs-de-durabilite-sur-dix-ans\\\/\"]}]},{\"@type\":\"BreadcrumbList\",\"@id\":\"https:\\\/\\\/loginfo24.com\\\/fr\\\/2020\\\/06\\\/23\\\/kuhne-nagel-depasse-ses-objectifs-de-durabilite-sur-dix-ans\\\/#breadcrumb\",\"itemListElement\":[{\"@type\":\"ListItem\",\"position\":1,\"name\":\"Startseite\",\"item\":\"https:\\\/\\\/loginfo24.com\\\/fr\\\/\"},{\"@type\":\"ListItem\",\"position\":2,\"name\":\"K\u00fchne + Nagel d\u00e9passe ses objectifs de durabilit\u00e9 sur dix ans\"}]},{\"@type\":\"WebSite\",\"@id\":\"https:\\\/\\\/loginfo24.com\\\/fr\\\/#website\",\"url\":\"https:\\\/\\\/loginfo24.com\\\/fr\\\/\",\"name\":\"Loginfo24\",\"description\":\"Loginfo24 est la plateforme d\u00e9di\u00e9e \u00e0 la logistique et aux cha\u00eenes d&#039;approvisionnement qui fournit des informations 24 heures sur 24.\",\"publisher\":{\"@id\":\"https:\\\/\\\/loginfo24.com\\\/fr\\\/#organization\"},\"potentialAction\":[{\"@type\":\"SearchAction\",\"target\":{\"@type\":\"EntryPoint\",\"urlTemplate\":\"https:\\\/\\\/loginfo24.com\\\/fr\\\/?s={search_term_string}\"},\"query-input\":{\"@type\":\"PropertyValueSpecification\",\"valueRequired\":true,\"valueName\":\"search_term_string\"}}],\"inLanguage\":\"fr-FR\"},{\"@type\":\"Organization\",\"@id\":\"https:\\\/\\\/loginfo24.com\\\/fr\\\/#organization\",\"name\":\"Groupe Logismedia AG\",\"url\":\"https:\\\/\\\/loginfo24.com\\\/fr\\\/\",\"logo\":{\"@type\":\"ImageObject\",\"inLanguage\":\"fr-FR\",\"@id\":\"https:\\\/\\\/loginfo24.com\\\/fr\\\/#\\\/schema\\\/logo\\\/image\\\/\",\"url\":\"https:\\\/\\\/loginfo24.com\\\/wp-content\\\/uploads\\\/sites\\\/7\\\/2026\\\/01\\\/Logo_LogInfo24.png\",\"contentUrl\":\"https:\\\/\\\/loginfo24.com\\\/wp-content\\\/uploads\\\/sites\\\/7\\\/2026\\\/01\\\/Logo_LogInfo24.png\",\"width\":938,\"height\":351,\"caption\":\"Groupe Logismedia AG\"},\"image\":{\"@id\":\"https:\\\/\\\/loginfo24.com\\\/fr\\\/#\\\/schema\\\/logo\\\/image\\\/\"},\"sameAs\":[\"https:\\\/\\\/www.facebook.com\\\/people\\\/Loginfo24\\\/100057360583332\\\/\",\"https:\\\/\\\/www.linkedin.com\\\/company\\\/lofinfo24\\\/\"]}]}<\/script>\n<!-- \/ Yoast SEO plugin. -->","yoast_head_json":{"title":"K\u00fchne + Nagel d\u00e9passe ses objectifs de durabilit\u00e9 sur dix ans - Loginfo24.","robots":{"index":"index","follow":"follow","max-snippet":"max-snippet:-1","max-image-preview":"max-image-preview:large","max-video-preview":"max-video-preview:-1"},"canonical":"https:\/\/loginfo24.com\/fr\/2020\/06\/23\/kuhne-nagel-depasse-ses-objectifs-de-durabilite-sur-dix-ans\/","og_locale":"fr_FR","og_type":"article","og_title":"K\u00fchne + Nagel d\u00e9passe ses objectifs de durabilit\u00e9 sur dix ans - Loginfo24.","og_description":"Le groupe logistique K\u00fchne + Nagel a pr\u00e9sent\u00e9 son rapport de durabilit\u00e9 2019. Au cours des dix derni\u00e8res ann\u00e9es, le groupe a r\u00e9duit ses propres \u00e9missions [\u2026]","og_url":"https:\/\/loginfo24.com\/fr\/2020\/06\/23\/kuhne-nagel-depasse-ses-objectifs-de-durabilite-sur-dix-ans\/","og_site_name":"Loginfo24","article_publisher":"https:\/\/www.facebook.com\/people\/Loginfo24\/100057360583332\/","article_published_time":"2020-06-23T05:05:25+00:00","article_modified_time":"2025-12-15T11:29:53+00:00","twitter_card":"summary_large_image","twitter_misc":{"Dur\u00e9e de lecture estim\u00e9e":"2 minutes"},"schema":{"@context":"https:\/\/schema.org","@graph":[{"@type":"Article","@id":"https:\/\/loginfo24.com\/fr\/2020\/06\/23\/kuhne-nagel-depasse-ses-objectifs-de-durabilite-sur-dix-ans\/#article","isPartOf":{"@id":"https:\/\/loginfo24.com\/fr\/2020\/06\/23\/kuhne-nagel-depasse-ses-objectifs-de-durabilite-sur-dix-ans\/"},"author":{"name":"","@id":""},"headline":"K\u00fchne + Nagel d\u00e9passe ses objectifs de durabilit\u00e9 sur dix ans","datePublished":"2020-06-23T05:05:25+00:00","dateModified":"2025-12-15T11:29:53+00:00","mainEntityOfPage":{"@id":"https:\/\/loginfo24.com\/fr\/2020\/06\/23\/kuhne-nagel-depasse-ses-objectifs-de-durabilite-sur-dix-ans\/"},"wordCount":434,"commentCount":0,"publisher":{"@id":"https:\/\/loginfo24.com\/fr\/#organization"},"articleSection":["Forwarding &amp; Logistics","Regions"],"inLanguage":"fr-FR","potentialAction":[{"@type":"CommentAction","name":"Comment","target":["https:\/\/loginfo24.com\/fr\/2020\/06\/23\/kuhne-nagel-depasse-ses-objectifs-de-durabilite-sur-dix-ans\/#respond"]}]},{"@type":"WebPage","@id":"https:\/\/loginfo24.com\/fr\/2020\/06\/23\/kuhne-nagel-depasse-ses-objectifs-de-durabilite-sur-dix-ans\/","url":"https:\/\/loginfo24.com\/fr\/2020\/06\/23\/kuhne-nagel-depasse-ses-objectifs-de-durabilite-sur-dix-ans\/","name":"K\u00fchne + Nagel d\u00e9passe ses objectifs de durabilit\u00e9 sur dix ans - Loginfo24.","isPartOf":{"@id":"https:\/\/loginfo24.com\/fr\/#website"},"datePublished":"2020-06-23T05:05:25+00:00","dateModified":"2025-12-15T11:29:53+00:00","breadcrumb":{"@id":"https:\/\/loginfo24.com\/fr\/2020\/06\/23\/kuhne-nagel-depasse-ses-objectifs-de-durabilite-sur-dix-ans\/#breadcrumb"},"inLanguage":"fr-FR","potentialAction":[{"@type":"ReadAction","target":["https:\/\/loginfo24.com\/fr\/2020\/06\/23\/kuhne-nagel-depasse-ses-objectifs-de-durabilite-sur-dix-ans\/"]}]},{"@type":"BreadcrumbList","@id":"https:\/\/loginfo24.com\/fr\/2020\/06\/23\/kuhne-nagel-depasse-ses-objectifs-de-durabilite-sur-dix-ans\/#breadcrumb","itemListElement":[{"@type":"ListItem","position":1,"name":"Startseite","item":"https:\/\/loginfo24.com\/fr\/"},{"@type":"ListItem","position":2,"name":"K\u00fchne + Nagel d\u00e9passe ses objectifs de durabilit\u00e9 sur dix ans"}]},{"@type":"WebSite","@id":"https:\/\/loginfo24.com\/fr\/#website","url":"https:\/\/loginfo24.com\/fr\/","name":"Loginfo24","description":"Loginfo24 est la plateforme d\u00e9di\u00e9e \u00e0 la logistique et aux cha\u00eenes d&#039;approvisionnement qui fournit des informations 24 heures sur 24.","publisher":{"@id":"https:\/\/loginfo24.com\/fr\/#organization"},"potentialAction":[{"@type":"SearchAction","target":{"@type":"EntryPoint","urlTemplate":"https:\/\/loginfo24.com\/fr\/?s={search_term_string}"},"query-input":{"@type":"PropertyValueSpecification","valueRequired":true,"valueName":"search_term_string"}}],"inLanguage":"fr-FR"},{"@type":"Organization","@id":"https:\/\/loginfo24.com\/fr\/#organization","name":"Groupe Logismedia AG","url":"https:\/\/loginfo24.com\/fr\/","logo":{"@type":"ImageObject","inLanguage":"fr-FR","@id":"https:\/\/loginfo24.com\/fr\/#\/schema\/logo\/image\/","url":"https:\/\/loginfo24.com\/wp-content\/uploads\/sites\/7\/2026\/01\/Logo_LogInfo24.png","contentUrl":"https:\/\/loginfo24.com\/wp-content\/uploads\/sites\/7\/2026\/01\/Logo_LogInfo24.png","width":938,"height":351,"caption":"Groupe Logismedia AG"},"image":{"@id":"https:\/\/loginfo24.com\/fr\/#\/schema\/logo\/image\/"},"sameAs":["https:\/\/www.facebook.com\/people\/Loginfo24\/100057360583332\/","https:\/\/www.linkedin.com\/company\/lofinfo24\/"]}]}},"_links":{"self":[{"href":"https:\/\/loginfo24.com\/fr\/wp-json\/wp\/v2\/posts\/18083","targetHints":{"allow":["GET"]}}],"collection":[{"href":"https:\/\/loginfo24.com\/fr\/wp-json\/wp\/v2\/posts"}],"about":[{"href":"https:\/\/loginfo24.com\/fr\/wp-json\/wp\/v2\/types\/post"}],"replies":[{"embeddable":true,"href":"https:\/\/loginfo24.com\/fr\/wp-json\/wp\/v2\/comments?post=18083"}],"version-history":[{"count":1,"href":"https:\/\/loginfo24.com\/fr\/wp-json\/wp\/v2\/posts\/18083\/revisions"}],"predecessor-version":[{"id":32508,"href":"https:\/\/loginfo24.com\/fr\/wp-json\/wp\/v2\/posts\/18083\/revisions\/32508"}],"wp:attachment":[{"href":"https:\/\/loginfo24.com\/fr\/wp-json\/wp\/v2\/media?parent=18083"}],"wp:term":[{"taxonomy":"category","embeddable":true,"href":"https:\/\/loginfo24.com\/fr\/wp-json\/wp\/v2\/categories?post=18083"},{"taxonomy":"post_tag","embeddable":true,"href":"https:\/\/loginfo24.com\/fr\/wp-json\/wp\/v2\/tags?post=18083"}],"curies":[{"name":"wp","href":"https:\/\/api.w.org\/{rel}","templated":true}]}}