{"id":17939,"date":"2020-06-15T07:55:29","date_gmt":"2020-06-15T05:55:29","guid":{"rendered":"https:\/\/blog.brand-architecture.at\/2020\/06\/15\/portrait-logistique-du-jour-jerome-thiriet\/"},"modified":"2025-12-15T12:29:16","modified_gmt":"2025-12-15T11:29:16","slug":"portrait-logistique-du-jour-jerome-thiriet","status":"publish","type":"post","link":"https:\/\/loginfo24.com\/fr\/2020\/06\/15\/portrait-logistique-du-jour-jerome-thiriet\/","title":{"rendered":"Portrait logistique du jour : J\u00e9r\u00f4me Thiriet"},"content":{"rendered":"<p>Dans le portrait du jour, des personnes de tous horizons, secteurs et niveaux de la logistique se pr\u00e9sentent. En quelques mots, elles d\u00e9crivent pourquoi leur activit\u00e9 dans ce secteur diversifi\u00e9 leur pla\u00eet.<\/p>\n<h3><strong>Aujourd&rsquo;hui : <\/strong><strong>J\u00e9r\u00f4me Thiriet, Kurierzentrale, B\u00e2le\/Suisse<\/strong><\/h3>\n<table>\n<tbody>\n<tr>\n<td colspan=\"2\" width=\"605\"><strong> <\/strong><strong>Mon activit\u00e9 dans la logistique<\/strong><br \/>CEO KurierZentrale GmbH, B\u00e2le<\/td>\n<\/tr>\n<tr>\n<td width=\"212\"><strong>Pr\u00e9nom\/Nom : <\/strong><\/td>\n<td width=\"392\">J\u00e9r\u00f4me Thiriet<\/td>\n<\/tr>\n<tr>\n<td width=\"212\"><strong>Ann\u00e9e de naissance : <\/strong><\/td>\n<td width=\"392\">1982<\/td>\n<\/tr>\n<tr>\n<td width=\"212\"><strong>Entreprise : <\/strong><\/td>\n<td width=\"392\">KurierZentrale GmbH<\/td>\n<\/tr>\n<tr>\n<td width=\"212\"><strong>Pays : <\/strong><\/td>\n<td width=\"392\">Suisse<\/td>\n<\/tr>\n<tr>\n<td width=\"212\"><strong>Fonction : <\/strong><\/td>\n<td width=\"392\">CEO<\/td>\n<\/tr>\n<tr>\n<td width=\"212\"><strong>Dans la logistique depuis : <\/strong><\/td>\n<td width=\"392\">1999<\/td>\n<\/tr>\n<tr>\n<td width=\"212\"><strong>Formation : <\/strong><\/td>\n<td width=\"392\">Employ\u00e9 de commerce, Responsable marketing HF<\/td>\n<\/tr>\n<tr>\n<td width=\"212\"><strong>Site web : <\/strong><\/td>\n<td width=\"392\"><a href=\"https:\/\/www.kurierzentrale.ch\" target=\"_blank\" rel=\"noopener noreferrer\">www.kurierzentrale.ch<\/a><\/td>\n<\/tr>\n<tr>\n<td width=\"212\"><strong>Profil LinkedIn : <\/strong><\/td>\n<td width=\"392\"> <a href=\"https:\/\/www.linkedin.com\/in\/j%C3%A9r%C3%B4me-thiriet-476b3717\/\" target=\"_blank\" rel=\"noopener noreferrer\">https:\/\/www.linkedin.com\/in\/j%C3%A9r%C3%B4me-thiriet-476b3717\/<\/a><\/td>\n<\/tr>\n<tr>\n<td colspan=\"2\" width=\"605\">\n<h6><strong>Ce que j&rsquo;aime dans mon travail et dans la logistique :<\/strong><\/h6>\n<p>La rapidit\u00e9, l&rsquo;agitation et l&rsquo;adr\u00e9naline dans le secteur des coursiers express me fascinent. L&rsquo;art de rendre l&rsquo;impossible possible pour les clients et la satisfaction qui en d\u00e9coule me maintiennent dans le secteur depuis plus de 20 ans. Je trouve \u00e9galement inspirant d&rsquo;appliquer de nouveaux concepts dans la CityLogistique avec notre flotte de v\u00e9los logistiques et ainsi contribuer \u00e0 la qualit\u00e9 de vie en ville.<\/td>\n<\/tr>\n<\/tbody>\n<\/table>\n","protected":false},"excerpt":{"rendered":"<p>Dans le portrait du jour, des personnes de tous horizons, secteurs et niveaux de la logistique se pr\u00e9sentent. En quelques mots, elles d\u00e9crivent pourquoi leur activit\u00e9<span class=\"excerpt-hellip\"> [\u2026]<\/span><\/p>\n","protected":false},"author":0,"featured_media":0,"comment_status":"open","ping_status":"open","sticky":false,"template":"","format":"standard","meta":{"_acf_changed":false,"footnotes":""},"categories":[1665,1557,1561],"tags":[],"class_list":["post-17939","post","type-post","status-publish","format-standard","hentry","category-categories","category-forwarding-logistics","category-regions"],"acf":[],"yoast_head":"<!-- This site is optimized with the Yoast SEO plugin v27.3 - https:\/\/yoast.com\/product\/yoast-seo-wordpress\/ -->\n<title>Portrait logistique du jour : J\u00e9r\u00f4me Thiriet - Loginfo24.<\/title>\n<meta name=\"robots\" content=\"index, follow, max-snippet:-1, max-image-preview:large, max-video-preview:-1\" \/>\n<link rel=\"canonical\" href=\"https:\/\/loginfo24.com\/fr\/2020\/06\/15\/portrait-logistique-du-jour-jerome-thiriet\/\" \/>\n<meta property=\"og:locale\" content=\"fr_FR\" \/>\n<meta property=\"og:type\" content=\"article\" \/>\n<meta property=\"og:title\" content=\"Portrait logistique du jour : J\u00e9r\u00f4me Thiriet - Loginfo24.\" \/>\n<meta property=\"og:description\" content=\"Dans le portrait du jour, des personnes de tous horizons, secteurs et niveaux de la logistique se pr\u00e9sentent. En quelques mots, elles d\u00e9crivent pourquoi leur activit\u00e9 [\u2026]\" \/>\n<meta property=\"og:url\" content=\"https:\/\/loginfo24.com\/fr\/2020\/06\/15\/portrait-logistique-du-jour-jerome-thiriet\/\" \/>\n<meta property=\"og:site_name\" content=\"Loginfo24\" \/>\n<meta property=\"article:publisher\" content=\"https:\/\/www.facebook.com\/people\/Loginfo24\/100057360583332\/\" \/>\n<meta property=\"article:published_time\" content=\"2020-06-15T05:55:29+00:00\" \/>\n<meta property=\"article:modified_time\" content=\"2025-12-15T11:29:16+00:00\" \/>\n<meta name=\"twitter:card\" content=\"summary_large_image\" \/>\n<meta name=\"twitter:label1\" content=\"Dur\u00e9e de lecture estim\u00e9e\" \/>\n\t<meta name=\"twitter:data1\" content=\"1 minute\" \/>\n<script type=\"application\/ld+json\" class=\"yoast-schema-graph\">{\"@context\":\"https:\\\/\\\/schema.org\",\"@graph\":[{\"@type\":\"Article\",\"@id\":\"https:\\\/\\\/loginfo24.com\\\/fr\\\/2020\\\/06\\\/15\\\/portrait-logistique-du-jour-jerome-thiriet\\\/#article\",\"isPartOf\":{\"@id\":\"https:\\\/\\\/loginfo24.com\\\/fr\\\/2020\\\/06\\\/15\\\/portrait-logistique-du-jour-jerome-thiriet\\\/\"},\"author\":{\"name\":\"\",\"@id\":\"\"},\"headline\":\"Portrait logistique du jour : J\u00e9r\u00f4me Thiriet\",\"datePublished\":\"2020-06-15T05:55:29+00:00\",\"dateModified\":\"2025-12-15T11:29:16+00:00\",\"mainEntityOfPage\":{\"@id\":\"https:\\\/\\\/loginfo24.com\\\/fr\\\/2020\\\/06\\\/15\\\/portrait-logistique-du-jour-jerome-thiriet\\\/\"},\"wordCount\":193,\"commentCount\":0,\"publisher\":{\"@id\":\"https:\\\/\\\/loginfo24.com\\\/fr\\\/#organization\"},\"articleSection\":[\"Categories\",\"Forwarding &amp; Logistics\",\"Regions\"],\"inLanguage\":\"fr-FR\",\"potentialAction\":[{\"@type\":\"CommentAction\",\"name\":\"Comment\",\"target\":[\"https:\\\/\\\/loginfo24.com\\\/fr\\\/2020\\\/06\\\/15\\\/portrait-logistique-du-jour-jerome-thiriet\\\/#respond\"]}]},{\"@type\":\"WebPage\",\"@id\":\"https:\\\/\\\/loginfo24.com\\\/fr\\\/2020\\\/06\\\/15\\\/portrait-logistique-du-jour-jerome-thiriet\\\/\",\"url\":\"https:\\\/\\\/loginfo24.com\\\/fr\\\/2020\\\/06\\\/15\\\/portrait-logistique-du-jour-jerome-thiriet\\\/\",\"name\":\"Portrait logistique du jour : J\u00e9r\u00f4me Thiriet - Loginfo24.\",\"isPartOf\":{\"@id\":\"https:\\\/\\\/loginfo24.com\\\/fr\\\/#website\"},\"datePublished\":\"2020-06-15T05:55:29+00:00\",\"dateModified\":\"2025-12-15T11:29:16+00:00\",\"breadcrumb\":{\"@id\":\"https:\\\/\\\/loginfo24.com\\\/fr\\\/2020\\\/06\\\/15\\\/portrait-logistique-du-jour-jerome-thiriet\\\/#breadcrumb\"},\"inLanguage\":\"fr-FR\",\"potentialAction\":[{\"@type\":\"ReadAction\",\"target\":[\"https:\\\/\\\/loginfo24.com\\\/fr\\\/2020\\\/06\\\/15\\\/portrait-logistique-du-jour-jerome-thiriet\\\/\"]}]},{\"@type\":\"BreadcrumbList\",\"@id\":\"https:\\\/\\\/loginfo24.com\\\/fr\\\/2020\\\/06\\\/15\\\/portrait-logistique-du-jour-jerome-thiriet\\\/#breadcrumb\",\"itemListElement\":[{\"@type\":\"ListItem\",\"position\":1,\"name\":\"Startseite\",\"item\":\"https:\\\/\\\/loginfo24.com\\\/fr\\\/\"},{\"@type\":\"ListItem\",\"position\":2,\"name\":\"Portrait logistique du jour : J\u00e9r\u00f4me Thiriet\"}]},{\"@type\":\"WebSite\",\"@id\":\"https:\\\/\\\/loginfo24.com\\\/fr\\\/#website\",\"url\":\"https:\\\/\\\/loginfo24.com\\\/fr\\\/\",\"name\":\"Loginfo24\",\"description\":\"Loginfo24 est la plateforme d\u00e9di\u00e9e \u00e0 la logistique et aux cha\u00eenes d&#039;approvisionnement qui fournit des informations 24 heures sur 24.\",\"publisher\":{\"@id\":\"https:\\\/\\\/loginfo24.com\\\/fr\\\/#organization\"},\"potentialAction\":[{\"@type\":\"SearchAction\",\"target\":{\"@type\":\"EntryPoint\",\"urlTemplate\":\"https:\\\/\\\/loginfo24.com\\\/fr\\\/?s={search_term_string}\"},\"query-input\":{\"@type\":\"PropertyValueSpecification\",\"valueRequired\":true,\"valueName\":\"search_term_string\"}}],\"inLanguage\":\"fr-FR\"},{\"@type\":\"Organization\",\"@id\":\"https:\\\/\\\/loginfo24.com\\\/fr\\\/#organization\",\"name\":\"Groupe Logismedia AG\",\"url\":\"https:\\\/\\\/loginfo24.com\\\/fr\\\/\",\"logo\":{\"@type\":\"ImageObject\",\"inLanguage\":\"fr-FR\",\"@id\":\"https:\\\/\\\/loginfo24.com\\\/fr\\\/#\\\/schema\\\/logo\\\/image\\\/\",\"url\":\"https:\\\/\\\/loginfo24.com\\\/wp-content\\\/uploads\\\/sites\\\/7\\\/2026\\\/01\\\/Logo_LogInfo24.png\",\"contentUrl\":\"https:\\\/\\\/loginfo24.com\\\/wp-content\\\/uploads\\\/sites\\\/7\\\/2026\\\/01\\\/Logo_LogInfo24.png\",\"width\":938,\"height\":351,\"caption\":\"Groupe Logismedia AG\"},\"image\":{\"@id\":\"https:\\\/\\\/loginfo24.com\\\/fr\\\/#\\\/schema\\\/logo\\\/image\\\/\"},\"sameAs\":[\"https:\\\/\\\/www.facebook.com\\\/people\\\/Loginfo24\\\/100057360583332\\\/\",\"https:\\\/\\\/www.linkedin.com\\\/company\\\/lofinfo24\\\/\"]}]}<\/script>\n<!-- \/ Yoast SEO plugin. -->","yoast_head_json":{"title":"Portrait logistique du jour : J\u00e9r\u00f4me Thiriet - Loginfo24.","robots":{"index":"index","follow":"follow","max-snippet":"max-snippet:-1","max-image-preview":"max-image-preview:large","max-video-preview":"max-video-preview:-1"},"canonical":"https:\/\/loginfo24.com\/fr\/2020\/06\/15\/portrait-logistique-du-jour-jerome-thiriet\/","og_locale":"fr_FR","og_type":"article","og_title":"Portrait logistique du jour : J\u00e9r\u00f4me Thiriet - Loginfo24.","og_description":"Dans le portrait du jour, des personnes de tous horizons, secteurs et niveaux de la logistique se pr\u00e9sentent. En quelques mots, elles d\u00e9crivent pourquoi leur activit\u00e9 [\u2026]","og_url":"https:\/\/loginfo24.com\/fr\/2020\/06\/15\/portrait-logistique-du-jour-jerome-thiriet\/","og_site_name":"Loginfo24","article_publisher":"https:\/\/www.facebook.com\/people\/Loginfo24\/100057360583332\/","article_published_time":"2020-06-15T05:55:29+00:00","article_modified_time":"2025-12-15T11:29:16+00:00","twitter_card":"summary_large_image","twitter_misc":{"Dur\u00e9e de lecture estim\u00e9e":"1 minute"},"schema":{"@context":"https:\/\/schema.org","@graph":[{"@type":"Article","@id":"https:\/\/loginfo24.com\/fr\/2020\/06\/15\/portrait-logistique-du-jour-jerome-thiriet\/#article","isPartOf":{"@id":"https:\/\/loginfo24.com\/fr\/2020\/06\/15\/portrait-logistique-du-jour-jerome-thiriet\/"},"author":{"name":"","@id":""},"headline":"Portrait logistique du jour : J\u00e9r\u00f4me Thiriet","datePublished":"2020-06-15T05:55:29+00:00","dateModified":"2025-12-15T11:29:16+00:00","mainEntityOfPage":{"@id":"https:\/\/loginfo24.com\/fr\/2020\/06\/15\/portrait-logistique-du-jour-jerome-thiriet\/"},"wordCount":193,"commentCount":0,"publisher":{"@id":"https:\/\/loginfo24.com\/fr\/#organization"},"articleSection":["Categories","Forwarding &amp; Logistics","Regions"],"inLanguage":"fr-FR","potentialAction":[{"@type":"CommentAction","name":"Comment","target":["https:\/\/loginfo24.com\/fr\/2020\/06\/15\/portrait-logistique-du-jour-jerome-thiriet\/#respond"]}]},{"@type":"WebPage","@id":"https:\/\/loginfo24.com\/fr\/2020\/06\/15\/portrait-logistique-du-jour-jerome-thiriet\/","url":"https:\/\/loginfo24.com\/fr\/2020\/06\/15\/portrait-logistique-du-jour-jerome-thiriet\/","name":"Portrait logistique du jour : J\u00e9r\u00f4me Thiriet - Loginfo24.","isPartOf":{"@id":"https:\/\/loginfo24.com\/fr\/#website"},"datePublished":"2020-06-15T05:55:29+00:00","dateModified":"2025-12-15T11:29:16+00:00","breadcrumb":{"@id":"https:\/\/loginfo24.com\/fr\/2020\/06\/15\/portrait-logistique-du-jour-jerome-thiriet\/#breadcrumb"},"inLanguage":"fr-FR","potentialAction":[{"@type":"ReadAction","target":["https:\/\/loginfo24.com\/fr\/2020\/06\/15\/portrait-logistique-du-jour-jerome-thiriet\/"]}]},{"@type":"BreadcrumbList","@id":"https:\/\/loginfo24.com\/fr\/2020\/06\/15\/portrait-logistique-du-jour-jerome-thiriet\/#breadcrumb","itemListElement":[{"@type":"ListItem","position":1,"name":"Startseite","item":"https:\/\/loginfo24.com\/fr\/"},{"@type":"ListItem","position":2,"name":"Portrait logistique du jour : J\u00e9r\u00f4me Thiriet"}]},{"@type":"WebSite","@id":"https:\/\/loginfo24.com\/fr\/#website","url":"https:\/\/loginfo24.com\/fr\/","name":"Loginfo24","description":"Loginfo24 est la plateforme d\u00e9di\u00e9e \u00e0 la logistique et aux cha\u00eenes d&#039;approvisionnement qui fournit des informations 24 heures sur 24.","publisher":{"@id":"https:\/\/loginfo24.com\/fr\/#organization"},"potentialAction":[{"@type":"SearchAction","target":{"@type":"EntryPoint","urlTemplate":"https:\/\/loginfo24.com\/fr\/?s={search_term_string}"},"query-input":{"@type":"PropertyValueSpecification","valueRequired":true,"valueName":"search_term_string"}}],"inLanguage":"fr-FR"},{"@type":"Organization","@id":"https:\/\/loginfo24.com\/fr\/#organization","name":"Groupe Logismedia AG","url":"https:\/\/loginfo24.com\/fr\/","logo":{"@type":"ImageObject","inLanguage":"fr-FR","@id":"https:\/\/loginfo24.com\/fr\/#\/schema\/logo\/image\/","url":"https:\/\/loginfo24.com\/wp-content\/uploads\/sites\/7\/2026\/01\/Logo_LogInfo24.png","contentUrl":"https:\/\/loginfo24.com\/wp-content\/uploads\/sites\/7\/2026\/01\/Logo_LogInfo24.png","width":938,"height":351,"caption":"Groupe Logismedia AG"},"image":{"@id":"https:\/\/loginfo24.com\/fr\/#\/schema\/logo\/image\/"},"sameAs":["https:\/\/www.facebook.com\/people\/Loginfo24\/100057360583332\/","https:\/\/www.linkedin.com\/company\/lofinfo24\/"]}]}},"_links":{"self":[{"href":"https:\/\/loginfo24.com\/fr\/wp-json\/wp\/v2\/posts\/17939","targetHints":{"allow":["GET"]}}],"collection":[{"href":"https:\/\/loginfo24.com\/fr\/wp-json\/wp\/v2\/posts"}],"about":[{"href":"https:\/\/loginfo24.com\/fr\/wp-json\/wp\/v2\/types\/post"}],"replies":[{"embeddable":true,"href":"https:\/\/loginfo24.com\/fr\/wp-json\/wp\/v2\/comments?post=17939"}],"version-history":[{"count":1,"href":"https:\/\/loginfo24.com\/fr\/wp-json\/wp\/v2\/posts\/17939\/revisions"}],"predecessor-version":[{"id":32226,"href":"https:\/\/loginfo24.com\/fr\/wp-json\/wp\/v2\/posts\/17939\/revisions\/32226"}],"wp:attachment":[{"href":"https:\/\/loginfo24.com\/fr\/wp-json\/wp\/v2\/media?parent=17939"}],"wp:term":[{"taxonomy":"category","embeddable":true,"href":"https:\/\/loginfo24.com\/fr\/wp-json\/wp\/v2\/categories?post=17939"},{"taxonomy":"post_tag","embeddable":true,"href":"https:\/\/loginfo24.com\/fr\/wp-json\/wp\/v2\/tags?post=17939"}],"curies":[{"name":"wp","href":"https:\/\/api.w.org\/{rel}","templated":true}]}}