{"id":17915,"date":"2020-06-12T06:50:30","date_gmt":"2020-06-12T04:50:30","guid":{"rendered":"https:\/\/blog.brand-architecture.at\/2020\/06\/12\/fraport-mise-sur-lenergie-eolienne-et-solaire-a-laeroport-de-francfort\/"},"modified":"2025-12-15T12:29:09","modified_gmt":"2025-12-15T11:29:09","slug":"fraport-mise-sur-lenergie-eolienne-et-solaire-a-laeroport-de-francfort","status":"publish","type":"post","link":"https:\/\/loginfo24.com\/fr\/2020\/06\/12\/fraport-mise-sur-lenergie-eolienne-et-solaire-a-laeroport-de-francfort\/","title":{"rendered":"Fraport mise sur l&rsquo;\u00e9nergie \u00e9olienne et solaire \u00e0 l&rsquo;a\u00e9roport de Francfort"},"content":{"rendered":"<p>L&rsquo;entreprise Fraport maintient ses objectifs de protection du climat \u00e0 l&rsquo;a\u00e9roport de Francfort malgr\u00e9 la crise du Corona. L&rsquo;approvisionnement en \u00e9lectricit\u00e9 \u00e0 partir de l&rsquo;\u00e9nergie \u00e9olienne est pr\u00e9vu. La part d&rsquo;\u00e9nergie verte provenant uniquement de l&rsquo;\u00e9nergie \u00e9olienne devrait atteindre environ 85 % d&rsquo;ici 2025. La construction d&rsquo;une grande installation photovolta\u00efque sur le hall de fret est en cours.<\/p>\n<p>(Francfort) Une grande partie des besoins en \u00e9lectricit\u00e9 de Fraport AG \u00e0 l&rsquo;a\u00e9roport de Francfort devrait \u00e0 l&rsquo;avenir provenir de l&rsquo;\u00e9nergie \u00e9olienne. C&rsquo;est ce que pr\u00e9voit l&rsquo;exploitant de l&rsquo;a\u00e9roport Fraport, poursuivant ainsi de mani\u00e8re coh\u00e9rente ses objectifs de protection du climat. L&rsquo;entreprise souhaite convenir avec un exploitant d&rsquo;un parc \u00e9olien offshore d&rsquo;acheter une quantit\u00e9 minimale annuelle d&rsquo;\u00e9nergie verte \u00e0 partir de 2025 au plus tard. \u00c0 cette fin, l&rsquo;annonce de march\u00e9 n\u00e9cessaire est faite aujourd&rsquo;hui.<\/p>\n<p>\u00ab M\u00eame dans la situation tr\u00e8s difficile actuelle, nous gardons le d\u00e9fi de la protection du climat \u00e0 l&rsquo;esprit. Gr\u00e2ce \u00e0 ce projet \u00e9olien, nous pr\u00e9voyons d&rsquo;obtenir environ 85 % de nos besoins en \u00e9lectricit\u00e9 \u00e0 l&rsquo;a\u00e9roport de Francfort \u00e0 partir de sources renouvelables d&rsquo;ici 2025 \u00bb, souligne le pr\u00e9sident du conseil d&rsquo;administration, Dr. Stefan Schulte. L&rsquo;objectif de Fraport reste de couvrir la majeure partie des besoins en \u00e9lectricit\u00e9 \u00e0 l&rsquo;a\u00e9roport de Francfort \u00e0 partir d&rsquo;\u00e9nergies renouvelables d&rsquo;ici 2030.<\/p>\n<h5><strong>Les objectifs de protection du climat demeurent<\/strong><\/h5>\n<p>L&rsquo;utilisation des \u00e9nergies renouvelables est un \u00e9l\u00e9ment essentiel pour atteindre les objectifs de protection du climat que l&rsquo;entreprise s&rsquo;est fix\u00e9s. Ainsi, Fraport souhaite r\u00e9duire ses \u00e9missions de CO2 \u00e0 Francfort de 170 000 tonnes par an actuellement \u00e0 80 000 tonnes par an d&rsquo;ici 2030. \u00c0 partir de 2050, l&rsquo;entreprise souhaite \u00eatre neutre en CO2, c&rsquo;est-\u00e0-dire ne plus \u00e9mettre d&rsquo;\u00e9missions.<\/p>\n<p>Dans le cadre d&rsquo;un \u00ab Power Purchase Agreement \u00bb, Fraport envisage de convenir avec l&rsquo;exploitant d&rsquo;un parc \u00e9olien offshore d&rsquo;une quantit\u00e9 de livraison allant jusqu&rsquo;\u00e0 350 gigawattheures d&rsquo;\u00e9nergie verte par an. \u00ab Nous voulons promouvoir les \u00e9nergies renouvelables et recherchons un partenaire comp\u00e9tent pour cela. Avec un tel contrat, nous pouvons planifier l&rsquo;avenir en toute s\u00e9curit\u00e9, sans avoir \u00e0 nous engager nous-m\u00eames dans la r\u00e9alisation du projet \u00bb, explique Schulte.<\/p>\n<h5><strong>\u00c9nergie solaire \u00e0 l&rsquo;a\u00e9roport<\/strong><\/h5>\n<p>En parall\u00e8le, l&rsquo;entreprise mise sur la production d&rsquo;\u00e9lectricit\u00e9 sur le site de l&rsquo;a\u00e9roport. Actuellement, la premi\u00e8re grande installation photovolta\u00efque \u00e0 l&rsquo;a\u00e9roport de Francfort est en cours de construction sur un nouveau hall de fret dans la CargoCity Sud. Celle-ci devrait produire plus de 1,5 million de kilowattheures d&rsquo;\u00e9lectricit\u00e9 par an. Cela suffirait \u00e0 alimenter plus de 450 foyers de quatre personnes pendant un an. Fraport maintient \u00e9galement la construction d&rsquo;une installation photovolta\u00efque sur le parking du nouveau terminal 3.<\/p>\n<p>Avec ces mesures et d&rsquo;autres, la part d&rsquo;\u00e9nergie verte \u00e0 l&rsquo;a\u00e9roport de Francfort devrait atteindre environ 94 % d&rsquo;ici 2030 selon les plans actuels.<\/p>\n<p>Photo : \u00a9 Fraport<\/p>\n<p><a href=\"https:\/\/www.fraport.com\" target=\"_blank\" rel=\"noopener noreferrer\">www.fraport.com<\/a><\/p>\n","protected":false},"excerpt":{"rendered":"<p>L&rsquo;entreprise Fraport maintient ses objectifs de protection du climat \u00e0 l&rsquo;a\u00e9roport de Francfort malgr\u00e9 la crise du Corona. L&rsquo;approvisionnement en \u00e9lectricit\u00e9 \u00e0 partir de l&rsquo;\u00e9nergie \u00e9olienne<span class=\"excerpt-hellip\"> [\u2026]<\/span><\/p>\n","protected":false},"author":0,"featured_media":0,"comment_status":"open","ping_status":"open","sticky":false,"template":"","format":"standard","meta":{"_acf_changed":false,"footnotes":""},"categories":[1558,1557,1561],"tags":[],"class_list":["post-17915","post","type-post","status-publish","format-standard","hentry","category-air-freight","category-forwarding-logistics","category-regions"],"acf":[],"yoast_head":"<!-- This site is optimized with the Yoast SEO plugin v27.3 - https:\/\/yoast.com\/product\/yoast-seo-wordpress\/ -->\n<title>Fraport mise sur l&#039;\u00e9nergie \u00e9olienne et solaire \u00e0 l&#039;a\u00e9roport de Francfort - Loginfo24.<\/title>\n<meta name=\"robots\" content=\"index, follow, max-snippet:-1, max-image-preview:large, max-video-preview:-1\" \/>\n<link rel=\"canonical\" href=\"https:\/\/loginfo24.com\/fr\/2020\/06\/12\/fraport-mise-sur-lenergie-eolienne-et-solaire-a-laeroport-de-francfort\/\" \/>\n<meta property=\"og:locale\" content=\"fr_FR\" \/>\n<meta property=\"og:type\" content=\"article\" \/>\n<meta property=\"og:title\" content=\"Fraport mise sur l&#039;\u00e9nergie \u00e9olienne et solaire \u00e0 l&#039;a\u00e9roport de Francfort - Loginfo24.\" \/>\n<meta property=\"og:description\" content=\"L&rsquo;entreprise Fraport maintient ses objectifs de protection du climat \u00e0 l&rsquo;a\u00e9roport de Francfort malgr\u00e9 la crise du Corona. L&rsquo;approvisionnement en \u00e9lectricit\u00e9 \u00e0 partir de l&rsquo;\u00e9nergie \u00e9olienne [\u2026]\" \/>\n<meta property=\"og:url\" content=\"https:\/\/loginfo24.com\/fr\/2020\/06\/12\/fraport-mise-sur-lenergie-eolienne-et-solaire-a-laeroport-de-francfort\/\" \/>\n<meta property=\"og:site_name\" content=\"Loginfo24\" \/>\n<meta property=\"article:publisher\" content=\"https:\/\/www.facebook.com\/people\/Loginfo24\/100057360583332\/\" \/>\n<meta property=\"article:published_time\" content=\"2020-06-12T04:50:30+00:00\" \/>\n<meta property=\"article:modified_time\" content=\"2025-12-15T11:29:09+00:00\" \/>\n<meta name=\"twitter:card\" content=\"summary_large_image\" \/>\n<meta name=\"twitter:label1\" content=\"Dur\u00e9e de lecture estim\u00e9e\" \/>\n\t<meta name=\"twitter:data1\" content=\"2 minutes\" \/>\n<script type=\"application\/ld+json\" class=\"yoast-schema-graph\">{\"@context\":\"https:\\\/\\\/schema.org\",\"@graph\":[{\"@type\":\"Article\",\"@id\":\"https:\\\/\\\/loginfo24.com\\\/fr\\\/2020\\\/06\\\/12\\\/fraport-mise-sur-lenergie-eolienne-et-solaire-a-laeroport-de-francfort\\\/#article\",\"isPartOf\":{\"@id\":\"https:\\\/\\\/loginfo24.com\\\/fr\\\/2020\\\/06\\\/12\\\/fraport-mise-sur-lenergie-eolienne-et-solaire-a-laeroport-de-francfort\\\/\"},\"author\":{\"name\":\"\",\"@id\":\"\"},\"headline\":\"Fraport mise sur l&rsquo;\u00e9nergie \u00e9olienne et solaire \u00e0 l&rsquo;a\u00e9roport de Francfort\",\"datePublished\":\"2020-06-12T04:50:30+00:00\",\"dateModified\":\"2025-12-15T11:29:09+00:00\",\"mainEntityOfPage\":{\"@id\":\"https:\\\/\\\/loginfo24.com\\\/fr\\\/2020\\\/06\\\/12\\\/fraport-mise-sur-lenergie-eolienne-et-solaire-a-laeroport-de-francfort\\\/\"},\"wordCount\":513,\"commentCount\":0,\"publisher\":{\"@id\":\"https:\\\/\\\/loginfo24.com\\\/fr\\\/#organization\"},\"articleSection\":[\"Air Freight\",\"Forwarding &amp; Logistics\",\"Regions\"],\"inLanguage\":\"fr-FR\",\"potentialAction\":[{\"@type\":\"CommentAction\",\"name\":\"Comment\",\"target\":[\"https:\\\/\\\/loginfo24.com\\\/fr\\\/2020\\\/06\\\/12\\\/fraport-mise-sur-lenergie-eolienne-et-solaire-a-laeroport-de-francfort\\\/#respond\"]}]},{\"@type\":\"WebPage\",\"@id\":\"https:\\\/\\\/loginfo24.com\\\/fr\\\/2020\\\/06\\\/12\\\/fraport-mise-sur-lenergie-eolienne-et-solaire-a-laeroport-de-francfort\\\/\",\"url\":\"https:\\\/\\\/loginfo24.com\\\/fr\\\/2020\\\/06\\\/12\\\/fraport-mise-sur-lenergie-eolienne-et-solaire-a-laeroport-de-francfort\\\/\",\"name\":\"Fraport mise sur l'\u00e9nergie \u00e9olienne et solaire \u00e0 l'a\u00e9roport de Francfort - Loginfo24.\",\"isPartOf\":{\"@id\":\"https:\\\/\\\/loginfo24.com\\\/fr\\\/#website\"},\"datePublished\":\"2020-06-12T04:50:30+00:00\",\"dateModified\":\"2025-12-15T11:29:09+00:00\",\"breadcrumb\":{\"@id\":\"https:\\\/\\\/loginfo24.com\\\/fr\\\/2020\\\/06\\\/12\\\/fraport-mise-sur-lenergie-eolienne-et-solaire-a-laeroport-de-francfort\\\/#breadcrumb\"},\"inLanguage\":\"fr-FR\",\"potentialAction\":[{\"@type\":\"ReadAction\",\"target\":[\"https:\\\/\\\/loginfo24.com\\\/fr\\\/2020\\\/06\\\/12\\\/fraport-mise-sur-lenergie-eolienne-et-solaire-a-laeroport-de-francfort\\\/\"]}]},{\"@type\":\"BreadcrumbList\",\"@id\":\"https:\\\/\\\/loginfo24.com\\\/fr\\\/2020\\\/06\\\/12\\\/fraport-mise-sur-lenergie-eolienne-et-solaire-a-laeroport-de-francfort\\\/#breadcrumb\",\"itemListElement\":[{\"@type\":\"ListItem\",\"position\":1,\"name\":\"Startseite\",\"item\":\"https:\\\/\\\/loginfo24.com\\\/fr\\\/\"},{\"@type\":\"ListItem\",\"position\":2,\"name\":\"Fraport mise sur l&#8217;\u00e9nergie \u00e9olienne et solaire \u00e0 l&#8217;a\u00e9roport de Francfort\"}]},{\"@type\":\"WebSite\",\"@id\":\"https:\\\/\\\/loginfo24.com\\\/fr\\\/#website\",\"url\":\"https:\\\/\\\/loginfo24.com\\\/fr\\\/\",\"name\":\"Loginfo24\",\"description\":\"Loginfo24 est la plateforme d\u00e9di\u00e9e \u00e0 la logistique et aux cha\u00eenes d&#039;approvisionnement qui fournit des informations 24 heures sur 24.\",\"publisher\":{\"@id\":\"https:\\\/\\\/loginfo24.com\\\/fr\\\/#organization\"},\"potentialAction\":[{\"@type\":\"SearchAction\",\"target\":{\"@type\":\"EntryPoint\",\"urlTemplate\":\"https:\\\/\\\/loginfo24.com\\\/fr\\\/?s={search_term_string}\"},\"query-input\":{\"@type\":\"PropertyValueSpecification\",\"valueRequired\":true,\"valueName\":\"search_term_string\"}}],\"inLanguage\":\"fr-FR\"},{\"@type\":\"Organization\",\"@id\":\"https:\\\/\\\/loginfo24.com\\\/fr\\\/#organization\",\"name\":\"Groupe Logismedia AG\",\"url\":\"https:\\\/\\\/loginfo24.com\\\/fr\\\/\",\"logo\":{\"@type\":\"ImageObject\",\"inLanguage\":\"fr-FR\",\"@id\":\"https:\\\/\\\/loginfo24.com\\\/fr\\\/#\\\/schema\\\/logo\\\/image\\\/\",\"url\":\"https:\\\/\\\/loginfo24.com\\\/wp-content\\\/uploads\\\/sites\\\/7\\\/2026\\\/01\\\/Logo_LogInfo24.png\",\"contentUrl\":\"https:\\\/\\\/loginfo24.com\\\/wp-content\\\/uploads\\\/sites\\\/7\\\/2026\\\/01\\\/Logo_LogInfo24.png\",\"width\":938,\"height\":351,\"caption\":\"Groupe Logismedia AG\"},\"image\":{\"@id\":\"https:\\\/\\\/loginfo24.com\\\/fr\\\/#\\\/schema\\\/logo\\\/image\\\/\"},\"sameAs\":[\"https:\\\/\\\/www.facebook.com\\\/people\\\/Loginfo24\\\/100057360583332\\\/\",\"https:\\\/\\\/www.linkedin.com\\\/company\\\/lofinfo24\\\/\"]}]}<\/script>\n<!-- \/ Yoast SEO plugin. -->","yoast_head_json":{"title":"Fraport mise sur l'\u00e9nergie \u00e9olienne et solaire \u00e0 l'a\u00e9roport de Francfort - Loginfo24.","robots":{"index":"index","follow":"follow","max-snippet":"max-snippet:-1","max-image-preview":"max-image-preview:large","max-video-preview":"max-video-preview:-1"},"canonical":"https:\/\/loginfo24.com\/fr\/2020\/06\/12\/fraport-mise-sur-lenergie-eolienne-et-solaire-a-laeroport-de-francfort\/","og_locale":"fr_FR","og_type":"article","og_title":"Fraport mise sur l'\u00e9nergie \u00e9olienne et solaire \u00e0 l'a\u00e9roport de Francfort - Loginfo24.","og_description":"L&rsquo;entreprise Fraport maintient ses objectifs de protection du climat \u00e0 l&rsquo;a\u00e9roport de Francfort malgr\u00e9 la crise du Corona. L&rsquo;approvisionnement en \u00e9lectricit\u00e9 \u00e0 partir de l&rsquo;\u00e9nergie \u00e9olienne [\u2026]","og_url":"https:\/\/loginfo24.com\/fr\/2020\/06\/12\/fraport-mise-sur-lenergie-eolienne-et-solaire-a-laeroport-de-francfort\/","og_site_name":"Loginfo24","article_publisher":"https:\/\/www.facebook.com\/people\/Loginfo24\/100057360583332\/","article_published_time":"2020-06-12T04:50:30+00:00","article_modified_time":"2025-12-15T11:29:09+00:00","twitter_card":"summary_large_image","twitter_misc":{"Dur\u00e9e de lecture estim\u00e9e":"2 minutes"},"schema":{"@context":"https:\/\/schema.org","@graph":[{"@type":"Article","@id":"https:\/\/loginfo24.com\/fr\/2020\/06\/12\/fraport-mise-sur-lenergie-eolienne-et-solaire-a-laeroport-de-francfort\/#article","isPartOf":{"@id":"https:\/\/loginfo24.com\/fr\/2020\/06\/12\/fraport-mise-sur-lenergie-eolienne-et-solaire-a-laeroport-de-francfort\/"},"author":{"name":"","@id":""},"headline":"Fraport mise sur l&rsquo;\u00e9nergie \u00e9olienne et solaire \u00e0 l&rsquo;a\u00e9roport de Francfort","datePublished":"2020-06-12T04:50:30+00:00","dateModified":"2025-12-15T11:29:09+00:00","mainEntityOfPage":{"@id":"https:\/\/loginfo24.com\/fr\/2020\/06\/12\/fraport-mise-sur-lenergie-eolienne-et-solaire-a-laeroport-de-francfort\/"},"wordCount":513,"commentCount":0,"publisher":{"@id":"https:\/\/loginfo24.com\/fr\/#organization"},"articleSection":["Air Freight","Forwarding &amp; Logistics","Regions"],"inLanguage":"fr-FR","potentialAction":[{"@type":"CommentAction","name":"Comment","target":["https:\/\/loginfo24.com\/fr\/2020\/06\/12\/fraport-mise-sur-lenergie-eolienne-et-solaire-a-laeroport-de-francfort\/#respond"]}]},{"@type":"WebPage","@id":"https:\/\/loginfo24.com\/fr\/2020\/06\/12\/fraport-mise-sur-lenergie-eolienne-et-solaire-a-laeroport-de-francfort\/","url":"https:\/\/loginfo24.com\/fr\/2020\/06\/12\/fraport-mise-sur-lenergie-eolienne-et-solaire-a-laeroport-de-francfort\/","name":"Fraport mise sur l'\u00e9nergie \u00e9olienne et solaire \u00e0 l'a\u00e9roport de Francfort - Loginfo24.","isPartOf":{"@id":"https:\/\/loginfo24.com\/fr\/#website"},"datePublished":"2020-06-12T04:50:30+00:00","dateModified":"2025-12-15T11:29:09+00:00","breadcrumb":{"@id":"https:\/\/loginfo24.com\/fr\/2020\/06\/12\/fraport-mise-sur-lenergie-eolienne-et-solaire-a-laeroport-de-francfort\/#breadcrumb"},"inLanguage":"fr-FR","potentialAction":[{"@type":"ReadAction","target":["https:\/\/loginfo24.com\/fr\/2020\/06\/12\/fraport-mise-sur-lenergie-eolienne-et-solaire-a-laeroport-de-francfort\/"]}]},{"@type":"BreadcrumbList","@id":"https:\/\/loginfo24.com\/fr\/2020\/06\/12\/fraport-mise-sur-lenergie-eolienne-et-solaire-a-laeroport-de-francfort\/#breadcrumb","itemListElement":[{"@type":"ListItem","position":1,"name":"Startseite","item":"https:\/\/loginfo24.com\/fr\/"},{"@type":"ListItem","position":2,"name":"Fraport mise sur l&#8217;\u00e9nergie \u00e9olienne et solaire \u00e0 l&#8217;a\u00e9roport de Francfort"}]},{"@type":"WebSite","@id":"https:\/\/loginfo24.com\/fr\/#website","url":"https:\/\/loginfo24.com\/fr\/","name":"Loginfo24","description":"Loginfo24 est la plateforme d\u00e9di\u00e9e \u00e0 la logistique et aux cha\u00eenes d&#039;approvisionnement qui fournit des informations 24 heures sur 24.","publisher":{"@id":"https:\/\/loginfo24.com\/fr\/#organization"},"potentialAction":[{"@type":"SearchAction","target":{"@type":"EntryPoint","urlTemplate":"https:\/\/loginfo24.com\/fr\/?s={search_term_string}"},"query-input":{"@type":"PropertyValueSpecification","valueRequired":true,"valueName":"search_term_string"}}],"inLanguage":"fr-FR"},{"@type":"Organization","@id":"https:\/\/loginfo24.com\/fr\/#organization","name":"Groupe Logismedia AG","url":"https:\/\/loginfo24.com\/fr\/","logo":{"@type":"ImageObject","inLanguage":"fr-FR","@id":"https:\/\/loginfo24.com\/fr\/#\/schema\/logo\/image\/","url":"https:\/\/loginfo24.com\/wp-content\/uploads\/sites\/7\/2026\/01\/Logo_LogInfo24.png","contentUrl":"https:\/\/loginfo24.com\/wp-content\/uploads\/sites\/7\/2026\/01\/Logo_LogInfo24.png","width":938,"height":351,"caption":"Groupe Logismedia AG"},"image":{"@id":"https:\/\/loginfo24.com\/fr\/#\/schema\/logo\/image\/"},"sameAs":["https:\/\/www.facebook.com\/people\/Loginfo24\/100057360583332\/","https:\/\/www.linkedin.com\/company\/lofinfo24\/"]}]}},"_links":{"self":[{"href":"https:\/\/loginfo24.com\/fr\/wp-json\/wp\/v2\/posts\/17915","targetHints":{"allow":["GET"]}}],"collection":[{"href":"https:\/\/loginfo24.com\/fr\/wp-json\/wp\/v2\/posts"}],"about":[{"href":"https:\/\/loginfo24.com\/fr\/wp-json\/wp\/v2\/types\/post"}],"replies":[{"embeddable":true,"href":"https:\/\/loginfo24.com\/fr\/wp-json\/wp\/v2\/comments?post=17915"}],"version-history":[{"count":1,"href":"https:\/\/loginfo24.com\/fr\/wp-json\/wp\/v2\/posts\/17915\/revisions"}],"predecessor-version":[{"id":32178,"href":"https:\/\/loginfo24.com\/fr\/wp-json\/wp\/v2\/posts\/17915\/revisions\/32178"}],"wp:attachment":[{"href":"https:\/\/loginfo24.com\/fr\/wp-json\/wp\/v2\/media?parent=17915"}],"wp:term":[{"taxonomy":"category","embeddable":true,"href":"https:\/\/loginfo24.com\/fr\/wp-json\/wp\/v2\/categories?post=17915"},{"taxonomy":"post_tag","embeddable":true,"href":"https:\/\/loginfo24.com\/fr\/wp-json\/wp\/v2\/tags?post=17915"}],"curies":[{"name":"wp","href":"https:\/\/api.w.org\/{rel}","templated":true}]}}