{"id":17834,"date":"2020-06-08T07:00:49","date_gmt":"2020-06-08T05:00:49","guid":{"rendered":"https:\/\/blog.brand-architecture.at\/2020\/06\/08\/nouveau-domicile-hapag-lloyd-seleve-en-suisse\/"},"modified":"2025-12-15T12:28:49","modified_gmt":"2025-12-15T11:28:49","slug":"nouveau-domicile-hapag-lloyd-seleve-en-suisse","status":"publish","type":"post","link":"https:\/\/loginfo24.com\/fr\/2020\/06\/08\/nouveau-domicile-hapag-lloyd-seleve-en-suisse\/","title":{"rendered":"Nouveau domicile - Hapag-Lloyd s&rsquo;\u00e9l\u00e8ve en Suisse"},"content":{"rendered":"<p>Hapag-Lloyd est pr\u00e9sent en Suisse depuis 1974 avec une filiale et a \u00e9t\u00e9 domicili\u00e9 \u00e0 la m\u00eame adresse pr\u00e8s du port fluvial de B\u00e2le. Dans le cadre d&rsquo;un nouveau d\u00e9part, des bureaux ont \u00e9t\u00e9 \u00e9tablis dans la Tour des Expositions, haut au-dessus de B\u00e2le. Il est temps de faire un bilan et de regarder vers l&rsquo;avenir.<\/p>\n<p>(B\u00e2le) Hapag-Lloyd (Suisse) SA a \u00e9t\u00e9 fond\u00e9e en 1974 en tant que filiale de Hapag-Lloyd Aktiengesellschaft, dont le si\u00e8ge est \u00e0 Hambourg. Depuis lors, elle a \u00e9t\u00e9 domicili\u00e9e sans interruption au 14, S\u00fcdquaistrasse, pr\u00e8s du port fluvial de B\u00e2le. Des conteneurs, probablement les siens, des camions et des trains de la ligne portuaire ont fa\u00e7onn\u00e9 la vue.<\/p>\n<p>Thorben Nibbe, directeur pays pour la Suisse chez Hapag-Lloyd, d\u00e9clare : \u00ab\u00a0Dans le cadre de la strat\u00e9gie du groupe &lsquo;Strategy 2023&rsquo; et de la r\u00e9organisation mondiale des services clients en soi-disant &lsquo;Quality Service Centers&rsquo;, qui a \u00e9t\u00e9 associ\u00e9e en Suisse au transfert des services clients \u00e0 Hambourg, nous avons estim\u00e9 qu&rsquo;il \u00e9tait temps de donner un nouveau signal sur le plan spatial.\u00a0\u00bb Depuis lors, la Suisse fait partie de l&rsquo;unit\u00e9 commerciale Allemagne\/Europe centrale, dont le si\u00e8ge est \u00e0 Hambourg.<\/p>\n<h5><strong>La Tour des Expositions a \u00e9t\u00e9 la mieux not\u00e9e lors du choix du site<\/strong><\/h5>\n<p>Apr\u00e8s une \u00e9valuation approfondie de plusieurs sites potentiels, la d\u00e9cision a finalement \u00e9t\u00e9 prise de s&rsquo;installer dans la Tour des Expositions \u00e0 B\u00e2le, longtemps le plus haut b\u00e2timent de Suisse. Depuis les nouveaux bureaux au 21\u00e8me \u00e9tage, on a une vue magnifique sur B\u00e2le jusqu&rsquo;aux Vosges \u00e0 l&rsquo;ouest et \u00e0 la For\u00eat-Noire au nord. On peut \u00e9galement voir le port fluvial de B\u00e2le, cette fois d&rsquo;en haut.<\/p>\n<p>\u00ab\u00a0Le site des expositions est situ\u00e9 au centre de B\u00e2le et est pourtant extr\u00eamement bien desservi. Nous atteignons rapidement les deux gares (SBB et Badischer Bahnhof), avons de bonnes connexions aux transports publics \u00e0 B\u00e2le et sommes \u00e0 5 minutes de l&rsquo;autoroute en direction de la Suisse ou de l&rsquo;Allemagne\u00a0\u00bb, justifie Nibbe le choix du site. \u00c0 peine le d\u00e9m\u00e9nagement effectu\u00e9, un jalon atteint, Thorben Nibbe est devenu p\u00e8re de jumeaux en bonne sant\u00e9 (un gar\u00e7on, une fille) le 21 mai 2020 et a pu c\u00e9l\u00e9brer son 40\u00e8me anniversaire le lundi de Pentec\u00f4te. Beaucoup de raisons de c\u00e9l\u00e9brer donc en peu de temps pour Nibbe.<\/p>\n<p><strong><img loading=\"lazy\" decoding=\"async\" class=\"aligncenter wp-image-3246 size-large\" src=\"https:\/\/loginfo24.com\/wp-content\/uploads\/sites\/7\/2025\/12\/Hapag_2_8.6.20.jpg\" alt=\"\" width=\"1024\" height=\"851\" \/><\/strong><\/p>\n<h5><strong>Activit\u00e9 principale : Marchandises et Crosstrade<\/strong><\/h5>\n<p>Les dix-huit employ\u00e9s de Hapag-Lloyd Suisse peuvent d\u00e9sormais travailler dans des bureaux modernes et agr\u00e9ablement am\u00e9nag\u00e9s. Les activit\u00e9s restantes en Suisse concernent exclusivement la vente et le service client dans le domaine des solutions clients \/ services de qualit\u00e9. Les piliers de la soci\u00e9t\u00e9 suisse reposent principalement sur les affaires de marchandises et de crosstrade des clients et de l&rsquo;industrie. \u00ab\u00a0Dans le secteur des marchandises, de nombreux conteneurs sont transport\u00e9s, qui ne touchent jamais la Suisse, mais les clients sont bas\u00e9s en Suisse. Il en va de m\u00eame pour les affaires de crosstrade. Les clients comprennent de grandes entreprises pharmaceutiques, chimiques et alimentaires, mais aussi de petits n\u00e9gociants en mati\u00e8res premi\u00e8res, dont il y en a beaucoup en Suisse. Les autres commandes concernent les importations et exportations vers et depuis la Suisse. Les clients l\u00e0-bas sont g\u00e9n\u00e9ralement des entreprises de transport\u00a0\u00bb, explique Nibbe.<\/p>\n<p>Les affaires de marchandises et de crosstrade fr\u00e9quentent fortement les r\u00e9gions de l&rsquo;Asie du Sud-Est, du sous-continent indien et de la subsaharienne en Afrique. Ces zones ont \u00e9galement \u00e9t\u00e9 d\u00e9sign\u00e9es par la maison m\u00e8re \u00e0 Hambourg comme des march\u00e9s de croissance attractifs dans le cadre de la nouvelle strat\u00e9gie 2023 et s&rsquo;y pr\u00eatent donc parfaitement. Les marchandises principalement transport\u00e9es ici sont le cacao, le caf\u00e9, le tabac, le coton, le caoutchouc et les min\u00e9raux, etc. dans le domaine des marchandises et du crosstrade. Les exportations suisses sont domin\u00e9es par les produits pharmaceutiques (r\u00e9frig\u00e9r\u00e9s), chimiques (mati\u00e8res dangereuses) ainsi que des aliments de haute qualit\u00e9 et des affaires de projets.<\/p>\n<p>Hapag-Lloyd reste discret sur les chiffres d&rsquo;affaires, de r\u00e9sultats et d&rsquo;envois pour les soci\u00e9t\u00e9s nationales et renvoie aux chiffres du groupe :<\/p>\n<p><a href=\"https:\/\/www.hapag-lloyd.com\/de\/press\/releases\/2020\/03\/hapag-lloyd-achieves-significantly-improved-group-net-result-in-.html\" target=\"_blank\" rel=\"noopener noreferrer\">R\u00e9sultat de l&rsquo;exercice 2019<\/a><\/p>\n<p><a href=\"https:\/\/www.hapag-lloyd.com\/de\/press\/releases\/2020\/05\/hapag-lloyd-gets-2020-off-to-a-decent-start-despite-coronavirus-.html\" target=\"_blank\" rel=\"noopener noreferrer\">R\u00e9sultat du 1er trimestre 2020<\/a><\/p>\n<h5><strong>Pas \u00e9pargn\u00e9 par le Corona<\/strong><\/h5>\n<p>La pand\u00e9mie de Corona n&rsquo;a bien s\u00fbr pas non plus \u00e9pargn\u00e9 Hapag-Lloyd en Suisse. \u00ab\u00a0Bien que nous regardions encore un bon premier trimestre en Suisse malgr\u00e9 la crise du Corona, nous constatons cependant des effets assez marqu\u00e9s sur les volumes de transport au deuxi\u00e8me trimestre\u00a0\u00bb, d\u00e9clare Nibbe.<\/p>\n<p><img loading=\"lazy\" decoding=\"async\" class=\"aligncenter wp-image-3247 size-large\" src=\"https:\/\/loginfo24.com\/wp-content\/uploads\/sites\/7\/2025\/12\/Hapag_3_8.6.20.jpg\" alt=\"\" width=\"951\" height=\"1024\" \/><\/p>\n<p>Nibbe, a travaill\u00e9 pour Hapag-Lloyd en plus d&rsquo;une formation et d&rsquo;activit\u00e9s au si\u00e8ge \u00e0 Hambourg (2000 - 2005), \u00e9galement \u00e0 San Francisco, Montr\u00e9al, Durban, Shanghai et Duba\u00ef (2005 - 2018). Pour la Suisse, o\u00f9 il est actif depuis d\u00e9cembre 2018, il souhaite, en plus des objectifs habituels de chiffre d&rsquo;affaires et de volume, d\u00e9velopper le domaine des s\u00e9minaires et \u00e9v\u00e9nements clients. \u00ab\u00a0L&rsquo;ann\u00e9e derni\u00e8re, nous avons commenc\u00e9 avec des ateliers interactifs sur les r\u00e9frig\u00e9r\u00e9s et les mati\u00e8res dangereuses. Cela a \u00e9t\u00e9 tr\u00e8s bien accueilli par nos clients\u00a0\u00bb, se r\u00e9jouit Nibbe pour d&rsquo;autres \u00e9v\u00e9nements.<\/p>\n<p>Un \u00e9v\u00e9nement client a \u00e9galement eu lieu en novembre dernier, ax\u00e9 sur l&rsquo;Afrique de l&rsquo;Ouest \u00e0 Lausanne. Nibbe s&rsquo;\u00e9tait auparavant rendu avec d&rsquo;autres coll\u00e8gues de Hapag-Lloyd sur place au Ghana, au B\u00e9nin et en C\u00f4te d&rsquo;Ivoire et souhaitait partager les exp\u00e9riences avec les clients. D&rsquo;autres \u00e9v\u00e9nements et ateliers avec les clients suivront, notamment sur les th\u00e8mes de la num\u00e9risation, des cargaisons sp\u00e9ciales et d&rsquo;autres.<\/p>\n<p>Bient\u00f4t, Hapag-Lloyd f\u00eatera ses 50 ans en Suisse et avec le d\u00e9m\u00e9nagement dans le nouveau domicile, il a clairement communiqu\u00e9 qu&rsquo;il continuera \u00e0 miser sur ce site au sein du groupe.<\/p>\n<p>Photos : \u00a9 Loginfo24<\/p>\n<p>L\u00e9gendes des images (de haut en bas) : <em>Image 1 : Vue depuis le pont Wettstein \u00e0 B\u00e2le sur la Tour des Expositions \/ Image 2 : Thorben Nibbe, directeur pays pour la Suisse chez Hapag-Lloyd. En arri\u00e8re-plan, le port fluvial de B\u00e2le et \u00e0 l&rsquo;horizon les contreforts de la For\u00eat-Noire \/ Image 3 : Chez Hapag-Lloyd, on mise sur la Suisse et cela a \u00e9t\u00e9 manifest\u00e9 par le d\u00e9m\u00e9nagement dans le nouveau domicile.<\/em><\/p>\n<p><a href=\"https:\/\/www.hapag-lloyd.com\" target=\"_blank\" rel=\"noopener noreferrer\">www.hapag-lloyd.com<\/a><\/p>\n","protected":false},"excerpt":{"rendered":"<p>Hapag-Lloyd est pr\u00e9sent en Suisse depuis 1974 avec une filiale et a \u00e9t\u00e9 domicili\u00e9 \u00e0 la m\u00eame adresse pr\u00e8s du port fluvial de B\u00e2le. Dans le<span class=\"excerpt-hellip\"> [\u2026]<\/span><\/p>\n","protected":false},"author":0,"featured_media":0,"comment_status":"open","ping_status":"open","sticky":false,"template":"","format":"standard","meta":{"_acf_changed":false,"footnotes":""},"categories":[1665,1561,1559],"tags":[],"class_list":["post-17834","post","type-post","status-publish","format-standard","hentry","category-categories","category-regions","category-shipping-ports"],"acf":[],"yoast_head":"<!-- This site is optimized with the Yoast SEO plugin v27.3 - https:\/\/yoast.com\/product\/yoast-seo-wordpress\/ -->\n<title>Nouveau domicile - Hapag-Lloyd s&#039;\u00e9l\u00e8ve en Suisse - Loginfo24.<\/title>\n<meta name=\"robots\" content=\"index, follow, max-snippet:-1, max-image-preview:large, max-video-preview:-1\" \/>\n<link rel=\"canonical\" href=\"https:\/\/loginfo24.com\/fr\/2020\/06\/08\/nouveau-domicile-hapag-lloyd-seleve-en-suisse\/\" \/>\n<meta property=\"og:locale\" content=\"fr_FR\" \/>\n<meta property=\"og:type\" content=\"article\" \/>\n<meta property=\"og:title\" content=\"Nouveau domicile - Hapag-Lloyd s&#039;\u00e9l\u00e8ve en Suisse - Loginfo24.\" \/>\n<meta property=\"og:description\" content=\"Hapag-Lloyd est pr\u00e9sent en Suisse depuis 1974 avec une filiale et a \u00e9t\u00e9 domicili\u00e9 \u00e0 la m\u00eame adresse pr\u00e8s du port fluvial de B\u00e2le. Dans le [\u2026]\" \/>\n<meta property=\"og:url\" content=\"https:\/\/loginfo24.com\/fr\/2020\/06\/08\/nouveau-domicile-hapag-lloyd-seleve-en-suisse\/\" \/>\n<meta property=\"og:site_name\" content=\"Loginfo24\" \/>\n<meta property=\"article:publisher\" content=\"https:\/\/www.facebook.com\/people\/Loginfo24\/100057360583332\/\" \/>\n<meta property=\"article:published_time\" content=\"2020-06-08T05:00:49+00:00\" \/>\n<meta property=\"article:modified_time\" content=\"2025-12-15T11:28:49+00:00\" \/>\n<meta property=\"og:image\" content=\"https:\/\/loginfo24.com\/wp-content\/uploads\/sites\/7\/2025\/12\/Hapag_2_8.6.20.jpg\" \/>\n<meta name=\"twitter:card\" content=\"summary_large_image\" \/>\n<meta name=\"twitter:label1\" content=\"Dur\u00e9e de lecture estim\u00e9e\" \/>\n\t<meta name=\"twitter:data1\" content=\"5 minutes\" \/>\n<script type=\"application\/ld+json\" class=\"yoast-schema-graph\">{\"@context\":\"https:\\\/\\\/schema.org\",\"@graph\":[{\"@type\":\"Article\",\"@id\":\"https:\\\/\\\/loginfo24.com\\\/fr\\\/2020\\\/06\\\/08\\\/nouveau-domicile-hapag-lloyd-seleve-en-suisse\\\/#article\",\"isPartOf\":{\"@id\":\"https:\\\/\\\/loginfo24.com\\\/fr\\\/2020\\\/06\\\/08\\\/nouveau-domicile-hapag-lloyd-seleve-en-suisse\\\/\"},\"author\":{\"name\":\"\",\"@id\":\"\"},\"headline\":\"Nouveau domicile - Hapag-Lloyd s&rsquo;\u00e9l\u00e8ve en Suisse\",\"datePublished\":\"2020-06-08T05:00:49+00:00\",\"dateModified\":\"2025-12-15T11:28:49+00:00\",\"mainEntityOfPage\":{\"@id\":\"https:\\\/\\\/loginfo24.com\\\/fr\\\/2020\\\/06\\\/08\\\/nouveau-domicile-hapag-lloyd-seleve-en-suisse\\\/\"},\"wordCount\":1095,\"commentCount\":0,\"publisher\":{\"@id\":\"https:\\\/\\\/loginfo24.com\\\/fr\\\/#organization\"},\"image\":{\"@id\":\"https:\\\/\\\/loginfo24.com\\\/fr\\\/2020\\\/06\\\/08\\\/nouveau-domicile-hapag-lloyd-seleve-en-suisse\\\/#primaryimage\"},\"thumbnailUrl\":\"https:\\\/\\\/loginfo24.com\\\/wp-content\\\/uploads\\\/sites\\\/7\\\/2025\\\/12\\\/Hapag_2_8.6.20.jpg\",\"articleSection\":[\"Categories\",\"Regions\",\"Shipping &amp; Ports\"],\"inLanguage\":\"fr-FR\",\"potentialAction\":[{\"@type\":\"CommentAction\",\"name\":\"Comment\",\"target\":[\"https:\\\/\\\/loginfo24.com\\\/fr\\\/2020\\\/06\\\/08\\\/nouveau-domicile-hapag-lloyd-seleve-en-suisse\\\/#respond\"]}]},{\"@type\":\"WebPage\",\"@id\":\"https:\\\/\\\/loginfo24.com\\\/fr\\\/2020\\\/06\\\/08\\\/nouveau-domicile-hapag-lloyd-seleve-en-suisse\\\/\",\"url\":\"https:\\\/\\\/loginfo24.com\\\/fr\\\/2020\\\/06\\\/08\\\/nouveau-domicile-hapag-lloyd-seleve-en-suisse\\\/\",\"name\":\"Nouveau domicile - Hapag-Lloyd s'\u00e9l\u00e8ve en Suisse - Loginfo24.\",\"isPartOf\":{\"@id\":\"https:\\\/\\\/loginfo24.com\\\/fr\\\/#website\"},\"primaryImageOfPage\":{\"@id\":\"https:\\\/\\\/loginfo24.com\\\/fr\\\/2020\\\/06\\\/08\\\/nouveau-domicile-hapag-lloyd-seleve-en-suisse\\\/#primaryimage\"},\"image\":{\"@id\":\"https:\\\/\\\/loginfo24.com\\\/fr\\\/2020\\\/06\\\/08\\\/nouveau-domicile-hapag-lloyd-seleve-en-suisse\\\/#primaryimage\"},\"thumbnailUrl\":\"https:\\\/\\\/loginfo24.com\\\/wp-content\\\/uploads\\\/sites\\\/7\\\/2025\\\/12\\\/Hapag_2_8.6.20.jpg\",\"datePublished\":\"2020-06-08T05:00:49+00:00\",\"dateModified\":\"2025-12-15T11:28:49+00:00\",\"breadcrumb\":{\"@id\":\"https:\\\/\\\/loginfo24.com\\\/fr\\\/2020\\\/06\\\/08\\\/nouveau-domicile-hapag-lloyd-seleve-en-suisse\\\/#breadcrumb\"},\"inLanguage\":\"fr-FR\",\"potentialAction\":[{\"@type\":\"ReadAction\",\"target\":[\"https:\\\/\\\/loginfo24.com\\\/fr\\\/2020\\\/06\\\/08\\\/nouveau-domicile-hapag-lloyd-seleve-en-suisse\\\/\"]}]},{\"@type\":\"ImageObject\",\"inLanguage\":\"fr-FR\",\"@id\":\"https:\\\/\\\/loginfo24.com\\\/fr\\\/2020\\\/06\\\/08\\\/nouveau-domicile-hapag-lloyd-seleve-en-suisse\\\/#primaryimage\",\"url\":\"https:\\\/\\\/loginfo24.com\\\/wp-content\\\/uploads\\\/sites\\\/7\\\/2025\\\/12\\\/Hapag_2_8.6.20.jpg\",\"contentUrl\":\"https:\\\/\\\/loginfo24.com\\\/wp-content\\\/uploads\\\/sites\\\/7\\\/2025\\\/12\\\/Hapag_2_8.6.20.jpg\"},{\"@type\":\"BreadcrumbList\",\"@id\":\"https:\\\/\\\/loginfo24.com\\\/fr\\\/2020\\\/06\\\/08\\\/nouveau-domicile-hapag-lloyd-seleve-en-suisse\\\/#breadcrumb\",\"itemListElement\":[{\"@type\":\"ListItem\",\"position\":1,\"name\":\"Startseite\",\"item\":\"https:\\\/\\\/loginfo24.com\\\/fr\\\/\"},{\"@type\":\"ListItem\",\"position\":2,\"name\":\"Nouveau domicile &#8211; Hapag-Lloyd s&#8217;\u00e9l\u00e8ve en Suisse\"}]},{\"@type\":\"WebSite\",\"@id\":\"https:\\\/\\\/loginfo24.com\\\/fr\\\/#website\",\"url\":\"https:\\\/\\\/loginfo24.com\\\/fr\\\/\",\"name\":\"Loginfo24\",\"description\":\"Loginfo24 est la plateforme d\u00e9di\u00e9e \u00e0 la logistique et aux cha\u00eenes d&#039;approvisionnement qui fournit des informations 24 heures sur 24.\",\"publisher\":{\"@id\":\"https:\\\/\\\/loginfo24.com\\\/fr\\\/#organization\"},\"potentialAction\":[{\"@type\":\"SearchAction\",\"target\":{\"@type\":\"EntryPoint\",\"urlTemplate\":\"https:\\\/\\\/loginfo24.com\\\/fr\\\/?s={search_term_string}\"},\"query-input\":{\"@type\":\"PropertyValueSpecification\",\"valueRequired\":true,\"valueName\":\"search_term_string\"}}],\"inLanguage\":\"fr-FR\"},{\"@type\":\"Organization\",\"@id\":\"https:\\\/\\\/loginfo24.com\\\/fr\\\/#organization\",\"name\":\"Groupe Logismedia AG\",\"url\":\"https:\\\/\\\/loginfo24.com\\\/fr\\\/\",\"logo\":{\"@type\":\"ImageObject\",\"inLanguage\":\"fr-FR\",\"@id\":\"https:\\\/\\\/loginfo24.com\\\/fr\\\/#\\\/schema\\\/logo\\\/image\\\/\",\"url\":\"https:\\\/\\\/loginfo24.com\\\/wp-content\\\/uploads\\\/sites\\\/7\\\/2026\\\/01\\\/Logo_LogInfo24.png\",\"contentUrl\":\"https:\\\/\\\/loginfo24.com\\\/wp-content\\\/uploads\\\/sites\\\/7\\\/2026\\\/01\\\/Logo_LogInfo24.png\",\"width\":938,\"height\":351,\"caption\":\"Groupe Logismedia AG\"},\"image\":{\"@id\":\"https:\\\/\\\/loginfo24.com\\\/fr\\\/#\\\/schema\\\/logo\\\/image\\\/\"},\"sameAs\":[\"https:\\\/\\\/www.facebook.com\\\/people\\\/Loginfo24\\\/100057360583332\\\/\",\"https:\\\/\\\/www.linkedin.com\\\/company\\\/lofinfo24\\\/\"]}]}<\/script>\n<!-- \/ Yoast SEO plugin. -->","yoast_head_json":{"title":"Nouveau domicile - Hapag-Lloyd s'\u00e9l\u00e8ve en Suisse - Loginfo24.","robots":{"index":"index","follow":"follow","max-snippet":"max-snippet:-1","max-image-preview":"max-image-preview:large","max-video-preview":"max-video-preview:-1"},"canonical":"https:\/\/loginfo24.com\/fr\/2020\/06\/08\/nouveau-domicile-hapag-lloyd-seleve-en-suisse\/","og_locale":"fr_FR","og_type":"article","og_title":"Nouveau domicile - Hapag-Lloyd s'\u00e9l\u00e8ve en Suisse - Loginfo24.","og_description":"Hapag-Lloyd est pr\u00e9sent en Suisse depuis 1974 avec une filiale et a \u00e9t\u00e9 domicili\u00e9 \u00e0 la m\u00eame adresse pr\u00e8s du port fluvial de B\u00e2le. Dans le [\u2026]","og_url":"https:\/\/loginfo24.com\/fr\/2020\/06\/08\/nouveau-domicile-hapag-lloyd-seleve-en-suisse\/","og_site_name":"Loginfo24","article_publisher":"https:\/\/www.facebook.com\/people\/Loginfo24\/100057360583332\/","article_published_time":"2020-06-08T05:00:49+00:00","article_modified_time":"2025-12-15T11:28:49+00:00","og_image":[{"url":"https:\/\/loginfo24.com\/wp-content\/uploads\/sites\/7\/2025\/12\/Hapag_2_8.6.20.jpg","type":"","width":"","height":""}],"twitter_card":"summary_large_image","twitter_misc":{"Dur\u00e9e de lecture estim\u00e9e":"5 minutes"},"schema":{"@context":"https:\/\/schema.org","@graph":[{"@type":"Article","@id":"https:\/\/loginfo24.com\/fr\/2020\/06\/08\/nouveau-domicile-hapag-lloyd-seleve-en-suisse\/#article","isPartOf":{"@id":"https:\/\/loginfo24.com\/fr\/2020\/06\/08\/nouveau-domicile-hapag-lloyd-seleve-en-suisse\/"},"author":{"name":"","@id":""},"headline":"Nouveau domicile - Hapag-Lloyd s&rsquo;\u00e9l\u00e8ve en Suisse","datePublished":"2020-06-08T05:00:49+00:00","dateModified":"2025-12-15T11:28:49+00:00","mainEntityOfPage":{"@id":"https:\/\/loginfo24.com\/fr\/2020\/06\/08\/nouveau-domicile-hapag-lloyd-seleve-en-suisse\/"},"wordCount":1095,"commentCount":0,"publisher":{"@id":"https:\/\/loginfo24.com\/fr\/#organization"},"image":{"@id":"https:\/\/loginfo24.com\/fr\/2020\/06\/08\/nouveau-domicile-hapag-lloyd-seleve-en-suisse\/#primaryimage"},"thumbnailUrl":"https:\/\/loginfo24.com\/wp-content\/uploads\/sites\/7\/2025\/12\/Hapag_2_8.6.20.jpg","articleSection":["Categories","Regions","Shipping &amp; Ports"],"inLanguage":"fr-FR","potentialAction":[{"@type":"CommentAction","name":"Comment","target":["https:\/\/loginfo24.com\/fr\/2020\/06\/08\/nouveau-domicile-hapag-lloyd-seleve-en-suisse\/#respond"]}]},{"@type":"WebPage","@id":"https:\/\/loginfo24.com\/fr\/2020\/06\/08\/nouveau-domicile-hapag-lloyd-seleve-en-suisse\/","url":"https:\/\/loginfo24.com\/fr\/2020\/06\/08\/nouveau-domicile-hapag-lloyd-seleve-en-suisse\/","name":"Nouveau domicile - Hapag-Lloyd s'\u00e9l\u00e8ve en Suisse - Loginfo24.","isPartOf":{"@id":"https:\/\/loginfo24.com\/fr\/#website"},"primaryImageOfPage":{"@id":"https:\/\/loginfo24.com\/fr\/2020\/06\/08\/nouveau-domicile-hapag-lloyd-seleve-en-suisse\/#primaryimage"},"image":{"@id":"https:\/\/loginfo24.com\/fr\/2020\/06\/08\/nouveau-domicile-hapag-lloyd-seleve-en-suisse\/#primaryimage"},"thumbnailUrl":"https:\/\/loginfo24.com\/wp-content\/uploads\/sites\/7\/2025\/12\/Hapag_2_8.6.20.jpg","datePublished":"2020-06-08T05:00:49+00:00","dateModified":"2025-12-15T11:28:49+00:00","breadcrumb":{"@id":"https:\/\/loginfo24.com\/fr\/2020\/06\/08\/nouveau-domicile-hapag-lloyd-seleve-en-suisse\/#breadcrumb"},"inLanguage":"fr-FR","potentialAction":[{"@type":"ReadAction","target":["https:\/\/loginfo24.com\/fr\/2020\/06\/08\/nouveau-domicile-hapag-lloyd-seleve-en-suisse\/"]}]},{"@type":"ImageObject","inLanguage":"fr-FR","@id":"https:\/\/loginfo24.com\/fr\/2020\/06\/08\/nouveau-domicile-hapag-lloyd-seleve-en-suisse\/#primaryimage","url":"https:\/\/loginfo24.com\/wp-content\/uploads\/sites\/7\/2025\/12\/Hapag_2_8.6.20.jpg","contentUrl":"https:\/\/loginfo24.com\/wp-content\/uploads\/sites\/7\/2025\/12\/Hapag_2_8.6.20.jpg"},{"@type":"BreadcrumbList","@id":"https:\/\/loginfo24.com\/fr\/2020\/06\/08\/nouveau-domicile-hapag-lloyd-seleve-en-suisse\/#breadcrumb","itemListElement":[{"@type":"ListItem","position":1,"name":"Startseite","item":"https:\/\/loginfo24.com\/fr\/"},{"@type":"ListItem","position":2,"name":"Nouveau domicile &#8211; Hapag-Lloyd s&#8217;\u00e9l\u00e8ve en Suisse"}]},{"@type":"WebSite","@id":"https:\/\/loginfo24.com\/fr\/#website","url":"https:\/\/loginfo24.com\/fr\/","name":"Loginfo24","description":"Loginfo24 est la plateforme d\u00e9di\u00e9e \u00e0 la logistique et aux cha\u00eenes d&#039;approvisionnement qui fournit des informations 24 heures sur 24.","publisher":{"@id":"https:\/\/loginfo24.com\/fr\/#organization"},"potentialAction":[{"@type":"SearchAction","target":{"@type":"EntryPoint","urlTemplate":"https:\/\/loginfo24.com\/fr\/?s={search_term_string}"},"query-input":{"@type":"PropertyValueSpecification","valueRequired":true,"valueName":"search_term_string"}}],"inLanguage":"fr-FR"},{"@type":"Organization","@id":"https:\/\/loginfo24.com\/fr\/#organization","name":"Groupe Logismedia AG","url":"https:\/\/loginfo24.com\/fr\/","logo":{"@type":"ImageObject","inLanguage":"fr-FR","@id":"https:\/\/loginfo24.com\/fr\/#\/schema\/logo\/image\/","url":"https:\/\/loginfo24.com\/wp-content\/uploads\/sites\/7\/2026\/01\/Logo_LogInfo24.png","contentUrl":"https:\/\/loginfo24.com\/wp-content\/uploads\/sites\/7\/2026\/01\/Logo_LogInfo24.png","width":938,"height":351,"caption":"Groupe Logismedia AG"},"image":{"@id":"https:\/\/loginfo24.com\/fr\/#\/schema\/logo\/image\/"},"sameAs":["https:\/\/www.facebook.com\/people\/Loginfo24\/100057360583332\/","https:\/\/www.linkedin.com\/company\/lofinfo24\/"]}]}},"_links":{"self":[{"href":"https:\/\/loginfo24.com\/fr\/wp-json\/wp\/v2\/posts\/17834","targetHints":{"allow":["GET"]}}],"collection":[{"href":"https:\/\/loginfo24.com\/fr\/wp-json\/wp\/v2\/posts"}],"about":[{"href":"https:\/\/loginfo24.com\/fr\/wp-json\/wp\/v2\/types\/post"}],"replies":[{"embeddable":true,"href":"https:\/\/loginfo24.com\/fr\/wp-json\/wp\/v2\/comments?post=17834"}],"version-history":[{"count":1,"href":"https:\/\/loginfo24.com\/fr\/wp-json\/wp\/v2\/posts\/17834\/revisions"}],"predecessor-version":[{"id":32010,"href":"https:\/\/loginfo24.com\/fr\/wp-json\/wp\/v2\/posts\/17834\/revisions\/32010"}],"wp:attachment":[{"href":"https:\/\/loginfo24.com\/fr\/wp-json\/wp\/v2\/media?parent=17834"}],"wp:term":[{"taxonomy":"category","embeddable":true,"href":"https:\/\/loginfo24.com\/fr\/wp-json\/wp\/v2\/categories?post=17834"},{"taxonomy":"post_tag","embeddable":true,"href":"https:\/\/loginfo24.com\/fr\/wp-json\/wp\/v2\/tags?post=17834"}],"curies":[{"name":"wp","href":"https:\/\/api.w.org\/{rel}","templated":true}]}}