{"id":17810,"date":"2020-06-08T06:00:40","date_gmt":"2020-06-08T04:00:40","guid":{"rendered":"https:\/\/blog.brand-architecture.at\/2020\/06\/08\/containers-sanitaires-pour-le-personnel-de-conduite-de-camions-installes-au-gvz-de-breme\/"},"modified":"2025-12-15T12:28:45","modified_gmt":"2025-12-15T11:28:45","slug":"containers-sanitaires-pour-le-personnel-de-conduite-de-camions-installes-au-gvz-de-breme","status":"publish","type":"post","link":"https:\/\/loginfo24.com\/fr\/2020\/06\/08\/containers-sanitaires-pour-le-personnel-de-conduite-de-camions-installes-au-gvz-de-breme\/","title":{"rendered":"Containers sanitaires pour le personnel de conduite de camions install\u00e9s au GVZ de Br\u00eame"},"content":{"rendered":"<p>La semaine derni\u00e8re, d&rsquo;autres containers sanitaires pour les conducteurs de camions ont \u00e9t\u00e9 install\u00e9s dans le parc de services du GVZ de Br\u00eame. Ce n&rsquo;est en r\u00e9alit\u00e9 pas un sujet pour un communiqu\u00e9 de presse, mais pendant le confinement d\u00fb au Corona, il est apparu que des installations sanitaires manquaient pour les conductrices et conducteurs \u00e0 tous les coins de l&rsquo;Europe. Souvent, les entreprises refusaient l&rsquo;acc\u00e8s \u00e0 leurs installations aux points de chargement et de d\u00e9chargement !<\/p>\n<p>(Br\u00eame) La semaine derni\u00e8re, dans le cadre de l&rsquo;initiative sectorielle #LogistikHilft, d&rsquo;autres containers sanitaires pour les conductrices et conducteurs de camions ont \u00e9t\u00e9 mis en service dans le parc de services du GVZ de Br\u00eame. L&rsquo;installation du container de douche et des toilettes a \u00e9t\u00e9 organis\u00e9e en collaboration avec l&rsquo;initiative sectorielle, la soci\u00e9t\u00e9 de d\u00e9veloppement GVZ de Br\u00eame (GVZe) et Backhaus. Le loyer des containers sanitaires est couvert par des dons, notamment de la ville de Br\u00eame, de la coop\u00e9rative de transport routier de Br\u00eame eG (SVG), de l&rsquo;association r\u00e9gionale des transports de Br\u00eame (LVB) e.V. et des soutiens de l&rsquo;initiative. Au GVZ de Br\u00eame, environ 6 000 \u00e0 7 000 camions sont en mouvement chaque jour. La nouvelle installation sanitaire compl\u00e8te l&rsquo;offre existante et se trouve sur le terrain du fournisseur central du GVZ, Backhaus, dans le parc de services du GVZ de Br\u00eame. Les deux containers sont \u00e0 la disposition de toutes les conductrices et conducteurs de camions gratuitement \u00e0 partir du 4 juin 2020. L&rsquo;acc\u00e8s se fait via l&rsquo;application KRAVAG Truck Parking, disponible sur le Google Play Store \/ Apple App Store. #Logistikhilft est une initiative conjointe du minist\u00e8re f\u00e9d\u00e9ral des Transports et de l&rsquo;infrastructure num\u00e9rique (BMVI), de l&rsquo;association f\u00e9d\u00e9rale du transport de marchandises, de la logistique et de l&rsquo;\u00e9limination (BGL), de l&rsquo;association \u00e0 but non lucratif DocStop \/ SaniStop ainsi que de nombreux soutiens \/ donateurs issus de l&rsquo;industrie logistique et de l&rsquo;industrie connexe. Les parrains de l&rsquo;initiative sont le ministre f\u00e9d\u00e9ral Andreas Scheuer et le coordinateur du gouvernement f\u00e9d\u00e9ral pour le transport de marchandises et la logistique, le secr\u00e9taire d&rsquo;\u00c9tat parlementaire Steffen Bilger. L&rsquo;objectif de l&rsquo;initiative est de soutenir tous ceux qui travaillent op\u00e9rationnellement dans le transport et la logistique, afin d&rsquo;assurer l&rsquo;approvisionnement de la soci\u00e9t\u00e9 et de l&rsquo;\u00e9conomie. Cela est particuli\u00e8rement vrai en ce qui concerne des conditions de travail \u00e9quitables et appropri\u00e9es pour les conductrices et conducteurs de camions.<\/p>\n<p>Photo : \u00a9 BGL<\/p>\n<p><a href=\"https:\/\/www.bgl-ev.de\">https:\/\/www.bgl-ev.de<\/a><\/p>\n","protected":false},"excerpt":{"rendered":"<p>La semaine derni\u00e8re, d&rsquo;autres containers sanitaires pour les conducteurs de camions ont \u00e9t\u00e9 install\u00e9s dans le parc de services du GVZ de Br\u00eame. Ce n&rsquo;est en<span class=\"excerpt-hellip\"> [\u2026]<\/span><\/p>\n","protected":false},"author":0,"featured_media":0,"comment_status":"open","ping_status":"open","sticky":false,"template":"","format":"standard","meta":{"_acf_changed":false,"footnotes":""},"categories":[1557,1561],"tags":[],"class_list":["post-17810","post","type-post","status-publish","format-standard","hentry","category-forwarding-logistics","category-regions"],"acf":[],"yoast_head":"<!-- This site is optimized with the Yoast SEO plugin v27.3 - https:\/\/yoast.com\/product\/yoast-seo-wordpress\/ -->\n<title>Containers sanitaires pour le personnel de conduite de camions install\u00e9s au GVZ de Br\u00eame - Loginfo24.<\/title>\n<meta name=\"robots\" content=\"index, follow, max-snippet:-1, max-image-preview:large, max-video-preview:-1\" \/>\n<link rel=\"canonical\" href=\"https:\/\/loginfo24.com\/fr\/2020\/06\/08\/containers-sanitaires-pour-le-personnel-de-conduite-de-camions-installes-au-gvz-de-breme\/\" \/>\n<meta property=\"og:locale\" content=\"fr_FR\" \/>\n<meta property=\"og:type\" content=\"article\" \/>\n<meta property=\"og:title\" content=\"Containers sanitaires pour le personnel de conduite de camions install\u00e9s au GVZ de Br\u00eame - Loginfo24.\" \/>\n<meta property=\"og:description\" content=\"La semaine derni\u00e8re, d&rsquo;autres containers sanitaires pour les conducteurs de camions ont \u00e9t\u00e9 install\u00e9s dans le parc de services du GVZ de Br\u00eame. Ce n&rsquo;est en [\u2026]\" \/>\n<meta property=\"og:url\" content=\"https:\/\/loginfo24.com\/fr\/2020\/06\/08\/containers-sanitaires-pour-le-personnel-de-conduite-de-camions-installes-au-gvz-de-breme\/\" \/>\n<meta property=\"og:site_name\" content=\"Loginfo24\" \/>\n<meta property=\"article:publisher\" content=\"https:\/\/www.facebook.com\/people\/Loginfo24\/100057360583332\/\" \/>\n<meta property=\"article:published_time\" content=\"2020-06-08T04:00:40+00:00\" \/>\n<meta property=\"article:modified_time\" content=\"2025-12-15T11:28:45+00:00\" \/>\n<meta name=\"twitter:card\" content=\"summary_large_image\" \/>\n<meta name=\"twitter:label1\" content=\"Dur\u00e9e de lecture estim\u00e9e\" \/>\n\t<meta name=\"twitter:data1\" content=\"2 minutes\" \/>\n<script type=\"application\/ld+json\" class=\"yoast-schema-graph\">{\"@context\":\"https:\\\/\\\/schema.org\",\"@graph\":[{\"@type\":\"Article\",\"@id\":\"https:\\\/\\\/loginfo24.com\\\/fr\\\/2020\\\/06\\\/08\\\/containers-sanitaires-pour-le-personnel-de-conduite-de-camions-installes-au-gvz-de-breme\\\/#article\",\"isPartOf\":{\"@id\":\"https:\\\/\\\/loginfo24.com\\\/fr\\\/2020\\\/06\\\/08\\\/containers-sanitaires-pour-le-personnel-de-conduite-de-camions-installes-au-gvz-de-breme\\\/\"},\"author\":{\"name\":\"\",\"@id\":\"\"},\"headline\":\"Containers sanitaires pour le personnel de conduite de camions install\u00e9s au GVZ de Br\u00eame\",\"datePublished\":\"2020-06-08T04:00:40+00:00\",\"dateModified\":\"2025-12-15T11:28:45+00:00\",\"mainEntityOfPage\":{\"@id\":\"https:\\\/\\\/loginfo24.com\\\/fr\\\/2020\\\/06\\\/08\\\/containers-sanitaires-pour-le-personnel-de-conduite-de-camions-installes-au-gvz-de-breme\\\/\"},\"wordCount\":463,\"commentCount\":0,\"publisher\":{\"@id\":\"https:\\\/\\\/loginfo24.com\\\/fr\\\/#organization\"},\"articleSection\":[\"Forwarding &amp; Logistics\",\"Regions\"],\"inLanguage\":\"fr-FR\",\"potentialAction\":[{\"@type\":\"CommentAction\",\"name\":\"Comment\",\"target\":[\"https:\\\/\\\/loginfo24.com\\\/fr\\\/2020\\\/06\\\/08\\\/containers-sanitaires-pour-le-personnel-de-conduite-de-camions-installes-au-gvz-de-breme\\\/#respond\"]}]},{\"@type\":\"WebPage\",\"@id\":\"https:\\\/\\\/loginfo24.com\\\/fr\\\/2020\\\/06\\\/08\\\/containers-sanitaires-pour-le-personnel-de-conduite-de-camions-installes-au-gvz-de-breme\\\/\",\"url\":\"https:\\\/\\\/loginfo24.com\\\/fr\\\/2020\\\/06\\\/08\\\/containers-sanitaires-pour-le-personnel-de-conduite-de-camions-installes-au-gvz-de-breme\\\/\",\"name\":\"Containers sanitaires pour le personnel de conduite de camions install\u00e9s au GVZ de Br\u00eame - Loginfo24.\",\"isPartOf\":{\"@id\":\"https:\\\/\\\/loginfo24.com\\\/fr\\\/#website\"},\"datePublished\":\"2020-06-08T04:00:40+00:00\",\"dateModified\":\"2025-12-15T11:28:45+00:00\",\"breadcrumb\":{\"@id\":\"https:\\\/\\\/loginfo24.com\\\/fr\\\/2020\\\/06\\\/08\\\/containers-sanitaires-pour-le-personnel-de-conduite-de-camions-installes-au-gvz-de-breme\\\/#breadcrumb\"},\"inLanguage\":\"fr-FR\",\"potentialAction\":[{\"@type\":\"ReadAction\",\"target\":[\"https:\\\/\\\/loginfo24.com\\\/fr\\\/2020\\\/06\\\/08\\\/containers-sanitaires-pour-le-personnel-de-conduite-de-camions-installes-au-gvz-de-breme\\\/\"]}]},{\"@type\":\"BreadcrumbList\",\"@id\":\"https:\\\/\\\/loginfo24.com\\\/fr\\\/2020\\\/06\\\/08\\\/containers-sanitaires-pour-le-personnel-de-conduite-de-camions-installes-au-gvz-de-breme\\\/#breadcrumb\",\"itemListElement\":[{\"@type\":\"ListItem\",\"position\":1,\"name\":\"Startseite\",\"item\":\"https:\\\/\\\/loginfo24.com\\\/fr\\\/\"},{\"@type\":\"ListItem\",\"position\":2,\"name\":\"Containers sanitaires pour le personnel de conduite de camions install\u00e9s au GVZ de Br\u00eame\"}]},{\"@type\":\"WebSite\",\"@id\":\"https:\\\/\\\/loginfo24.com\\\/fr\\\/#website\",\"url\":\"https:\\\/\\\/loginfo24.com\\\/fr\\\/\",\"name\":\"Loginfo24\",\"description\":\"Loginfo24 est la plateforme d\u00e9di\u00e9e \u00e0 la logistique et aux cha\u00eenes d&#039;approvisionnement qui fournit des informations 24 heures sur 24.\",\"publisher\":{\"@id\":\"https:\\\/\\\/loginfo24.com\\\/fr\\\/#organization\"},\"potentialAction\":[{\"@type\":\"SearchAction\",\"target\":{\"@type\":\"EntryPoint\",\"urlTemplate\":\"https:\\\/\\\/loginfo24.com\\\/fr\\\/?s={search_term_string}\"},\"query-input\":{\"@type\":\"PropertyValueSpecification\",\"valueRequired\":true,\"valueName\":\"search_term_string\"}}],\"inLanguage\":\"fr-FR\"},{\"@type\":\"Organization\",\"@id\":\"https:\\\/\\\/loginfo24.com\\\/fr\\\/#organization\",\"name\":\"Groupe Logismedia AG\",\"url\":\"https:\\\/\\\/loginfo24.com\\\/fr\\\/\",\"logo\":{\"@type\":\"ImageObject\",\"inLanguage\":\"fr-FR\",\"@id\":\"https:\\\/\\\/loginfo24.com\\\/fr\\\/#\\\/schema\\\/logo\\\/image\\\/\",\"url\":\"https:\\\/\\\/loginfo24.com\\\/wp-content\\\/uploads\\\/sites\\\/7\\\/2026\\\/01\\\/Logo_LogInfo24.png\",\"contentUrl\":\"https:\\\/\\\/loginfo24.com\\\/wp-content\\\/uploads\\\/sites\\\/7\\\/2026\\\/01\\\/Logo_LogInfo24.png\",\"width\":938,\"height\":351,\"caption\":\"Groupe Logismedia AG\"},\"image\":{\"@id\":\"https:\\\/\\\/loginfo24.com\\\/fr\\\/#\\\/schema\\\/logo\\\/image\\\/\"},\"sameAs\":[\"https:\\\/\\\/www.facebook.com\\\/people\\\/Loginfo24\\\/100057360583332\\\/\",\"https:\\\/\\\/www.linkedin.com\\\/company\\\/lofinfo24\\\/\"]}]}<\/script>\n<!-- \/ Yoast SEO plugin. -->","yoast_head_json":{"title":"Containers sanitaires pour le personnel de conduite de camions install\u00e9s au GVZ de Br\u00eame - Loginfo24.","robots":{"index":"index","follow":"follow","max-snippet":"max-snippet:-1","max-image-preview":"max-image-preview:large","max-video-preview":"max-video-preview:-1"},"canonical":"https:\/\/loginfo24.com\/fr\/2020\/06\/08\/containers-sanitaires-pour-le-personnel-de-conduite-de-camions-installes-au-gvz-de-breme\/","og_locale":"fr_FR","og_type":"article","og_title":"Containers sanitaires pour le personnel de conduite de camions install\u00e9s au GVZ de Br\u00eame - Loginfo24.","og_description":"La semaine derni\u00e8re, d&rsquo;autres containers sanitaires pour les conducteurs de camions ont \u00e9t\u00e9 install\u00e9s dans le parc de services du GVZ de Br\u00eame. Ce n&rsquo;est en [\u2026]","og_url":"https:\/\/loginfo24.com\/fr\/2020\/06\/08\/containers-sanitaires-pour-le-personnel-de-conduite-de-camions-installes-au-gvz-de-breme\/","og_site_name":"Loginfo24","article_publisher":"https:\/\/www.facebook.com\/people\/Loginfo24\/100057360583332\/","article_published_time":"2020-06-08T04:00:40+00:00","article_modified_time":"2025-12-15T11:28:45+00:00","twitter_card":"summary_large_image","twitter_misc":{"Dur\u00e9e de lecture estim\u00e9e":"2 minutes"},"schema":{"@context":"https:\/\/schema.org","@graph":[{"@type":"Article","@id":"https:\/\/loginfo24.com\/fr\/2020\/06\/08\/containers-sanitaires-pour-le-personnel-de-conduite-de-camions-installes-au-gvz-de-breme\/#article","isPartOf":{"@id":"https:\/\/loginfo24.com\/fr\/2020\/06\/08\/containers-sanitaires-pour-le-personnel-de-conduite-de-camions-installes-au-gvz-de-breme\/"},"author":{"name":"","@id":""},"headline":"Containers sanitaires pour le personnel de conduite de camions install\u00e9s au GVZ de Br\u00eame","datePublished":"2020-06-08T04:00:40+00:00","dateModified":"2025-12-15T11:28:45+00:00","mainEntityOfPage":{"@id":"https:\/\/loginfo24.com\/fr\/2020\/06\/08\/containers-sanitaires-pour-le-personnel-de-conduite-de-camions-installes-au-gvz-de-breme\/"},"wordCount":463,"commentCount":0,"publisher":{"@id":"https:\/\/loginfo24.com\/fr\/#organization"},"articleSection":["Forwarding &amp; Logistics","Regions"],"inLanguage":"fr-FR","potentialAction":[{"@type":"CommentAction","name":"Comment","target":["https:\/\/loginfo24.com\/fr\/2020\/06\/08\/containers-sanitaires-pour-le-personnel-de-conduite-de-camions-installes-au-gvz-de-breme\/#respond"]}]},{"@type":"WebPage","@id":"https:\/\/loginfo24.com\/fr\/2020\/06\/08\/containers-sanitaires-pour-le-personnel-de-conduite-de-camions-installes-au-gvz-de-breme\/","url":"https:\/\/loginfo24.com\/fr\/2020\/06\/08\/containers-sanitaires-pour-le-personnel-de-conduite-de-camions-installes-au-gvz-de-breme\/","name":"Containers sanitaires pour le personnel de conduite de camions install\u00e9s au GVZ de Br\u00eame - Loginfo24.","isPartOf":{"@id":"https:\/\/loginfo24.com\/fr\/#website"},"datePublished":"2020-06-08T04:00:40+00:00","dateModified":"2025-12-15T11:28:45+00:00","breadcrumb":{"@id":"https:\/\/loginfo24.com\/fr\/2020\/06\/08\/containers-sanitaires-pour-le-personnel-de-conduite-de-camions-installes-au-gvz-de-breme\/#breadcrumb"},"inLanguage":"fr-FR","potentialAction":[{"@type":"ReadAction","target":["https:\/\/loginfo24.com\/fr\/2020\/06\/08\/containers-sanitaires-pour-le-personnel-de-conduite-de-camions-installes-au-gvz-de-breme\/"]}]},{"@type":"BreadcrumbList","@id":"https:\/\/loginfo24.com\/fr\/2020\/06\/08\/containers-sanitaires-pour-le-personnel-de-conduite-de-camions-installes-au-gvz-de-breme\/#breadcrumb","itemListElement":[{"@type":"ListItem","position":1,"name":"Startseite","item":"https:\/\/loginfo24.com\/fr\/"},{"@type":"ListItem","position":2,"name":"Containers sanitaires pour le personnel de conduite de camions install\u00e9s au GVZ de Br\u00eame"}]},{"@type":"WebSite","@id":"https:\/\/loginfo24.com\/fr\/#website","url":"https:\/\/loginfo24.com\/fr\/","name":"Loginfo24","description":"Loginfo24 est la plateforme d\u00e9di\u00e9e \u00e0 la logistique et aux cha\u00eenes d&#039;approvisionnement qui fournit des informations 24 heures sur 24.","publisher":{"@id":"https:\/\/loginfo24.com\/fr\/#organization"},"potentialAction":[{"@type":"SearchAction","target":{"@type":"EntryPoint","urlTemplate":"https:\/\/loginfo24.com\/fr\/?s={search_term_string}"},"query-input":{"@type":"PropertyValueSpecification","valueRequired":true,"valueName":"search_term_string"}}],"inLanguage":"fr-FR"},{"@type":"Organization","@id":"https:\/\/loginfo24.com\/fr\/#organization","name":"Groupe Logismedia AG","url":"https:\/\/loginfo24.com\/fr\/","logo":{"@type":"ImageObject","inLanguage":"fr-FR","@id":"https:\/\/loginfo24.com\/fr\/#\/schema\/logo\/image\/","url":"https:\/\/loginfo24.com\/wp-content\/uploads\/sites\/7\/2026\/01\/Logo_LogInfo24.png","contentUrl":"https:\/\/loginfo24.com\/wp-content\/uploads\/sites\/7\/2026\/01\/Logo_LogInfo24.png","width":938,"height":351,"caption":"Groupe Logismedia AG"},"image":{"@id":"https:\/\/loginfo24.com\/fr\/#\/schema\/logo\/image\/"},"sameAs":["https:\/\/www.facebook.com\/people\/Loginfo24\/100057360583332\/","https:\/\/www.linkedin.com\/company\/lofinfo24\/"]}]}},"_links":{"self":[{"href":"https:\/\/loginfo24.com\/fr\/wp-json\/wp\/v2\/posts\/17810","targetHints":{"allow":["GET"]}}],"collection":[{"href":"https:\/\/loginfo24.com\/fr\/wp-json\/wp\/v2\/posts"}],"about":[{"href":"https:\/\/loginfo24.com\/fr\/wp-json\/wp\/v2\/types\/post"}],"replies":[{"embeddable":true,"href":"https:\/\/loginfo24.com\/fr\/wp-json\/wp\/v2\/comments?post=17810"}],"version-history":[{"count":1,"href":"https:\/\/loginfo24.com\/fr\/wp-json\/wp\/v2\/posts\/17810\/revisions"}],"predecessor-version":[{"id":31962,"href":"https:\/\/loginfo24.com\/fr\/wp-json\/wp\/v2\/posts\/17810\/revisions\/31962"}],"wp:attachment":[{"href":"https:\/\/loginfo24.com\/fr\/wp-json\/wp\/v2\/media?parent=17810"}],"wp:term":[{"taxonomy":"category","embeddable":true,"href":"https:\/\/loginfo24.com\/fr\/wp-json\/wp\/v2\/categories?post=17810"},{"taxonomy":"post_tag","embeddable":true,"href":"https:\/\/loginfo24.com\/fr\/wp-json\/wp\/v2\/tags?post=17810"}],"curies":[{"name":"wp","href":"https:\/\/api.w.org\/{rel}","templated":true}]}}