{"id":17793,"date":"2020-06-05T07:00:31","date_gmt":"2020-06-05T05:00:31","guid":{"rendered":"https:\/\/blog.brand-architecture.at\/2020\/06\/05\/portrait-logistique-du-jour-angelo-gregoriano\/"},"modified":"2025-12-15T12:28:39","modified_gmt":"2025-12-15T11:28:39","slug":"portrait-logistique-du-jour-angelo-gregoriano","status":"publish","type":"post","link":"https:\/\/loginfo24.com\/fr\/2020\/06\/05\/portrait-logistique-du-jour-angelo-gregoriano\/","title":{"rendered":"Portrait logistique du jour : Angelo Gregoriano"},"content":{"rendered":"<p>Dans le portrait du jour, des personnes de tous horizons, secteurs et niveaux de la logistique se pr\u00e9sentent. En quelques mots, elles d\u00e9crivent pourquoi leur activit\u00e9 dans ce secteur diversifi\u00e9 leur pla\u00eet.<\/p>\n<h3>Aujourd&rsquo;hui : Angelo Gregoriano, Rhenus Port Logistics, B\u00e2le\/Suisse<\/h3>\n<table>\n<tbody>\n<tr>\n<td colspan=\"2\" width=\"605\"><strong>Mon activit\u00e9 dans la logistique :<\/strong> Je travaille depuis quatre ans chez Rhenus Port Logistics dans le domaine des ventes.<\/td>\n<\/tr>\n<tr>\n<td width=\"212\"><strong>Pr\u00e9nom\/Nom :<\/strong><\/td>\n<td width=\"392\">Angelo Gregoriano<\/td>\n<\/tr>\n<tr>\n<td width=\"212\"><strong>Ann\u00e9e de naissance :<\/strong><\/td>\n<td width=\"392\">1991<\/td>\n<\/tr>\n<tr>\n<td width=\"212\"><strong>Entreprise :<\/strong><\/td>\n<td width=\"392\">Rhenus Port Logistics B\u00e2le\/Suisse<\/td>\n<\/tr>\n<tr>\n<td width=\"212\"><strong>Pays :<\/strong><\/td>\n<td width=\"392\">Suisse<\/td>\n<\/tr>\n<tr>\n<td width=\"212\"><strong>Fonction :<\/strong><\/td>\n<td width=\"392\">Responsable des ventes, membre de la direction<\/td>\n<\/tr>\n<tr>\n<td width=\"212\"><strong>Dans la logistique depuis :<\/strong><\/td>\n<td width=\"392\">2007<\/td>\n<\/tr>\n<tr>\n<td width=\"212\"><strong>Formation :<\/strong><\/td>\n<td width=\"392\">Agent de transit \/ \u00c9conomiste HFW<\/td>\n<\/tr>\n<tr>\n<td width=\"212\"><strong>Site web :<\/strong><\/td>\n<td width=\"392\"><a href=\"https:\/\/www.rhenus.group\/de\" target=\"_blank\" rel=\"noopener noreferrer\">www.rhenus.com<\/a><\/td>\n<\/tr>\n<tr>\n<td width=\"212\"><strong>Profil LinkedIn :<\/strong><\/td>\n<td width=\"392\"><a href=\"https:\/\/ch.linkedin.com\/in\/angelo-gregoriano-14a505124\">https:\/\/ch.linkedin.com\/in\/angelo-gregoriano-14a505124<\/a><\/td>\n<\/tr>\n<tr>\n<td colspan=\"2\" width=\"605\">\n<h6><strong>Ce que j&rsquo;aime dans mon travail et dans la logistique :<\/strong><\/h6>\n<p>Le contact avec les clients et les partenaires. La mani\u00e8re vari\u00e9e et stimulante d&rsquo;organiser un transport. La logistique m&rsquo;a passionn\u00e9 depuis mon enfance. J&rsquo;ai maintenant la chance, dans une grande entreprise comme Rhenus, d&rsquo;int\u00e9grer mes comp\u00e9tences et mes forces, et de contribuer \u00e0 ce que cette entreprise familiale puisse continuer \u00e0 regarder vers l&rsquo;avenir avec succ\u00e8s. \u00abTogether with Passion\u00bb<\/td>\n<\/tr>\n<\/tbody>\n<\/table>\n","protected":false},"excerpt":{"rendered":"<p>Dans le portrait du jour, des personnes de tous horizons, secteurs et niveaux de la logistique se pr\u00e9sentent. En quelques mots, elles d\u00e9crivent pourquoi leur activit\u00e9<span class=\"excerpt-hellip\"> [\u2026]<\/span><\/p>\n","protected":false},"author":0,"featured_media":0,"comment_status":"open","ping_status":"open","sticky":false,"template":"","format":"standard","meta":{"_acf_changed":false,"footnotes":""},"categories":[1665,1561],"tags":[],"class_list":["post-17793","post","type-post","status-publish","format-standard","hentry","category-categories","category-regions"],"acf":[],"yoast_head":"<!-- This site is optimized with the Yoast SEO plugin v27.3 - https:\/\/yoast.com\/product\/yoast-seo-wordpress\/ -->\n<title>Portrait logistique du jour : Angelo Gregoriano - Loginfo24.<\/title>\n<meta name=\"robots\" content=\"index, follow, max-snippet:-1, max-image-preview:large, max-video-preview:-1\" \/>\n<link rel=\"canonical\" href=\"https:\/\/loginfo24.com\/fr\/2020\/06\/05\/portrait-logistique-du-jour-angelo-gregoriano\/\" \/>\n<meta property=\"og:locale\" content=\"fr_FR\" \/>\n<meta property=\"og:type\" content=\"article\" \/>\n<meta property=\"og:title\" content=\"Portrait logistique du jour : Angelo Gregoriano - Loginfo24.\" \/>\n<meta property=\"og:description\" content=\"Dans le portrait du jour, des personnes de tous horizons, secteurs et niveaux de la logistique se pr\u00e9sentent. En quelques mots, elles d\u00e9crivent pourquoi leur activit\u00e9 [\u2026]\" \/>\n<meta property=\"og:url\" content=\"https:\/\/loginfo24.com\/fr\/2020\/06\/05\/portrait-logistique-du-jour-angelo-gregoriano\/\" \/>\n<meta property=\"og:site_name\" content=\"Loginfo24\" \/>\n<meta property=\"article:publisher\" content=\"https:\/\/www.facebook.com\/people\/Loginfo24\/100057360583332\/\" \/>\n<meta property=\"article:published_time\" content=\"2020-06-05T05:00:31+00:00\" \/>\n<meta property=\"article:modified_time\" content=\"2025-12-15T11:28:39+00:00\" \/>\n<meta name=\"twitter:card\" content=\"summary_large_image\" \/>\n<meta name=\"twitter:label1\" content=\"Dur\u00e9e de lecture estim\u00e9e\" \/>\n\t<meta name=\"twitter:data1\" content=\"1 minute\" \/>\n<script type=\"application\/ld+json\" class=\"yoast-schema-graph\">{\"@context\":\"https:\\\/\\\/schema.org\",\"@graph\":[{\"@type\":\"Article\",\"@id\":\"https:\\\/\\\/loginfo24.com\\\/fr\\\/2020\\\/06\\\/05\\\/portrait-logistique-du-jour-angelo-gregoriano\\\/#article\",\"isPartOf\":{\"@id\":\"https:\\\/\\\/loginfo24.com\\\/fr\\\/2020\\\/06\\\/05\\\/portrait-logistique-du-jour-angelo-gregoriano\\\/\"},\"author\":{\"name\":\"\",\"@id\":\"\"},\"headline\":\"Portrait logistique du jour : Angelo Gregoriano\",\"datePublished\":\"2020-06-05T05:00:31+00:00\",\"dateModified\":\"2025-12-15T11:28:39+00:00\",\"mainEntityOfPage\":{\"@id\":\"https:\\\/\\\/loginfo24.com\\\/fr\\\/2020\\\/06\\\/05\\\/portrait-logistique-du-jour-angelo-gregoriano\\\/\"},\"wordCount\":198,\"commentCount\":0,\"publisher\":{\"@id\":\"https:\\\/\\\/loginfo24.com\\\/fr\\\/#organization\"},\"articleSection\":[\"Categories\",\"Regions\"],\"inLanguage\":\"fr-FR\",\"potentialAction\":[{\"@type\":\"CommentAction\",\"name\":\"Comment\",\"target\":[\"https:\\\/\\\/loginfo24.com\\\/fr\\\/2020\\\/06\\\/05\\\/portrait-logistique-du-jour-angelo-gregoriano\\\/#respond\"]}]},{\"@type\":\"WebPage\",\"@id\":\"https:\\\/\\\/loginfo24.com\\\/fr\\\/2020\\\/06\\\/05\\\/portrait-logistique-du-jour-angelo-gregoriano\\\/\",\"url\":\"https:\\\/\\\/loginfo24.com\\\/fr\\\/2020\\\/06\\\/05\\\/portrait-logistique-du-jour-angelo-gregoriano\\\/\",\"name\":\"Portrait logistique du jour : Angelo Gregoriano - Loginfo24.\",\"isPartOf\":{\"@id\":\"https:\\\/\\\/loginfo24.com\\\/fr\\\/#website\"},\"datePublished\":\"2020-06-05T05:00:31+00:00\",\"dateModified\":\"2025-12-15T11:28:39+00:00\",\"breadcrumb\":{\"@id\":\"https:\\\/\\\/loginfo24.com\\\/fr\\\/2020\\\/06\\\/05\\\/portrait-logistique-du-jour-angelo-gregoriano\\\/#breadcrumb\"},\"inLanguage\":\"fr-FR\",\"potentialAction\":[{\"@type\":\"ReadAction\",\"target\":[\"https:\\\/\\\/loginfo24.com\\\/fr\\\/2020\\\/06\\\/05\\\/portrait-logistique-du-jour-angelo-gregoriano\\\/\"]}]},{\"@type\":\"BreadcrumbList\",\"@id\":\"https:\\\/\\\/loginfo24.com\\\/fr\\\/2020\\\/06\\\/05\\\/portrait-logistique-du-jour-angelo-gregoriano\\\/#breadcrumb\",\"itemListElement\":[{\"@type\":\"ListItem\",\"position\":1,\"name\":\"Startseite\",\"item\":\"https:\\\/\\\/loginfo24.com\\\/fr\\\/\"},{\"@type\":\"ListItem\",\"position\":2,\"name\":\"Portrait logistique du jour : Angelo Gregoriano\"}]},{\"@type\":\"WebSite\",\"@id\":\"https:\\\/\\\/loginfo24.com\\\/fr\\\/#website\",\"url\":\"https:\\\/\\\/loginfo24.com\\\/fr\\\/\",\"name\":\"Loginfo24\",\"description\":\"Loginfo24 est la plateforme d\u00e9di\u00e9e \u00e0 la logistique et aux cha\u00eenes d&#039;approvisionnement qui fournit des informations 24 heures sur 24.\",\"publisher\":{\"@id\":\"https:\\\/\\\/loginfo24.com\\\/fr\\\/#organization\"},\"potentialAction\":[{\"@type\":\"SearchAction\",\"target\":{\"@type\":\"EntryPoint\",\"urlTemplate\":\"https:\\\/\\\/loginfo24.com\\\/fr\\\/?s={search_term_string}\"},\"query-input\":{\"@type\":\"PropertyValueSpecification\",\"valueRequired\":true,\"valueName\":\"search_term_string\"}}],\"inLanguage\":\"fr-FR\"},{\"@type\":\"Organization\",\"@id\":\"https:\\\/\\\/loginfo24.com\\\/fr\\\/#organization\",\"name\":\"Groupe Logismedia AG\",\"url\":\"https:\\\/\\\/loginfo24.com\\\/fr\\\/\",\"logo\":{\"@type\":\"ImageObject\",\"inLanguage\":\"fr-FR\",\"@id\":\"https:\\\/\\\/loginfo24.com\\\/fr\\\/#\\\/schema\\\/logo\\\/image\\\/\",\"url\":\"https:\\\/\\\/loginfo24.com\\\/wp-content\\\/uploads\\\/sites\\\/7\\\/2026\\\/01\\\/Logo_LogInfo24.png\",\"contentUrl\":\"https:\\\/\\\/loginfo24.com\\\/wp-content\\\/uploads\\\/sites\\\/7\\\/2026\\\/01\\\/Logo_LogInfo24.png\",\"width\":938,\"height\":351,\"caption\":\"Groupe Logismedia AG\"},\"image\":{\"@id\":\"https:\\\/\\\/loginfo24.com\\\/fr\\\/#\\\/schema\\\/logo\\\/image\\\/\"},\"sameAs\":[\"https:\\\/\\\/www.facebook.com\\\/people\\\/Loginfo24\\\/100057360583332\\\/\",\"https:\\\/\\\/www.linkedin.com\\\/company\\\/lofinfo24\\\/\"]}]}<\/script>\n<!-- \/ Yoast SEO plugin. -->","yoast_head_json":{"title":"Portrait logistique du jour : Angelo Gregoriano - Loginfo24.","robots":{"index":"index","follow":"follow","max-snippet":"max-snippet:-1","max-image-preview":"max-image-preview:large","max-video-preview":"max-video-preview:-1"},"canonical":"https:\/\/loginfo24.com\/fr\/2020\/06\/05\/portrait-logistique-du-jour-angelo-gregoriano\/","og_locale":"fr_FR","og_type":"article","og_title":"Portrait logistique du jour : Angelo Gregoriano - Loginfo24.","og_description":"Dans le portrait du jour, des personnes de tous horizons, secteurs et niveaux de la logistique se pr\u00e9sentent. En quelques mots, elles d\u00e9crivent pourquoi leur activit\u00e9 [\u2026]","og_url":"https:\/\/loginfo24.com\/fr\/2020\/06\/05\/portrait-logistique-du-jour-angelo-gregoriano\/","og_site_name":"Loginfo24","article_publisher":"https:\/\/www.facebook.com\/people\/Loginfo24\/100057360583332\/","article_published_time":"2020-06-05T05:00:31+00:00","article_modified_time":"2025-12-15T11:28:39+00:00","twitter_card":"summary_large_image","twitter_misc":{"Dur\u00e9e de lecture estim\u00e9e":"1 minute"},"schema":{"@context":"https:\/\/schema.org","@graph":[{"@type":"Article","@id":"https:\/\/loginfo24.com\/fr\/2020\/06\/05\/portrait-logistique-du-jour-angelo-gregoriano\/#article","isPartOf":{"@id":"https:\/\/loginfo24.com\/fr\/2020\/06\/05\/portrait-logistique-du-jour-angelo-gregoriano\/"},"author":{"name":"","@id":""},"headline":"Portrait logistique du jour : Angelo Gregoriano","datePublished":"2020-06-05T05:00:31+00:00","dateModified":"2025-12-15T11:28:39+00:00","mainEntityOfPage":{"@id":"https:\/\/loginfo24.com\/fr\/2020\/06\/05\/portrait-logistique-du-jour-angelo-gregoriano\/"},"wordCount":198,"commentCount":0,"publisher":{"@id":"https:\/\/loginfo24.com\/fr\/#organization"},"articleSection":["Categories","Regions"],"inLanguage":"fr-FR","potentialAction":[{"@type":"CommentAction","name":"Comment","target":["https:\/\/loginfo24.com\/fr\/2020\/06\/05\/portrait-logistique-du-jour-angelo-gregoriano\/#respond"]}]},{"@type":"WebPage","@id":"https:\/\/loginfo24.com\/fr\/2020\/06\/05\/portrait-logistique-du-jour-angelo-gregoriano\/","url":"https:\/\/loginfo24.com\/fr\/2020\/06\/05\/portrait-logistique-du-jour-angelo-gregoriano\/","name":"Portrait logistique du jour : Angelo Gregoriano - Loginfo24.","isPartOf":{"@id":"https:\/\/loginfo24.com\/fr\/#website"},"datePublished":"2020-06-05T05:00:31+00:00","dateModified":"2025-12-15T11:28:39+00:00","breadcrumb":{"@id":"https:\/\/loginfo24.com\/fr\/2020\/06\/05\/portrait-logistique-du-jour-angelo-gregoriano\/#breadcrumb"},"inLanguage":"fr-FR","potentialAction":[{"@type":"ReadAction","target":["https:\/\/loginfo24.com\/fr\/2020\/06\/05\/portrait-logistique-du-jour-angelo-gregoriano\/"]}]},{"@type":"BreadcrumbList","@id":"https:\/\/loginfo24.com\/fr\/2020\/06\/05\/portrait-logistique-du-jour-angelo-gregoriano\/#breadcrumb","itemListElement":[{"@type":"ListItem","position":1,"name":"Startseite","item":"https:\/\/loginfo24.com\/fr\/"},{"@type":"ListItem","position":2,"name":"Portrait logistique du jour : Angelo Gregoriano"}]},{"@type":"WebSite","@id":"https:\/\/loginfo24.com\/fr\/#website","url":"https:\/\/loginfo24.com\/fr\/","name":"Loginfo24","description":"Loginfo24 est la plateforme d\u00e9di\u00e9e \u00e0 la logistique et aux cha\u00eenes d&#039;approvisionnement qui fournit des informations 24 heures sur 24.","publisher":{"@id":"https:\/\/loginfo24.com\/fr\/#organization"},"potentialAction":[{"@type":"SearchAction","target":{"@type":"EntryPoint","urlTemplate":"https:\/\/loginfo24.com\/fr\/?s={search_term_string}"},"query-input":{"@type":"PropertyValueSpecification","valueRequired":true,"valueName":"search_term_string"}}],"inLanguage":"fr-FR"},{"@type":"Organization","@id":"https:\/\/loginfo24.com\/fr\/#organization","name":"Groupe Logismedia AG","url":"https:\/\/loginfo24.com\/fr\/","logo":{"@type":"ImageObject","inLanguage":"fr-FR","@id":"https:\/\/loginfo24.com\/fr\/#\/schema\/logo\/image\/","url":"https:\/\/loginfo24.com\/wp-content\/uploads\/sites\/7\/2026\/01\/Logo_LogInfo24.png","contentUrl":"https:\/\/loginfo24.com\/wp-content\/uploads\/sites\/7\/2026\/01\/Logo_LogInfo24.png","width":938,"height":351,"caption":"Groupe Logismedia AG"},"image":{"@id":"https:\/\/loginfo24.com\/fr\/#\/schema\/logo\/image\/"},"sameAs":["https:\/\/www.facebook.com\/people\/Loginfo24\/100057360583332\/","https:\/\/www.linkedin.com\/company\/lofinfo24\/"]}]}},"_links":{"self":[{"href":"https:\/\/loginfo24.com\/fr\/wp-json\/wp\/v2\/posts\/17793","targetHints":{"allow":["GET"]}}],"collection":[{"href":"https:\/\/loginfo24.com\/fr\/wp-json\/wp\/v2\/posts"}],"about":[{"href":"https:\/\/loginfo24.com\/fr\/wp-json\/wp\/v2\/types\/post"}],"replies":[{"embeddable":true,"href":"https:\/\/loginfo24.com\/fr\/wp-json\/wp\/v2\/comments?post=17793"}],"version-history":[{"count":1,"href":"https:\/\/loginfo24.com\/fr\/wp-json\/wp\/v2\/posts\/17793\/revisions"}],"predecessor-version":[{"id":31928,"href":"https:\/\/loginfo24.com\/fr\/wp-json\/wp\/v2\/posts\/17793\/revisions\/31928"}],"wp:attachment":[{"href":"https:\/\/loginfo24.com\/fr\/wp-json\/wp\/v2\/media?parent=17793"}],"wp:term":[{"taxonomy":"category","embeddable":true,"href":"https:\/\/loginfo24.com\/fr\/wp-json\/wp\/v2\/categories?post=17793"},{"taxonomy":"post_tag","embeddable":true,"href":"https:\/\/loginfo24.com\/fr\/wp-json\/wp\/v2\/tags?post=17793"}],"curies":[{"name":"wp","href":"https:\/\/api.w.org\/{rel}","templated":true}]}}