{"id":17775,"date":"2020-06-04T17:30:25","date_gmt":"2020-06-04T15:30:25","guid":{"rendered":"https:\/\/blog.brand-architecture.at\/2020\/06\/04\/andre-heim-nouveau-directeur-general-de-seaports-of-niedersachsen-gmbh\/"},"modified":"2025-12-15T12:28:35","modified_gmt":"2025-12-15T11:28:35","slug":"andre-heim-nouveau-directeur-general-de-seaports-of-niedersachsen-gmbh","status":"publish","type":"post","link":"https:\/\/loginfo24.com\/fr\/2020\/06\/04\/andre-heim-nouveau-directeur-general-de-seaports-of-niedersachsen-gmbh\/","title":{"rendered":"Andr\u00e9 Heim nouveau directeur g\u00e9n\u00e9ral de Seaports of Niedersachsen GmbH"},"content":{"rendered":"<p>La soci\u00e9t\u00e9 de marketing Seaports of Niedersachsen a un nouveau directeur g\u00e9n\u00e9ral en la personne d&rsquo;Andr\u00e9 Heim depuis le 1er juin. Il succ\u00e8de \u00e0 Timo Sch\u00f6n, qui a quitt\u00e9 la soci\u00e9t\u00e9 de son propre gr\u00e9.<\/p>\n<p><span class=\"headline04\"><span style=\"font-family: 'Cambria',serif\">(Oldenburg) La soci\u00e9t\u00e9 de marketing portuaire \u00ab\u00a0Seaports of Niedersachsen GmbH\u00a0\u00bb, fond\u00e9e en 2004, est un partenariat r\u00e9ussi entre le secteur portuaire priv\u00e9 en Basse-Saxe et le minist\u00e8re de l&rsquo;\u00c9conomie, du Travail, des Transports et de la Num\u00e9risation de Basse-Saxe.<\/span><\/span><\/p>\n<p><span style=\"font-family: 'Cambria',serif\">Avec effet au 1er juin 2020, Andr\u00e9 Heim a pris la direction de Seaports of Niedersachsen GmbH. \u00ab\u00a0Je me r\u00e9jouis de ce nouveau d\u00e9fi professionnel et de la confiance du conseil de surveillance. Avec l&rsquo;\u00e9quipe de Seaports, je souhaite m&rsquo;engager intens\u00e9ment pour les int\u00e9r\u00eats de nos neuf ports maritimes de Basse-Saxe. Un nouvel axe sera le d\u00e9veloppement num\u00e9rique de la marque ombrelle Seaports of Niedersachsen pour la commercialisation mondiale des ports\u00a0\u00bb, a d\u00e9clar\u00e9 Heim.<\/span><\/p>\n<p>Le pr\u00e9sident du conseil de surveillance, Karsten Dirks, souligne : \u00ab\u00a0Nous sommes ravis d&rsquo;avoir trouv\u00e9 en Andr\u00e9 Heim un expert en marketing avec une exp\u00e9rience internationale, qui conna\u00eet parfaitement les processus et qui a \u00e9tabli un large r\u00e9seau au sein du secteur portuaire et de la politique durant son temps chez Seaports\u00a0\u00bb.<\/p>\n<p>Le dipl\u00f4m\u00e9 en commerce de 41 ans est originaire d&rsquo;Oldenburg et \u00e9tait responsable du marketing et de la communication depuis novembre 2013. Il a travaill\u00e9 en \u00e9troite collaboration avec la direction d\u00e8s le d\u00e9but et a jou\u00e9 un r\u00f4le cl\u00e9 dans la commercialisation des ports maritimes de Basse-Saxe. Avant de rejoindre Seaports, Andr\u00e9 Heim a \u00e9t\u00e9 responsable marketing pendant pr\u00e8s de 5 ans \u00e0 la JadeWeserPort Realisierungsgesellschaft \u00e0 Wilhelmshaven.<\/p>\n<p>L&rsquo;ancien directeur g\u00e9n\u00e9ral de Seaports of Niedersachsen GmbH, Timo Sch\u00f6n, a quitt\u00e9 l&rsquo;entreprise de son propre gr\u00e9 le 31 mai 2020 et se consacrera \u00e0 une nouvelle mission professionnelle dans le secteur. En plus d&rsquo;Andr\u00e9 Heim, Felix Jahn continuera \u00e0 s&rsquo;occuper de la mise en r\u00e9seau de la soci\u00e9t\u00e9 de commercialisation, en particulier entre la chambre de commerce et d&rsquo;industrie et les instances politiques. Jahn est directeur g\u00e9n\u00e9ral des transports de la chambre de commerce et d&rsquo;industrie d&rsquo;Oldenburg.<\/p>\n<p><span style=\"font-family: 'Cambria',serif\">Photo : \u00a9 Seaports of Niedersachsen<\/span><\/p>\n<p style=\"text-align: justify\"><span style=\"font-family: 'Cambria',serif\"><a href=\"https:\/\/www.seaports.de\" target=\"_blank\" rel=\"noopener noreferrer\">www.seaports.de<\/a>  <\/span><\/p>\n","protected":false},"excerpt":{"rendered":"<p>La soci\u00e9t\u00e9 de marketing Seaports of Niedersachsen a un nouveau directeur g\u00e9n\u00e9ral en la personne d&rsquo;Andr\u00e9 Heim depuis le 1er juin. Il succ\u00e8de \u00e0 Timo Sch\u00f6n,<span class=\"excerpt-hellip\"> [\u2026]<\/span><\/p>\n","protected":false},"author":0,"featured_media":0,"comment_status":"open","ping_status":"open","sticky":false,"template":"","format":"standard","meta":{"_acf_changed":false,"footnotes":""},"categories":[1557,1561,1559],"tags":[],"class_list":["post-17775","post","type-post","status-publish","format-standard","hentry","category-forwarding-logistics","category-regions","category-shipping-ports"],"acf":[],"yoast_head":"<!-- This site is optimized with the Yoast SEO plugin v27.3 - https:\/\/yoast.com\/product\/yoast-seo-wordpress\/ -->\n<title>Andr\u00e9 Heim nouveau directeur g\u00e9n\u00e9ral de Seaports of Niedersachsen GmbH - Loginfo24.<\/title>\n<meta name=\"robots\" content=\"index, follow, max-snippet:-1, max-image-preview:large, max-video-preview:-1\" \/>\n<link rel=\"canonical\" href=\"https:\/\/loginfo24.com\/fr\/2020\/06\/04\/andre-heim-nouveau-directeur-general-de-seaports-of-niedersachsen-gmbh\/\" \/>\n<meta property=\"og:locale\" content=\"fr_FR\" \/>\n<meta property=\"og:type\" content=\"article\" \/>\n<meta property=\"og:title\" content=\"Andr\u00e9 Heim nouveau directeur g\u00e9n\u00e9ral de Seaports of Niedersachsen GmbH - Loginfo24.\" \/>\n<meta property=\"og:description\" content=\"La soci\u00e9t\u00e9 de marketing Seaports of Niedersachsen a un nouveau directeur g\u00e9n\u00e9ral en la personne d&rsquo;Andr\u00e9 Heim depuis le 1er juin. Il succ\u00e8de \u00e0 Timo Sch\u00f6n, [\u2026]\" \/>\n<meta property=\"og:url\" content=\"https:\/\/loginfo24.com\/fr\/2020\/06\/04\/andre-heim-nouveau-directeur-general-de-seaports-of-niedersachsen-gmbh\/\" \/>\n<meta property=\"og:site_name\" content=\"Loginfo24\" \/>\n<meta property=\"article:publisher\" content=\"https:\/\/www.facebook.com\/people\/Loginfo24\/100057360583332\/\" \/>\n<meta property=\"article:published_time\" content=\"2020-06-04T15:30:25+00:00\" \/>\n<meta property=\"article:modified_time\" content=\"2025-12-15T11:28:35+00:00\" \/>\n<meta name=\"twitter:card\" content=\"summary_large_image\" \/>\n<meta name=\"twitter:label1\" content=\"Dur\u00e9e de lecture estim\u00e9e\" \/>\n\t<meta name=\"twitter:data1\" content=\"2 minutes\" \/>\n<script type=\"application\/ld+json\" class=\"yoast-schema-graph\">{\"@context\":\"https:\\\/\\\/schema.org\",\"@graph\":[{\"@type\":\"Article\",\"@id\":\"https:\\\/\\\/loginfo24.com\\\/fr\\\/2020\\\/06\\\/04\\\/andre-heim-nouveau-directeur-general-de-seaports-of-niedersachsen-gmbh\\\/#article\",\"isPartOf\":{\"@id\":\"https:\\\/\\\/loginfo24.com\\\/fr\\\/2020\\\/06\\\/04\\\/andre-heim-nouveau-directeur-general-de-seaports-of-niedersachsen-gmbh\\\/\"},\"author\":{\"name\":\"\",\"@id\":\"\"},\"headline\":\"Andr\u00e9 Heim nouveau directeur g\u00e9n\u00e9ral de Seaports of Niedersachsen GmbH\",\"datePublished\":\"2020-06-04T15:30:25+00:00\",\"dateModified\":\"2025-12-15T11:28:35+00:00\",\"mainEntityOfPage\":{\"@id\":\"https:\\\/\\\/loginfo24.com\\\/fr\\\/2020\\\/06\\\/04\\\/andre-heim-nouveau-directeur-general-de-seaports-of-niedersachsen-gmbh\\\/\"},\"wordCount\":401,\"commentCount\":0,\"publisher\":{\"@id\":\"https:\\\/\\\/loginfo24.com\\\/fr\\\/#organization\"},\"articleSection\":[\"Forwarding &amp; Logistics\",\"Regions\",\"Shipping &amp; Ports\"],\"inLanguage\":\"fr-FR\",\"potentialAction\":[{\"@type\":\"CommentAction\",\"name\":\"Comment\",\"target\":[\"https:\\\/\\\/loginfo24.com\\\/fr\\\/2020\\\/06\\\/04\\\/andre-heim-nouveau-directeur-general-de-seaports-of-niedersachsen-gmbh\\\/#respond\"]}]},{\"@type\":\"WebPage\",\"@id\":\"https:\\\/\\\/loginfo24.com\\\/fr\\\/2020\\\/06\\\/04\\\/andre-heim-nouveau-directeur-general-de-seaports-of-niedersachsen-gmbh\\\/\",\"url\":\"https:\\\/\\\/loginfo24.com\\\/fr\\\/2020\\\/06\\\/04\\\/andre-heim-nouveau-directeur-general-de-seaports-of-niedersachsen-gmbh\\\/\",\"name\":\"Andr\u00e9 Heim nouveau directeur g\u00e9n\u00e9ral de Seaports of Niedersachsen GmbH - Loginfo24.\",\"isPartOf\":{\"@id\":\"https:\\\/\\\/loginfo24.com\\\/fr\\\/#website\"},\"datePublished\":\"2020-06-04T15:30:25+00:00\",\"dateModified\":\"2025-12-15T11:28:35+00:00\",\"breadcrumb\":{\"@id\":\"https:\\\/\\\/loginfo24.com\\\/fr\\\/2020\\\/06\\\/04\\\/andre-heim-nouveau-directeur-general-de-seaports-of-niedersachsen-gmbh\\\/#breadcrumb\"},\"inLanguage\":\"fr-FR\",\"potentialAction\":[{\"@type\":\"ReadAction\",\"target\":[\"https:\\\/\\\/loginfo24.com\\\/fr\\\/2020\\\/06\\\/04\\\/andre-heim-nouveau-directeur-general-de-seaports-of-niedersachsen-gmbh\\\/\"]}]},{\"@type\":\"BreadcrumbList\",\"@id\":\"https:\\\/\\\/loginfo24.com\\\/fr\\\/2020\\\/06\\\/04\\\/andre-heim-nouveau-directeur-general-de-seaports-of-niedersachsen-gmbh\\\/#breadcrumb\",\"itemListElement\":[{\"@type\":\"ListItem\",\"position\":1,\"name\":\"Startseite\",\"item\":\"https:\\\/\\\/loginfo24.com\\\/fr\\\/\"},{\"@type\":\"ListItem\",\"position\":2,\"name\":\"Andr\u00e9 Heim nouveau directeur g\u00e9n\u00e9ral de Seaports of Niedersachsen GmbH\"}]},{\"@type\":\"WebSite\",\"@id\":\"https:\\\/\\\/loginfo24.com\\\/fr\\\/#website\",\"url\":\"https:\\\/\\\/loginfo24.com\\\/fr\\\/\",\"name\":\"Loginfo24\",\"description\":\"Loginfo24 est la plateforme d\u00e9di\u00e9e \u00e0 la logistique et aux cha\u00eenes d&#039;approvisionnement qui fournit des informations 24 heures sur 24.\",\"publisher\":{\"@id\":\"https:\\\/\\\/loginfo24.com\\\/fr\\\/#organization\"},\"potentialAction\":[{\"@type\":\"SearchAction\",\"target\":{\"@type\":\"EntryPoint\",\"urlTemplate\":\"https:\\\/\\\/loginfo24.com\\\/fr\\\/?s={search_term_string}\"},\"query-input\":{\"@type\":\"PropertyValueSpecification\",\"valueRequired\":true,\"valueName\":\"search_term_string\"}}],\"inLanguage\":\"fr-FR\"},{\"@type\":\"Organization\",\"@id\":\"https:\\\/\\\/loginfo24.com\\\/fr\\\/#organization\",\"name\":\"Groupe Logismedia AG\",\"url\":\"https:\\\/\\\/loginfo24.com\\\/fr\\\/\",\"logo\":{\"@type\":\"ImageObject\",\"inLanguage\":\"fr-FR\",\"@id\":\"https:\\\/\\\/loginfo24.com\\\/fr\\\/#\\\/schema\\\/logo\\\/image\\\/\",\"url\":\"https:\\\/\\\/loginfo24.com\\\/wp-content\\\/uploads\\\/sites\\\/7\\\/2026\\\/01\\\/Logo_LogInfo24.png\",\"contentUrl\":\"https:\\\/\\\/loginfo24.com\\\/wp-content\\\/uploads\\\/sites\\\/7\\\/2026\\\/01\\\/Logo_LogInfo24.png\",\"width\":938,\"height\":351,\"caption\":\"Groupe Logismedia AG\"},\"image\":{\"@id\":\"https:\\\/\\\/loginfo24.com\\\/fr\\\/#\\\/schema\\\/logo\\\/image\\\/\"},\"sameAs\":[\"https:\\\/\\\/www.facebook.com\\\/people\\\/Loginfo24\\\/100057360583332\\\/\",\"https:\\\/\\\/www.linkedin.com\\\/company\\\/lofinfo24\\\/\"]}]}<\/script>\n<!-- \/ Yoast SEO plugin. -->","yoast_head_json":{"title":"Andr\u00e9 Heim nouveau directeur g\u00e9n\u00e9ral de Seaports of Niedersachsen GmbH - Loginfo24.","robots":{"index":"index","follow":"follow","max-snippet":"max-snippet:-1","max-image-preview":"max-image-preview:large","max-video-preview":"max-video-preview:-1"},"canonical":"https:\/\/loginfo24.com\/fr\/2020\/06\/04\/andre-heim-nouveau-directeur-general-de-seaports-of-niedersachsen-gmbh\/","og_locale":"fr_FR","og_type":"article","og_title":"Andr\u00e9 Heim nouveau directeur g\u00e9n\u00e9ral de Seaports of Niedersachsen GmbH - Loginfo24.","og_description":"La soci\u00e9t\u00e9 de marketing Seaports of Niedersachsen a un nouveau directeur g\u00e9n\u00e9ral en la personne d&rsquo;Andr\u00e9 Heim depuis le 1er juin. Il succ\u00e8de \u00e0 Timo Sch\u00f6n, [\u2026]","og_url":"https:\/\/loginfo24.com\/fr\/2020\/06\/04\/andre-heim-nouveau-directeur-general-de-seaports-of-niedersachsen-gmbh\/","og_site_name":"Loginfo24","article_publisher":"https:\/\/www.facebook.com\/people\/Loginfo24\/100057360583332\/","article_published_time":"2020-06-04T15:30:25+00:00","article_modified_time":"2025-12-15T11:28:35+00:00","twitter_card":"summary_large_image","twitter_misc":{"Dur\u00e9e de lecture estim\u00e9e":"2 minutes"},"schema":{"@context":"https:\/\/schema.org","@graph":[{"@type":"Article","@id":"https:\/\/loginfo24.com\/fr\/2020\/06\/04\/andre-heim-nouveau-directeur-general-de-seaports-of-niedersachsen-gmbh\/#article","isPartOf":{"@id":"https:\/\/loginfo24.com\/fr\/2020\/06\/04\/andre-heim-nouveau-directeur-general-de-seaports-of-niedersachsen-gmbh\/"},"author":{"name":"","@id":""},"headline":"Andr\u00e9 Heim nouveau directeur g\u00e9n\u00e9ral de Seaports of Niedersachsen GmbH","datePublished":"2020-06-04T15:30:25+00:00","dateModified":"2025-12-15T11:28:35+00:00","mainEntityOfPage":{"@id":"https:\/\/loginfo24.com\/fr\/2020\/06\/04\/andre-heim-nouveau-directeur-general-de-seaports-of-niedersachsen-gmbh\/"},"wordCount":401,"commentCount":0,"publisher":{"@id":"https:\/\/loginfo24.com\/fr\/#organization"},"articleSection":["Forwarding &amp; Logistics","Regions","Shipping &amp; Ports"],"inLanguage":"fr-FR","potentialAction":[{"@type":"CommentAction","name":"Comment","target":["https:\/\/loginfo24.com\/fr\/2020\/06\/04\/andre-heim-nouveau-directeur-general-de-seaports-of-niedersachsen-gmbh\/#respond"]}]},{"@type":"WebPage","@id":"https:\/\/loginfo24.com\/fr\/2020\/06\/04\/andre-heim-nouveau-directeur-general-de-seaports-of-niedersachsen-gmbh\/","url":"https:\/\/loginfo24.com\/fr\/2020\/06\/04\/andre-heim-nouveau-directeur-general-de-seaports-of-niedersachsen-gmbh\/","name":"Andr\u00e9 Heim nouveau directeur g\u00e9n\u00e9ral de Seaports of Niedersachsen GmbH - Loginfo24.","isPartOf":{"@id":"https:\/\/loginfo24.com\/fr\/#website"},"datePublished":"2020-06-04T15:30:25+00:00","dateModified":"2025-12-15T11:28:35+00:00","breadcrumb":{"@id":"https:\/\/loginfo24.com\/fr\/2020\/06\/04\/andre-heim-nouveau-directeur-general-de-seaports-of-niedersachsen-gmbh\/#breadcrumb"},"inLanguage":"fr-FR","potentialAction":[{"@type":"ReadAction","target":["https:\/\/loginfo24.com\/fr\/2020\/06\/04\/andre-heim-nouveau-directeur-general-de-seaports-of-niedersachsen-gmbh\/"]}]},{"@type":"BreadcrumbList","@id":"https:\/\/loginfo24.com\/fr\/2020\/06\/04\/andre-heim-nouveau-directeur-general-de-seaports-of-niedersachsen-gmbh\/#breadcrumb","itemListElement":[{"@type":"ListItem","position":1,"name":"Startseite","item":"https:\/\/loginfo24.com\/fr\/"},{"@type":"ListItem","position":2,"name":"Andr\u00e9 Heim nouveau directeur g\u00e9n\u00e9ral de Seaports of Niedersachsen GmbH"}]},{"@type":"WebSite","@id":"https:\/\/loginfo24.com\/fr\/#website","url":"https:\/\/loginfo24.com\/fr\/","name":"Loginfo24","description":"Loginfo24 est la plateforme d\u00e9di\u00e9e \u00e0 la logistique et aux cha\u00eenes d&#039;approvisionnement qui fournit des informations 24 heures sur 24.","publisher":{"@id":"https:\/\/loginfo24.com\/fr\/#organization"},"potentialAction":[{"@type":"SearchAction","target":{"@type":"EntryPoint","urlTemplate":"https:\/\/loginfo24.com\/fr\/?s={search_term_string}"},"query-input":{"@type":"PropertyValueSpecification","valueRequired":true,"valueName":"search_term_string"}}],"inLanguage":"fr-FR"},{"@type":"Organization","@id":"https:\/\/loginfo24.com\/fr\/#organization","name":"Groupe Logismedia AG","url":"https:\/\/loginfo24.com\/fr\/","logo":{"@type":"ImageObject","inLanguage":"fr-FR","@id":"https:\/\/loginfo24.com\/fr\/#\/schema\/logo\/image\/","url":"https:\/\/loginfo24.com\/wp-content\/uploads\/sites\/7\/2026\/01\/Logo_LogInfo24.png","contentUrl":"https:\/\/loginfo24.com\/wp-content\/uploads\/sites\/7\/2026\/01\/Logo_LogInfo24.png","width":938,"height":351,"caption":"Groupe Logismedia AG"},"image":{"@id":"https:\/\/loginfo24.com\/fr\/#\/schema\/logo\/image\/"},"sameAs":["https:\/\/www.facebook.com\/people\/Loginfo24\/100057360583332\/","https:\/\/www.linkedin.com\/company\/lofinfo24\/"]}]}},"_links":{"self":[{"href":"https:\/\/loginfo24.com\/fr\/wp-json\/wp\/v2\/posts\/17775","targetHints":{"allow":["GET"]}}],"collection":[{"href":"https:\/\/loginfo24.com\/fr\/wp-json\/wp\/v2\/posts"}],"about":[{"href":"https:\/\/loginfo24.com\/fr\/wp-json\/wp\/v2\/types\/post"}],"replies":[{"embeddable":true,"href":"https:\/\/loginfo24.com\/fr\/wp-json\/wp\/v2\/comments?post=17775"}],"version-history":[{"count":1,"href":"https:\/\/loginfo24.com\/fr\/wp-json\/wp\/v2\/posts\/17775\/revisions"}],"predecessor-version":[{"id":31892,"href":"https:\/\/loginfo24.com\/fr\/wp-json\/wp\/v2\/posts\/17775\/revisions\/31892"}],"wp:attachment":[{"href":"https:\/\/loginfo24.com\/fr\/wp-json\/wp\/v2\/media?parent=17775"}],"wp:term":[{"taxonomy":"category","embeddable":true,"href":"https:\/\/loginfo24.com\/fr\/wp-json\/wp\/v2\/categories?post=17775"},{"taxonomy":"post_tag","embeddable":true,"href":"https:\/\/loginfo24.com\/fr\/wp-json\/wp\/v2\/tags?post=17775"}],"curies":[{"name":"wp","href":"https:\/\/api.w.org\/{rel}","templated":true}]}}