{"id":17763,"date":"2020-06-04T08:45:44","date_gmt":"2020-06-04T06:45:44","guid":{"rendered":"https:\/\/blog.brand-architecture.at\/2020\/06\/04\/aldi-mise-sur-des-palettes-en-plastique-de-dusseldorf\/"},"modified":"2025-12-15T12:28:33","modified_gmt":"2025-12-15T11:28:33","slug":"aldi-mise-sur-des-palettes-en-plastique-de-dusseldorf","status":"publish","type":"post","link":"https:\/\/loginfo24.com\/fr\/2020\/06\/04\/aldi-mise-sur-des-palettes-en-plastique-de-dusseldorf\/","title":{"rendered":"ALDI mise sur des palettes en plastique de D\u00fcsseldorf"},"content":{"rendered":"<p><p>ALDI Nord et ALDI S\u00fcd remplacent \u00e0 partir de l&rsquo;automne 2020, \u00e0 l&rsquo;\u00e9chelle de l&rsquo;entreprise, les palettes en bois (80&#215;60 cm) par la palette en plastique dite de D\u00fcsseldorf. Les nouvelles palettes sont plus \u00e9conomiques et enti\u00e8rement recyclables.<\/p>\n<p>(Essen\/M\u00fclheim a.d.R.) ALDI Nord et ALDI S\u00dcD introduisent \u00e0 l&rsquo;\u00e9chelle de l&rsquo;entreprise une palette en plastique de D\u00fcsseldorf. \u00c0 partir de l&rsquo;automne 2020, les deux discounters remplaceront progressivement la palette en bois classique de 80 par 60 centim\u00e8tres par une version en plastique durable et \u00e9conomiquement plus avantageuse. La \u00ab\u00a0palette en plastique de D\u00fcsseldorf\u00a0\u00bb (KDP) est enti\u00e8rement recyclable et est d\u00e9j\u00e0 compos\u00e9e d&rsquo;environ un tiers de mati\u00e8re recycl\u00e9e, c&rsquo;est-\u00e0-dire de plastique r\u00e9utilis\u00e9, provenant notamment de la poubelle jaune. La KDP est produite par Walther Faltsysteme.<\/p>\n<p>\u00ab Les palettes en plastique sont technologiquement \u00e0 la pointe. Une v\u00e9ritable innovation pour l&rsquo;optimisation des cha\u00eenes d&rsquo;approvisionnement dans le commerce de d\u00e9tail alimentaire \u00bb, d\u00e9clare Stefan Ruhland, directeur de la gestion logistique chez ALDI S\u00dcD. La palette offre une charge statique de jusqu&rsquo;\u00e0 1 000 kilos et une charge dynamique de 500 kilos et est adapt\u00e9e \u00e0 tous les syst\u00e8mes de transport courants. Le plateau de la palette est dot\u00e9 d&rsquo;un contour sp\u00e9cial, ce qui rend la KDP particuli\u00e8rement compatible avec les caisses r\u00e9utilisables connues dans le secteur des fruits et l\u00e9gumes, offrant ainsi une r\u00e9sistance au glissement et une stabilit\u00e9 particuli\u00e8rement \u00e9lev\u00e9es. Des poign\u00e9es et des bouchons anti-glissement assurent une plus grande s\u00e9curit\u00e9 au travail et lors du transport.<\/p>\n<p><strong>Le syst\u00e8me de pooling remplace le principe d&rsquo;\u00e9change<\/strong><br \/>Contrairement aux palettes en bois, il n&rsquo;y a pas de principe d&rsquo;\u00e9change pour les KDP. Au lieu de cela, la mise \u00e0 disposition des KDP pour les fournisseurs se fait via un syst\u00e8me de pooling g\u00e9r\u00e9 par Polymer Logistics. Apr\u00e8s chaque cycle, les palettes vides sont contr\u00f4l\u00e9es pour d\u00e9tecter d&rsquo;\u00e9ventuels dommages et nettoy\u00e9es par le prestataire de services. Cela permet aux palettes de r\u00e9pondre \u00e0 des normes d&rsquo;hygi\u00e8ne plus \u00e9lev\u00e9es. Un autre avantage : des puces RFID int\u00e9gr\u00e9es et des \u00e9tiquettes-barres permettent un suivi pr\u00e9cis de chaque palette. \u00ab Le prestataire de services de pooling peut \u00e0 tout moment suivre combien de palettes se trouvent dans les d\u00e9p\u00f4ts, chez le fournisseur et chez le d\u00e9taillant. Cela r\u00e9duit \u00e9galement la perte de palettes \u00bb, explique Arne Ringkowski, responsable de l&rsquo;\u00e9quipe logistique de retour chez ALDI Nord.<\/p>\n<p><strong>R\u00e9paration facile et recyclabilit\u00e9<\/strong><br \/>Les palettes de D\u00fcsseldorf en bois ne sont g\u00e9n\u00e9ralement plus utilisables apr\u00e8s quelques cycles et leur r\u00e9paration est souvent peu \u00e9conomique. \u00ab La KDP peut \u00eatre r\u00e9par\u00e9e sans grand effort gr\u00e2ce \u00e0 sa conception modulaire. Les patins d\u00e9fectueux sont simplement remplac\u00e9s. Les \u00e9l\u00e9ments tri\u00e9s sont recyclables et sont soumis \u00e0 un processus de recyclage \u00bb, d\u00e9clare Arne Ringkowski. \u00ab Nous sommes convaincus que nos fournisseurs appr\u00e9cieront \u00e9galement les avantages de la KDP. Visuellement, les nouvelles palettes sont \u00e9galement un atout et contribuent \u00e0 une pr\u00e9sentation attrayante des produits dans les magasins \u00bb, ajoute Stefan Ruhland.<\/p>\n<p>Depuis 2016, la KDP est d\u00e9j\u00e0 utilis\u00e9e chez HOFER et a \u00e9t\u00e9 continuellement optimis\u00e9e depuis. En raison de sa bonne praticit\u00e9 et des retours positifs constants dans l&rsquo;ensemble de la cha\u00eene d&rsquo;approvisionnement, ALDI Nord et ALDI S\u00dcD ont d\u00e9cid\u00e9 d&rsquo;introduire la KDP \u00e0 grande \u00e9chelle.<\/p>\n<p>Photo : \u00a9ALDI S\u00dcD<\/p>\n<p><a href=\"https:\/\/www.aldi-nord.de\" target=\"_blank\" rel=\"noopener noreferrer\">www.aldi-nord.de<\/a> - <a href=\"https:\/\/www.aldi-sued.de\" target=\"_blank\" rel=\"noopener noreferrer\">www.aldi-sued.de<\/a><\/p>\n","protected":false},"excerpt":{"rendered":"<p>ALDI Nord et ALDI S\u00fcd remplacent \u00e0 partir de l&rsquo;automne 2020, \u00e0 l&rsquo;\u00e9chelle de l&rsquo;entreprise, les palettes en bois (80&#215;60 cm) par la palette en plastique<span class=\"excerpt-hellip\"> [\u2026]<\/span><\/p>\n","protected":false},"author":0,"featured_media":0,"comment_status":"open","ping_status":"open","sticky":false,"template":"","format":"standard","meta":{"_acf_changed":false,"footnotes":""},"categories":[1557,1556,1561],"tags":[],"class_list":["post-17763","post","type-post","status-publish","format-standard","hentry","category-forwarding-logistics","category-intermodal-road","category-regions"],"acf":[],"yoast_head":"<!-- This site is optimized with the Yoast SEO plugin v27.3 - https:\/\/yoast.com\/product\/yoast-seo-wordpress\/ -->\n<title>ALDI mise sur des palettes en plastique de D\u00fcsseldorf - Loginfo24.<\/title>\n<meta name=\"robots\" content=\"index, follow, max-snippet:-1, max-image-preview:large, max-video-preview:-1\" \/>\n<link rel=\"canonical\" href=\"https:\/\/loginfo24.com\/fr\/2020\/06\/04\/aldi-mise-sur-des-palettes-en-plastique-de-dusseldorf\/\" \/>\n<meta property=\"og:locale\" content=\"fr_FR\" \/>\n<meta property=\"og:type\" content=\"article\" \/>\n<meta property=\"og:title\" content=\"ALDI mise sur des palettes en plastique de D\u00fcsseldorf - Loginfo24.\" \/>\n<meta property=\"og:description\" content=\"ALDI Nord et ALDI S\u00fcd remplacent \u00e0 partir de l&rsquo;automne 2020, \u00e0 l&rsquo;\u00e9chelle de l&rsquo;entreprise, les palettes en bois (80&#215;60 cm) par la palette en plastique [\u2026]\" \/>\n<meta property=\"og:url\" content=\"https:\/\/loginfo24.com\/fr\/2020\/06\/04\/aldi-mise-sur-des-palettes-en-plastique-de-dusseldorf\/\" \/>\n<meta property=\"og:site_name\" content=\"Loginfo24\" \/>\n<meta property=\"article:publisher\" content=\"https:\/\/www.facebook.com\/people\/Loginfo24\/100057360583332\/\" \/>\n<meta property=\"article:published_time\" content=\"2020-06-04T06:45:44+00:00\" \/>\n<meta property=\"article:modified_time\" content=\"2025-12-15T11:28:33+00:00\" \/>\n<meta name=\"twitter:card\" content=\"summary_large_image\" \/>\n<meta name=\"twitter:label1\" content=\"Dur\u00e9e de lecture estim\u00e9e\" \/>\n\t<meta name=\"twitter:data1\" content=\"3 minutes\" \/>\n<script type=\"application\/ld+json\" class=\"yoast-schema-graph\">{\"@context\":\"https:\\\/\\\/schema.org\",\"@graph\":[{\"@type\":\"Article\",\"@id\":\"https:\\\/\\\/loginfo24.com\\\/fr\\\/2020\\\/06\\\/04\\\/aldi-mise-sur-des-palettes-en-plastique-de-dusseldorf\\\/#article\",\"isPartOf\":{\"@id\":\"https:\\\/\\\/loginfo24.com\\\/fr\\\/2020\\\/06\\\/04\\\/aldi-mise-sur-des-palettes-en-plastique-de-dusseldorf\\\/\"},\"author\":{\"name\":\"\",\"@id\":\"\"},\"headline\":\"ALDI mise sur des palettes en plastique de D\u00fcsseldorf\",\"datePublished\":\"2020-06-04T06:45:44+00:00\",\"dateModified\":\"2025-12-15T11:28:33+00:00\",\"mainEntityOfPage\":{\"@id\":\"https:\\\/\\\/loginfo24.com\\\/fr\\\/2020\\\/06\\\/04\\\/aldi-mise-sur-des-palettes-en-plastique-de-dusseldorf\\\/\"},\"wordCount\":616,\"commentCount\":0,\"publisher\":{\"@id\":\"https:\\\/\\\/loginfo24.com\\\/fr\\\/#organization\"},\"articleSection\":[\"Forwarding &amp; Logistics\",\"Intermodal \\\/ Road\",\"Regions\"],\"inLanguage\":\"fr-FR\",\"potentialAction\":[{\"@type\":\"CommentAction\",\"name\":\"Comment\",\"target\":[\"https:\\\/\\\/loginfo24.com\\\/fr\\\/2020\\\/06\\\/04\\\/aldi-mise-sur-des-palettes-en-plastique-de-dusseldorf\\\/#respond\"]}]},{\"@type\":\"WebPage\",\"@id\":\"https:\\\/\\\/loginfo24.com\\\/fr\\\/2020\\\/06\\\/04\\\/aldi-mise-sur-des-palettes-en-plastique-de-dusseldorf\\\/\",\"url\":\"https:\\\/\\\/loginfo24.com\\\/fr\\\/2020\\\/06\\\/04\\\/aldi-mise-sur-des-palettes-en-plastique-de-dusseldorf\\\/\",\"name\":\"ALDI mise sur des palettes en plastique de D\u00fcsseldorf - Loginfo24.\",\"isPartOf\":{\"@id\":\"https:\\\/\\\/loginfo24.com\\\/fr\\\/#website\"},\"datePublished\":\"2020-06-04T06:45:44+00:00\",\"dateModified\":\"2025-12-15T11:28:33+00:00\",\"breadcrumb\":{\"@id\":\"https:\\\/\\\/loginfo24.com\\\/fr\\\/2020\\\/06\\\/04\\\/aldi-mise-sur-des-palettes-en-plastique-de-dusseldorf\\\/#breadcrumb\"},\"inLanguage\":\"fr-FR\",\"potentialAction\":[{\"@type\":\"ReadAction\",\"target\":[\"https:\\\/\\\/loginfo24.com\\\/fr\\\/2020\\\/06\\\/04\\\/aldi-mise-sur-des-palettes-en-plastique-de-dusseldorf\\\/\"]}]},{\"@type\":\"BreadcrumbList\",\"@id\":\"https:\\\/\\\/loginfo24.com\\\/fr\\\/2020\\\/06\\\/04\\\/aldi-mise-sur-des-palettes-en-plastique-de-dusseldorf\\\/#breadcrumb\",\"itemListElement\":[{\"@type\":\"ListItem\",\"position\":1,\"name\":\"Startseite\",\"item\":\"https:\\\/\\\/loginfo24.com\\\/fr\\\/\"},{\"@type\":\"ListItem\",\"position\":2,\"name\":\"ALDI mise sur des palettes en plastique de D\u00fcsseldorf\"}]},{\"@type\":\"WebSite\",\"@id\":\"https:\\\/\\\/loginfo24.com\\\/fr\\\/#website\",\"url\":\"https:\\\/\\\/loginfo24.com\\\/fr\\\/\",\"name\":\"Loginfo24\",\"description\":\"Loginfo24 est la plateforme d\u00e9di\u00e9e \u00e0 la logistique et aux cha\u00eenes d&#039;approvisionnement qui fournit des informations 24 heures sur 24.\",\"publisher\":{\"@id\":\"https:\\\/\\\/loginfo24.com\\\/fr\\\/#organization\"},\"potentialAction\":[{\"@type\":\"SearchAction\",\"target\":{\"@type\":\"EntryPoint\",\"urlTemplate\":\"https:\\\/\\\/loginfo24.com\\\/fr\\\/?s={search_term_string}\"},\"query-input\":{\"@type\":\"PropertyValueSpecification\",\"valueRequired\":true,\"valueName\":\"search_term_string\"}}],\"inLanguage\":\"fr-FR\"},{\"@type\":\"Organization\",\"@id\":\"https:\\\/\\\/loginfo24.com\\\/fr\\\/#organization\",\"name\":\"Groupe Logismedia AG\",\"url\":\"https:\\\/\\\/loginfo24.com\\\/fr\\\/\",\"logo\":{\"@type\":\"ImageObject\",\"inLanguage\":\"fr-FR\",\"@id\":\"https:\\\/\\\/loginfo24.com\\\/fr\\\/#\\\/schema\\\/logo\\\/image\\\/\",\"url\":\"https:\\\/\\\/loginfo24.com\\\/wp-content\\\/uploads\\\/sites\\\/7\\\/2026\\\/01\\\/Logo_LogInfo24.png\",\"contentUrl\":\"https:\\\/\\\/loginfo24.com\\\/wp-content\\\/uploads\\\/sites\\\/7\\\/2026\\\/01\\\/Logo_LogInfo24.png\",\"width\":938,\"height\":351,\"caption\":\"Groupe Logismedia AG\"},\"image\":{\"@id\":\"https:\\\/\\\/loginfo24.com\\\/fr\\\/#\\\/schema\\\/logo\\\/image\\\/\"},\"sameAs\":[\"https:\\\/\\\/www.facebook.com\\\/people\\\/Loginfo24\\\/100057360583332\\\/\",\"https:\\\/\\\/www.linkedin.com\\\/company\\\/lofinfo24\\\/\"]}]}<\/script>\n<!-- \/ Yoast SEO plugin. -->","yoast_head_json":{"title":"ALDI mise sur des palettes en plastique de D\u00fcsseldorf - Loginfo24.","robots":{"index":"index","follow":"follow","max-snippet":"max-snippet:-1","max-image-preview":"max-image-preview:large","max-video-preview":"max-video-preview:-1"},"canonical":"https:\/\/loginfo24.com\/fr\/2020\/06\/04\/aldi-mise-sur-des-palettes-en-plastique-de-dusseldorf\/","og_locale":"fr_FR","og_type":"article","og_title":"ALDI mise sur des palettes en plastique de D\u00fcsseldorf - Loginfo24.","og_description":"ALDI Nord et ALDI S\u00fcd remplacent \u00e0 partir de l&rsquo;automne 2020, \u00e0 l&rsquo;\u00e9chelle de l&rsquo;entreprise, les palettes en bois (80&#215;60 cm) par la palette en plastique [\u2026]","og_url":"https:\/\/loginfo24.com\/fr\/2020\/06\/04\/aldi-mise-sur-des-palettes-en-plastique-de-dusseldorf\/","og_site_name":"Loginfo24","article_publisher":"https:\/\/www.facebook.com\/people\/Loginfo24\/100057360583332\/","article_published_time":"2020-06-04T06:45:44+00:00","article_modified_time":"2025-12-15T11:28:33+00:00","twitter_card":"summary_large_image","twitter_misc":{"Dur\u00e9e de lecture estim\u00e9e":"3 minutes"},"schema":{"@context":"https:\/\/schema.org","@graph":[{"@type":"Article","@id":"https:\/\/loginfo24.com\/fr\/2020\/06\/04\/aldi-mise-sur-des-palettes-en-plastique-de-dusseldorf\/#article","isPartOf":{"@id":"https:\/\/loginfo24.com\/fr\/2020\/06\/04\/aldi-mise-sur-des-palettes-en-plastique-de-dusseldorf\/"},"author":{"name":"","@id":""},"headline":"ALDI mise sur des palettes en plastique de D\u00fcsseldorf","datePublished":"2020-06-04T06:45:44+00:00","dateModified":"2025-12-15T11:28:33+00:00","mainEntityOfPage":{"@id":"https:\/\/loginfo24.com\/fr\/2020\/06\/04\/aldi-mise-sur-des-palettes-en-plastique-de-dusseldorf\/"},"wordCount":616,"commentCount":0,"publisher":{"@id":"https:\/\/loginfo24.com\/fr\/#organization"},"articleSection":["Forwarding &amp; Logistics","Intermodal \/ Road","Regions"],"inLanguage":"fr-FR","potentialAction":[{"@type":"CommentAction","name":"Comment","target":["https:\/\/loginfo24.com\/fr\/2020\/06\/04\/aldi-mise-sur-des-palettes-en-plastique-de-dusseldorf\/#respond"]}]},{"@type":"WebPage","@id":"https:\/\/loginfo24.com\/fr\/2020\/06\/04\/aldi-mise-sur-des-palettes-en-plastique-de-dusseldorf\/","url":"https:\/\/loginfo24.com\/fr\/2020\/06\/04\/aldi-mise-sur-des-palettes-en-plastique-de-dusseldorf\/","name":"ALDI mise sur des palettes en plastique de D\u00fcsseldorf - Loginfo24.","isPartOf":{"@id":"https:\/\/loginfo24.com\/fr\/#website"},"datePublished":"2020-06-04T06:45:44+00:00","dateModified":"2025-12-15T11:28:33+00:00","breadcrumb":{"@id":"https:\/\/loginfo24.com\/fr\/2020\/06\/04\/aldi-mise-sur-des-palettes-en-plastique-de-dusseldorf\/#breadcrumb"},"inLanguage":"fr-FR","potentialAction":[{"@type":"ReadAction","target":["https:\/\/loginfo24.com\/fr\/2020\/06\/04\/aldi-mise-sur-des-palettes-en-plastique-de-dusseldorf\/"]}]},{"@type":"BreadcrumbList","@id":"https:\/\/loginfo24.com\/fr\/2020\/06\/04\/aldi-mise-sur-des-palettes-en-plastique-de-dusseldorf\/#breadcrumb","itemListElement":[{"@type":"ListItem","position":1,"name":"Startseite","item":"https:\/\/loginfo24.com\/fr\/"},{"@type":"ListItem","position":2,"name":"ALDI mise sur des palettes en plastique de D\u00fcsseldorf"}]},{"@type":"WebSite","@id":"https:\/\/loginfo24.com\/fr\/#website","url":"https:\/\/loginfo24.com\/fr\/","name":"Loginfo24","description":"Loginfo24 est la plateforme d\u00e9di\u00e9e \u00e0 la logistique et aux cha\u00eenes d&#039;approvisionnement qui fournit des informations 24 heures sur 24.","publisher":{"@id":"https:\/\/loginfo24.com\/fr\/#organization"},"potentialAction":[{"@type":"SearchAction","target":{"@type":"EntryPoint","urlTemplate":"https:\/\/loginfo24.com\/fr\/?s={search_term_string}"},"query-input":{"@type":"PropertyValueSpecification","valueRequired":true,"valueName":"search_term_string"}}],"inLanguage":"fr-FR"},{"@type":"Organization","@id":"https:\/\/loginfo24.com\/fr\/#organization","name":"Groupe Logismedia AG","url":"https:\/\/loginfo24.com\/fr\/","logo":{"@type":"ImageObject","inLanguage":"fr-FR","@id":"https:\/\/loginfo24.com\/fr\/#\/schema\/logo\/image\/","url":"https:\/\/loginfo24.com\/wp-content\/uploads\/sites\/7\/2026\/01\/Logo_LogInfo24.png","contentUrl":"https:\/\/loginfo24.com\/wp-content\/uploads\/sites\/7\/2026\/01\/Logo_LogInfo24.png","width":938,"height":351,"caption":"Groupe Logismedia AG"},"image":{"@id":"https:\/\/loginfo24.com\/fr\/#\/schema\/logo\/image\/"},"sameAs":["https:\/\/www.facebook.com\/people\/Loginfo24\/100057360583332\/","https:\/\/www.linkedin.com\/company\/lofinfo24\/"]}]}},"_links":{"self":[{"href":"https:\/\/loginfo24.com\/fr\/wp-json\/wp\/v2\/posts\/17763","targetHints":{"allow":["GET"]}}],"collection":[{"href":"https:\/\/loginfo24.com\/fr\/wp-json\/wp\/v2\/posts"}],"about":[{"href":"https:\/\/loginfo24.com\/fr\/wp-json\/wp\/v2\/types\/post"}],"replies":[{"embeddable":true,"href":"https:\/\/loginfo24.com\/fr\/wp-json\/wp\/v2\/comments?post=17763"}],"version-history":[{"count":1,"href":"https:\/\/loginfo24.com\/fr\/wp-json\/wp\/v2\/posts\/17763\/revisions"}],"predecessor-version":[{"id":31868,"href":"https:\/\/loginfo24.com\/fr\/wp-json\/wp\/v2\/posts\/17763\/revisions\/31868"}],"wp:attachment":[{"href":"https:\/\/loginfo24.com\/fr\/wp-json\/wp\/v2\/media?parent=17763"}],"wp:term":[{"taxonomy":"category","embeddable":true,"href":"https:\/\/loginfo24.com\/fr\/wp-json\/wp\/v2\/categories?post=17763"},{"taxonomy":"post_tag","embeddable":true,"href":"https:\/\/loginfo24.com\/fr\/wp-json\/wp\/v2\/tags?post=17763"}],"curies":[{"name":"wp","href":"https:\/\/api.w.org\/{rel}","templated":true}]}}