{"id":17745,"date":"2020-06-03T10:13:25","date_gmt":"2020-06-03T08:13:25","guid":{"rendered":"https:\/\/blog.brand-architecture.at\/2020\/06\/03\/la-gauche-veut-un-conglomerat-de-mobilite-deutsche-bahn-lufthansa\/"},"modified":"2025-12-15T12:28:27","modified_gmt":"2025-12-15T11:28:27","slug":"la-gauche-veut-un-conglomerat-de-mobilite-deutsche-bahn-lufthansa","status":"publish","type":"post","link":"https:\/\/loginfo24.com\/fr\/2020\/06\/03\/la-gauche-veut-un-conglomerat-de-mobilite-deutsche-bahn-lufthansa\/","title":{"rendered":"LA GAUCHE veut un conglom\u00e9rat de mobilit\u00e9 Deutsche Bahn-Lufthansa"},"content":{"rendered":"<p>Le parti LA GAUCHE souhaite, compte tenu des milliards d&rsquo;aides, fusionner Deutsche Bahn et Lufthansa en un grand conglom\u00e9rat de mobilit\u00e9. Dans les domaines du transport de passagers et de la logistique, les deux grandes entreprises deviendraient des g\u00e9ants.<\/p>\n<p><span style=\"font-family: 'Cambria',serif\">(Berlin) Face aux milliards d&rsquo;aides pour Deutsche Bahn et Lufthansa, Bernd Riexinger, pr\u00e9sident du parti LA GAUCHE, d\u00e9clare :<\/span><\/p>\n<p><i><span style=\"font-family: 'Cambria',serif\">\u00ab\u00a0Les milliards d&rsquo;aides pour Deutsche Bahn et Lufthansa offrent une occasion unique d&rsquo;organiser une transition fluide des vols court-courriers vers des trains \u00e0 grande vitesse sans r\u00e9duction d&rsquo;effectifs au sein d&rsquo;un m\u00eame conglom\u00e9rat : en reliant les deux entreprises en un conglom\u00e9rat public de mobilit\u00e9.<\/span><\/i><\/p>\n<p><i><span style=\"font-family: 'Cambria',serif\">Nous ne devons pas voir les aides financi\u00e8res pour les entreprises de transport en difficult\u00e9 uniquement comme une conservation des anciennes structures. Nous devons avoir le courage de penser \u00e0 l&rsquo;avenir. Il \u00e9tait d\u00e9j\u00e0 clair avant la pand\u00e9mie que nous avions besoin d&rsquo;une r\u00e9duction, surtout pour les vols, et d&rsquo;une expansion du transport ferroviaire. C&rsquo;est une t\u00e2che incontournable en mati\u00e8re de politique des transports dans le contexte du changement climatique. Les aides actuelles li\u00e9es \u00e0 la pand\u00e9mie apportent le contraire :<\/span><\/i><\/p>\n<p><i><span style=\"font-family: 'Cambria',serif\">On r\u00e9duit un moyen de transport que l&rsquo;on veut clairement soutenir politiquement et on favorise sa concurrence directe non \u00e9cologique. C&rsquo;est un non-sens en mati\u00e8re de politique des transports. D&rsquo;un autre c\u00f4t\u00e9, la n\u00e9cessaire transformation ne doit pas se faire au d\u00e9triment des employ\u00e9s.<\/span><\/i><\/p>\n<p><i><span style=\"font-family: 'Cambria',serif\">Nous pouvons r\u00e9ussir une transition douce des vols court-courriers vers des trains \u00e0 grande vitesse si nous organisons les deux secteurs d&rsquo;activit\u00e9 au sein d&rsquo;une m\u00eame entreprise. Avec les sommes qui sont actuellement investies dans ces deux entreprises, dont l&rsquo;une est d\u00e9j\u00e0 enti\u00e8rement d\u00e9tenue par l&rsquo;\u00c9tat, cela est tout \u00e0 fait possible.<\/span><\/i><\/p>\n<p><i><span style=\"font-family: 'Cambria',serif\">En revanche, si la valeur boursi\u00e8re double de Lufthansa est investie dans une participation pratiquement sans voix au chapitre, tandis que la Bahn doit acheter son soutien par des r\u00e9ductions d&rsquo;effectifs, il semble qu&rsquo;il manque ici la volont\u00e9 de s&rsquo;attaquer r\u00e9ellement aux t\u00e2ches. Nous perdons une chance historique. Je souhaite du gouvernement f\u00e9d\u00e9ral plus de courage en mati\u00e8re de politique climatique.<\/span><\/i><\/p>\n<p><i><span style=\"font-family: 'Cambria',serif\">La Bahn est d\u00e9j\u00e0, par l&rsquo;interm\u00e9diaire de sa filiale DB Schenker, l&rsquo;un des grands prestataires de services de fret a\u00e9rien, il est tout \u00e0 fait possible que d&rsquo;autres potentiels de synergie puissent \u00eatre exploit\u00e9s ici.<\/span><\/i><\/p>\n<p><span style=\"font-family: 'Cambria',serif\">Photo : Adobe Stock \/ jim<\/span><\/p>\n<p><span style=\"font-family: 'Cambria',serif\"><a href=\"https:\/\/www.die-linke.de\">www.die-linke.de<\/a> <\/span><\/p>\n","protected":false},"excerpt":{"rendered":"<p>Le parti LA GAUCHE souhaite, compte tenu des milliards d&rsquo;aides, fusionner Deutsche Bahn et Lufthansa en un grand conglom\u00e9rat de mobilit\u00e9. Dans les domaines du transport<span class=\"excerpt-hellip\"> [\u2026]<\/span><\/p>\n","protected":false},"author":0,"featured_media":0,"comment_status":"open","ping_status":"open","sticky":false,"template":"","format":"standard","meta":{"_acf_changed":false,"footnotes":""},"categories":[1558,1557,1556,1560,1561,1559],"tags":[],"class_list":["post-17745","post","type-post","status-publish","format-standard","hentry","category-air-freight","category-forwarding-logistics","category-intermodal-road","category-intralogistics","category-regions","category-shipping-ports"],"acf":[],"yoast_head":"<!-- This site is optimized with the Yoast SEO plugin v27.3 - https:\/\/yoast.com\/product\/yoast-seo-wordpress\/ -->\n<title>LA GAUCHE veut un conglom\u00e9rat de mobilit\u00e9 Deutsche Bahn-Lufthansa - Loginfo24.<\/title>\n<meta name=\"robots\" content=\"index, follow, max-snippet:-1, max-image-preview:large, max-video-preview:-1\" \/>\n<link rel=\"canonical\" href=\"https:\/\/loginfo24.com\/fr\/2020\/06\/03\/la-gauche-veut-un-conglomerat-de-mobilite-deutsche-bahn-lufthansa\/\" \/>\n<meta property=\"og:locale\" content=\"fr_FR\" \/>\n<meta property=\"og:type\" content=\"article\" \/>\n<meta property=\"og:title\" content=\"LA GAUCHE veut un conglom\u00e9rat de mobilit\u00e9 Deutsche Bahn-Lufthansa - Loginfo24.\" \/>\n<meta property=\"og:description\" content=\"Le parti LA GAUCHE souhaite, compte tenu des milliards d&rsquo;aides, fusionner Deutsche Bahn et Lufthansa en un grand conglom\u00e9rat de mobilit\u00e9. Dans les domaines du transport [\u2026]\" \/>\n<meta property=\"og:url\" content=\"https:\/\/loginfo24.com\/fr\/2020\/06\/03\/la-gauche-veut-un-conglomerat-de-mobilite-deutsche-bahn-lufthansa\/\" \/>\n<meta property=\"og:site_name\" content=\"Loginfo24\" \/>\n<meta property=\"article:publisher\" content=\"https:\/\/www.facebook.com\/people\/Loginfo24\/100057360583332\/\" \/>\n<meta property=\"article:published_time\" content=\"2020-06-03T08:13:25+00:00\" \/>\n<meta property=\"article:modified_time\" content=\"2025-12-15T11:28:27+00:00\" \/>\n<meta name=\"twitter:card\" content=\"summary_large_image\" \/>\n<meta name=\"twitter:label1\" content=\"Dur\u00e9e de lecture estim\u00e9e\" \/>\n\t<meta name=\"twitter:data1\" content=\"2 minutes\" \/>\n<script type=\"application\/ld+json\" class=\"yoast-schema-graph\">{\"@context\":\"https:\\\/\\\/schema.org\",\"@graph\":[{\"@type\":\"Article\",\"@id\":\"https:\\\/\\\/loginfo24.com\\\/fr\\\/2020\\\/06\\\/03\\\/la-gauche-veut-un-conglomerat-de-mobilite-deutsche-bahn-lufthansa\\\/#article\",\"isPartOf\":{\"@id\":\"https:\\\/\\\/loginfo24.com\\\/fr\\\/2020\\\/06\\\/03\\\/la-gauche-veut-un-conglomerat-de-mobilite-deutsche-bahn-lufthansa\\\/\"},\"author\":{\"name\":\"\",\"@id\":\"\"},\"headline\":\"LA GAUCHE veut un conglom\u00e9rat de mobilit\u00e9 Deutsche Bahn-Lufthansa\",\"datePublished\":\"2020-06-03T08:13:25+00:00\",\"dateModified\":\"2025-12-15T11:28:27+00:00\",\"mainEntityOfPage\":{\"@id\":\"https:\\\/\\\/loginfo24.com\\\/fr\\\/2020\\\/06\\\/03\\\/la-gauche-veut-un-conglomerat-de-mobilite-deutsche-bahn-lufthansa\\\/\"},\"wordCount\":445,\"commentCount\":0,\"publisher\":{\"@id\":\"https:\\\/\\\/loginfo24.com\\\/fr\\\/#organization\"},\"articleSection\":[\"Air Freight\",\"Forwarding &amp; Logistics\",\"Intermodal \\\/ Road\",\"Intralogistics\",\"Regions\",\"Shipping &amp; Ports\"],\"inLanguage\":\"fr-FR\",\"potentialAction\":[{\"@type\":\"CommentAction\",\"name\":\"Comment\",\"target\":[\"https:\\\/\\\/loginfo24.com\\\/fr\\\/2020\\\/06\\\/03\\\/la-gauche-veut-un-conglomerat-de-mobilite-deutsche-bahn-lufthansa\\\/#respond\"]}]},{\"@type\":\"WebPage\",\"@id\":\"https:\\\/\\\/loginfo24.com\\\/fr\\\/2020\\\/06\\\/03\\\/la-gauche-veut-un-conglomerat-de-mobilite-deutsche-bahn-lufthansa\\\/\",\"url\":\"https:\\\/\\\/loginfo24.com\\\/fr\\\/2020\\\/06\\\/03\\\/la-gauche-veut-un-conglomerat-de-mobilite-deutsche-bahn-lufthansa\\\/\",\"name\":\"LA GAUCHE veut un conglom\u00e9rat de mobilit\u00e9 Deutsche Bahn-Lufthansa - Loginfo24.\",\"isPartOf\":{\"@id\":\"https:\\\/\\\/loginfo24.com\\\/fr\\\/#website\"},\"datePublished\":\"2020-06-03T08:13:25+00:00\",\"dateModified\":\"2025-12-15T11:28:27+00:00\",\"breadcrumb\":{\"@id\":\"https:\\\/\\\/loginfo24.com\\\/fr\\\/2020\\\/06\\\/03\\\/la-gauche-veut-un-conglomerat-de-mobilite-deutsche-bahn-lufthansa\\\/#breadcrumb\"},\"inLanguage\":\"fr-FR\",\"potentialAction\":[{\"@type\":\"ReadAction\",\"target\":[\"https:\\\/\\\/loginfo24.com\\\/fr\\\/2020\\\/06\\\/03\\\/la-gauche-veut-un-conglomerat-de-mobilite-deutsche-bahn-lufthansa\\\/\"]}]},{\"@type\":\"BreadcrumbList\",\"@id\":\"https:\\\/\\\/loginfo24.com\\\/fr\\\/2020\\\/06\\\/03\\\/la-gauche-veut-un-conglomerat-de-mobilite-deutsche-bahn-lufthansa\\\/#breadcrumb\",\"itemListElement\":[{\"@type\":\"ListItem\",\"position\":1,\"name\":\"Startseite\",\"item\":\"https:\\\/\\\/loginfo24.com\\\/fr\\\/\"},{\"@type\":\"ListItem\",\"position\":2,\"name\":\"LA GAUCHE veut un conglom\u00e9rat de mobilit\u00e9 Deutsche Bahn-Lufthansa\"}]},{\"@type\":\"WebSite\",\"@id\":\"https:\\\/\\\/loginfo24.com\\\/fr\\\/#website\",\"url\":\"https:\\\/\\\/loginfo24.com\\\/fr\\\/\",\"name\":\"Loginfo24\",\"description\":\"Loginfo24 est la plateforme d\u00e9di\u00e9e \u00e0 la logistique et aux cha\u00eenes d&#039;approvisionnement qui fournit des informations 24 heures sur 24.\",\"publisher\":{\"@id\":\"https:\\\/\\\/loginfo24.com\\\/fr\\\/#organization\"},\"potentialAction\":[{\"@type\":\"SearchAction\",\"target\":{\"@type\":\"EntryPoint\",\"urlTemplate\":\"https:\\\/\\\/loginfo24.com\\\/fr\\\/?s={search_term_string}\"},\"query-input\":{\"@type\":\"PropertyValueSpecification\",\"valueRequired\":true,\"valueName\":\"search_term_string\"}}],\"inLanguage\":\"fr-FR\"},{\"@type\":\"Organization\",\"@id\":\"https:\\\/\\\/loginfo24.com\\\/fr\\\/#organization\",\"name\":\"Groupe Logismedia AG\",\"url\":\"https:\\\/\\\/loginfo24.com\\\/fr\\\/\",\"logo\":{\"@type\":\"ImageObject\",\"inLanguage\":\"fr-FR\",\"@id\":\"https:\\\/\\\/loginfo24.com\\\/fr\\\/#\\\/schema\\\/logo\\\/image\\\/\",\"url\":\"https:\\\/\\\/loginfo24.com\\\/wp-content\\\/uploads\\\/sites\\\/7\\\/2026\\\/01\\\/Logo_LogInfo24.png\",\"contentUrl\":\"https:\\\/\\\/loginfo24.com\\\/wp-content\\\/uploads\\\/sites\\\/7\\\/2026\\\/01\\\/Logo_LogInfo24.png\",\"width\":938,\"height\":351,\"caption\":\"Groupe Logismedia AG\"},\"image\":{\"@id\":\"https:\\\/\\\/loginfo24.com\\\/fr\\\/#\\\/schema\\\/logo\\\/image\\\/\"},\"sameAs\":[\"https:\\\/\\\/www.facebook.com\\\/people\\\/Loginfo24\\\/100057360583332\\\/\",\"https:\\\/\\\/www.linkedin.com\\\/company\\\/lofinfo24\\\/\"]}]}<\/script>\n<!-- \/ Yoast SEO plugin. -->","yoast_head_json":{"title":"LA GAUCHE veut un conglom\u00e9rat de mobilit\u00e9 Deutsche Bahn-Lufthansa - Loginfo24.","robots":{"index":"index","follow":"follow","max-snippet":"max-snippet:-1","max-image-preview":"max-image-preview:large","max-video-preview":"max-video-preview:-1"},"canonical":"https:\/\/loginfo24.com\/fr\/2020\/06\/03\/la-gauche-veut-un-conglomerat-de-mobilite-deutsche-bahn-lufthansa\/","og_locale":"fr_FR","og_type":"article","og_title":"LA GAUCHE veut un conglom\u00e9rat de mobilit\u00e9 Deutsche Bahn-Lufthansa - Loginfo24.","og_description":"Le parti LA GAUCHE souhaite, compte tenu des milliards d&rsquo;aides, fusionner Deutsche Bahn et Lufthansa en un grand conglom\u00e9rat de mobilit\u00e9. Dans les domaines du transport [\u2026]","og_url":"https:\/\/loginfo24.com\/fr\/2020\/06\/03\/la-gauche-veut-un-conglomerat-de-mobilite-deutsche-bahn-lufthansa\/","og_site_name":"Loginfo24","article_publisher":"https:\/\/www.facebook.com\/people\/Loginfo24\/100057360583332\/","article_published_time":"2020-06-03T08:13:25+00:00","article_modified_time":"2025-12-15T11:28:27+00:00","twitter_card":"summary_large_image","twitter_misc":{"Dur\u00e9e de lecture estim\u00e9e":"2 minutes"},"schema":{"@context":"https:\/\/schema.org","@graph":[{"@type":"Article","@id":"https:\/\/loginfo24.com\/fr\/2020\/06\/03\/la-gauche-veut-un-conglomerat-de-mobilite-deutsche-bahn-lufthansa\/#article","isPartOf":{"@id":"https:\/\/loginfo24.com\/fr\/2020\/06\/03\/la-gauche-veut-un-conglomerat-de-mobilite-deutsche-bahn-lufthansa\/"},"author":{"name":"","@id":""},"headline":"LA GAUCHE veut un conglom\u00e9rat de mobilit\u00e9 Deutsche Bahn-Lufthansa","datePublished":"2020-06-03T08:13:25+00:00","dateModified":"2025-12-15T11:28:27+00:00","mainEntityOfPage":{"@id":"https:\/\/loginfo24.com\/fr\/2020\/06\/03\/la-gauche-veut-un-conglomerat-de-mobilite-deutsche-bahn-lufthansa\/"},"wordCount":445,"commentCount":0,"publisher":{"@id":"https:\/\/loginfo24.com\/fr\/#organization"},"articleSection":["Air Freight","Forwarding &amp; Logistics","Intermodal \/ Road","Intralogistics","Regions","Shipping &amp; Ports"],"inLanguage":"fr-FR","potentialAction":[{"@type":"CommentAction","name":"Comment","target":["https:\/\/loginfo24.com\/fr\/2020\/06\/03\/la-gauche-veut-un-conglomerat-de-mobilite-deutsche-bahn-lufthansa\/#respond"]}]},{"@type":"WebPage","@id":"https:\/\/loginfo24.com\/fr\/2020\/06\/03\/la-gauche-veut-un-conglomerat-de-mobilite-deutsche-bahn-lufthansa\/","url":"https:\/\/loginfo24.com\/fr\/2020\/06\/03\/la-gauche-veut-un-conglomerat-de-mobilite-deutsche-bahn-lufthansa\/","name":"LA GAUCHE veut un conglom\u00e9rat de mobilit\u00e9 Deutsche Bahn-Lufthansa - Loginfo24.","isPartOf":{"@id":"https:\/\/loginfo24.com\/fr\/#website"},"datePublished":"2020-06-03T08:13:25+00:00","dateModified":"2025-12-15T11:28:27+00:00","breadcrumb":{"@id":"https:\/\/loginfo24.com\/fr\/2020\/06\/03\/la-gauche-veut-un-conglomerat-de-mobilite-deutsche-bahn-lufthansa\/#breadcrumb"},"inLanguage":"fr-FR","potentialAction":[{"@type":"ReadAction","target":["https:\/\/loginfo24.com\/fr\/2020\/06\/03\/la-gauche-veut-un-conglomerat-de-mobilite-deutsche-bahn-lufthansa\/"]}]},{"@type":"BreadcrumbList","@id":"https:\/\/loginfo24.com\/fr\/2020\/06\/03\/la-gauche-veut-un-conglomerat-de-mobilite-deutsche-bahn-lufthansa\/#breadcrumb","itemListElement":[{"@type":"ListItem","position":1,"name":"Startseite","item":"https:\/\/loginfo24.com\/fr\/"},{"@type":"ListItem","position":2,"name":"LA GAUCHE veut un conglom\u00e9rat de mobilit\u00e9 Deutsche Bahn-Lufthansa"}]},{"@type":"WebSite","@id":"https:\/\/loginfo24.com\/fr\/#website","url":"https:\/\/loginfo24.com\/fr\/","name":"Loginfo24","description":"Loginfo24 est la plateforme d\u00e9di\u00e9e \u00e0 la logistique et aux cha\u00eenes d&#039;approvisionnement qui fournit des informations 24 heures sur 24.","publisher":{"@id":"https:\/\/loginfo24.com\/fr\/#organization"},"potentialAction":[{"@type":"SearchAction","target":{"@type":"EntryPoint","urlTemplate":"https:\/\/loginfo24.com\/fr\/?s={search_term_string}"},"query-input":{"@type":"PropertyValueSpecification","valueRequired":true,"valueName":"search_term_string"}}],"inLanguage":"fr-FR"},{"@type":"Organization","@id":"https:\/\/loginfo24.com\/fr\/#organization","name":"Groupe Logismedia AG","url":"https:\/\/loginfo24.com\/fr\/","logo":{"@type":"ImageObject","inLanguage":"fr-FR","@id":"https:\/\/loginfo24.com\/fr\/#\/schema\/logo\/image\/","url":"https:\/\/loginfo24.com\/wp-content\/uploads\/sites\/7\/2026\/01\/Logo_LogInfo24.png","contentUrl":"https:\/\/loginfo24.com\/wp-content\/uploads\/sites\/7\/2026\/01\/Logo_LogInfo24.png","width":938,"height":351,"caption":"Groupe Logismedia AG"},"image":{"@id":"https:\/\/loginfo24.com\/fr\/#\/schema\/logo\/image\/"},"sameAs":["https:\/\/www.facebook.com\/people\/Loginfo24\/100057360583332\/","https:\/\/www.linkedin.com\/company\/lofinfo24\/"]}]}},"_links":{"self":[{"href":"https:\/\/loginfo24.com\/fr\/wp-json\/wp\/v2\/posts\/17745","targetHints":{"allow":["GET"]}}],"collection":[{"href":"https:\/\/loginfo24.com\/fr\/wp-json\/wp\/v2\/posts"}],"about":[{"href":"https:\/\/loginfo24.com\/fr\/wp-json\/wp\/v2\/types\/post"}],"replies":[{"embeddable":true,"href":"https:\/\/loginfo24.com\/fr\/wp-json\/wp\/v2\/comments?post=17745"}],"version-history":[{"count":1,"href":"https:\/\/loginfo24.com\/fr\/wp-json\/wp\/v2\/posts\/17745\/revisions"}],"predecessor-version":[{"id":31832,"href":"https:\/\/loginfo24.com\/fr\/wp-json\/wp\/v2\/posts\/17745\/revisions\/31832"}],"wp:attachment":[{"href":"https:\/\/loginfo24.com\/fr\/wp-json\/wp\/v2\/media?parent=17745"}],"wp:term":[{"taxonomy":"category","embeddable":true,"href":"https:\/\/loginfo24.com\/fr\/wp-json\/wp\/v2\/categories?post=17745"},{"taxonomy":"post_tag","embeddable":true,"href":"https:\/\/loginfo24.com\/fr\/wp-json\/wp\/v2\/tags?post=17745"}],"curies":[{"name":"wp","href":"https:\/\/api.w.org\/{rel}","templated":true}]}}