{"id":17737,"date":"2020-06-03T07:00:50","date_gmt":"2020-06-03T05:00:50","guid":{"rendered":"https:\/\/blog.brand-architecture.at\/2020\/06\/03\/les-ventes-dans-le-commerce-de-detail-suisse-chutent-denviron-20-en-avril\/"},"modified":"2025-12-15T12:28:25","modified_gmt":"2025-12-15T11:28:25","slug":"les-ventes-dans-le-commerce-de-detail-suisse-chutent-denviron-20-en-avril","status":"publish","type":"post","link":"https:\/\/loginfo24.com\/fr\/2020\/06\/03\/les-ventes-dans-le-commerce-de-detail-suisse-chutent-denviron-20-en-avril\/","title":{"rendered":"Les ventes dans le commerce de d\u00e9tail suisse chutent d&rsquo;environ 20 % en avril"},"content":{"rendered":"<p>Les ventes dans le commerce de d\u00e9tail suisse ont chut\u00e9 de 20,6 % en avril 2020 par rapport au m\u00eame mois de l&rsquo;ann\u00e9e pr\u00e9c\u00e9dente. Le secteur non alimentaire est particuli\u00e8rement touch\u00e9, avec une baisse moyenne de 41 %. Cela a \u00e9galement des cons\u00e9quences directes et indirectes sur la logistique.<\/p>\n<p>(Berne) Les ventes au d\u00e9tail, ajust\u00e9es des effets de vente et des jours f\u00e9ri\u00e9s, ont chut\u00e9 de 20,6 % en avril 2020 par rapport au m\u00eame mois de l&rsquo;ann\u00e9e pr\u00e9c\u00e9dente. Ajust\u00e9es saisonni\u00e8rement, les ventes nominales au d\u00e9tail ont diminu\u00e9 de 14,8 % par rapport au mois pr\u00e9c\u00e9dent. Les secteurs sont touch\u00e9s de mani\u00e8re in\u00e9gale, comme le montrent les r\u00e9sultats provisoires de l&rsquo;Office f\u00e9d\u00e9ral de la statistique (OFS).<\/p>\n<p>Les ventes r\u00e9elles, \u00e9galement ajust\u00e9es des effets de vente et des jours f\u00e9ri\u00e9s, ont chut\u00e9 de 19,9 % en avril 2020 par rapport \u00e0 l&rsquo;ann\u00e9e pr\u00e9c\u00e9dente. L&rsquo;\u00e9volution r\u00e9elle prend en compte l&rsquo;inflation. Par rapport au mois pr\u00e9c\u00e9dent, les ventes r\u00e9elles au d\u00e9tail ont diminu\u00e9 de 14,7 % en termes saisonniers.<\/p>\n<p><strong>Secteur non alimentaire avec de fortes pertes de ventes<\/strong><\/p>\n<p>Ajust\u00e9 des effets de vente et des jours f\u00e9ri\u00e9s, le commerce de d\u00e9tail sans stations-service a enregistr\u00e9 en avril 2020 une baisse des ventes nominales de 19,5 % (r\u00e9el \u201319,0 %) par rapport \u00e0 avril 2019. Cela entra\u00eene des pertes de ventes de 33,8 % (r\u00e9el \u201324,1 %) pour les stations-service.<\/p>\n<p><img loading=\"lazy\" decoding=\"async\" class=\"alignnone wp-image-3055 size-full\" src=\"https:\/\/loginfo24.com\/wp-content\/uploads\/sites\/7\/2025\/12\/Detailhandel_2.jpg\" alt=\"\" width=\"1238\" height=\"711\" \/><\/p>\n<p><em>Des centres commerciaux et des magasins vides faisaient partie du paysage quotidien en mars et avril 2020 en Suisse, en Europe et dans le monde entier. Photo : Pixabay Erich Westendarp<\/em><\/p>\n<p>Le commerce de d\u00e9tail d&rsquo;aliments, de boissons et de tabac a enregistr\u00e9 une augmentation des ventes nominales de 4,0 % (r\u00e9el +3,5 %), tandis que le secteur non alimentaire a enregistr\u00e9 une baisse nominale de 41,0 % (r\u00e9el \u201340,2 %). Les secteurs \u00ab autres biens (v\u00eatements, pharmacies, montres et bijoux) \u00bb (\u201355,8 % ; r\u00e9el \u201355,5 %) et \u00ab autres appareils m\u00e9nagers, textiles, bricolage et fournitures d&rsquo;am\u00e9nagement \u00bb (\u201345,9 % ; r\u00e9el \u201344,9 %) ont \u00e9t\u00e9 les plus touch\u00e9s par la crise. En revanche, les secteurs \u00ab march\u00e9s, vente par correspondance et commerce en ligne \u00bb (+22,2 % ; r\u00e9el +23,0 %) et \u00ab appareils de technologie de l&rsquo;information et de la communication \u00bb (+3,9 % ; r\u00e9el +12,1 %) ont affich\u00e9 des chiffres de ventes positifs.<\/p>\n<p>Ajust\u00e9 saisonni\u00e8rement, le commerce de d\u00e9tail sans stations-service a enregistr\u00e9 en avril une baisse des ventes nominales de 14,9 % (r\u00e9el \u201314,8 %) par rapport au mois pr\u00e9c\u00e9dent. Le commerce de d\u00e9tail d&rsquo;aliments, de boissons et de tabac a enregistr\u00e9 une baisse des ventes nominales de 4,5 % (r\u00e9el \u20135,0 %). Le secteur non alimentaire a enregistr\u00e9 une baisse nominale de 28,0 % (r\u00e9el \u201327,6 %).<\/p>\n<p>Photo : Pixabay Ranjat M<\/p>\n<p><a href=\"https:\/\/www.bfs.admin.ch\" target=\"_blank\" rel=\"noopener noreferrer\">https:\/\/www.bfs.admin.ch<\/a><\/p>\n","protected":false},"excerpt":{"rendered":"<p>Les ventes dans le commerce de d\u00e9tail suisse ont chut\u00e9 de 20,6 % en avril 2020 par rapport au m\u00eame mois de l&rsquo;ann\u00e9e pr\u00e9c\u00e9dente. Le secteur<span class=\"excerpt-hellip\"> [\u2026]<\/span><\/p>\n","protected":false},"author":0,"featured_media":0,"comment_status":"open","ping_status":"open","sticky":false,"template":"","format":"standard","meta":{"_acf_changed":false,"footnotes":""},"categories":[1561],"tags":[],"class_list":["post-17737","post","type-post","status-publish","format-standard","hentry","category-regions"],"acf":[],"yoast_head":"<!-- This site is optimized with the Yoast SEO plugin v27.3 - https:\/\/yoast.com\/product\/yoast-seo-wordpress\/ -->\n<title>Les ventes dans le commerce de d\u00e9tail suisse chutent d&#039;environ 20 % en avril - Loginfo24.<\/title>\n<meta name=\"robots\" content=\"index, follow, max-snippet:-1, max-image-preview:large, max-video-preview:-1\" \/>\n<link rel=\"canonical\" href=\"https:\/\/loginfo24.com\/fr\/2020\/06\/03\/les-ventes-dans-le-commerce-de-detail-suisse-chutent-denviron-20-en-avril\/\" \/>\n<meta property=\"og:locale\" content=\"fr_FR\" \/>\n<meta property=\"og:type\" content=\"article\" \/>\n<meta property=\"og:title\" content=\"Les ventes dans le commerce de d\u00e9tail suisse chutent d&#039;environ 20 % en avril - Loginfo24.\" \/>\n<meta property=\"og:description\" content=\"Les ventes dans le commerce de d\u00e9tail suisse ont chut\u00e9 de 20,6 % en avril 2020 par rapport au m\u00eame mois de l&rsquo;ann\u00e9e pr\u00e9c\u00e9dente. Le secteur [\u2026]\" \/>\n<meta property=\"og:url\" content=\"https:\/\/loginfo24.com\/fr\/2020\/06\/03\/les-ventes-dans-le-commerce-de-detail-suisse-chutent-denviron-20-en-avril\/\" \/>\n<meta property=\"og:site_name\" content=\"Loginfo24\" \/>\n<meta property=\"article:publisher\" content=\"https:\/\/www.facebook.com\/people\/Loginfo24\/100057360583332\/\" \/>\n<meta property=\"article:published_time\" content=\"2020-06-03T05:00:50+00:00\" \/>\n<meta property=\"article:modified_time\" content=\"2025-12-15T11:28:25+00:00\" \/>\n<meta property=\"og:image\" content=\"https:\/\/loginfo24.com\/wp-content\/uploads\/sites\/7\/2025\/12\/Detailhandel_2.jpg\" \/>\n<meta name=\"twitter:card\" content=\"summary_large_image\" \/>\n<meta name=\"twitter:label1\" content=\"Dur\u00e9e de lecture estim\u00e9e\" \/>\n\t<meta name=\"twitter:data1\" content=\"2 minutes\" \/>\n<script type=\"application\/ld+json\" class=\"yoast-schema-graph\">{\"@context\":\"https:\\\/\\\/schema.org\",\"@graph\":[{\"@type\":\"Article\",\"@id\":\"https:\\\/\\\/loginfo24.com\\\/fr\\\/2020\\\/06\\\/03\\\/les-ventes-dans-le-commerce-de-detail-suisse-chutent-denviron-20-en-avril\\\/#article\",\"isPartOf\":{\"@id\":\"https:\\\/\\\/loginfo24.com\\\/fr\\\/2020\\\/06\\\/03\\\/les-ventes-dans-le-commerce-de-detail-suisse-chutent-denviron-20-en-avril\\\/\"},\"author\":{\"name\":\"\",\"@id\":\"\"},\"headline\":\"Les ventes dans le commerce de d\u00e9tail suisse chutent d&rsquo;environ 20 % en avril\",\"datePublished\":\"2020-06-03T05:00:50+00:00\",\"dateModified\":\"2025-12-15T11:28:25+00:00\",\"mainEntityOfPage\":{\"@id\":\"https:\\\/\\\/loginfo24.com\\\/fr\\\/2020\\\/06\\\/03\\\/les-ventes-dans-le-commerce-de-detail-suisse-chutent-denviron-20-en-avril\\\/\"},\"wordCount\":470,\"commentCount\":0,\"publisher\":{\"@id\":\"https:\\\/\\\/loginfo24.com\\\/fr\\\/#organization\"},\"image\":{\"@id\":\"https:\\\/\\\/loginfo24.com\\\/fr\\\/2020\\\/06\\\/03\\\/les-ventes-dans-le-commerce-de-detail-suisse-chutent-denviron-20-en-avril\\\/#primaryimage\"},\"thumbnailUrl\":\"https:\\\/\\\/loginfo24.com\\\/wp-content\\\/uploads\\\/sites\\\/7\\\/2025\\\/12\\\/Detailhandel_2.jpg\",\"articleSection\":[\"Regions\"],\"inLanguage\":\"fr-FR\",\"potentialAction\":[{\"@type\":\"CommentAction\",\"name\":\"Comment\",\"target\":[\"https:\\\/\\\/loginfo24.com\\\/fr\\\/2020\\\/06\\\/03\\\/les-ventes-dans-le-commerce-de-detail-suisse-chutent-denviron-20-en-avril\\\/#respond\"]}]},{\"@type\":\"WebPage\",\"@id\":\"https:\\\/\\\/loginfo24.com\\\/fr\\\/2020\\\/06\\\/03\\\/les-ventes-dans-le-commerce-de-detail-suisse-chutent-denviron-20-en-avril\\\/\",\"url\":\"https:\\\/\\\/loginfo24.com\\\/fr\\\/2020\\\/06\\\/03\\\/les-ventes-dans-le-commerce-de-detail-suisse-chutent-denviron-20-en-avril\\\/\",\"name\":\"Les ventes dans le commerce de d\u00e9tail suisse chutent d'environ 20 % en avril - Loginfo24.\",\"isPartOf\":{\"@id\":\"https:\\\/\\\/loginfo24.com\\\/fr\\\/#website\"},\"primaryImageOfPage\":{\"@id\":\"https:\\\/\\\/loginfo24.com\\\/fr\\\/2020\\\/06\\\/03\\\/les-ventes-dans-le-commerce-de-detail-suisse-chutent-denviron-20-en-avril\\\/#primaryimage\"},\"image\":{\"@id\":\"https:\\\/\\\/loginfo24.com\\\/fr\\\/2020\\\/06\\\/03\\\/les-ventes-dans-le-commerce-de-detail-suisse-chutent-denviron-20-en-avril\\\/#primaryimage\"},\"thumbnailUrl\":\"https:\\\/\\\/loginfo24.com\\\/wp-content\\\/uploads\\\/sites\\\/7\\\/2025\\\/12\\\/Detailhandel_2.jpg\",\"datePublished\":\"2020-06-03T05:00:50+00:00\",\"dateModified\":\"2025-12-15T11:28:25+00:00\",\"breadcrumb\":{\"@id\":\"https:\\\/\\\/loginfo24.com\\\/fr\\\/2020\\\/06\\\/03\\\/les-ventes-dans-le-commerce-de-detail-suisse-chutent-denviron-20-en-avril\\\/#breadcrumb\"},\"inLanguage\":\"fr-FR\",\"potentialAction\":[{\"@type\":\"ReadAction\",\"target\":[\"https:\\\/\\\/loginfo24.com\\\/fr\\\/2020\\\/06\\\/03\\\/les-ventes-dans-le-commerce-de-detail-suisse-chutent-denviron-20-en-avril\\\/\"]}]},{\"@type\":\"ImageObject\",\"inLanguage\":\"fr-FR\",\"@id\":\"https:\\\/\\\/loginfo24.com\\\/fr\\\/2020\\\/06\\\/03\\\/les-ventes-dans-le-commerce-de-detail-suisse-chutent-denviron-20-en-avril\\\/#primaryimage\",\"url\":\"https:\\\/\\\/loginfo24.com\\\/wp-content\\\/uploads\\\/sites\\\/7\\\/2025\\\/12\\\/Detailhandel_2.jpg\",\"contentUrl\":\"https:\\\/\\\/loginfo24.com\\\/wp-content\\\/uploads\\\/sites\\\/7\\\/2025\\\/12\\\/Detailhandel_2.jpg\"},{\"@type\":\"BreadcrumbList\",\"@id\":\"https:\\\/\\\/loginfo24.com\\\/fr\\\/2020\\\/06\\\/03\\\/les-ventes-dans-le-commerce-de-detail-suisse-chutent-denviron-20-en-avril\\\/#breadcrumb\",\"itemListElement\":[{\"@type\":\"ListItem\",\"position\":1,\"name\":\"Startseite\",\"item\":\"https:\\\/\\\/loginfo24.com\\\/fr\\\/\"},{\"@type\":\"ListItem\",\"position\":2,\"name\":\"Les ventes dans le commerce de d\u00e9tail suisse chutent d&#8217;environ 20 % en avril\"}]},{\"@type\":\"WebSite\",\"@id\":\"https:\\\/\\\/loginfo24.com\\\/fr\\\/#website\",\"url\":\"https:\\\/\\\/loginfo24.com\\\/fr\\\/\",\"name\":\"Loginfo24\",\"description\":\"Loginfo24 est la plateforme d\u00e9di\u00e9e \u00e0 la logistique et aux cha\u00eenes d&#039;approvisionnement qui fournit des informations 24 heures sur 24.\",\"publisher\":{\"@id\":\"https:\\\/\\\/loginfo24.com\\\/fr\\\/#organization\"},\"potentialAction\":[{\"@type\":\"SearchAction\",\"target\":{\"@type\":\"EntryPoint\",\"urlTemplate\":\"https:\\\/\\\/loginfo24.com\\\/fr\\\/?s={search_term_string}\"},\"query-input\":{\"@type\":\"PropertyValueSpecification\",\"valueRequired\":true,\"valueName\":\"search_term_string\"}}],\"inLanguage\":\"fr-FR\"},{\"@type\":\"Organization\",\"@id\":\"https:\\\/\\\/loginfo24.com\\\/fr\\\/#organization\",\"name\":\"Groupe Logismedia AG\",\"url\":\"https:\\\/\\\/loginfo24.com\\\/fr\\\/\",\"logo\":{\"@type\":\"ImageObject\",\"inLanguage\":\"fr-FR\",\"@id\":\"https:\\\/\\\/loginfo24.com\\\/fr\\\/#\\\/schema\\\/logo\\\/image\\\/\",\"url\":\"https:\\\/\\\/loginfo24.com\\\/wp-content\\\/uploads\\\/sites\\\/7\\\/2026\\\/01\\\/Logo_LogInfo24.png\",\"contentUrl\":\"https:\\\/\\\/loginfo24.com\\\/wp-content\\\/uploads\\\/sites\\\/7\\\/2026\\\/01\\\/Logo_LogInfo24.png\",\"width\":938,\"height\":351,\"caption\":\"Groupe Logismedia AG\"},\"image\":{\"@id\":\"https:\\\/\\\/loginfo24.com\\\/fr\\\/#\\\/schema\\\/logo\\\/image\\\/\"},\"sameAs\":[\"https:\\\/\\\/www.facebook.com\\\/people\\\/Loginfo24\\\/100057360583332\\\/\",\"https:\\\/\\\/www.linkedin.com\\\/company\\\/lofinfo24\\\/\"]}]}<\/script>\n<!-- \/ Yoast SEO plugin. -->","yoast_head_json":{"title":"Les ventes dans le commerce de d\u00e9tail suisse chutent d'environ 20 % en avril - Loginfo24.","robots":{"index":"index","follow":"follow","max-snippet":"max-snippet:-1","max-image-preview":"max-image-preview:large","max-video-preview":"max-video-preview:-1"},"canonical":"https:\/\/loginfo24.com\/fr\/2020\/06\/03\/les-ventes-dans-le-commerce-de-detail-suisse-chutent-denviron-20-en-avril\/","og_locale":"fr_FR","og_type":"article","og_title":"Les ventes dans le commerce de d\u00e9tail suisse chutent d'environ 20 % en avril - Loginfo24.","og_description":"Les ventes dans le commerce de d\u00e9tail suisse ont chut\u00e9 de 20,6 % en avril 2020 par rapport au m\u00eame mois de l&rsquo;ann\u00e9e pr\u00e9c\u00e9dente. Le secteur [\u2026]","og_url":"https:\/\/loginfo24.com\/fr\/2020\/06\/03\/les-ventes-dans-le-commerce-de-detail-suisse-chutent-denviron-20-en-avril\/","og_site_name":"Loginfo24","article_publisher":"https:\/\/www.facebook.com\/people\/Loginfo24\/100057360583332\/","article_published_time":"2020-06-03T05:00:50+00:00","article_modified_time":"2025-12-15T11:28:25+00:00","og_image":[{"url":"https:\/\/loginfo24.com\/wp-content\/uploads\/sites\/7\/2025\/12\/Detailhandel_2.jpg","type":"","width":"","height":""}],"twitter_card":"summary_large_image","twitter_misc":{"Dur\u00e9e de lecture estim\u00e9e":"2 minutes"},"schema":{"@context":"https:\/\/schema.org","@graph":[{"@type":"Article","@id":"https:\/\/loginfo24.com\/fr\/2020\/06\/03\/les-ventes-dans-le-commerce-de-detail-suisse-chutent-denviron-20-en-avril\/#article","isPartOf":{"@id":"https:\/\/loginfo24.com\/fr\/2020\/06\/03\/les-ventes-dans-le-commerce-de-detail-suisse-chutent-denviron-20-en-avril\/"},"author":{"name":"","@id":""},"headline":"Les ventes dans le commerce de d\u00e9tail suisse chutent d&rsquo;environ 20 % en avril","datePublished":"2020-06-03T05:00:50+00:00","dateModified":"2025-12-15T11:28:25+00:00","mainEntityOfPage":{"@id":"https:\/\/loginfo24.com\/fr\/2020\/06\/03\/les-ventes-dans-le-commerce-de-detail-suisse-chutent-denviron-20-en-avril\/"},"wordCount":470,"commentCount":0,"publisher":{"@id":"https:\/\/loginfo24.com\/fr\/#organization"},"image":{"@id":"https:\/\/loginfo24.com\/fr\/2020\/06\/03\/les-ventes-dans-le-commerce-de-detail-suisse-chutent-denviron-20-en-avril\/#primaryimage"},"thumbnailUrl":"https:\/\/loginfo24.com\/wp-content\/uploads\/sites\/7\/2025\/12\/Detailhandel_2.jpg","articleSection":["Regions"],"inLanguage":"fr-FR","potentialAction":[{"@type":"CommentAction","name":"Comment","target":["https:\/\/loginfo24.com\/fr\/2020\/06\/03\/les-ventes-dans-le-commerce-de-detail-suisse-chutent-denviron-20-en-avril\/#respond"]}]},{"@type":"WebPage","@id":"https:\/\/loginfo24.com\/fr\/2020\/06\/03\/les-ventes-dans-le-commerce-de-detail-suisse-chutent-denviron-20-en-avril\/","url":"https:\/\/loginfo24.com\/fr\/2020\/06\/03\/les-ventes-dans-le-commerce-de-detail-suisse-chutent-denviron-20-en-avril\/","name":"Les ventes dans le commerce de d\u00e9tail suisse chutent d'environ 20 % en avril - Loginfo24.","isPartOf":{"@id":"https:\/\/loginfo24.com\/fr\/#website"},"primaryImageOfPage":{"@id":"https:\/\/loginfo24.com\/fr\/2020\/06\/03\/les-ventes-dans-le-commerce-de-detail-suisse-chutent-denviron-20-en-avril\/#primaryimage"},"image":{"@id":"https:\/\/loginfo24.com\/fr\/2020\/06\/03\/les-ventes-dans-le-commerce-de-detail-suisse-chutent-denviron-20-en-avril\/#primaryimage"},"thumbnailUrl":"https:\/\/loginfo24.com\/wp-content\/uploads\/sites\/7\/2025\/12\/Detailhandel_2.jpg","datePublished":"2020-06-03T05:00:50+00:00","dateModified":"2025-12-15T11:28:25+00:00","breadcrumb":{"@id":"https:\/\/loginfo24.com\/fr\/2020\/06\/03\/les-ventes-dans-le-commerce-de-detail-suisse-chutent-denviron-20-en-avril\/#breadcrumb"},"inLanguage":"fr-FR","potentialAction":[{"@type":"ReadAction","target":["https:\/\/loginfo24.com\/fr\/2020\/06\/03\/les-ventes-dans-le-commerce-de-detail-suisse-chutent-denviron-20-en-avril\/"]}]},{"@type":"ImageObject","inLanguage":"fr-FR","@id":"https:\/\/loginfo24.com\/fr\/2020\/06\/03\/les-ventes-dans-le-commerce-de-detail-suisse-chutent-denviron-20-en-avril\/#primaryimage","url":"https:\/\/loginfo24.com\/wp-content\/uploads\/sites\/7\/2025\/12\/Detailhandel_2.jpg","contentUrl":"https:\/\/loginfo24.com\/wp-content\/uploads\/sites\/7\/2025\/12\/Detailhandel_2.jpg"},{"@type":"BreadcrumbList","@id":"https:\/\/loginfo24.com\/fr\/2020\/06\/03\/les-ventes-dans-le-commerce-de-detail-suisse-chutent-denviron-20-en-avril\/#breadcrumb","itemListElement":[{"@type":"ListItem","position":1,"name":"Startseite","item":"https:\/\/loginfo24.com\/fr\/"},{"@type":"ListItem","position":2,"name":"Les ventes dans le commerce de d\u00e9tail suisse chutent d&#8217;environ 20 % en avril"}]},{"@type":"WebSite","@id":"https:\/\/loginfo24.com\/fr\/#website","url":"https:\/\/loginfo24.com\/fr\/","name":"Loginfo24","description":"Loginfo24 est la plateforme d\u00e9di\u00e9e \u00e0 la logistique et aux cha\u00eenes d&#039;approvisionnement qui fournit des informations 24 heures sur 24.","publisher":{"@id":"https:\/\/loginfo24.com\/fr\/#organization"},"potentialAction":[{"@type":"SearchAction","target":{"@type":"EntryPoint","urlTemplate":"https:\/\/loginfo24.com\/fr\/?s={search_term_string}"},"query-input":{"@type":"PropertyValueSpecification","valueRequired":true,"valueName":"search_term_string"}}],"inLanguage":"fr-FR"},{"@type":"Organization","@id":"https:\/\/loginfo24.com\/fr\/#organization","name":"Groupe Logismedia AG","url":"https:\/\/loginfo24.com\/fr\/","logo":{"@type":"ImageObject","inLanguage":"fr-FR","@id":"https:\/\/loginfo24.com\/fr\/#\/schema\/logo\/image\/","url":"https:\/\/loginfo24.com\/wp-content\/uploads\/sites\/7\/2026\/01\/Logo_LogInfo24.png","contentUrl":"https:\/\/loginfo24.com\/wp-content\/uploads\/sites\/7\/2026\/01\/Logo_LogInfo24.png","width":938,"height":351,"caption":"Groupe Logismedia AG"},"image":{"@id":"https:\/\/loginfo24.com\/fr\/#\/schema\/logo\/image\/"},"sameAs":["https:\/\/www.facebook.com\/people\/Loginfo24\/100057360583332\/","https:\/\/www.linkedin.com\/company\/lofinfo24\/"]}]}},"_links":{"self":[{"href":"https:\/\/loginfo24.com\/fr\/wp-json\/wp\/v2\/posts\/17737","targetHints":{"allow":["GET"]}}],"collection":[{"href":"https:\/\/loginfo24.com\/fr\/wp-json\/wp\/v2\/posts"}],"about":[{"href":"https:\/\/loginfo24.com\/fr\/wp-json\/wp\/v2\/types\/post"}],"replies":[{"embeddable":true,"href":"https:\/\/loginfo24.com\/fr\/wp-json\/wp\/v2\/comments?post=17737"}],"version-history":[{"count":1,"href":"https:\/\/loginfo24.com\/fr\/wp-json\/wp\/v2\/posts\/17737\/revisions"}],"predecessor-version":[{"id":31816,"href":"https:\/\/loginfo24.com\/fr\/wp-json\/wp\/v2\/posts\/17737\/revisions\/31816"}],"wp:attachment":[{"href":"https:\/\/loginfo24.com\/fr\/wp-json\/wp\/v2\/media?parent=17737"}],"wp:term":[{"taxonomy":"category","embeddable":true,"href":"https:\/\/loginfo24.com\/fr\/wp-json\/wp\/v2\/categories?post=17737"},{"taxonomy":"post_tag","embeddable":true,"href":"https:\/\/loginfo24.com\/fr\/wp-json\/wp\/v2\/tags?post=17737"}],"curies":[{"name":"wp","href":"https:\/\/api.w.org\/{rel}","templated":true}]}}