{"id":17731,"date":"2020-06-02T07:02:10","date_gmt":"2020-06-02T05:02:10","guid":{"rendered":"https:\/\/blog.brand-architecture.at\/2020\/06\/02\/gls-celebre-le-sixieme-jour-du-colis-avec-un-concours-video\/"},"modified":"2025-12-15T12:28:24","modified_gmt":"2025-12-15T11:28:24","slug":"gls-celebre-le-sixieme-jour-du-colis-avec-un-concours-video","status":"publish","type":"post","link":"https:\/\/loginfo24.com\/fr\/2020\/06\/02\/gls-celebre-le-sixieme-jour-du-colis-avec-un-concours-video\/","title":{"rendered":"GLS c\u00e9l\u00e8bre le sixi\u00e8me jour du colis avec un concours vid\u00e9o"},"content":{"rendered":"<p>Le prestataire de services de colis GLS a c\u00e9l\u00e9br\u00e9 le sixi\u00e8me &lsquo;Jour du colis&rsquo; le 29 mai exclusivement en ligne avec un concours vid\u00e9o. Le slogan est : &lsquo;Notre colis pour ton association pr\u00e9f\u00e9r\u00e9e&rsquo;. L&rsquo;action se d\u00e9roule jusqu&rsquo;au 12 juin.<\/p>\n<p>(Neuenstein) GLS Allemagne a lanc\u00e9 le 29 mai le sixi\u00e8me jour du colis. Cette journ\u00e9e d&rsquo;action est cette ann\u00e9e plac\u00e9e sous le slogan <a href=\"https:\/\/gls-group.eu\/DE\/de\/tag-des-pakets.html\" target=\"_blank\" rel=\"noopener noreferrer\">\u00ab\u00a0Notre colis pour ton association pr\u00e9f\u00e9r\u00e9e\u00a0\u00bb<\/a> et se d\u00e9roulera exclusivement en ligne.<\/p>\n<p>\u00ab\u00a0Nous souhaitons \u00e9galement cette ann\u00e9e, difficile, envoyer un message pour une solidarit\u00e9 commune, afin que nous puissions c\u00e9l\u00e9brer le jour du colis en ligne pendant une p\u00e9riode prolong\u00e9e\u00a0\u00bb, d\u00e9clare Anne Putz, responsable de la communication et du marketing chez GLS. \u00ab\u00a0Cette ann\u00e9e, nous avons d\u00e9cid\u00e9 de soutenir financi\u00e8rement des associations enregistr\u00e9es dans le cadre d&rsquo;un concours.\u00a0\u00bb<\/p>\n<p>https:\/\/gls-group.eu\/DE\/de\/tag-des-pakets.html<\/p>\n<p>\u00c0 travers un concours vid\u00e9o sur leur site web, GLS Allemagne recherche les trois plus beaux projets de c\u0153ur en Allemagne. Les participants peuvent t\u00e9l\u00e9charger une courte vid\u00e9o sur leur association pr\u00e9f\u00e9r\u00e9e et expliquer pourquoi ils souhaitent un soutien pour cette association. Toute association enregistr\u00e9e peut \u00eatre nomin\u00e9e, qu&rsquo;il s&rsquo;agisse d&rsquo;une association environnementale ou d&rsquo;une association de protection des animaux.<\/p>\n<p>La p\u00e9riode d&rsquo;action s&rsquo;\u00e9tend du 29 mai 2020 au 12 juin 2020. Les trois associations gagnantes seront s\u00e9lectionn\u00e9es dans le cadre d&rsquo;un vote du public et seront ensuite r\u00e9compens\u00e9es par des prix en esp\u00e8ces (1er prix 2 500 \u20ac, 2e prix 1 250 \u20ac et 3e prix 500 \u20ac).<\/p>\n<p>Il y a six ans, le jour du colis a \u00e9t\u00e9 cr\u00e9\u00e9 pour rapprocher les gens des services de colis. Depuis, le jour du colis est devenu une journ\u00e9e internationale o\u00f9 l&rsquo;engagement social est au premier plan.<\/p>\n<p>Photo : GLS<\/p>\n<p>www.gls-group.com<\/p>\n","protected":false},"excerpt":{"rendered":"<p>Le prestataire de services de colis GLS a c\u00e9l\u00e9br\u00e9 le sixi\u00e8me &lsquo;Jour du colis&rsquo; le 29 mai exclusivement en ligne avec un concours vid\u00e9o. Le slogan<span class=\"excerpt-hellip\"> [\u2026]<\/span><\/p>\n","protected":false},"author":0,"featured_media":0,"comment_status":"open","ping_status":"open","sticky":false,"template":"","format":"standard","meta":{"_acf_changed":false,"footnotes":""},"categories":[1557,1556],"tags":[],"class_list":["post-17731","post","type-post","status-publish","format-standard","hentry","category-forwarding-logistics","category-intermodal-road"],"acf":[],"yoast_head":"<!-- This site is optimized with the Yoast SEO plugin v27.3 - https:\/\/yoast.com\/product\/yoast-seo-wordpress\/ -->\n<title>GLS c\u00e9l\u00e8bre le sixi\u00e8me jour du colis avec un concours vid\u00e9o - Loginfo24.<\/title>\n<meta name=\"robots\" content=\"index, follow, max-snippet:-1, max-image-preview:large, max-video-preview:-1\" \/>\n<link rel=\"canonical\" href=\"https:\/\/loginfo24.com\/fr\/2020\/06\/02\/gls-celebre-le-sixieme-jour-du-colis-avec-un-concours-video\/\" \/>\n<meta property=\"og:locale\" content=\"fr_FR\" \/>\n<meta property=\"og:type\" content=\"article\" \/>\n<meta property=\"og:title\" content=\"GLS c\u00e9l\u00e8bre le sixi\u00e8me jour du colis avec un concours vid\u00e9o - Loginfo24.\" \/>\n<meta property=\"og:description\" content=\"Le prestataire de services de colis GLS a c\u00e9l\u00e9br\u00e9 le sixi\u00e8me &lsquo;Jour du colis&rsquo; le 29 mai exclusivement en ligne avec un concours vid\u00e9o. Le slogan [\u2026]\" \/>\n<meta property=\"og:url\" content=\"https:\/\/loginfo24.com\/fr\/2020\/06\/02\/gls-celebre-le-sixieme-jour-du-colis-avec-un-concours-video\/\" \/>\n<meta property=\"og:site_name\" content=\"Loginfo24\" \/>\n<meta property=\"article:publisher\" content=\"https:\/\/www.facebook.com\/people\/Loginfo24\/100057360583332\/\" \/>\n<meta property=\"article:published_time\" content=\"2020-06-02T05:02:10+00:00\" \/>\n<meta property=\"article:modified_time\" content=\"2025-12-15T11:28:24+00:00\" \/>\n<meta name=\"twitter:card\" content=\"summary_large_image\" \/>\n<meta name=\"twitter:label1\" content=\"Dur\u00e9e de lecture estim\u00e9e\" \/>\n\t<meta name=\"twitter:data1\" content=\"2 minutes\" \/>\n<script type=\"application\/ld+json\" class=\"yoast-schema-graph\">{\"@context\":\"https:\\\/\\\/schema.org\",\"@graph\":[{\"@type\":\"Article\",\"@id\":\"https:\\\/\\\/loginfo24.com\\\/fr\\\/2020\\\/06\\\/02\\\/gls-celebre-le-sixieme-jour-du-colis-avec-un-concours-video\\\/#article\",\"isPartOf\":{\"@id\":\"https:\\\/\\\/loginfo24.com\\\/fr\\\/2020\\\/06\\\/02\\\/gls-celebre-le-sixieme-jour-du-colis-avec-un-concours-video\\\/\"},\"author\":{\"name\":\"\",\"@id\":\"\"},\"headline\":\"GLS c\u00e9l\u00e8bre le sixi\u00e8me jour du colis avec un concours vid\u00e9o\",\"datePublished\":\"2020-06-02T05:02:10+00:00\",\"dateModified\":\"2025-12-15T11:28:24+00:00\",\"mainEntityOfPage\":{\"@id\":\"https:\\\/\\\/loginfo24.com\\\/fr\\\/2020\\\/06\\\/02\\\/gls-celebre-le-sixieme-jour-du-colis-avec-un-concours-video\\\/\"},\"wordCount\":342,\"commentCount\":0,\"publisher\":{\"@id\":\"https:\\\/\\\/loginfo24.com\\\/fr\\\/#organization\"},\"articleSection\":[\"Forwarding &amp; Logistics\",\"Intermodal \\\/ Road\"],\"inLanguage\":\"fr-FR\",\"potentialAction\":[{\"@type\":\"CommentAction\",\"name\":\"Comment\",\"target\":[\"https:\\\/\\\/loginfo24.com\\\/fr\\\/2020\\\/06\\\/02\\\/gls-celebre-le-sixieme-jour-du-colis-avec-un-concours-video\\\/#respond\"]}]},{\"@type\":\"WebPage\",\"@id\":\"https:\\\/\\\/loginfo24.com\\\/fr\\\/2020\\\/06\\\/02\\\/gls-celebre-le-sixieme-jour-du-colis-avec-un-concours-video\\\/\",\"url\":\"https:\\\/\\\/loginfo24.com\\\/fr\\\/2020\\\/06\\\/02\\\/gls-celebre-le-sixieme-jour-du-colis-avec-un-concours-video\\\/\",\"name\":\"GLS c\u00e9l\u00e8bre le sixi\u00e8me jour du colis avec un concours vid\u00e9o - Loginfo24.\",\"isPartOf\":{\"@id\":\"https:\\\/\\\/loginfo24.com\\\/fr\\\/#website\"},\"datePublished\":\"2020-06-02T05:02:10+00:00\",\"dateModified\":\"2025-12-15T11:28:24+00:00\",\"breadcrumb\":{\"@id\":\"https:\\\/\\\/loginfo24.com\\\/fr\\\/2020\\\/06\\\/02\\\/gls-celebre-le-sixieme-jour-du-colis-avec-un-concours-video\\\/#breadcrumb\"},\"inLanguage\":\"fr-FR\",\"potentialAction\":[{\"@type\":\"ReadAction\",\"target\":[\"https:\\\/\\\/loginfo24.com\\\/fr\\\/2020\\\/06\\\/02\\\/gls-celebre-le-sixieme-jour-du-colis-avec-un-concours-video\\\/\"]}]},{\"@type\":\"BreadcrumbList\",\"@id\":\"https:\\\/\\\/loginfo24.com\\\/fr\\\/2020\\\/06\\\/02\\\/gls-celebre-le-sixieme-jour-du-colis-avec-un-concours-video\\\/#breadcrumb\",\"itemListElement\":[{\"@type\":\"ListItem\",\"position\":1,\"name\":\"Startseite\",\"item\":\"https:\\\/\\\/loginfo24.com\\\/fr\\\/\"},{\"@type\":\"ListItem\",\"position\":2,\"name\":\"GLS c\u00e9l\u00e8bre le sixi\u00e8me jour du colis avec un concours vid\u00e9o\"}]},{\"@type\":\"WebSite\",\"@id\":\"https:\\\/\\\/loginfo24.com\\\/fr\\\/#website\",\"url\":\"https:\\\/\\\/loginfo24.com\\\/fr\\\/\",\"name\":\"Loginfo24\",\"description\":\"Loginfo24 est la plateforme d\u00e9di\u00e9e \u00e0 la logistique et aux cha\u00eenes d&#039;approvisionnement qui fournit des informations 24 heures sur 24.\",\"publisher\":{\"@id\":\"https:\\\/\\\/loginfo24.com\\\/fr\\\/#organization\"},\"potentialAction\":[{\"@type\":\"SearchAction\",\"target\":{\"@type\":\"EntryPoint\",\"urlTemplate\":\"https:\\\/\\\/loginfo24.com\\\/fr\\\/?s={search_term_string}\"},\"query-input\":{\"@type\":\"PropertyValueSpecification\",\"valueRequired\":true,\"valueName\":\"search_term_string\"}}],\"inLanguage\":\"fr-FR\"},{\"@type\":\"Organization\",\"@id\":\"https:\\\/\\\/loginfo24.com\\\/fr\\\/#organization\",\"name\":\"Groupe Logismedia AG\",\"url\":\"https:\\\/\\\/loginfo24.com\\\/fr\\\/\",\"logo\":{\"@type\":\"ImageObject\",\"inLanguage\":\"fr-FR\",\"@id\":\"https:\\\/\\\/loginfo24.com\\\/fr\\\/#\\\/schema\\\/logo\\\/image\\\/\",\"url\":\"https:\\\/\\\/loginfo24.com\\\/wp-content\\\/uploads\\\/sites\\\/7\\\/2026\\\/01\\\/Logo_LogInfo24.png\",\"contentUrl\":\"https:\\\/\\\/loginfo24.com\\\/wp-content\\\/uploads\\\/sites\\\/7\\\/2026\\\/01\\\/Logo_LogInfo24.png\",\"width\":938,\"height\":351,\"caption\":\"Groupe Logismedia AG\"},\"image\":{\"@id\":\"https:\\\/\\\/loginfo24.com\\\/fr\\\/#\\\/schema\\\/logo\\\/image\\\/\"},\"sameAs\":[\"https:\\\/\\\/www.facebook.com\\\/people\\\/Loginfo24\\\/100057360583332\\\/\",\"https:\\\/\\\/www.linkedin.com\\\/company\\\/lofinfo24\\\/\"]}]}<\/script>\n<!-- \/ Yoast SEO plugin. -->","yoast_head_json":{"title":"GLS c\u00e9l\u00e8bre le sixi\u00e8me jour du colis avec un concours vid\u00e9o - Loginfo24.","robots":{"index":"index","follow":"follow","max-snippet":"max-snippet:-1","max-image-preview":"max-image-preview:large","max-video-preview":"max-video-preview:-1"},"canonical":"https:\/\/loginfo24.com\/fr\/2020\/06\/02\/gls-celebre-le-sixieme-jour-du-colis-avec-un-concours-video\/","og_locale":"fr_FR","og_type":"article","og_title":"GLS c\u00e9l\u00e8bre le sixi\u00e8me jour du colis avec un concours vid\u00e9o - Loginfo24.","og_description":"Le prestataire de services de colis GLS a c\u00e9l\u00e9br\u00e9 le sixi\u00e8me &lsquo;Jour du colis&rsquo; le 29 mai exclusivement en ligne avec un concours vid\u00e9o. Le slogan [\u2026]","og_url":"https:\/\/loginfo24.com\/fr\/2020\/06\/02\/gls-celebre-le-sixieme-jour-du-colis-avec-un-concours-video\/","og_site_name":"Loginfo24","article_publisher":"https:\/\/www.facebook.com\/people\/Loginfo24\/100057360583332\/","article_published_time":"2020-06-02T05:02:10+00:00","article_modified_time":"2025-12-15T11:28:24+00:00","twitter_card":"summary_large_image","twitter_misc":{"Dur\u00e9e de lecture estim\u00e9e":"2 minutes"},"schema":{"@context":"https:\/\/schema.org","@graph":[{"@type":"Article","@id":"https:\/\/loginfo24.com\/fr\/2020\/06\/02\/gls-celebre-le-sixieme-jour-du-colis-avec-un-concours-video\/#article","isPartOf":{"@id":"https:\/\/loginfo24.com\/fr\/2020\/06\/02\/gls-celebre-le-sixieme-jour-du-colis-avec-un-concours-video\/"},"author":{"name":"","@id":""},"headline":"GLS c\u00e9l\u00e8bre le sixi\u00e8me jour du colis avec un concours vid\u00e9o","datePublished":"2020-06-02T05:02:10+00:00","dateModified":"2025-12-15T11:28:24+00:00","mainEntityOfPage":{"@id":"https:\/\/loginfo24.com\/fr\/2020\/06\/02\/gls-celebre-le-sixieme-jour-du-colis-avec-un-concours-video\/"},"wordCount":342,"commentCount":0,"publisher":{"@id":"https:\/\/loginfo24.com\/fr\/#organization"},"articleSection":["Forwarding &amp; Logistics","Intermodal \/ Road"],"inLanguage":"fr-FR","potentialAction":[{"@type":"CommentAction","name":"Comment","target":["https:\/\/loginfo24.com\/fr\/2020\/06\/02\/gls-celebre-le-sixieme-jour-du-colis-avec-un-concours-video\/#respond"]}]},{"@type":"WebPage","@id":"https:\/\/loginfo24.com\/fr\/2020\/06\/02\/gls-celebre-le-sixieme-jour-du-colis-avec-un-concours-video\/","url":"https:\/\/loginfo24.com\/fr\/2020\/06\/02\/gls-celebre-le-sixieme-jour-du-colis-avec-un-concours-video\/","name":"GLS c\u00e9l\u00e8bre le sixi\u00e8me jour du colis avec un concours vid\u00e9o - Loginfo24.","isPartOf":{"@id":"https:\/\/loginfo24.com\/fr\/#website"},"datePublished":"2020-06-02T05:02:10+00:00","dateModified":"2025-12-15T11:28:24+00:00","breadcrumb":{"@id":"https:\/\/loginfo24.com\/fr\/2020\/06\/02\/gls-celebre-le-sixieme-jour-du-colis-avec-un-concours-video\/#breadcrumb"},"inLanguage":"fr-FR","potentialAction":[{"@type":"ReadAction","target":["https:\/\/loginfo24.com\/fr\/2020\/06\/02\/gls-celebre-le-sixieme-jour-du-colis-avec-un-concours-video\/"]}]},{"@type":"BreadcrumbList","@id":"https:\/\/loginfo24.com\/fr\/2020\/06\/02\/gls-celebre-le-sixieme-jour-du-colis-avec-un-concours-video\/#breadcrumb","itemListElement":[{"@type":"ListItem","position":1,"name":"Startseite","item":"https:\/\/loginfo24.com\/fr\/"},{"@type":"ListItem","position":2,"name":"GLS c\u00e9l\u00e8bre le sixi\u00e8me jour du colis avec un concours vid\u00e9o"}]},{"@type":"WebSite","@id":"https:\/\/loginfo24.com\/fr\/#website","url":"https:\/\/loginfo24.com\/fr\/","name":"Loginfo24","description":"Loginfo24 est la plateforme d\u00e9di\u00e9e \u00e0 la logistique et aux cha\u00eenes d&#039;approvisionnement qui fournit des informations 24 heures sur 24.","publisher":{"@id":"https:\/\/loginfo24.com\/fr\/#organization"},"potentialAction":[{"@type":"SearchAction","target":{"@type":"EntryPoint","urlTemplate":"https:\/\/loginfo24.com\/fr\/?s={search_term_string}"},"query-input":{"@type":"PropertyValueSpecification","valueRequired":true,"valueName":"search_term_string"}}],"inLanguage":"fr-FR"},{"@type":"Organization","@id":"https:\/\/loginfo24.com\/fr\/#organization","name":"Groupe Logismedia AG","url":"https:\/\/loginfo24.com\/fr\/","logo":{"@type":"ImageObject","inLanguage":"fr-FR","@id":"https:\/\/loginfo24.com\/fr\/#\/schema\/logo\/image\/","url":"https:\/\/loginfo24.com\/wp-content\/uploads\/sites\/7\/2026\/01\/Logo_LogInfo24.png","contentUrl":"https:\/\/loginfo24.com\/wp-content\/uploads\/sites\/7\/2026\/01\/Logo_LogInfo24.png","width":938,"height":351,"caption":"Groupe Logismedia AG"},"image":{"@id":"https:\/\/loginfo24.com\/fr\/#\/schema\/logo\/image\/"},"sameAs":["https:\/\/www.facebook.com\/people\/Loginfo24\/100057360583332\/","https:\/\/www.linkedin.com\/company\/lofinfo24\/"]}]}},"_links":{"self":[{"href":"https:\/\/loginfo24.com\/fr\/wp-json\/wp\/v2\/posts\/17731","targetHints":{"allow":["GET"]}}],"collection":[{"href":"https:\/\/loginfo24.com\/fr\/wp-json\/wp\/v2\/posts"}],"about":[{"href":"https:\/\/loginfo24.com\/fr\/wp-json\/wp\/v2\/types\/post"}],"replies":[{"embeddable":true,"href":"https:\/\/loginfo24.com\/fr\/wp-json\/wp\/v2\/comments?post=17731"}],"version-history":[{"count":1,"href":"https:\/\/loginfo24.com\/fr\/wp-json\/wp\/v2\/posts\/17731\/revisions"}],"predecessor-version":[{"id":31804,"href":"https:\/\/loginfo24.com\/fr\/wp-json\/wp\/v2\/posts\/17731\/revisions\/31804"}],"wp:attachment":[{"href":"https:\/\/loginfo24.com\/fr\/wp-json\/wp\/v2\/media?parent=17731"}],"wp:term":[{"taxonomy":"category","embeddable":true,"href":"https:\/\/loginfo24.com\/fr\/wp-json\/wp\/v2\/categories?post=17731"},{"taxonomy":"post_tag","embeddable":true,"href":"https:\/\/loginfo24.com\/fr\/wp-json\/wp\/v2\/tags?post=17731"}],"curies":[{"name":"wp","href":"https:\/\/api.w.org\/{rel}","templated":true}]}}