{"id":17713,"date":"2020-05-29T10:52:04","date_gmt":"2020-05-29T08:52:04","guid":{"rendered":"https:\/\/blog.brand-architecture.at\/2020\/05\/29\/le-directeur-hans-peter-hadorn-demissionne-a-la-fin-de-lannee-2020\/"},"modified":"2025-12-15T12:28:18","modified_gmt":"2025-12-15T11:28:18","slug":"le-directeur-hans-peter-hadorn-demissionne-a-la-fin-de-lannee-2020","status":"publish","type":"post","link":"https:\/\/loginfo24.com\/fr\/2020\/05\/29\/le-directeur-hans-peter-hadorn-demissionne-a-la-fin-de-lannee-2020\/","title":{"rendered":"Le directeur Hans-Peter Hadorn d\u00e9missionne \u00e0 la fin de l&rsquo;ann\u00e9e 2020"},"content":{"rendered":"<p>Apr\u00e8s une longue et fructueuse carri\u00e8re en tant que directeur des Ports Rh\u00e9nans Suisses, Hans-Peter Hadorn d\u00e9missionne pour des raisons d&rsquo;\u00e2ge \u00e0 la fin de 2020. Sa succession sera annonc\u00e9e publiquement dans les jours \u00e0 venir.<\/p>\n<p>(B\u00e2le) L&rsquo;\u00e9conomiste bernois Hans-Peter Hadorn a pris la direction du port rh\u00e9nan de B\u00e2le il y a 15 ans. Hadorn a jou\u00e9 un r\u00f4le cl\u00e9 dans les travaux de fusion de l&rsquo;ancienne direction de la navigation rh\u00e9nane de B\u00e2le et des Ports Rh\u00e9nans de B\u00e2le-Campagne. Apr\u00e8s un r\u00e9f\u00e9rendum r\u00e9ussi dans le canton de B\u00e2le-Campagne, il a pris ses fonctions en tant que directeur des Ports Rh\u00e9nans Suisses nouvellement cr\u00e9\u00e9s le 1er janvier 2008.<\/p>\n<p>Apr\u00e8s une p\u00e9riode de transformation avec la fusion des cultures d&rsquo;entreprise et l&rsquo;autonomisation, les Ports Rh\u00e9nans Suisses se sont d\u00e9velopp\u00e9s sous sa direction en un important carrefour de transport d&rsquo;importance nationale. En 2015, les Ports Rh\u00e9nans Suisses et donc la navigation rh\u00e9nane ont atteint pour la premi\u00e8re fois des conditions \u00e9quitables avec le mode de transport ferroviaire gr\u00e2ce \u00e0 la r\u00e9vision totale de la loi sur le transport de marchandises, en ce qui concerne le financement des infrastructures pour le transport combin\u00e9. Cela a permis le projet du bassin portuaire 3, qui a \u00e9t\u00e9 approuv\u00e9 par le Grand Conseil du canton de B\u00e2le-Ville en f\u00e9vrier 2020 et financ\u00e9 par la Conf\u00e9d\u00e9ration et le canton. Cela vise \u00e0 s\u00e9curiser l&rsquo;avenir du port de Kleinh\u00fcningen dans le cadre du d\u00e9veloppement portuaire et urbain. Le r\u00e9f\u00e9rendum devrait avoir lieu encore cette ann\u00e9e.<\/p>\n<p>Au niveau international, Hans-Peter Hadorn repr\u00e9sente les int\u00e9r\u00eats de la Suisse et de la navigation int\u00e9rieure en tant que commissaire de la Commission centrale pour la navigation rh\u00e9nane (CCNR) ainsi qu&rsquo;en tant que vice-pr\u00e9sident de l&rsquo;Association europ\u00e9enne des ports int\u00e9rieurs (EFIP). La coop\u00e9ration trinational avec les ports voisins allemands et fran\u00e7ais sur le Haut-Rhin a \u00e9galement \u00e9t\u00e9 un point central de son activit\u00e9. Avec le syst\u00e8me d&rsquo;enregistrement \u00e9lectronique des navires \u00ab\u00a0RheinPorts Information System\u00a0\u00bb (RPIS) pour le transport de conteneurs transfrontalier, les bases d&rsquo;une infrastructure portuaire num\u00e9rique le long du Rhin ont \u00e9t\u00e9 \u00e9tablies en 2018.<\/p>\n<p>En tant que pr\u00e9sident du conseil d&rsquo;administration de la filiale \u00e0 100 % Hafenbahn Schweiz AG, il a \u00e9galement influenc\u00e9 le d\u00e9veloppement de l&rsquo;acc\u00e8s ferroviaire aux Ports Rh\u00e9nans. En 2011, les concessions f\u00e9d\u00e9rales de la Hafenbahn du canton de B\u00e2le-Campagne et de la Hafenbahn du canton de B\u00e2le-Ville ont \u00e9t\u00e9 transf\u00e9r\u00e9es \u00e0 Hafenbahn Schweiz AG. Au cours des derni\u00e8res ann\u00e9es, l&rsquo;infrastructure de la Hafenbahn a \u00e9t\u00e9 modernis\u00e9e avec des postes de commande \u00e9lectroniques et un centre de contr\u00f4le op\u00e9rationnel central. En ao\u00fbt 2020, la mise en service de la nouvelle ligne de fret entre le port de Muttenz et la zone industrielle de Schweizerhalle-Salina Raurica est pr\u00e9vue.<\/p>\n<p>Apr\u00e8s la d\u00e9mission du pr\u00e9sident du conseil d&rsquo;administration, Dr. Benedikt Weibel, \u00e0 la fin de 2019, qui, comme Hans-Peter Hadorn, \u00e9tait en fonction depuis la cr\u00e9ation des Ports Rh\u00e9nans Suisses, le changement de g\u00e9n\u00e9ration se produit \u00e9galement au niveau de la direction. Le conseil d&rsquo;administration des Ports Rh\u00e9nans Suisses regrette beaucoup la d\u00e9mission de Hans-Peter Hadorn et le remercie pour son long service, marqu\u00e9 par beaucoup de passion et d&rsquo;engagement pour les Ports, la navigation rh\u00e9nane et les deux cantons propri\u00e9taires \u2013 avec une bonne sensibilit\u00e9 pour les particularit\u00e9s de la direction d&rsquo;une entreprise publique.<\/p>\n<p>Dans les jours \u00e0 venir, la succession sera annonc\u00e9e publiquement. L&rsquo;organe \u00e9lectoral est le conseil d&rsquo;administration des Ports Rh\u00e9nans Suisses.<\/p>\n<p>Photo : Ports Rh\u00e9nans Suisses \/ \u00a9 Photo Dominik Pl\u00fcss<\/p>\n<p><a href=\"https:\/\/www.portof.ch\" target=\"_blank\" rel=\"noopener noreferrer\">www.portof.ch<\/a><\/p>\n","protected":false},"excerpt":{"rendered":"<p>Apr\u00e8s une longue et fructueuse carri\u00e8re en tant que directeur des Ports Rh\u00e9nans Suisses, Hans-Peter Hadorn d\u00e9missionne pour des raisons d&rsquo;\u00e2ge \u00e0 la fin de 2020.<span class=\"excerpt-hellip\"> [\u2026]<\/span><\/p>\n","protected":false},"author":0,"featured_media":0,"comment_status":"open","ping_status":"open","sticky":false,"template":"","format":"standard","meta":{"_acf_changed":false,"footnotes":""},"categories":[1557,1561,1559],"tags":[],"class_list":["post-17713","post","type-post","status-publish","format-standard","hentry","category-forwarding-logistics","category-regions","category-shipping-ports"],"acf":[],"yoast_head":"<!-- This site is optimized with the Yoast SEO plugin v27.3 - https:\/\/yoast.com\/product\/yoast-seo-wordpress\/ -->\n<title>Le directeur Hans-Peter Hadorn d\u00e9missionne \u00e0 la fin de l&#039;ann\u00e9e 2020 - Loginfo24.<\/title>\n<meta name=\"robots\" content=\"index, follow, max-snippet:-1, max-image-preview:large, max-video-preview:-1\" \/>\n<link rel=\"canonical\" href=\"https:\/\/loginfo24.com\/fr\/2020\/05\/29\/le-directeur-hans-peter-hadorn-demissionne-a-la-fin-de-lannee-2020\/\" \/>\n<meta property=\"og:locale\" content=\"fr_FR\" \/>\n<meta property=\"og:type\" content=\"article\" \/>\n<meta property=\"og:title\" content=\"Le directeur Hans-Peter Hadorn d\u00e9missionne \u00e0 la fin de l&#039;ann\u00e9e 2020 - Loginfo24.\" \/>\n<meta property=\"og:description\" content=\"Apr\u00e8s une longue et fructueuse carri\u00e8re en tant que directeur des Ports Rh\u00e9nans Suisses, Hans-Peter Hadorn d\u00e9missionne pour des raisons d&rsquo;\u00e2ge \u00e0 la fin de 2020. [\u2026]\" \/>\n<meta property=\"og:url\" content=\"https:\/\/loginfo24.com\/fr\/2020\/05\/29\/le-directeur-hans-peter-hadorn-demissionne-a-la-fin-de-lannee-2020\/\" \/>\n<meta property=\"og:site_name\" content=\"Loginfo24\" \/>\n<meta property=\"article:publisher\" content=\"https:\/\/www.facebook.com\/people\/Loginfo24\/100057360583332\/\" \/>\n<meta property=\"article:published_time\" content=\"2020-05-29T08:52:04+00:00\" \/>\n<meta property=\"article:modified_time\" content=\"2025-12-15T11:28:18+00:00\" \/>\n<meta name=\"twitter:card\" content=\"summary_large_image\" \/>\n<meta name=\"twitter:label1\" content=\"Dur\u00e9e de lecture estim\u00e9e\" \/>\n\t<meta name=\"twitter:data1\" content=\"3 minutes\" \/>\n<script type=\"application\/ld+json\" class=\"yoast-schema-graph\">{\"@context\":\"https:\\\/\\\/schema.org\",\"@graph\":[{\"@type\":\"Article\",\"@id\":\"https:\\\/\\\/loginfo24.com\\\/fr\\\/2020\\\/05\\\/29\\\/le-directeur-hans-peter-hadorn-demissionne-a-la-fin-de-lannee-2020\\\/#article\",\"isPartOf\":{\"@id\":\"https:\\\/\\\/loginfo24.com\\\/fr\\\/2020\\\/05\\\/29\\\/le-directeur-hans-peter-hadorn-demissionne-a-la-fin-de-lannee-2020\\\/\"},\"author\":{\"name\":\"\",\"@id\":\"\"},\"headline\":\"Le directeur Hans-Peter Hadorn d\u00e9missionne \u00e0 la fin de l&rsquo;ann\u00e9e 2020\",\"datePublished\":\"2020-05-29T08:52:04+00:00\",\"dateModified\":\"2025-12-15T11:28:18+00:00\",\"mainEntityOfPage\":{\"@id\":\"https:\\\/\\\/loginfo24.com\\\/fr\\\/2020\\\/05\\\/29\\\/le-directeur-hans-peter-hadorn-demissionne-a-la-fin-de-lannee-2020\\\/\"},\"wordCount\":671,\"commentCount\":0,\"publisher\":{\"@id\":\"https:\\\/\\\/loginfo24.com\\\/fr\\\/#organization\"},\"articleSection\":[\"Forwarding &amp; Logistics\",\"Regions\",\"Shipping &amp; Ports\"],\"inLanguage\":\"fr-FR\",\"potentialAction\":[{\"@type\":\"CommentAction\",\"name\":\"Comment\",\"target\":[\"https:\\\/\\\/loginfo24.com\\\/fr\\\/2020\\\/05\\\/29\\\/le-directeur-hans-peter-hadorn-demissionne-a-la-fin-de-lannee-2020\\\/#respond\"]}]},{\"@type\":\"WebPage\",\"@id\":\"https:\\\/\\\/loginfo24.com\\\/fr\\\/2020\\\/05\\\/29\\\/le-directeur-hans-peter-hadorn-demissionne-a-la-fin-de-lannee-2020\\\/\",\"url\":\"https:\\\/\\\/loginfo24.com\\\/fr\\\/2020\\\/05\\\/29\\\/le-directeur-hans-peter-hadorn-demissionne-a-la-fin-de-lannee-2020\\\/\",\"name\":\"Le directeur Hans-Peter Hadorn d\u00e9missionne \u00e0 la fin de l'ann\u00e9e 2020 - Loginfo24.\",\"isPartOf\":{\"@id\":\"https:\\\/\\\/loginfo24.com\\\/fr\\\/#website\"},\"datePublished\":\"2020-05-29T08:52:04+00:00\",\"dateModified\":\"2025-12-15T11:28:18+00:00\",\"breadcrumb\":{\"@id\":\"https:\\\/\\\/loginfo24.com\\\/fr\\\/2020\\\/05\\\/29\\\/le-directeur-hans-peter-hadorn-demissionne-a-la-fin-de-lannee-2020\\\/#breadcrumb\"},\"inLanguage\":\"fr-FR\",\"potentialAction\":[{\"@type\":\"ReadAction\",\"target\":[\"https:\\\/\\\/loginfo24.com\\\/fr\\\/2020\\\/05\\\/29\\\/le-directeur-hans-peter-hadorn-demissionne-a-la-fin-de-lannee-2020\\\/\"]}]},{\"@type\":\"BreadcrumbList\",\"@id\":\"https:\\\/\\\/loginfo24.com\\\/fr\\\/2020\\\/05\\\/29\\\/le-directeur-hans-peter-hadorn-demissionne-a-la-fin-de-lannee-2020\\\/#breadcrumb\",\"itemListElement\":[{\"@type\":\"ListItem\",\"position\":1,\"name\":\"Startseite\",\"item\":\"https:\\\/\\\/loginfo24.com\\\/fr\\\/\"},{\"@type\":\"ListItem\",\"position\":2,\"name\":\"Le directeur Hans-Peter Hadorn d\u00e9missionne \u00e0 la fin de l&#8217;ann\u00e9e 2020\"}]},{\"@type\":\"WebSite\",\"@id\":\"https:\\\/\\\/loginfo24.com\\\/fr\\\/#website\",\"url\":\"https:\\\/\\\/loginfo24.com\\\/fr\\\/\",\"name\":\"Loginfo24\",\"description\":\"Loginfo24 est la plateforme d\u00e9di\u00e9e \u00e0 la logistique et aux cha\u00eenes d&#039;approvisionnement qui fournit des informations 24 heures sur 24.\",\"publisher\":{\"@id\":\"https:\\\/\\\/loginfo24.com\\\/fr\\\/#organization\"},\"potentialAction\":[{\"@type\":\"SearchAction\",\"target\":{\"@type\":\"EntryPoint\",\"urlTemplate\":\"https:\\\/\\\/loginfo24.com\\\/fr\\\/?s={search_term_string}\"},\"query-input\":{\"@type\":\"PropertyValueSpecification\",\"valueRequired\":true,\"valueName\":\"search_term_string\"}}],\"inLanguage\":\"fr-FR\"},{\"@type\":\"Organization\",\"@id\":\"https:\\\/\\\/loginfo24.com\\\/fr\\\/#organization\",\"name\":\"Groupe Logismedia AG\",\"url\":\"https:\\\/\\\/loginfo24.com\\\/fr\\\/\",\"logo\":{\"@type\":\"ImageObject\",\"inLanguage\":\"fr-FR\",\"@id\":\"https:\\\/\\\/loginfo24.com\\\/fr\\\/#\\\/schema\\\/logo\\\/image\\\/\",\"url\":\"https:\\\/\\\/loginfo24.com\\\/wp-content\\\/uploads\\\/sites\\\/7\\\/2026\\\/01\\\/Logo_LogInfo24.png\",\"contentUrl\":\"https:\\\/\\\/loginfo24.com\\\/wp-content\\\/uploads\\\/sites\\\/7\\\/2026\\\/01\\\/Logo_LogInfo24.png\",\"width\":938,\"height\":351,\"caption\":\"Groupe Logismedia AG\"},\"image\":{\"@id\":\"https:\\\/\\\/loginfo24.com\\\/fr\\\/#\\\/schema\\\/logo\\\/image\\\/\"},\"sameAs\":[\"https:\\\/\\\/www.facebook.com\\\/people\\\/Loginfo24\\\/100057360583332\\\/\",\"https:\\\/\\\/www.linkedin.com\\\/company\\\/lofinfo24\\\/\"]}]}<\/script>\n<!-- \/ Yoast SEO plugin. -->","yoast_head_json":{"title":"Le directeur Hans-Peter Hadorn d\u00e9missionne \u00e0 la fin de l'ann\u00e9e 2020 - Loginfo24.","robots":{"index":"index","follow":"follow","max-snippet":"max-snippet:-1","max-image-preview":"max-image-preview:large","max-video-preview":"max-video-preview:-1"},"canonical":"https:\/\/loginfo24.com\/fr\/2020\/05\/29\/le-directeur-hans-peter-hadorn-demissionne-a-la-fin-de-lannee-2020\/","og_locale":"fr_FR","og_type":"article","og_title":"Le directeur Hans-Peter Hadorn d\u00e9missionne \u00e0 la fin de l'ann\u00e9e 2020 - Loginfo24.","og_description":"Apr\u00e8s une longue et fructueuse carri\u00e8re en tant que directeur des Ports Rh\u00e9nans Suisses, Hans-Peter Hadorn d\u00e9missionne pour des raisons d&rsquo;\u00e2ge \u00e0 la fin de 2020. [\u2026]","og_url":"https:\/\/loginfo24.com\/fr\/2020\/05\/29\/le-directeur-hans-peter-hadorn-demissionne-a-la-fin-de-lannee-2020\/","og_site_name":"Loginfo24","article_publisher":"https:\/\/www.facebook.com\/people\/Loginfo24\/100057360583332\/","article_published_time":"2020-05-29T08:52:04+00:00","article_modified_time":"2025-12-15T11:28:18+00:00","twitter_card":"summary_large_image","twitter_misc":{"Dur\u00e9e de lecture estim\u00e9e":"3 minutes"},"schema":{"@context":"https:\/\/schema.org","@graph":[{"@type":"Article","@id":"https:\/\/loginfo24.com\/fr\/2020\/05\/29\/le-directeur-hans-peter-hadorn-demissionne-a-la-fin-de-lannee-2020\/#article","isPartOf":{"@id":"https:\/\/loginfo24.com\/fr\/2020\/05\/29\/le-directeur-hans-peter-hadorn-demissionne-a-la-fin-de-lannee-2020\/"},"author":{"name":"","@id":""},"headline":"Le directeur Hans-Peter Hadorn d\u00e9missionne \u00e0 la fin de l&rsquo;ann\u00e9e 2020","datePublished":"2020-05-29T08:52:04+00:00","dateModified":"2025-12-15T11:28:18+00:00","mainEntityOfPage":{"@id":"https:\/\/loginfo24.com\/fr\/2020\/05\/29\/le-directeur-hans-peter-hadorn-demissionne-a-la-fin-de-lannee-2020\/"},"wordCount":671,"commentCount":0,"publisher":{"@id":"https:\/\/loginfo24.com\/fr\/#organization"},"articleSection":["Forwarding &amp; Logistics","Regions","Shipping &amp; Ports"],"inLanguage":"fr-FR","potentialAction":[{"@type":"CommentAction","name":"Comment","target":["https:\/\/loginfo24.com\/fr\/2020\/05\/29\/le-directeur-hans-peter-hadorn-demissionne-a-la-fin-de-lannee-2020\/#respond"]}]},{"@type":"WebPage","@id":"https:\/\/loginfo24.com\/fr\/2020\/05\/29\/le-directeur-hans-peter-hadorn-demissionne-a-la-fin-de-lannee-2020\/","url":"https:\/\/loginfo24.com\/fr\/2020\/05\/29\/le-directeur-hans-peter-hadorn-demissionne-a-la-fin-de-lannee-2020\/","name":"Le directeur Hans-Peter Hadorn d\u00e9missionne \u00e0 la fin de l'ann\u00e9e 2020 - Loginfo24.","isPartOf":{"@id":"https:\/\/loginfo24.com\/fr\/#website"},"datePublished":"2020-05-29T08:52:04+00:00","dateModified":"2025-12-15T11:28:18+00:00","breadcrumb":{"@id":"https:\/\/loginfo24.com\/fr\/2020\/05\/29\/le-directeur-hans-peter-hadorn-demissionne-a-la-fin-de-lannee-2020\/#breadcrumb"},"inLanguage":"fr-FR","potentialAction":[{"@type":"ReadAction","target":["https:\/\/loginfo24.com\/fr\/2020\/05\/29\/le-directeur-hans-peter-hadorn-demissionne-a-la-fin-de-lannee-2020\/"]}]},{"@type":"BreadcrumbList","@id":"https:\/\/loginfo24.com\/fr\/2020\/05\/29\/le-directeur-hans-peter-hadorn-demissionne-a-la-fin-de-lannee-2020\/#breadcrumb","itemListElement":[{"@type":"ListItem","position":1,"name":"Startseite","item":"https:\/\/loginfo24.com\/fr\/"},{"@type":"ListItem","position":2,"name":"Le directeur Hans-Peter Hadorn d\u00e9missionne \u00e0 la fin de l&#8217;ann\u00e9e 2020"}]},{"@type":"WebSite","@id":"https:\/\/loginfo24.com\/fr\/#website","url":"https:\/\/loginfo24.com\/fr\/","name":"Loginfo24","description":"Loginfo24 est la plateforme d\u00e9di\u00e9e \u00e0 la logistique et aux cha\u00eenes d&#039;approvisionnement qui fournit des informations 24 heures sur 24.","publisher":{"@id":"https:\/\/loginfo24.com\/fr\/#organization"},"potentialAction":[{"@type":"SearchAction","target":{"@type":"EntryPoint","urlTemplate":"https:\/\/loginfo24.com\/fr\/?s={search_term_string}"},"query-input":{"@type":"PropertyValueSpecification","valueRequired":true,"valueName":"search_term_string"}}],"inLanguage":"fr-FR"},{"@type":"Organization","@id":"https:\/\/loginfo24.com\/fr\/#organization","name":"Groupe Logismedia AG","url":"https:\/\/loginfo24.com\/fr\/","logo":{"@type":"ImageObject","inLanguage":"fr-FR","@id":"https:\/\/loginfo24.com\/fr\/#\/schema\/logo\/image\/","url":"https:\/\/loginfo24.com\/wp-content\/uploads\/sites\/7\/2026\/01\/Logo_LogInfo24.png","contentUrl":"https:\/\/loginfo24.com\/wp-content\/uploads\/sites\/7\/2026\/01\/Logo_LogInfo24.png","width":938,"height":351,"caption":"Groupe Logismedia AG"},"image":{"@id":"https:\/\/loginfo24.com\/fr\/#\/schema\/logo\/image\/"},"sameAs":["https:\/\/www.facebook.com\/people\/Loginfo24\/100057360583332\/","https:\/\/www.linkedin.com\/company\/lofinfo24\/"]}]}},"_links":{"self":[{"href":"https:\/\/loginfo24.com\/fr\/wp-json\/wp\/v2\/posts\/17713","targetHints":{"allow":["GET"]}}],"collection":[{"href":"https:\/\/loginfo24.com\/fr\/wp-json\/wp\/v2\/posts"}],"about":[{"href":"https:\/\/loginfo24.com\/fr\/wp-json\/wp\/v2\/types\/post"}],"replies":[{"embeddable":true,"href":"https:\/\/loginfo24.com\/fr\/wp-json\/wp\/v2\/comments?post=17713"}],"version-history":[{"count":1,"href":"https:\/\/loginfo24.com\/fr\/wp-json\/wp\/v2\/posts\/17713\/revisions"}],"predecessor-version":[{"id":31768,"href":"https:\/\/loginfo24.com\/fr\/wp-json\/wp\/v2\/posts\/17713\/revisions\/31768"}],"wp:attachment":[{"href":"https:\/\/loginfo24.com\/fr\/wp-json\/wp\/v2\/media?parent=17713"}],"wp:term":[{"taxonomy":"category","embeddable":true,"href":"https:\/\/loginfo24.com\/fr\/wp-json\/wp\/v2\/categories?post=17713"},{"taxonomy":"post_tag","embeddable":true,"href":"https:\/\/loginfo24.com\/fr\/wp-json\/wp\/v2\/tags?post=17713"}],"curies":[{"name":"wp","href":"https:\/\/api.w.org\/{rel}","templated":true}]}}