{"id":17662,"date":"2020-05-27T07:02:15","date_gmt":"2020-05-27T05:02:15","guid":{"rendered":"https:\/\/blog.brand-architecture.at\/2020\/05\/27\/vtg-ag-conclut-un-refinancement-a-long-terme-de-29-milliards-deuros\/"},"modified":"2025-12-15T12:28:07","modified_gmt":"2025-12-15T11:28:07","slug":"vtg-ag-conclut-un-refinancement-a-long-terme-de-29-milliards-deuros","status":"publish","type":"post","link":"https:\/\/loginfo24.com\/fr\/2020\/05\/27\/vtg-ag-conclut-un-refinancement-a-long-terme-de-29-milliards-deuros\/","title":{"rendered":"VTG AG conclut un refinancement \u00e0 long terme de 2,9 milliards d&rsquo;euros"},"content":{"rendered":"<p>Avec un refinancement de 2,9 milliards d&rsquo;euros, VTG r\u00e9duit le co\u00fbt total de financement et atteint un allongement significatif des \u00e9ch\u00e9ances. Le refinancement renforce la structure du capital de VTG et cr\u00e9e une capacit\u00e9 d&rsquo;endettement suppl\u00e9mentaire pour financer les plans d&rsquo;investissement en cours.<\/p>\n<p>(Hambourg) La soci\u00e9t\u00e9 VTG Aktiengesellschaft (WKN : VTG999) a r\u00e9ussi \u00e0 finaliser le refinancement de la structure du capital du groupe VTG, cr\u00e9ant ainsi une base solide \u00e0 long terme pour de nouveaux investissements dans l&rsquo;entreprise. Le refinancement de 2,9 milliards d&rsquo;euros comprend des lignes de cr\u00e9dit engag\u00e9es pour financer les futurs plans d&rsquo;investissement de VTG.<\/p>\n<p>Dans le cadre du refinancement, Standard &amp; Poor&rsquo;s a attribu\u00e9 \u00e0 VTG une note de cr\u00e9dit d&rsquo;investissement de BBB (avec une perspective stable). Cela a non seulement soutenu la transition vers une nouvelle plateforme de dette \u00e0 conditions communes, mais a \u00e9galement eu un effet extr\u00eamement positif sur les param\u00e8tres de refinancement avec une r\u00e9duction significative des co\u00fbts de financement total et un allongement des \u00e9ch\u00e9ances jusqu&rsquo;\u00e0 dix ans. VTG a d\u00e9sormais \u00e9galement acc\u00e8s \u00e0 de nouvelles sources de financement sur les march\u00e9s de la dette pour ces \u00e9missions de dette et celles \u00e0 venir, renfor\u00e7ant ainsi la r\u00e9silience de sa structure de capital \u00e0 long terme.<\/p>\n<p>\u00ab Nous sommes tr\u00e8s fiers d&rsquo;avoir conclu cette transaction de financement r\u00e9volutionnaire. Au milieu de la crise du Corona, nous avons re\u00e7u de S&amp;P une note de cr\u00e9dit d&rsquo;\u00e9metteur de BBB et avons pu prolonger les \u00e9ch\u00e9ances de financement tout en r\u00e9duisant les co\u00fbts de financement. Avec cette performance, VTG souligne sa position de leader dans le domaine des infrastructures ferroviaires. La transaction t\u00e9moigne de la confiance dans la force, la stabilit\u00e9 et la fiabilit\u00e9 du mod\u00e8le commercial de VTG, sur lequel reposent les relations avec nos banques partenaires. Cela d\u00e9montre \u00e9galement une fois de plus le haut niveau de professionnalisme et de r\u00e9silience de l&rsquo;organisation en ces temps difficiles\u00a0\u00bb, a d\u00e9clar\u00e9 Dr. Heiko Fischer, pr\u00e9sident du conseil d&rsquo;administration de VTG AG. \u00ab Nous avons ainsi atteint une \u00e9tape importante dans le financement de la croissance \u00e0 long terme du groupe VTG et prouvons une fois de plus notre capacit\u00e9 \u00e0 cro\u00eetre et \u00e0 relever de nouveaux d\u00e9fis m\u00eame en p\u00e9riode de crise.\u00a0\u00bb<\/p>\n<p>Le processus de refinancement a \u00e9t\u00e9 accompagn\u00e9 par Credit Agricole CIB et Goldman Sachs International en tant que conseillers financiers conjoints, arrangeurs et agents de placement.<\/p>\n<p>Photo : VTG<\/p>\n<p><a href=\"https:\/\/www.vtg.de\" target=\"_blank\" rel=\"noopener noreferrer\">www.vtg.de<\/a><\/p>\n","protected":false},"excerpt":{"rendered":"<p>Avec un refinancement de 2,9 milliards d&rsquo;euros, VTG r\u00e9duit le co\u00fbt total de financement et atteint un allongement significatif des \u00e9ch\u00e9ances. Le refinancement renforce la structure<span class=\"excerpt-hellip\"> [\u2026]<\/span><\/p>\n","protected":false},"author":0,"featured_media":0,"comment_status":"open","ping_status":"open","sticky":false,"template":"","format":"standard","meta":{"_acf_changed":false,"footnotes":""},"categories":[1557,1561],"tags":[],"class_list":["post-17662","post","type-post","status-publish","format-standard","hentry","category-forwarding-logistics","category-regions"],"acf":[],"yoast_head":"<!-- This site is optimized with the Yoast SEO plugin v27.3 - https:\/\/yoast.com\/product\/yoast-seo-wordpress\/ -->\n<title>VTG AG conclut un refinancement \u00e0 long terme de 2,9 milliards d&#039;euros - Loginfo24.<\/title>\n<meta name=\"robots\" content=\"index, follow, max-snippet:-1, max-image-preview:large, max-video-preview:-1\" \/>\n<link rel=\"canonical\" href=\"https:\/\/loginfo24.com\/fr\/2020\/05\/27\/vtg-ag-conclut-un-refinancement-a-long-terme-de-29-milliards-deuros\/\" \/>\n<meta property=\"og:locale\" content=\"fr_FR\" \/>\n<meta property=\"og:type\" content=\"article\" \/>\n<meta property=\"og:title\" content=\"VTG AG conclut un refinancement \u00e0 long terme de 2,9 milliards d&#039;euros - Loginfo24.\" \/>\n<meta property=\"og:description\" content=\"Avec un refinancement de 2,9 milliards d&rsquo;euros, VTG r\u00e9duit le co\u00fbt total de financement et atteint un allongement significatif des \u00e9ch\u00e9ances. Le refinancement renforce la structure [\u2026]\" \/>\n<meta property=\"og:url\" content=\"https:\/\/loginfo24.com\/fr\/2020\/05\/27\/vtg-ag-conclut-un-refinancement-a-long-terme-de-29-milliards-deuros\/\" \/>\n<meta property=\"og:site_name\" content=\"Loginfo24\" \/>\n<meta property=\"article:publisher\" content=\"https:\/\/www.facebook.com\/people\/Loginfo24\/100057360583332\/\" \/>\n<meta property=\"article:published_time\" content=\"2020-05-27T05:02:15+00:00\" \/>\n<meta property=\"article:modified_time\" content=\"2025-12-15T11:28:07+00:00\" \/>\n<meta name=\"twitter:card\" content=\"summary_large_image\" \/>\n<meta name=\"twitter:label1\" content=\"Dur\u00e9e de lecture estim\u00e9e\" \/>\n\t<meta name=\"twitter:data1\" content=\"2 minutes\" \/>\n<script type=\"application\/ld+json\" class=\"yoast-schema-graph\">{\"@context\":\"https:\\\/\\\/schema.org\",\"@graph\":[{\"@type\":\"Article\",\"@id\":\"https:\\\/\\\/loginfo24.com\\\/fr\\\/2020\\\/05\\\/27\\\/vtg-ag-conclut-un-refinancement-a-long-terme-de-29-milliards-deuros\\\/#article\",\"isPartOf\":{\"@id\":\"https:\\\/\\\/loginfo24.com\\\/fr\\\/2020\\\/05\\\/27\\\/vtg-ag-conclut-un-refinancement-a-long-terme-de-29-milliards-deuros\\\/\"},\"author\":{\"name\":\"\",\"@id\":\"\"},\"headline\":\"VTG AG conclut un refinancement \u00e0 long terme de 2,9 milliards d&rsquo;euros\",\"datePublished\":\"2020-05-27T05:02:15+00:00\",\"dateModified\":\"2025-12-15T11:28:07+00:00\",\"mainEntityOfPage\":{\"@id\":\"https:\\\/\\\/loginfo24.com\\\/fr\\\/2020\\\/05\\\/27\\\/vtg-ag-conclut-un-refinancement-a-long-terme-de-29-milliards-deuros\\\/\"},\"wordCount\":448,\"commentCount\":0,\"publisher\":{\"@id\":\"https:\\\/\\\/loginfo24.com\\\/fr\\\/#organization\"},\"articleSection\":[\"Forwarding &amp; Logistics\",\"Regions\"],\"inLanguage\":\"fr-FR\",\"potentialAction\":[{\"@type\":\"CommentAction\",\"name\":\"Comment\",\"target\":[\"https:\\\/\\\/loginfo24.com\\\/fr\\\/2020\\\/05\\\/27\\\/vtg-ag-conclut-un-refinancement-a-long-terme-de-29-milliards-deuros\\\/#respond\"]}]},{\"@type\":\"WebPage\",\"@id\":\"https:\\\/\\\/loginfo24.com\\\/fr\\\/2020\\\/05\\\/27\\\/vtg-ag-conclut-un-refinancement-a-long-terme-de-29-milliards-deuros\\\/\",\"url\":\"https:\\\/\\\/loginfo24.com\\\/fr\\\/2020\\\/05\\\/27\\\/vtg-ag-conclut-un-refinancement-a-long-terme-de-29-milliards-deuros\\\/\",\"name\":\"VTG AG conclut un refinancement \u00e0 long terme de 2,9 milliards d'euros - Loginfo24.\",\"isPartOf\":{\"@id\":\"https:\\\/\\\/loginfo24.com\\\/fr\\\/#website\"},\"datePublished\":\"2020-05-27T05:02:15+00:00\",\"dateModified\":\"2025-12-15T11:28:07+00:00\",\"breadcrumb\":{\"@id\":\"https:\\\/\\\/loginfo24.com\\\/fr\\\/2020\\\/05\\\/27\\\/vtg-ag-conclut-un-refinancement-a-long-terme-de-29-milliards-deuros\\\/#breadcrumb\"},\"inLanguage\":\"fr-FR\",\"potentialAction\":[{\"@type\":\"ReadAction\",\"target\":[\"https:\\\/\\\/loginfo24.com\\\/fr\\\/2020\\\/05\\\/27\\\/vtg-ag-conclut-un-refinancement-a-long-terme-de-29-milliards-deuros\\\/\"]}]},{\"@type\":\"BreadcrumbList\",\"@id\":\"https:\\\/\\\/loginfo24.com\\\/fr\\\/2020\\\/05\\\/27\\\/vtg-ag-conclut-un-refinancement-a-long-terme-de-29-milliards-deuros\\\/#breadcrumb\",\"itemListElement\":[{\"@type\":\"ListItem\",\"position\":1,\"name\":\"Startseite\",\"item\":\"https:\\\/\\\/loginfo24.com\\\/fr\\\/\"},{\"@type\":\"ListItem\",\"position\":2,\"name\":\"VTG AG conclut un refinancement \u00e0 long terme de 2,9 milliards d&#8217;euros\"}]},{\"@type\":\"WebSite\",\"@id\":\"https:\\\/\\\/loginfo24.com\\\/fr\\\/#website\",\"url\":\"https:\\\/\\\/loginfo24.com\\\/fr\\\/\",\"name\":\"Loginfo24\",\"description\":\"Loginfo24 est la plateforme d\u00e9di\u00e9e \u00e0 la logistique et aux cha\u00eenes d&#039;approvisionnement qui fournit des informations 24 heures sur 24.\",\"publisher\":{\"@id\":\"https:\\\/\\\/loginfo24.com\\\/fr\\\/#organization\"},\"potentialAction\":[{\"@type\":\"SearchAction\",\"target\":{\"@type\":\"EntryPoint\",\"urlTemplate\":\"https:\\\/\\\/loginfo24.com\\\/fr\\\/?s={search_term_string}\"},\"query-input\":{\"@type\":\"PropertyValueSpecification\",\"valueRequired\":true,\"valueName\":\"search_term_string\"}}],\"inLanguage\":\"fr-FR\"},{\"@type\":\"Organization\",\"@id\":\"https:\\\/\\\/loginfo24.com\\\/fr\\\/#organization\",\"name\":\"Groupe Logismedia AG\",\"url\":\"https:\\\/\\\/loginfo24.com\\\/fr\\\/\",\"logo\":{\"@type\":\"ImageObject\",\"inLanguage\":\"fr-FR\",\"@id\":\"https:\\\/\\\/loginfo24.com\\\/fr\\\/#\\\/schema\\\/logo\\\/image\\\/\",\"url\":\"https:\\\/\\\/loginfo24.com\\\/wp-content\\\/uploads\\\/sites\\\/7\\\/2026\\\/01\\\/Logo_LogInfo24.png\",\"contentUrl\":\"https:\\\/\\\/loginfo24.com\\\/wp-content\\\/uploads\\\/sites\\\/7\\\/2026\\\/01\\\/Logo_LogInfo24.png\",\"width\":938,\"height\":351,\"caption\":\"Groupe Logismedia AG\"},\"image\":{\"@id\":\"https:\\\/\\\/loginfo24.com\\\/fr\\\/#\\\/schema\\\/logo\\\/image\\\/\"},\"sameAs\":[\"https:\\\/\\\/www.facebook.com\\\/people\\\/Loginfo24\\\/100057360583332\\\/\",\"https:\\\/\\\/www.linkedin.com\\\/company\\\/lofinfo24\\\/\"]}]}<\/script>\n<!-- \/ Yoast SEO plugin. -->","yoast_head_json":{"title":"VTG AG conclut un refinancement \u00e0 long terme de 2,9 milliards d'euros - Loginfo24.","robots":{"index":"index","follow":"follow","max-snippet":"max-snippet:-1","max-image-preview":"max-image-preview:large","max-video-preview":"max-video-preview:-1"},"canonical":"https:\/\/loginfo24.com\/fr\/2020\/05\/27\/vtg-ag-conclut-un-refinancement-a-long-terme-de-29-milliards-deuros\/","og_locale":"fr_FR","og_type":"article","og_title":"VTG AG conclut un refinancement \u00e0 long terme de 2,9 milliards d'euros - Loginfo24.","og_description":"Avec un refinancement de 2,9 milliards d&rsquo;euros, VTG r\u00e9duit le co\u00fbt total de financement et atteint un allongement significatif des \u00e9ch\u00e9ances. Le refinancement renforce la structure [\u2026]","og_url":"https:\/\/loginfo24.com\/fr\/2020\/05\/27\/vtg-ag-conclut-un-refinancement-a-long-terme-de-29-milliards-deuros\/","og_site_name":"Loginfo24","article_publisher":"https:\/\/www.facebook.com\/people\/Loginfo24\/100057360583332\/","article_published_time":"2020-05-27T05:02:15+00:00","article_modified_time":"2025-12-15T11:28:07+00:00","twitter_card":"summary_large_image","twitter_misc":{"Dur\u00e9e de lecture estim\u00e9e":"2 minutes"},"schema":{"@context":"https:\/\/schema.org","@graph":[{"@type":"Article","@id":"https:\/\/loginfo24.com\/fr\/2020\/05\/27\/vtg-ag-conclut-un-refinancement-a-long-terme-de-29-milliards-deuros\/#article","isPartOf":{"@id":"https:\/\/loginfo24.com\/fr\/2020\/05\/27\/vtg-ag-conclut-un-refinancement-a-long-terme-de-29-milliards-deuros\/"},"author":{"name":"","@id":""},"headline":"VTG AG conclut un refinancement \u00e0 long terme de 2,9 milliards d&rsquo;euros","datePublished":"2020-05-27T05:02:15+00:00","dateModified":"2025-12-15T11:28:07+00:00","mainEntityOfPage":{"@id":"https:\/\/loginfo24.com\/fr\/2020\/05\/27\/vtg-ag-conclut-un-refinancement-a-long-terme-de-29-milliards-deuros\/"},"wordCount":448,"commentCount":0,"publisher":{"@id":"https:\/\/loginfo24.com\/fr\/#organization"},"articleSection":["Forwarding &amp; Logistics","Regions"],"inLanguage":"fr-FR","potentialAction":[{"@type":"CommentAction","name":"Comment","target":["https:\/\/loginfo24.com\/fr\/2020\/05\/27\/vtg-ag-conclut-un-refinancement-a-long-terme-de-29-milliards-deuros\/#respond"]}]},{"@type":"WebPage","@id":"https:\/\/loginfo24.com\/fr\/2020\/05\/27\/vtg-ag-conclut-un-refinancement-a-long-terme-de-29-milliards-deuros\/","url":"https:\/\/loginfo24.com\/fr\/2020\/05\/27\/vtg-ag-conclut-un-refinancement-a-long-terme-de-29-milliards-deuros\/","name":"VTG AG conclut un refinancement \u00e0 long terme de 2,9 milliards d'euros - Loginfo24.","isPartOf":{"@id":"https:\/\/loginfo24.com\/fr\/#website"},"datePublished":"2020-05-27T05:02:15+00:00","dateModified":"2025-12-15T11:28:07+00:00","breadcrumb":{"@id":"https:\/\/loginfo24.com\/fr\/2020\/05\/27\/vtg-ag-conclut-un-refinancement-a-long-terme-de-29-milliards-deuros\/#breadcrumb"},"inLanguage":"fr-FR","potentialAction":[{"@type":"ReadAction","target":["https:\/\/loginfo24.com\/fr\/2020\/05\/27\/vtg-ag-conclut-un-refinancement-a-long-terme-de-29-milliards-deuros\/"]}]},{"@type":"BreadcrumbList","@id":"https:\/\/loginfo24.com\/fr\/2020\/05\/27\/vtg-ag-conclut-un-refinancement-a-long-terme-de-29-milliards-deuros\/#breadcrumb","itemListElement":[{"@type":"ListItem","position":1,"name":"Startseite","item":"https:\/\/loginfo24.com\/fr\/"},{"@type":"ListItem","position":2,"name":"VTG AG conclut un refinancement \u00e0 long terme de 2,9 milliards d&#8217;euros"}]},{"@type":"WebSite","@id":"https:\/\/loginfo24.com\/fr\/#website","url":"https:\/\/loginfo24.com\/fr\/","name":"Loginfo24","description":"Loginfo24 est la plateforme d\u00e9di\u00e9e \u00e0 la logistique et aux cha\u00eenes d&#039;approvisionnement qui fournit des informations 24 heures sur 24.","publisher":{"@id":"https:\/\/loginfo24.com\/fr\/#organization"},"potentialAction":[{"@type":"SearchAction","target":{"@type":"EntryPoint","urlTemplate":"https:\/\/loginfo24.com\/fr\/?s={search_term_string}"},"query-input":{"@type":"PropertyValueSpecification","valueRequired":true,"valueName":"search_term_string"}}],"inLanguage":"fr-FR"},{"@type":"Organization","@id":"https:\/\/loginfo24.com\/fr\/#organization","name":"Groupe Logismedia AG","url":"https:\/\/loginfo24.com\/fr\/","logo":{"@type":"ImageObject","inLanguage":"fr-FR","@id":"https:\/\/loginfo24.com\/fr\/#\/schema\/logo\/image\/","url":"https:\/\/loginfo24.com\/wp-content\/uploads\/sites\/7\/2026\/01\/Logo_LogInfo24.png","contentUrl":"https:\/\/loginfo24.com\/wp-content\/uploads\/sites\/7\/2026\/01\/Logo_LogInfo24.png","width":938,"height":351,"caption":"Groupe Logismedia AG"},"image":{"@id":"https:\/\/loginfo24.com\/fr\/#\/schema\/logo\/image\/"},"sameAs":["https:\/\/www.facebook.com\/people\/Loginfo24\/100057360583332\/","https:\/\/www.linkedin.com\/company\/lofinfo24\/"]}]}},"_links":{"self":[{"href":"https:\/\/loginfo24.com\/fr\/wp-json\/wp\/v2\/posts\/17662","targetHints":{"allow":["GET"]}}],"collection":[{"href":"https:\/\/loginfo24.com\/fr\/wp-json\/wp\/v2\/posts"}],"about":[{"href":"https:\/\/loginfo24.com\/fr\/wp-json\/wp\/v2\/types\/post"}],"replies":[{"embeddable":true,"href":"https:\/\/loginfo24.com\/fr\/wp-json\/wp\/v2\/comments?post=17662"}],"version-history":[{"count":1,"href":"https:\/\/loginfo24.com\/fr\/wp-json\/wp\/v2\/posts\/17662\/revisions"}],"predecessor-version":[{"id":31672,"href":"https:\/\/loginfo24.com\/fr\/wp-json\/wp\/v2\/posts\/17662\/revisions\/31672"}],"wp:attachment":[{"href":"https:\/\/loginfo24.com\/fr\/wp-json\/wp\/v2\/media?parent=17662"}],"wp:term":[{"taxonomy":"category","embeddable":true,"href":"https:\/\/loginfo24.com\/fr\/wp-json\/wp\/v2\/categories?post=17662"},{"taxonomy":"post_tag","embeddable":true,"href":"https:\/\/loginfo24.com\/fr\/wp-json\/wp\/v2\/tags?post=17662"}],"curies":[{"name":"wp","href":"https:\/\/api.w.org\/{rel}","templated":true}]}}