{"id":17638,"date":"2020-05-26T07:00:49","date_gmt":"2020-05-26T05:00:49","guid":{"rendered":"https:\/\/blog.brand-architecture.at\/2020\/05\/26\/peter-gerber-elu-nouveau-president-du-bdl\/"},"modified":"2025-12-15T12:28:00","modified_gmt":"2025-12-15T11:28:00","slug":"peter-gerber-elu-nouveau-president-du-bdl","status":"publish","type":"post","link":"https:\/\/loginfo24.com\/fr\/2020\/05\/26\/peter-gerber-elu-nouveau-president-du-bdl\/","title":{"rendered":"Peter Gerber \u00e9lu nouveau pr\u00e9sident du BDL"},"content":{"rendered":"<p><p>L&rsquo;assembl\u00e9e g\u00e9n\u00e9rale de l&rsquo;Association f\u00e9d\u00e9rale de l&rsquo;aviation allemande (BDL) a \u00e9lu Peter Gerber \u00e0 l&rsquo;unanimit\u00e9 nouveau pr\u00e9sident de l&rsquo;association. Gerber commencera son mandat de deux ans le 1er juin 2020. Il succ\u00e8de au Prof. Klaus-Dieter Scheurle.<\/p>\n<p>Peter Gerber est pr\u00e9sident du conseil d&rsquo;administration de Lufthansa Cargo AG. Juriste de formation, il a 56 ans. Depuis 1992, Gerber travaille au sein du groupe Lufthansa. Depuis 2009, il a occup\u00e9 diverses fonctions au sein du conseil d&rsquo;administration du groupe. Sa nomination en tant que pr\u00e9sident du conseil d&rsquo;administration de Lufthansa Cargo AG a eu lieu en 2014.<\/p>\n<p>Peter Gerber sur son \u00e9lection : \u00ab La crise actuelle montre \u00e0 quel point le transport de passagers et de fret transfrontalier est important pour les \u00e9changes entre les personnes et pour le commerce international. Il s&rsquo;agit maintenant de cr\u00e9er, en collaboration avec la politique, les conditions n\u00e9cessaires pour que nous puissions continuer \u00e0 offrir une mobilit\u00e9 a\u00e9rienne performante depuis l&rsquo;Allemagne \u00e0 l&rsquo;avenir. \u00bb<\/p>\n<p>Gerber a cit\u00e9 comme principales t\u00e2ches pour les mois \u00e0 venir la pr\u00e9servation de la base \u00e9conomique pour une offre de transport a\u00e9rien performante et comp\u00e9titive, ainsi que la lev\u00e9e fiable des restrictions de voyage existantes. \u00ab Nous avons \u00e9labor\u00e9 des mesures cibl\u00e9es en collaboration avec l&rsquo;\u00c9tat et les L\u00e4nder et nous comptons maintenant sur le fait que les gouvernements permettront \u00e0 nouveau la mobilit\u00e9 sur cette base \u00bb, a d\u00e9clar\u00e9 Gerber.<\/p>\n<p>Le pr\u00e9sident sortant du BDL, Prof. Scheurle, sur l&rsquo;\u00e9lection de son successeur : \u00ab La crise actuelle montre \u00e0 quel point il est important d&rsquo;avoir une repr\u00e9sentation commune des int\u00e9r\u00eats de tous les acteurs du secteur. Nous avons encore un long chemin \u00e0 parcourir pour vivre avec les cons\u00e9quences de la pand\u00e9mie. Il est essentiel que tous les partenaires du syst\u00e8me continuent \u00e0 travailler main dans la main. Les membres du BDL ont \u00e9lu Peter Gerber, un gestionnaire exp\u00e9riment\u00e9 de l&rsquo;aviation, comme futur pr\u00e9sident, qui a \u0153uvr\u00e9 \u00e0 des postes cl\u00e9s tant dans le transport de passagers que dans le fret. \u00bb<\/p>\n<p>Le bureau du BDL a remerci\u00e9 le Prof. Scheurle pour l&rsquo;exercice r\u00e9ussi et engag\u00e9 de la pr\u00e9sidence durant son mandat de deux ans. En particulier, le bureau a salu\u00e9 le fait qu&rsquo;il a r\u00e9ussi, durant sa pr\u00e9sidence, \u00e0 mettre en \u0153uvre des mesures en collaboration avec la politique f\u00e9d\u00e9rale et r\u00e9gionale pour am\u00e9liorer la ponctualit\u00e9 et la fiabilit\u00e9 du transport a\u00e9rien et \u00e0 initier une strat\u00e9gie de protection du climat pour l&rsquo;aviation. Scheurle reste membre du bureau du BDL.<\/p>\n<p>Depuis 2016, le poste de pr\u00e9sident du BDL est un poste honorifique qui tourne tous les deux ans entre les groupes membres de l&rsquo;association. Le pr\u00e9sident est \u00e9lu parmi les membres du bureau. Apr\u00e8s Klaus-Peter Siegloch, qui \u00e9tait encore actif \u00e0 plein temps pour l&rsquo;association, Dr. Stefan Schulte, pr\u00e9sident du conseil d&rsquo;administration de Fraport AG, (2016-2018), Prof. Klaus-Dieter Scheurle, pr\u00e9sident de la direction de la DFS, (2018-2020) et maintenant Peter Gerber, pr\u00e9sident du conseil d&rsquo;administration de Lufthansa Cargo AG, ont \u00e9t\u00e9 \u00e9lus \u00e0 titre honorifique \u00e0 la pr\u00e9sidence.<\/p>\n<p><em>L&rsquo;Association f\u00e9d\u00e9rale de l&rsquo;aviation allemande (BDL) a \u00e9t\u00e9 fond\u00e9e en 2010 en tant que repr\u00e9sentation commune des int\u00e9r\u00eats de l&rsquo;aviation allemande.<\/em><em> Les membres de l&rsquo;association comprennent des compagnies a\u00e9riennes, des a\u00e9roports, la DFS Deutsche Flugsicherung et d&rsquo;autres prestataires de services dans le transport a\u00e9rien allemand. Les entreprises membres emploient plus de 180 000 personnes. L&rsquo;aviation allemande permet la mobilit\u00e9 de plus de 200 millions de passagers par an et contribue \u00e0 renforcer la position \u00e9conomique de l&rsquo;Allemagne gr\u00e2ce au transport de marchandises d&rsquo;import-export d&rsquo;une valeur de plus de 200 milliards d&rsquo;euros.<\/em><\/p>\n<p>Photo : Lufthansa Cargo \/ L\u00e9gende : Peter Gerber, nouveau pr\u00e9sident du BDL<\/p>\n<p><a href=\"https:\/\/www.bdl.aero\/de\" target=\"_blank\" rel=\"noopener noreferrer\">www.bdl.aero\/de<\/a><\/p>\n","protected":false},"excerpt":{"rendered":"<p>L&rsquo;assembl\u00e9e g\u00e9n\u00e9rale de l&rsquo;Association f\u00e9d\u00e9rale de l&rsquo;aviation allemande (BDL) a \u00e9lu Peter Gerber \u00e0 l&rsquo;unanimit\u00e9 nouveau pr\u00e9sident de l&rsquo;association. Gerber commencera son mandat de deux ans<span class=\"excerpt-hellip\"> [\u2026]<\/span><\/p>\n","protected":false},"author":0,"featured_media":0,"comment_status":"open","ping_status":"open","sticky":false,"template":"","format":"standard","meta":{"_acf_changed":false,"footnotes":""},"categories":[1558,1557,1561],"tags":[],"class_list":["post-17638","post","type-post","status-publish","format-standard","hentry","category-air-freight","category-forwarding-logistics","category-regions"],"acf":[],"yoast_head":"<!-- This site is optimized with the Yoast SEO plugin v27.3 - https:\/\/yoast.com\/product\/yoast-seo-wordpress\/ -->\n<title>Peter Gerber \u00e9lu nouveau pr\u00e9sident du BDL - Loginfo24.<\/title>\n<meta name=\"robots\" content=\"index, follow, max-snippet:-1, max-image-preview:large, max-video-preview:-1\" \/>\n<link rel=\"canonical\" href=\"https:\/\/loginfo24.com\/fr\/2020\/05\/26\/peter-gerber-elu-nouveau-president-du-bdl\/\" \/>\n<meta property=\"og:locale\" content=\"fr_FR\" \/>\n<meta property=\"og:type\" content=\"article\" \/>\n<meta property=\"og:title\" content=\"Peter Gerber \u00e9lu nouveau pr\u00e9sident du BDL - Loginfo24.\" \/>\n<meta property=\"og:description\" content=\"L&rsquo;assembl\u00e9e g\u00e9n\u00e9rale de l&rsquo;Association f\u00e9d\u00e9rale de l&rsquo;aviation allemande (BDL) a \u00e9lu Peter Gerber \u00e0 l&rsquo;unanimit\u00e9 nouveau pr\u00e9sident de l&rsquo;association. Gerber commencera son mandat de deux ans [\u2026]\" \/>\n<meta property=\"og:url\" content=\"https:\/\/loginfo24.com\/fr\/2020\/05\/26\/peter-gerber-elu-nouveau-president-du-bdl\/\" \/>\n<meta property=\"og:site_name\" content=\"Loginfo24\" \/>\n<meta property=\"article:publisher\" content=\"https:\/\/www.facebook.com\/people\/Loginfo24\/100057360583332\/\" \/>\n<meta property=\"article:published_time\" content=\"2020-05-26T05:00:49+00:00\" \/>\n<meta property=\"article:modified_time\" content=\"2025-12-15T11:28:00+00:00\" \/>\n<meta name=\"twitter:card\" content=\"summary_large_image\" \/>\n<meta name=\"twitter:label1\" content=\"Dur\u00e9e de lecture estim\u00e9e\" \/>\n\t<meta name=\"twitter:data1\" content=\"3 minutes\" \/>\n<script type=\"application\/ld+json\" class=\"yoast-schema-graph\">{\"@context\":\"https:\\\/\\\/schema.org\",\"@graph\":[{\"@type\":\"Article\",\"@id\":\"https:\\\/\\\/loginfo24.com\\\/fr\\\/2020\\\/05\\\/26\\\/peter-gerber-elu-nouveau-president-du-bdl\\\/#article\",\"isPartOf\":{\"@id\":\"https:\\\/\\\/loginfo24.com\\\/fr\\\/2020\\\/05\\\/26\\\/peter-gerber-elu-nouveau-president-du-bdl\\\/\"},\"author\":{\"name\":\"\",\"@id\":\"\"},\"headline\":\"Peter Gerber \u00e9lu nouveau pr\u00e9sident du BDL\",\"datePublished\":\"2020-05-26T05:00:49+00:00\",\"dateModified\":\"2025-12-15T11:28:00+00:00\",\"mainEntityOfPage\":{\"@id\":\"https:\\\/\\\/loginfo24.com\\\/fr\\\/2020\\\/05\\\/26\\\/peter-gerber-elu-nouveau-president-du-bdl\\\/\"},\"wordCount\":669,\"commentCount\":0,\"publisher\":{\"@id\":\"https:\\\/\\\/loginfo24.com\\\/fr\\\/#organization\"},\"articleSection\":[\"Air Freight\",\"Forwarding &amp; Logistics\",\"Regions\"],\"inLanguage\":\"fr-FR\",\"potentialAction\":[{\"@type\":\"CommentAction\",\"name\":\"Comment\",\"target\":[\"https:\\\/\\\/loginfo24.com\\\/fr\\\/2020\\\/05\\\/26\\\/peter-gerber-elu-nouveau-president-du-bdl\\\/#respond\"]}]},{\"@type\":\"WebPage\",\"@id\":\"https:\\\/\\\/loginfo24.com\\\/fr\\\/2020\\\/05\\\/26\\\/peter-gerber-elu-nouveau-president-du-bdl\\\/\",\"url\":\"https:\\\/\\\/loginfo24.com\\\/fr\\\/2020\\\/05\\\/26\\\/peter-gerber-elu-nouveau-president-du-bdl\\\/\",\"name\":\"Peter Gerber \u00e9lu nouveau pr\u00e9sident du BDL - Loginfo24.\",\"isPartOf\":{\"@id\":\"https:\\\/\\\/loginfo24.com\\\/fr\\\/#website\"},\"datePublished\":\"2020-05-26T05:00:49+00:00\",\"dateModified\":\"2025-12-15T11:28:00+00:00\",\"breadcrumb\":{\"@id\":\"https:\\\/\\\/loginfo24.com\\\/fr\\\/2020\\\/05\\\/26\\\/peter-gerber-elu-nouveau-president-du-bdl\\\/#breadcrumb\"},\"inLanguage\":\"fr-FR\",\"potentialAction\":[{\"@type\":\"ReadAction\",\"target\":[\"https:\\\/\\\/loginfo24.com\\\/fr\\\/2020\\\/05\\\/26\\\/peter-gerber-elu-nouveau-president-du-bdl\\\/\"]}]},{\"@type\":\"BreadcrumbList\",\"@id\":\"https:\\\/\\\/loginfo24.com\\\/fr\\\/2020\\\/05\\\/26\\\/peter-gerber-elu-nouveau-president-du-bdl\\\/#breadcrumb\",\"itemListElement\":[{\"@type\":\"ListItem\",\"position\":1,\"name\":\"Startseite\",\"item\":\"https:\\\/\\\/loginfo24.com\\\/fr\\\/\"},{\"@type\":\"ListItem\",\"position\":2,\"name\":\"Peter Gerber \u00e9lu nouveau pr\u00e9sident du BDL\"}]},{\"@type\":\"WebSite\",\"@id\":\"https:\\\/\\\/loginfo24.com\\\/fr\\\/#website\",\"url\":\"https:\\\/\\\/loginfo24.com\\\/fr\\\/\",\"name\":\"Loginfo24\",\"description\":\"Loginfo24 est la plateforme d\u00e9di\u00e9e \u00e0 la logistique et aux cha\u00eenes d&#039;approvisionnement qui fournit des informations 24 heures sur 24.\",\"publisher\":{\"@id\":\"https:\\\/\\\/loginfo24.com\\\/fr\\\/#organization\"},\"potentialAction\":[{\"@type\":\"SearchAction\",\"target\":{\"@type\":\"EntryPoint\",\"urlTemplate\":\"https:\\\/\\\/loginfo24.com\\\/fr\\\/?s={search_term_string}\"},\"query-input\":{\"@type\":\"PropertyValueSpecification\",\"valueRequired\":true,\"valueName\":\"search_term_string\"}}],\"inLanguage\":\"fr-FR\"},{\"@type\":\"Organization\",\"@id\":\"https:\\\/\\\/loginfo24.com\\\/fr\\\/#organization\",\"name\":\"Groupe Logismedia AG\",\"url\":\"https:\\\/\\\/loginfo24.com\\\/fr\\\/\",\"logo\":{\"@type\":\"ImageObject\",\"inLanguage\":\"fr-FR\",\"@id\":\"https:\\\/\\\/loginfo24.com\\\/fr\\\/#\\\/schema\\\/logo\\\/image\\\/\",\"url\":\"https:\\\/\\\/loginfo24.com\\\/wp-content\\\/uploads\\\/sites\\\/7\\\/2026\\\/01\\\/Logo_LogInfo24.png\",\"contentUrl\":\"https:\\\/\\\/loginfo24.com\\\/wp-content\\\/uploads\\\/sites\\\/7\\\/2026\\\/01\\\/Logo_LogInfo24.png\",\"width\":938,\"height\":351,\"caption\":\"Groupe Logismedia AG\"},\"image\":{\"@id\":\"https:\\\/\\\/loginfo24.com\\\/fr\\\/#\\\/schema\\\/logo\\\/image\\\/\"},\"sameAs\":[\"https:\\\/\\\/www.facebook.com\\\/people\\\/Loginfo24\\\/100057360583332\\\/\",\"https:\\\/\\\/www.linkedin.com\\\/company\\\/lofinfo24\\\/\"]}]}<\/script>\n<!-- \/ Yoast SEO plugin. -->","yoast_head_json":{"title":"Peter Gerber \u00e9lu nouveau pr\u00e9sident du BDL - Loginfo24.","robots":{"index":"index","follow":"follow","max-snippet":"max-snippet:-1","max-image-preview":"max-image-preview:large","max-video-preview":"max-video-preview:-1"},"canonical":"https:\/\/loginfo24.com\/fr\/2020\/05\/26\/peter-gerber-elu-nouveau-president-du-bdl\/","og_locale":"fr_FR","og_type":"article","og_title":"Peter Gerber \u00e9lu nouveau pr\u00e9sident du BDL - Loginfo24.","og_description":"L&rsquo;assembl\u00e9e g\u00e9n\u00e9rale de l&rsquo;Association f\u00e9d\u00e9rale de l&rsquo;aviation allemande (BDL) a \u00e9lu Peter Gerber \u00e0 l&rsquo;unanimit\u00e9 nouveau pr\u00e9sident de l&rsquo;association. Gerber commencera son mandat de deux ans [\u2026]","og_url":"https:\/\/loginfo24.com\/fr\/2020\/05\/26\/peter-gerber-elu-nouveau-president-du-bdl\/","og_site_name":"Loginfo24","article_publisher":"https:\/\/www.facebook.com\/people\/Loginfo24\/100057360583332\/","article_published_time":"2020-05-26T05:00:49+00:00","article_modified_time":"2025-12-15T11:28:00+00:00","twitter_card":"summary_large_image","twitter_misc":{"Dur\u00e9e de lecture estim\u00e9e":"3 minutes"},"schema":{"@context":"https:\/\/schema.org","@graph":[{"@type":"Article","@id":"https:\/\/loginfo24.com\/fr\/2020\/05\/26\/peter-gerber-elu-nouveau-president-du-bdl\/#article","isPartOf":{"@id":"https:\/\/loginfo24.com\/fr\/2020\/05\/26\/peter-gerber-elu-nouveau-president-du-bdl\/"},"author":{"name":"","@id":""},"headline":"Peter Gerber \u00e9lu nouveau pr\u00e9sident du BDL","datePublished":"2020-05-26T05:00:49+00:00","dateModified":"2025-12-15T11:28:00+00:00","mainEntityOfPage":{"@id":"https:\/\/loginfo24.com\/fr\/2020\/05\/26\/peter-gerber-elu-nouveau-president-du-bdl\/"},"wordCount":669,"commentCount":0,"publisher":{"@id":"https:\/\/loginfo24.com\/fr\/#organization"},"articleSection":["Air Freight","Forwarding &amp; Logistics","Regions"],"inLanguage":"fr-FR","potentialAction":[{"@type":"CommentAction","name":"Comment","target":["https:\/\/loginfo24.com\/fr\/2020\/05\/26\/peter-gerber-elu-nouveau-president-du-bdl\/#respond"]}]},{"@type":"WebPage","@id":"https:\/\/loginfo24.com\/fr\/2020\/05\/26\/peter-gerber-elu-nouveau-president-du-bdl\/","url":"https:\/\/loginfo24.com\/fr\/2020\/05\/26\/peter-gerber-elu-nouveau-president-du-bdl\/","name":"Peter Gerber \u00e9lu nouveau pr\u00e9sident du BDL - Loginfo24.","isPartOf":{"@id":"https:\/\/loginfo24.com\/fr\/#website"},"datePublished":"2020-05-26T05:00:49+00:00","dateModified":"2025-12-15T11:28:00+00:00","breadcrumb":{"@id":"https:\/\/loginfo24.com\/fr\/2020\/05\/26\/peter-gerber-elu-nouveau-president-du-bdl\/#breadcrumb"},"inLanguage":"fr-FR","potentialAction":[{"@type":"ReadAction","target":["https:\/\/loginfo24.com\/fr\/2020\/05\/26\/peter-gerber-elu-nouveau-president-du-bdl\/"]}]},{"@type":"BreadcrumbList","@id":"https:\/\/loginfo24.com\/fr\/2020\/05\/26\/peter-gerber-elu-nouveau-president-du-bdl\/#breadcrumb","itemListElement":[{"@type":"ListItem","position":1,"name":"Startseite","item":"https:\/\/loginfo24.com\/fr\/"},{"@type":"ListItem","position":2,"name":"Peter Gerber \u00e9lu nouveau pr\u00e9sident du BDL"}]},{"@type":"WebSite","@id":"https:\/\/loginfo24.com\/fr\/#website","url":"https:\/\/loginfo24.com\/fr\/","name":"Loginfo24","description":"Loginfo24 est la plateforme d\u00e9di\u00e9e \u00e0 la logistique et aux cha\u00eenes d&#039;approvisionnement qui fournit des informations 24 heures sur 24.","publisher":{"@id":"https:\/\/loginfo24.com\/fr\/#organization"},"potentialAction":[{"@type":"SearchAction","target":{"@type":"EntryPoint","urlTemplate":"https:\/\/loginfo24.com\/fr\/?s={search_term_string}"},"query-input":{"@type":"PropertyValueSpecification","valueRequired":true,"valueName":"search_term_string"}}],"inLanguage":"fr-FR"},{"@type":"Organization","@id":"https:\/\/loginfo24.com\/fr\/#organization","name":"Groupe Logismedia AG","url":"https:\/\/loginfo24.com\/fr\/","logo":{"@type":"ImageObject","inLanguage":"fr-FR","@id":"https:\/\/loginfo24.com\/fr\/#\/schema\/logo\/image\/","url":"https:\/\/loginfo24.com\/wp-content\/uploads\/sites\/7\/2026\/01\/Logo_LogInfo24.png","contentUrl":"https:\/\/loginfo24.com\/wp-content\/uploads\/sites\/7\/2026\/01\/Logo_LogInfo24.png","width":938,"height":351,"caption":"Groupe Logismedia AG"},"image":{"@id":"https:\/\/loginfo24.com\/fr\/#\/schema\/logo\/image\/"},"sameAs":["https:\/\/www.facebook.com\/people\/Loginfo24\/100057360583332\/","https:\/\/www.linkedin.com\/company\/lofinfo24\/"]}]}},"_links":{"self":[{"href":"https:\/\/loginfo24.com\/fr\/wp-json\/wp\/v2\/posts\/17638","targetHints":{"allow":["GET"]}}],"collection":[{"href":"https:\/\/loginfo24.com\/fr\/wp-json\/wp\/v2\/posts"}],"about":[{"href":"https:\/\/loginfo24.com\/fr\/wp-json\/wp\/v2\/types\/post"}],"replies":[{"embeddable":true,"href":"https:\/\/loginfo24.com\/fr\/wp-json\/wp\/v2\/comments?post=17638"}],"version-history":[{"count":1,"href":"https:\/\/loginfo24.com\/fr\/wp-json\/wp\/v2\/posts\/17638\/revisions"}],"predecessor-version":[{"id":31624,"href":"https:\/\/loginfo24.com\/fr\/wp-json\/wp\/v2\/posts\/17638\/revisions\/31624"}],"wp:attachment":[{"href":"https:\/\/loginfo24.com\/fr\/wp-json\/wp\/v2\/media?parent=17638"}],"wp:term":[{"taxonomy":"category","embeddable":true,"href":"https:\/\/loginfo24.com\/fr\/wp-json\/wp\/v2\/categories?post=17638"},{"taxonomy":"post_tag","embeddable":true,"href":"https:\/\/loginfo24.com\/fr\/wp-json\/wp\/v2\/tags?post=17638"}],"curies":[{"name":"wp","href":"https:\/\/api.w.org\/{rel}","templated":true}]}}