{"id":17620,"date":"2020-05-25T08:52:49","date_gmt":"2020-05-25T06:52:49","guid":{"rendered":"https:\/\/blog.brand-architecture.at\/2020\/05\/25\/le-groupe-sieber-reprend-les-activites-operationnelles-de-dst-combitrans-ag\/"},"modified":"2025-12-15T12:27:57","modified_gmt":"2025-12-15T11:27:57","slug":"le-groupe-sieber-reprend-les-activites-operationnelles-de-dst-combitrans-ag","status":"publish","type":"post","link":"https:\/\/loginfo24.com\/fr\/2020\/05\/25\/le-groupe-sieber-reprend-les-activites-operationnelles-de-dst-combitrans-ag\/","title":{"rendered":"Le groupe Sieber reprend les activit\u00e9s op\u00e9rationnelles de DST Combitrans AG"},"content":{"rendered":"<p>Le groupe Sieber renforce sa position sur le march\u00e9 suisse de la logistique de meubles en reprenant les activit\u00e9s op\u00e9rationnelles de DST Combitrans AG. Les activit\u00e9s logistiques de DST seront enti\u00e8rement int\u00e9gr\u00e9es dans les sites de Sieber Solutions AG. DST Combitrans AG est une filiale de Inderm\u00fchle Holding AG.<\/p>\n<p>(Rekingen\/Berneck) Sieber Solutions AG, bas\u00e9e \u00e0 Berneck, a repris le 19 mai 2020 les activit\u00e9s op\u00e9rationnelles et tout le savoir-faire proc\u00e9dural de DST Combitrans AG \u00e0 Rekingen. Gr\u00e2ce \u00e0 l&rsquo;expertise de longue date des deux entreprises dans le domaine de la logistique de meubles, des solutions d&rsquo;int\u00e9gration compl\u00e8tes peuvent \u00eatre propos\u00e9es aux clients de DST. La majorit\u00e9 des environ 45 employ\u00e9s recevront de nouveaux postes sur les sites du groupe Sieber \u00e0 Dietikon et Pratteln. Le site de l&rsquo;entreprise \u00e0 Rekingen sera abandonn\u00e9. L&rsquo;agence douani\u00e8re \u00e0 Waldshut-Tiengen n&rsquo;est pas concern\u00e9e par la transaction.<\/p>\n<p>Fond\u00e9e en 1988, DST Combitrans AG, bas\u00e9e \u00e0 Rekingen, \u00e9tait active en tant que partenaire de services complets dans les domaines du transport, du stockage et des douanes. L&rsquo;offre de services de DST garantissait une logistique globale pour les meubles, les appareils \u00e9lectrom\u00e9nagers et les accessoires pour les clients professionnels et priv\u00e9s dans toute la Suisse, en Allemagne et en Autriche. DST \u00e9tait depuis 2014 une filiale \u00e0 100 % de Inderm\u00fchle Holding AG et disposait d&rsquo;une flotte d&rsquo;environ 20 v\u00e9hicules.<\/p>\n<p>Les activit\u00e9s op\u00e9rationnelles de DST compl\u00e8tent id\u00e9alement celles du groupe Sieber, qui dispose d&rsquo;un r\u00e9seau de distribution complet avec des centres logistiques modernes dans toute la Suisse et dans les pays voisins.<\/p>\n<p><strong>La transaction renforce encore le secteur du transport de meubles de Sieber<\/strong><\/p>\n<p>L&rsquo;int\u00e9gration du portefeuille de DST dans Sieber Solutions augmentera encore la pr\u00e9sence sur le march\u00e9 du transport de meubles et \u00e9largira syst\u00e9matiquement le mod\u00e8le commercial du groupe Sieber. Sieber Solutions fait d\u00e9j\u00e0 partie des entreprises leaders dans le domaine des livraisons \u00e0 deux personnes pour les meubles, les appareils \u00e9lectrom\u00e9nagers et d&rsquo;autres groupes de produits. \u00ab\u00a0Avec la reprise des activit\u00e9s op\u00e9rationnelles de DST, nous pouvons tirer parti d&rsquo;opportunit\u00e9s de march\u00e9 attrayantes pour renforcer notre activit\u00e9 dans le domaine du transport de meubles\u00a0\u00bb, d\u00e9clare Christian Sieber, pr\u00e9sident de la direction du groupe Sieber. \u00ab\u00a0C&rsquo;est une \u00e9tape importante dans le cadre de notre strat\u00e9gie de d\u00e9veloppement.\u00a0\u00bb<\/p>\n<p><strong>Le groupe Inderm\u00fchle se concentre sur son c\u0153ur de m\u00e9tier<\/strong><\/p>\n<p>Pour Sandra Traxler-Inderm\u00fchle, pr\u00e9sidente du conseil d&rsquo;administration de Inderm\u00fchle Holding AG, la vente de DST est une \u00e9tape importante pour affiner davantage la strat\u00e9gie du groupe. \u00ab\u00a0En tant que groupe Inderm\u00fchle, nous concentrons nos efforts dans la situation \u00e9conomique actuelle difficile sur notre c\u0153ur de m\u00e9tier. Cela dans le but de respecter notre responsabilit\u00e9 d&rsquo;entreprise globale et de rester comp\u00e9titifs pour continuer \u00e0 cro\u00eetre dans notre c\u0153ur de m\u00e9tier. Avec le transfert des activit\u00e9s op\u00e9rationnelles de DST au groupe Sieber, nous avons trouv\u00e9 non seulement une solution optimale pour les employ\u00e9s et les clients, mais aussi un partenaire qui partage inconditionnellement notre longue tradition d&rsquo;entreprise et notre exigence de qualit\u00e9.\u00a0\u00bb<\/p>\n<p>Les deux parties ont convenu de garder le contenu du contrat de transaction confidentiel.<\/p>\n<p><strong>\u00c0 propos du groupe Sieber<\/strong><\/p>\n<p>Sieber Solutions AG est une soci\u00e9t\u00e9 du groupe Sieber dont le si\u00e8ge est \u00e0 Berneck, dans le canton de Saint-Gall. Le groupe Sieber est un prestataire de services logistiques dirig\u00e9 par Christian Sieber et Michael Sieber, offrant des solutions trimodales dans le transport national et international de marchandises. L&rsquo;entreprise familiale a \u00e9t\u00e9 fond\u00e9e en 1974. Avec 17 sites en Suisse, en Autriche, aux \u00c9tats-Unis et au Vietnam, le groupe Sieber compte environ 700 employ\u00e9s.<\/p>\n<p><strong>\u00c0 propos de Inderm\u00fchle Holding AG<\/strong><\/p>\n<p>Le groupe Inderm\u00fchle, bas\u00e9 \u00e0 Rekingen AG, regroupe sous un m\u00eame toit une expertise dans les domaines de la logistique (mati\u00e8res dangereuses), des voyages en car et des transports publics, ainsi que de la r\u00e9paration et de l&rsquo;entretien de v\u00e9hicules utilitaires. Fond\u00e9e en 1953, l&rsquo;entreprise familiale est dirig\u00e9e par la troisi\u00e8me g\u00e9n\u00e9ration et emploie au total 230 personnes dans quatre sites en Suisse.<\/p>\n<p>Photo : Groupe Inderm\u00fchle<\/p>\n<p><a href=\"https:\/\/www.indermuehle.ch\" target=\"_blank\" rel=\"noopener noreferrer\">www.indermuehle.ch<\/a>\u00a0\u00a0 -\u00a0\u00a0 <a href=\"https:\/\/www.sieber.ch\" target=\"_blank\" rel=\"noopener noreferrer\">www.sieber.ch<\/a><\/p>\n","protected":false},"excerpt":{"rendered":"<p>Le groupe Sieber renforce sa position sur le march\u00e9 suisse de la logistique de meubles en reprenant les activit\u00e9s op\u00e9rationnelles de DST Combitrans AG. Les activit\u00e9s<span class=\"excerpt-hellip\"> [\u2026]<\/span><\/p>\n","protected":false},"author":0,"featured_media":0,"comment_status":"open","ping_status":"open","sticky":false,"template":"","format":"standard","meta":{"_acf_changed":false,"footnotes":""},"categories":[1557,1560,1561],"tags":[],"class_list":["post-17620","post","type-post","status-publish","format-standard","hentry","category-forwarding-logistics","category-intralogistics","category-regions"],"acf":[],"yoast_head":"<!-- This site is optimized with the Yoast SEO plugin v27.3 - https:\/\/yoast.com\/product\/yoast-seo-wordpress\/ -->\n<title>Le groupe Sieber reprend les activit\u00e9s op\u00e9rationnelles de DST Combitrans AG - Loginfo24.<\/title>\n<meta name=\"robots\" content=\"index, follow, max-snippet:-1, max-image-preview:large, max-video-preview:-1\" \/>\n<link rel=\"canonical\" href=\"https:\/\/loginfo24.com\/fr\/2020\/05\/25\/le-groupe-sieber-reprend-les-activites-operationnelles-de-dst-combitrans-ag\/\" \/>\n<meta property=\"og:locale\" content=\"fr_FR\" \/>\n<meta property=\"og:type\" content=\"article\" \/>\n<meta property=\"og:title\" content=\"Le groupe Sieber reprend les activit\u00e9s op\u00e9rationnelles de DST Combitrans AG - Loginfo24.\" \/>\n<meta property=\"og:description\" content=\"Le groupe Sieber renforce sa position sur le march\u00e9 suisse de la logistique de meubles en reprenant les activit\u00e9s op\u00e9rationnelles de DST Combitrans AG. Les activit\u00e9s [\u2026]\" \/>\n<meta property=\"og:url\" content=\"https:\/\/loginfo24.com\/fr\/2020\/05\/25\/le-groupe-sieber-reprend-les-activites-operationnelles-de-dst-combitrans-ag\/\" \/>\n<meta property=\"og:site_name\" content=\"Loginfo24\" \/>\n<meta property=\"article:publisher\" content=\"https:\/\/www.facebook.com\/people\/Loginfo24\/100057360583332\/\" \/>\n<meta property=\"article:published_time\" content=\"2020-05-25T06:52:49+00:00\" \/>\n<meta property=\"article:modified_time\" content=\"2025-12-15T11:27:57+00:00\" \/>\n<meta name=\"twitter:card\" content=\"summary_large_image\" \/>\n<meta name=\"twitter:label1\" content=\"Dur\u00e9e de lecture estim\u00e9e\" \/>\n\t<meta name=\"twitter:data1\" content=\"4 minutes\" \/>\n<script type=\"application\/ld+json\" class=\"yoast-schema-graph\">{\"@context\":\"https:\\\/\\\/schema.org\",\"@graph\":[{\"@type\":\"Article\",\"@id\":\"https:\\\/\\\/loginfo24.com\\\/fr\\\/2020\\\/05\\\/25\\\/le-groupe-sieber-reprend-les-activites-operationnelles-de-dst-combitrans-ag\\\/#article\",\"isPartOf\":{\"@id\":\"https:\\\/\\\/loginfo24.com\\\/fr\\\/2020\\\/05\\\/25\\\/le-groupe-sieber-reprend-les-activites-operationnelles-de-dst-combitrans-ag\\\/\"},\"author\":{\"name\":\"\",\"@id\":\"\"},\"headline\":\"Le groupe Sieber reprend les activit\u00e9s op\u00e9rationnelles de DST Combitrans AG\",\"datePublished\":\"2020-05-25T06:52:49+00:00\",\"dateModified\":\"2025-12-15T11:27:57+00:00\",\"mainEntityOfPage\":{\"@id\":\"https:\\\/\\\/loginfo24.com\\\/fr\\\/2020\\\/05\\\/25\\\/le-groupe-sieber-reprend-les-activites-operationnelles-de-dst-combitrans-ag\\\/\"},\"wordCount\":744,\"commentCount\":0,\"publisher\":{\"@id\":\"https:\\\/\\\/loginfo24.com\\\/fr\\\/#organization\"},\"articleSection\":[\"Forwarding &amp; Logistics\",\"Intralogistics\",\"Regions\"],\"inLanguage\":\"fr-FR\",\"potentialAction\":[{\"@type\":\"CommentAction\",\"name\":\"Comment\",\"target\":[\"https:\\\/\\\/loginfo24.com\\\/fr\\\/2020\\\/05\\\/25\\\/le-groupe-sieber-reprend-les-activites-operationnelles-de-dst-combitrans-ag\\\/#respond\"]}]},{\"@type\":\"WebPage\",\"@id\":\"https:\\\/\\\/loginfo24.com\\\/fr\\\/2020\\\/05\\\/25\\\/le-groupe-sieber-reprend-les-activites-operationnelles-de-dst-combitrans-ag\\\/\",\"url\":\"https:\\\/\\\/loginfo24.com\\\/fr\\\/2020\\\/05\\\/25\\\/le-groupe-sieber-reprend-les-activites-operationnelles-de-dst-combitrans-ag\\\/\",\"name\":\"Le groupe Sieber reprend les activit\u00e9s op\u00e9rationnelles de DST Combitrans AG - Loginfo24.\",\"isPartOf\":{\"@id\":\"https:\\\/\\\/loginfo24.com\\\/fr\\\/#website\"},\"datePublished\":\"2020-05-25T06:52:49+00:00\",\"dateModified\":\"2025-12-15T11:27:57+00:00\",\"breadcrumb\":{\"@id\":\"https:\\\/\\\/loginfo24.com\\\/fr\\\/2020\\\/05\\\/25\\\/le-groupe-sieber-reprend-les-activites-operationnelles-de-dst-combitrans-ag\\\/#breadcrumb\"},\"inLanguage\":\"fr-FR\",\"potentialAction\":[{\"@type\":\"ReadAction\",\"target\":[\"https:\\\/\\\/loginfo24.com\\\/fr\\\/2020\\\/05\\\/25\\\/le-groupe-sieber-reprend-les-activites-operationnelles-de-dst-combitrans-ag\\\/\"]}]},{\"@type\":\"BreadcrumbList\",\"@id\":\"https:\\\/\\\/loginfo24.com\\\/fr\\\/2020\\\/05\\\/25\\\/le-groupe-sieber-reprend-les-activites-operationnelles-de-dst-combitrans-ag\\\/#breadcrumb\",\"itemListElement\":[{\"@type\":\"ListItem\",\"position\":1,\"name\":\"Startseite\",\"item\":\"https:\\\/\\\/loginfo24.com\\\/fr\\\/\"},{\"@type\":\"ListItem\",\"position\":2,\"name\":\"Le groupe Sieber reprend les activit\u00e9s op\u00e9rationnelles de DST Combitrans AG\"}]},{\"@type\":\"WebSite\",\"@id\":\"https:\\\/\\\/loginfo24.com\\\/fr\\\/#website\",\"url\":\"https:\\\/\\\/loginfo24.com\\\/fr\\\/\",\"name\":\"Loginfo24\",\"description\":\"Loginfo24 est la plateforme d\u00e9di\u00e9e \u00e0 la logistique et aux cha\u00eenes d&#039;approvisionnement qui fournit des informations 24 heures sur 24.\",\"publisher\":{\"@id\":\"https:\\\/\\\/loginfo24.com\\\/fr\\\/#organization\"},\"potentialAction\":[{\"@type\":\"SearchAction\",\"target\":{\"@type\":\"EntryPoint\",\"urlTemplate\":\"https:\\\/\\\/loginfo24.com\\\/fr\\\/?s={search_term_string}\"},\"query-input\":{\"@type\":\"PropertyValueSpecification\",\"valueRequired\":true,\"valueName\":\"search_term_string\"}}],\"inLanguage\":\"fr-FR\"},{\"@type\":\"Organization\",\"@id\":\"https:\\\/\\\/loginfo24.com\\\/fr\\\/#organization\",\"name\":\"Groupe Logismedia AG\",\"url\":\"https:\\\/\\\/loginfo24.com\\\/fr\\\/\",\"logo\":{\"@type\":\"ImageObject\",\"inLanguage\":\"fr-FR\",\"@id\":\"https:\\\/\\\/loginfo24.com\\\/fr\\\/#\\\/schema\\\/logo\\\/image\\\/\",\"url\":\"https:\\\/\\\/loginfo24.com\\\/wp-content\\\/uploads\\\/sites\\\/7\\\/2026\\\/01\\\/Logo_LogInfo24.png\",\"contentUrl\":\"https:\\\/\\\/loginfo24.com\\\/wp-content\\\/uploads\\\/sites\\\/7\\\/2026\\\/01\\\/Logo_LogInfo24.png\",\"width\":938,\"height\":351,\"caption\":\"Groupe Logismedia AG\"},\"image\":{\"@id\":\"https:\\\/\\\/loginfo24.com\\\/fr\\\/#\\\/schema\\\/logo\\\/image\\\/\"},\"sameAs\":[\"https:\\\/\\\/www.facebook.com\\\/people\\\/Loginfo24\\\/100057360583332\\\/\",\"https:\\\/\\\/www.linkedin.com\\\/company\\\/lofinfo24\\\/\"]}]}<\/script>\n<!-- \/ Yoast SEO plugin. -->","yoast_head_json":{"title":"Le groupe Sieber reprend les activit\u00e9s op\u00e9rationnelles de DST Combitrans AG - Loginfo24.","robots":{"index":"index","follow":"follow","max-snippet":"max-snippet:-1","max-image-preview":"max-image-preview:large","max-video-preview":"max-video-preview:-1"},"canonical":"https:\/\/loginfo24.com\/fr\/2020\/05\/25\/le-groupe-sieber-reprend-les-activites-operationnelles-de-dst-combitrans-ag\/","og_locale":"fr_FR","og_type":"article","og_title":"Le groupe Sieber reprend les activit\u00e9s op\u00e9rationnelles de DST Combitrans AG - Loginfo24.","og_description":"Le groupe Sieber renforce sa position sur le march\u00e9 suisse de la logistique de meubles en reprenant les activit\u00e9s op\u00e9rationnelles de DST Combitrans AG. Les activit\u00e9s [\u2026]","og_url":"https:\/\/loginfo24.com\/fr\/2020\/05\/25\/le-groupe-sieber-reprend-les-activites-operationnelles-de-dst-combitrans-ag\/","og_site_name":"Loginfo24","article_publisher":"https:\/\/www.facebook.com\/people\/Loginfo24\/100057360583332\/","article_published_time":"2020-05-25T06:52:49+00:00","article_modified_time":"2025-12-15T11:27:57+00:00","twitter_card":"summary_large_image","twitter_misc":{"Dur\u00e9e de lecture estim\u00e9e":"4 minutes"},"schema":{"@context":"https:\/\/schema.org","@graph":[{"@type":"Article","@id":"https:\/\/loginfo24.com\/fr\/2020\/05\/25\/le-groupe-sieber-reprend-les-activites-operationnelles-de-dst-combitrans-ag\/#article","isPartOf":{"@id":"https:\/\/loginfo24.com\/fr\/2020\/05\/25\/le-groupe-sieber-reprend-les-activites-operationnelles-de-dst-combitrans-ag\/"},"author":{"name":"","@id":""},"headline":"Le groupe Sieber reprend les activit\u00e9s op\u00e9rationnelles de DST Combitrans AG","datePublished":"2020-05-25T06:52:49+00:00","dateModified":"2025-12-15T11:27:57+00:00","mainEntityOfPage":{"@id":"https:\/\/loginfo24.com\/fr\/2020\/05\/25\/le-groupe-sieber-reprend-les-activites-operationnelles-de-dst-combitrans-ag\/"},"wordCount":744,"commentCount":0,"publisher":{"@id":"https:\/\/loginfo24.com\/fr\/#organization"},"articleSection":["Forwarding &amp; Logistics","Intralogistics","Regions"],"inLanguage":"fr-FR","potentialAction":[{"@type":"CommentAction","name":"Comment","target":["https:\/\/loginfo24.com\/fr\/2020\/05\/25\/le-groupe-sieber-reprend-les-activites-operationnelles-de-dst-combitrans-ag\/#respond"]}]},{"@type":"WebPage","@id":"https:\/\/loginfo24.com\/fr\/2020\/05\/25\/le-groupe-sieber-reprend-les-activites-operationnelles-de-dst-combitrans-ag\/","url":"https:\/\/loginfo24.com\/fr\/2020\/05\/25\/le-groupe-sieber-reprend-les-activites-operationnelles-de-dst-combitrans-ag\/","name":"Le groupe Sieber reprend les activit\u00e9s op\u00e9rationnelles de DST Combitrans AG - Loginfo24.","isPartOf":{"@id":"https:\/\/loginfo24.com\/fr\/#website"},"datePublished":"2020-05-25T06:52:49+00:00","dateModified":"2025-12-15T11:27:57+00:00","breadcrumb":{"@id":"https:\/\/loginfo24.com\/fr\/2020\/05\/25\/le-groupe-sieber-reprend-les-activites-operationnelles-de-dst-combitrans-ag\/#breadcrumb"},"inLanguage":"fr-FR","potentialAction":[{"@type":"ReadAction","target":["https:\/\/loginfo24.com\/fr\/2020\/05\/25\/le-groupe-sieber-reprend-les-activites-operationnelles-de-dst-combitrans-ag\/"]}]},{"@type":"BreadcrumbList","@id":"https:\/\/loginfo24.com\/fr\/2020\/05\/25\/le-groupe-sieber-reprend-les-activites-operationnelles-de-dst-combitrans-ag\/#breadcrumb","itemListElement":[{"@type":"ListItem","position":1,"name":"Startseite","item":"https:\/\/loginfo24.com\/fr\/"},{"@type":"ListItem","position":2,"name":"Le groupe Sieber reprend les activit\u00e9s op\u00e9rationnelles de DST Combitrans AG"}]},{"@type":"WebSite","@id":"https:\/\/loginfo24.com\/fr\/#website","url":"https:\/\/loginfo24.com\/fr\/","name":"Loginfo24","description":"Loginfo24 est la plateforme d\u00e9di\u00e9e \u00e0 la logistique et aux cha\u00eenes d&#039;approvisionnement qui fournit des informations 24 heures sur 24.","publisher":{"@id":"https:\/\/loginfo24.com\/fr\/#organization"},"potentialAction":[{"@type":"SearchAction","target":{"@type":"EntryPoint","urlTemplate":"https:\/\/loginfo24.com\/fr\/?s={search_term_string}"},"query-input":{"@type":"PropertyValueSpecification","valueRequired":true,"valueName":"search_term_string"}}],"inLanguage":"fr-FR"},{"@type":"Organization","@id":"https:\/\/loginfo24.com\/fr\/#organization","name":"Groupe Logismedia AG","url":"https:\/\/loginfo24.com\/fr\/","logo":{"@type":"ImageObject","inLanguage":"fr-FR","@id":"https:\/\/loginfo24.com\/fr\/#\/schema\/logo\/image\/","url":"https:\/\/loginfo24.com\/wp-content\/uploads\/sites\/7\/2026\/01\/Logo_LogInfo24.png","contentUrl":"https:\/\/loginfo24.com\/wp-content\/uploads\/sites\/7\/2026\/01\/Logo_LogInfo24.png","width":938,"height":351,"caption":"Groupe Logismedia AG"},"image":{"@id":"https:\/\/loginfo24.com\/fr\/#\/schema\/logo\/image\/"},"sameAs":["https:\/\/www.facebook.com\/people\/Loginfo24\/100057360583332\/","https:\/\/www.linkedin.com\/company\/lofinfo24\/"]}]}},"_links":{"self":[{"href":"https:\/\/loginfo24.com\/fr\/wp-json\/wp\/v2\/posts\/17620","targetHints":{"allow":["GET"]}}],"collection":[{"href":"https:\/\/loginfo24.com\/fr\/wp-json\/wp\/v2\/posts"}],"about":[{"href":"https:\/\/loginfo24.com\/fr\/wp-json\/wp\/v2\/types\/post"}],"replies":[{"embeddable":true,"href":"https:\/\/loginfo24.com\/fr\/wp-json\/wp\/v2\/comments?post=17620"}],"version-history":[{"count":1,"href":"https:\/\/loginfo24.com\/fr\/wp-json\/wp\/v2\/posts\/17620\/revisions"}],"predecessor-version":[{"id":31588,"href":"https:\/\/loginfo24.com\/fr\/wp-json\/wp\/v2\/posts\/17620\/revisions\/31588"}],"wp:attachment":[{"href":"https:\/\/loginfo24.com\/fr\/wp-json\/wp\/v2\/media?parent=17620"}],"wp:term":[{"taxonomy":"category","embeddable":true,"href":"https:\/\/loginfo24.com\/fr\/wp-json\/wp\/v2\/categories?post=17620"},{"taxonomy":"post_tag","embeddable":true,"href":"https:\/\/loginfo24.com\/fr\/wp-json\/wp\/v2\/tags?post=17620"}],"curies":[{"name":"wp","href":"https:\/\/api.w.org\/{rel}","templated":true}]}}