{"id":17352,"date":"2020-04-09T19:37:29","date_gmt":"2020-04-09T17:37:29","guid":{"rendered":"https:\/\/blog.brand-architecture.at\/2020\/04\/09\/lufthansa-cargo-et-austrian-airlines-etendent-la-capacite-de-fret\/"},"modified":"2025-12-15T12:26:55","modified_gmt":"2025-12-15T11:26:55","slug":"lufthansa-cargo-et-austrian-airlines-etendent-la-capacite-de-fret","status":"publish","type":"post","link":"https:\/\/loginfo24.com\/fr\/2020\/04\/09\/lufthansa-cargo-et-austrian-airlines-etendent-la-capacite-de-fret\/","title":{"rendered":"Lufthansa Cargo et Austrian Airlines \u00e9tendent la capacit\u00e9 de fret"},"content":{"rendered":"<p>Lufthansa Cargo et Austrian Airlines proposent 51 vols de fret hebdomadaires suppl\u00e9mentaires au d\u00e9part d&rsquo;Allemagne et d&rsquo;Autriche vers l&rsquo;Asie et retour. Des si\u00e8ges sont retir\u00e9s de plusieurs avions de passagers<\/p>\n<p>(Francfort, 09.04.2020) Lufthansa Cargo \u00e9tend, en collaboration avec Lufthansa et Austrian Airlines, la capacit\u00e9 de fret a\u00e9rien actuellement particuli\u00e8rement limit\u00e9e entre l&rsquo;Europe et l&rsquo;Asie.<\/p>\n<p>Actuellement, 14 vols hebdomadaires avec des freighters de type Boeing 777F, ayant une capacit\u00e9 de charge standard d&rsquo;environ 103 tonnes, circulent entre Francfort et le continent chinois. \u00c0 partir de P\u00e2ques, 35 vols hebdomadaires avec des avions de passagers de Lufthansa exclusivement pour le transport de marchandises viendront s&rsquo;ajouter. \u00c9tant donn\u00e9 que l&rsquo;espace cabine de ces avions peut \u00e9galement \u00eatre charg\u00e9 de fret, cela se traduit en pratique par une capacit\u00e9 de fret moyenne d&rsquo;environ 30 tonnes par vol.<\/p>\n<p>Plus pr\u00e9cis\u00e9ment, \u00e0 partir de Francfort, il y aura deux liaisons quotidiennes vers Shanghai (PVG) et une liaison quotidienne vers P\u00e9kin (PEK) avec des avions de type Airbus A330-300. Depuis Munich, un Airbus A350-900 partira chaque jour vers Shanghai (PVG) et P\u00e9kin (PEK).<\/p>\n<p>Pour augmenter le volume de fret possible, en particulier pour le transport de marchandises relativement l\u00e9g\u00e8res comme les masques de protection, des parties de l&rsquo;\u00e9quipement de cabine de quatre avions de Lufthansa seront retir\u00e9es.<\/p>\n<p>En Autriche, Austrian Airlines mettra \u00e0 disposition environ 16 vols hebdomadaires au d\u00e9part de l&rsquo;a\u00e9roport de Vienne pour le transport de marchandises \u00e0 partir de P\u00e2ques. Shanghai (PVG) sera desservi huit fois, P\u00e9kin (PEK) cinq fois, Penang (PEN) deux fois et Xiamen (XMN) une fois par semaine. Des jets de passagers de type Boeing 767-300 et Boeing 777-200 seront utilis\u00e9s.<\/p>\n<p>Photo : Lufthansa<\/p>\n<p><a href=\"https:\/\/lufthansa-cargo.com\/de\" target=\"_blank\" rel=\"noopener noreferrer\">www.lufthansa-cargo.com<\/a><\/p>\n","protected":false},"excerpt":{"rendered":"<p>Lufthansa Cargo et Austrian Airlines proposent 51 vols de fret hebdomadaires suppl\u00e9mentaires au d\u00e9part d&rsquo;Allemagne et d&rsquo;Autriche vers l&rsquo;Asie et retour. Des si\u00e8ges sont retir\u00e9s de<span class=\"excerpt-hellip\"> [\u2026]<\/span><\/p>\n","protected":false},"author":0,"featured_media":0,"comment_status":"open","ping_status":"open","sticky":false,"template":"","format":"standard","meta":{"_acf_changed":false,"footnotes":""},"categories":[1558,1561],"tags":[],"class_list":["post-17352","post","type-post","status-publish","format-standard","hentry","category-air-freight","category-regions"],"acf":[],"yoast_head":"<!-- This site is optimized with the Yoast SEO plugin v27.3 - https:\/\/yoast.com\/product\/yoast-seo-wordpress\/ -->\n<title>Lufthansa Cargo et Austrian Airlines \u00e9tendent la capacit\u00e9 de fret - Loginfo24.<\/title>\n<meta name=\"robots\" content=\"index, follow, max-snippet:-1, max-image-preview:large, max-video-preview:-1\" \/>\n<link rel=\"canonical\" href=\"https:\/\/loginfo24.com\/fr\/2020\/04\/09\/lufthansa-cargo-et-austrian-airlines-etendent-la-capacite-de-fret\/\" \/>\n<meta property=\"og:locale\" content=\"fr_FR\" \/>\n<meta property=\"og:type\" content=\"article\" \/>\n<meta property=\"og:title\" content=\"Lufthansa Cargo et Austrian Airlines \u00e9tendent la capacit\u00e9 de fret - Loginfo24.\" \/>\n<meta property=\"og:description\" content=\"Lufthansa Cargo et Austrian Airlines proposent 51 vols de fret hebdomadaires suppl\u00e9mentaires au d\u00e9part d&rsquo;Allemagne et d&rsquo;Autriche vers l&rsquo;Asie et retour. Des si\u00e8ges sont retir\u00e9s de [\u2026]\" \/>\n<meta property=\"og:url\" content=\"https:\/\/loginfo24.com\/fr\/2020\/04\/09\/lufthansa-cargo-et-austrian-airlines-etendent-la-capacite-de-fret\/\" \/>\n<meta property=\"og:site_name\" content=\"Loginfo24\" \/>\n<meta property=\"article:publisher\" content=\"https:\/\/www.facebook.com\/people\/Loginfo24\/100057360583332\/\" \/>\n<meta property=\"article:published_time\" content=\"2020-04-09T17:37:29+00:00\" \/>\n<meta property=\"article:modified_time\" content=\"2025-12-15T11:26:55+00:00\" \/>\n<meta name=\"twitter:card\" content=\"summary_large_image\" \/>\n<meta name=\"twitter:label1\" content=\"Dur\u00e9e de lecture estim\u00e9e\" \/>\n\t<meta name=\"twitter:data1\" content=\"1 minute\" \/>\n<script type=\"application\/ld+json\" class=\"yoast-schema-graph\">{\"@context\":\"https:\\\/\\\/schema.org\",\"@graph\":[{\"@type\":\"Article\",\"@id\":\"https:\\\/\\\/loginfo24.com\\\/fr\\\/2020\\\/04\\\/09\\\/lufthansa-cargo-et-austrian-airlines-etendent-la-capacite-de-fret\\\/#article\",\"isPartOf\":{\"@id\":\"https:\\\/\\\/loginfo24.com\\\/fr\\\/2020\\\/04\\\/09\\\/lufthansa-cargo-et-austrian-airlines-etendent-la-capacite-de-fret\\\/\"},\"author\":{\"name\":\"\",\"@id\":\"\"},\"headline\":\"Lufthansa Cargo et Austrian Airlines \u00e9tendent la capacit\u00e9 de fret\",\"datePublished\":\"2020-04-09T17:37:29+00:00\",\"dateModified\":\"2025-12-15T11:26:55+00:00\",\"mainEntityOfPage\":{\"@id\":\"https:\\\/\\\/loginfo24.com\\\/fr\\\/2020\\\/04\\\/09\\\/lufthansa-cargo-et-austrian-airlines-etendent-la-capacite-de-fret\\\/\"},\"wordCount\":307,\"commentCount\":0,\"publisher\":{\"@id\":\"https:\\\/\\\/loginfo24.com\\\/fr\\\/#organization\"},\"articleSection\":[\"Air Freight\",\"Regions\"],\"inLanguage\":\"fr-FR\",\"potentialAction\":[{\"@type\":\"CommentAction\",\"name\":\"Comment\",\"target\":[\"https:\\\/\\\/loginfo24.com\\\/fr\\\/2020\\\/04\\\/09\\\/lufthansa-cargo-et-austrian-airlines-etendent-la-capacite-de-fret\\\/#respond\"]}]},{\"@type\":\"WebPage\",\"@id\":\"https:\\\/\\\/loginfo24.com\\\/fr\\\/2020\\\/04\\\/09\\\/lufthansa-cargo-et-austrian-airlines-etendent-la-capacite-de-fret\\\/\",\"url\":\"https:\\\/\\\/loginfo24.com\\\/fr\\\/2020\\\/04\\\/09\\\/lufthansa-cargo-et-austrian-airlines-etendent-la-capacite-de-fret\\\/\",\"name\":\"Lufthansa Cargo et Austrian Airlines \u00e9tendent la capacit\u00e9 de fret - Loginfo24.\",\"isPartOf\":{\"@id\":\"https:\\\/\\\/loginfo24.com\\\/fr\\\/#website\"},\"datePublished\":\"2020-04-09T17:37:29+00:00\",\"dateModified\":\"2025-12-15T11:26:55+00:00\",\"breadcrumb\":{\"@id\":\"https:\\\/\\\/loginfo24.com\\\/fr\\\/2020\\\/04\\\/09\\\/lufthansa-cargo-et-austrian-airlines-etendent-la-capacite-de-fret\\\/#breadcrumb\"},\"inLanguage\":\"fr-FR\",\"potentialAction\":[{\"@type\":\"ReadAction\",\"target\":[\"https:\\\/\\\/loginfo24.com\\\/fr\\\/2020\\\/04\\\/09\\\/lufthansa-cargo-et-austrian-airlines-etendent-la-capacite-de-fret\\\/\"]}]},{\"@type\":\"BreadcrumbList\",\"@id\":\"https:\\\/\\\/loginfo24.com\\\/fr\\\/2020\\\/04\\\/09\\\/lufthansa-cargo-et-austrian-airlines-etendent-la-capacite-de-fret\\\/#breadcrumb\",\"itemListElement\":[{\"@type\":\"ListItem\",\"position\":1,\"name\":\"Startseite\",\"item\":\"https:\\\/\\\/loginfo24.com\\\/fr\\\/\"},{\"@type\":\"ListItem\",\"position\":2,\"name\":\"Lufthansa Cargo et Austrian Airlines \u00e9tendent la capacit\u00e9 de fret\"}]},{\"@type\":\"WebSite\",\"@id\":\"https:\\\/\\\/loginfo24.com\\\/fr\\\/#website\",\"url\":\"https:\\\/\\\/loginfo24.com\\\/fr\\\/\",\"name\":\"Loginfo24\",\"description\":\"Loginfo24 est la plateforme d\u00e9di\u00e9e \u00e0 la logistique et aux cha\u00eenes d&#039;approvisionnement qui fournit des informations 24 heures sur 24.\",\"publisher\":{\"@id\":\"https:\\\/\\\/loginfo24.com\\\/fr\\\/#organization\"},\"potentialAction\":[{\"@type\":\"SearchAction\",\"target\":{\"@type\":\"EntryPoint\",\"urlTemplate\":\"https:\\\/\\\/loginfo24.com\\\/fr\\\/?s={search_term_string}\"},\"query-input\":{\"@type\":\"PropertyValueSpecification\",\"valueRequired\":true,\"valueName\":\"search_term_string\"}}],\"inLanguage\":\"fr-FR\"},{\"@type\":\"Organization\",\"@id\":\"https:\\\/\\\/loginfo24.com\\\/fr\\\/#organization\",\"name\":\"Groupe Logismedia AG\",\"url\":\"https:\\\/\\\/loginfo24.com\\\/fr\\\/\",\"logo\":{\"@type\":\"ImageObject\",\"inLanguage\":\"fr-FR\",\"@id\":\"https:\\\/\\\/loginfo24.com\\\/fr\\\/#\\\/schema\\\/logo\\\/image\\\/\",\"url\":\"https:\\\/\\\/loginfo24.com\\\/wp-content\\\/uploads\\\/sites\\\/7\\\/2026\\\/01\\\/Logo_LogInfo24.png\",\"contentUrl\":\"https:\\\/\\\/loginfo24.com\\\/wp-content\\\/uploads\\\/sites\\\/7\\\/2026\\\/01\\\/Logo_LogInfo24.png\",\"width\":938,\"height\":351,\"caption\":\"Groupe Logismedia AG\"},\"image\":{\"@id\":\"https:\\\/\\\/loginfo24.com\\\/fr\\\/#\\\/schema\\\/logo\\\/image\\\/\"},\"sameAs\":[\"https:\\\/\\\/www.facebook.com\\\/people\\\/Loginfo24\\\/100057360583332\\\/\",\"https:\\\/\\\/www.linkedin.com\\\/company\\\/lofinfo24\\\/\"]}]}<\/script>\n<!-- \/ Yoast SEO plugin. -->","yoast_head_json":{"title":"Lufthansa Cargo et Austrian Airlines \u00e9tendent la capacit\u00e9 de fret - Loginfo24.","robots":{"index":"index","follow":"follow","max-snippet":"max-snippet:-1","max-image-preview":"max-image-preview:large","max-video-preview":"max-video-preview:-1"},"canonical":"https:\/\/loginfo24.com\/fr\/2020\/04\/09\/lufthansa-cargo-et-austrian-airlines-etendent-la-capacite-de-fret\/","og_locale":"fr_FR","og_type":"article","og_title":"Lufthansa Cargo et Austrian Airlines \u00e9tendent la capacit\u00e9 de fret - Loginfo24.","og_description":"Lufthansa Cargo et Austrian Airlines proposent 51 vols de fret hebdomadaires suppl\u00e9mentaires au d\u00e9part d&rsquo;Allemagne et d&rsquo;Autriche vers l&rsquo;Asie et retour. Des si\u00e8ges sont retir\u00e9s de [\u2026]","og_url":"https:\/\/loginfo24.com\/fr\/2020\/04\/09\/lufthansa-cargo-et-austrian-airlines-etendent-la-capacite-de-fret\/","og_site_name":"Loginfo24","article_publisher":"https:\/\/www.facebook.com\/people\/Loginfo24\/100057360583332\/","article_published_time":"2020-04-09T17:37:29+00:00","article_modified_time":"2025-12-15T11:26:55+00:00","twitter_card":"summary_large_image","twitter_misc":{"Dur\u00e9e de lecture estim\u00e9e":"1 minute"},"schema":{"@context":"https:\/\/schema.org","@graph":[{"@type":"Article","@id":"https:\/\/loginfo24.com\/fr\/2020\/04\/09\/lufthansa-cargo-et-austrian-airlines-etendent-la-capacite-de-fret\/#article","isPartOf":{"@id":"https:\/\/loginfo24.com\/fr\/2020\/04\/09\/lufthansa-cargo-et-austrian-airlines-etendent-la-capacite-de-fret\/"},"author":{"name":"","@id":""},"headline":"Lufthansa Cargo et Austrian Airlines \u00e9tendent la capacit\u00e9 de fret","datePublished":"2020-04-09T17:37:29+00:00","dateModified":"2025-12-15T11:26:55+00:00","mainEntityOfPage":{"@id":"https:\/\/loginfo24.com\/fr\/2020\/04\/09\/lufthansa-cargo-et-austrian-airlines-etendent-la-capacite-de-fret\/"},"wordCount":307,"commentCount":0,"publisher":{"@id":"https:\/\/loginfo24.com\/fr\/#organization"},"articleSection":["Air Freight","Regions"],"inLanguage":"fr-FR","potentialAction":[{"@type":"CommentAction","name":"Comment","target":["https:\/\/loginfo24.com\/fr\/2020\/04\/09\/lufthansa-cargo-et-austrian-airlines-etendent-la-capacite-de-fret\/#respond"]}]},{"@type":"WebPage","@id":"https:\/\/loginfo24.com\/fr\/2020\/04\/09\/lufthansa-cargo-et-austrian-airlines-etendent-la-capacite-de-fret\/","url":"https:\/\/loginfo24.com\/fr\/2020\/04\/09\/lufthansa-cargo-et-austrian-airlines-etendent-la-capacite-de-fret\/","name":"Lufthansa Cargo et Austrian Airlines \u00e9tendent la capacit\u00e9 de fret - Loginfo24.","isPartOf":{"@id":"https:\/\/loginfo24.com\/fr\/#website"},"datePublished":"2020-04-09T17:37:29+00:00","dateModified":"2025-12-15T11:26:55+00:00","breadcrumb":{"@id":"https:\/\/loginfo24.com\/fr\/2020\/04\/09\/lufthansa-cargo-et-austrian-airlines-etendent-la-capacite-de-fret\/#breadcrumb"},"inLanguage":"fr-FR","potentialAction":[{"@type":"ReadAction","target":["https:\/\/loginfo24.com\/fr\/2020\/04\/09\/lufthansa-cargo-et-austrian-airlines-etendent-la-capacite-de-fret\/"]}]},{"@type":"BreadcrumbList","@id":"https:\/\/loginfo24.com\/fr\/2020\/04\/09\/lufthansa-cargo-et-austrian-airlines-etendent-la-capacite-de-fret\/#breadcrumb","itemListElement":[{"@type":"ListItem","position":1,"name":"Startseite","item":"https:\/\/loginfo24.com\/fr\/"},{"@type":"ListItem","position":2,"name":"Lufthansa Cargo et Austrian Airlines \u00e9tendent la capacit\u00e9 de fret"}]},{"@type":"WebSite","@id":"https:\/\/loginfo24.com\/fr\/#website","url":"https:\/\/loginfo24.com\/fr\/","name":"Loginfo24","description":"Loginfo24 est la plateforme d\u00e9di\u00e9e \u00e0 la logistique et aux cha\u00eenes d&#039;approvisionnement qui fournit des informations 24 heures sur 24.","publisher":{"@id":"https:\/\/loginfo24.com\/fr\/#organization"},"potentialAction":[{"@type":"SearchAction","target":{"@type":"EntryPoint","urlTemplate":"https:\/\/loginfo24.com\/fr\/?s={search_term_string}"},"query-input":{"@type":"PropertyValueSpecification","valueRequired":true,"valueName":"search_term_string"}}],"inLanguage":"fr-FR"},{"@type":"Organization","@id":"https:\/\/loginfo24.com\/fr\/#organization","name":"Groupe Logismedia AG","url":"https:\/\/loginfo24.com\/fr\/","logo":{"@type":"ImageObject","inLanguage":"fr-FR","@id":"https:\/\/loginfo24.com\/fr\/#\/schema\/logo\/image\/","url":"https:\/\/loginfo24.com\/wp-content\/uploads\/sites\/7\/2026\/01\/Logo_LogInfo24.png","contentUrl":"https:\/\/loginfo24.com\/wp-content\/uploads\/sites\/7\/2026\/01\/Logo_LogInfo24.png","width":938,"height":351,"caption":"Groupe Logismedia AG"},"image":{"@id":"https:\/\/loginfo24.com\/fr\/#\/schema\/logo\/image\/"},"sameAs":["https:\/\/www.facebook.com\/people\/Loginfo24\/100057360583332\/","https:\/\/www.linkedin.com\/company\/lofinfo24\/"]}]}},"_links":{"self":[{"href":"https:\/\/loginfo24.com\/fr\/wp-json\/wp\/v2\/posts\/17352","targetHints":{"allow":["GET"]}}],"collection":[{"href":"https:\/\/loginfo24.com\/fr\/wp-json\/wp\/v2\/posts"}],"about":[{"href":"https:\/\/loginfo24.com\/fr\/wp-json\/wp\/v2\/types\/post"}],"replies":[{"embeddable":true,"href":"https:\/\/loginfo24.com\/fr\/wp-json\/wp\/v2\/comments?post=17352"}],"version-history":[{"count":1,"href":"https:\/\/loginfo24.com\/fr\/wp-json\/wp\/v2\/posts\/17352\/revisions"}],"predecessor-version":[{"id":31054,"href":"https:\/\/loginfo24.com\/fr\/wp-json\/wp\/v2\/posts\/17352\/revisions\/31054"}],"wp:attachment":[{"href":"https:\/\/loginfo24.com\/fr\/wp-json\/wp\/v2\/media?parent=17352"}],"wp:term":[{"taxonomy":"category","embeddable":true,"href":"https:\/\/loginfo24.com\/fr\/wp-json\/wp\/v2\/categories?post=17352"},{"taxonomy":"post_tag","embeddable":true,"href":"https:\/\/loginfo24.com\/fr\/wp-json\/wp\/v2\/tags?post=17352"}],"curies":[{"name":"wp","href":"https:\/\/api.w.org\/{rel}","templated":true}]}}