{"id":17121,"date":"2020-02-14T11:24:05","date_gmt":"2020-02-14T10:24:05","guid":{"rendered":"https:\/\/blog.brand-architecture.at\/2020\/02\/14\/la-suisse-se-lance-dans-la-mobilite-electrique-a-hydrogene\/"},"modified":"2025-12-15T12:26:08","modified_gmt":"2025-12-15T11:26:08","slug":"la-suisse-se-lance-dans-la-mobilite-electrique-a-hydrogene","status":"publish","type":"post","link":"https:\/\/loginfo24.com\/fr\/2020\/02\/14\/la-suisse-se-lance-dans-la-mobilite-electrique-a-hydrogene\/","title":{"rendered":"La Suisse se lance dans la mobilit\u00e9 \u00e9lectrique \u00e0 hydrog\u00e8ne"},"content":{"rendered":"<p>La Suisse en tant que pionni\u00e8re dans la mobilit\u00e9 \u00e9lectrique \u00e0 hydrog\u00e8ne entame un nouveau chapitre. Une base importante est pos\u00e9e par l&rsquo;association H2 Mobilit\u00e9 Suisse. Ensemble, ils repr\u00e9sentent plus de 5 000 camions et 2 000 stations-service. Une autre \u00e9tape importante suivra avec l&rsquo;expansion du r\u00e9seau de stations-service sur l&rsquo;axe Est de la Suisse - Zurich - Mittelland - Lausanne.<\/p>\n<p>(Zurich, 14.02.2020) Actuellement, en Suisse, diverses entreprises, visionnaires et pionniers construisent une mobilit\u00e9 \u00e9lectrique \u00e0 hydrog\u00e8ne durable pour les v\u00e9hicules utilitaires et les voitures particuli\u00e8res. Apr\u00e8s une phase de pr\u00e9paration, la mise en \u0153uvre industrielle commence cette ann\u00e9e.Avec Chr. Cavegn AG, Emmi (Suisse) AG, Sch\u00f6ni Transporte AG et Gebr\u00fcder Weiss AG, l&rsquo;association a atteint 19 membres, qui exploitent plus de 2 000 stations-service en Suisse et utilisent plus de 5 000 v\u00e9hicules utilitaires.Daniel Sch\u00f6ni, propri\u00e9taire de Sch\u00f6ni Transporte AG, repr\u00e9sentant des nouveaux membres : \u00ab En tant qu&rsquo;entreprise de transport, nous prenons au s\u00e9rieux notre responsabilit\u00e9 envers l&rsquo;environnement et la mise en \u0153uvre des objectifs climatiques, tout comme le fait que seules des solutions pragmatiques, r\u00e9alisables et \u00e9conomiquement viables perdureront. Jusqu&rsquo;\u00e0 pr\u00e9sent, nous manquions de la technologie appropri\u00e9e. Mais maintenant, elle est l\u00e0 et l&rsquo;association met rapidement, de mani\u00e8re coh\u00e9rente et sur une base priv\u00e9e, ces nouvelles possibilit\u00e9s en \u0153uvre - une r\u00e9alisation pionni\u00e8re &lsquo;made in Switzerland&rsquo; qui attire l&rsquo;attention dans le monde entier. \u00bb<\/p>\n<p>Expansion des stations-service \u00e0 hydrog\u00e8ne sur l&rsquo;axe Saint-Gall - Lausanne<\/p>\n<p>Le deuxi\u00e8me jalon dans la mise en \u0153uvre du cycle durable de l&rsquo;hydrog\u00e8ne s&rsquo;appelle \u00ab station-service \u00bb. En plus de la station-service \u00e0 hydrog\u00e8ne existante \u00e0 Hunzenschwil (Coop), cinq autres sites entreront en service d&rsquo;ici fin 2020 : Agrola\/LANDI \u00e0 Zofingen, AVIA \u00e0 Saint-Gall et R\u00fcmlang, Coop \u00e0 Dietlikon et Crissier pr\u00e8s de Lausanne.AVIA commencera le 17 avril 2020 \u00e0 Saint-Gall. Martin Osterwalder, responsable du d\u00e9veloppement de l&rsquo;entreprise : \u00ab L&rsquo;expansion du r\u00e9seau de stations-service de Saint-Gall \u00e0 Lausanne marque en Suisse le d\u00e9but d&rsquo;une nouvelle \u00e8re de mobilit\u00e9. Les v\u00e9hicules \u00e9lectriques \u00e0 hydrog\u00e8ne ne diff\u00e8rent pas en utilisation d&rsquo;un v\u00e9hicule \u00e0 essence. \u00c0 l&rsquo;avenir, on fera le plein au m\u00eame endroit, dans le m\u00eame temps et avec une autonomie comparable \u2013 500 \u00e0 700 kilom\u00e8tres avec un plein. \u00bb<\/p>\n<p>La mobilit\u00e9 \u00e9lectrique \u00e0 hydrog\u00e8ne en Suisse : un projet unique au monde<\/p>\n<p>Avec la production locale d&rsquo;hydrog\u00e8ne vert, l&rsquo;expansion \u00e0 six stations-service H2 cette ann\u00e9e et la mise sur le march\u00e9 des v\u00e9hicules utilitaires \u00e9lectriques \u00e0 hydrog\u00e8ne Hyundai Xcient, la mobilit\u00e9 \u00e9lectrique \u00e0 hydrog\u00e8ne en Suisse deviendra r\u00e9alit\u00e9 \u00e0 partir de 2020.J\u00f6rg Ackermann, pr\u00e9sident de l&rsquo;association H2 Mobilit\u00e9 Suisse : \u00ab Le cycle se ferme. Plus encore : il se d\u00e9veloppe syst\u00e9matiquement, car nos membres et diverses entreprises mettent en \u0153uvre cette vision de mani\u00e8re unique au monde. Les nombreuses r\u00e9actions et retours des futurs clients nous confirment que les visions et les investissements de ces entreprises sont la bonne voie pour atteindre les objectifs climatiques du transport routier de mani\u00e8re r\u00e9elle et durable. \u00bb<\/p>\n<p>Photo : H2 Mobilit\u00e9<br \/><a href=\"https:\/\/www.h2mobilitaet.ch\" target=\"_blank\" rel=\"noopener noreferrer\">https:\/\/www.h2mobilitaet.ch <\/a><\/p>\n","protected":false},"excerpt":{"rendered":"<p>La Suisse en tant que pionni\u00e8re dans la mobilit\u00e9 \u00e9lectrique \u00e0 hydrog\u00e8ne entame un nouveau chapitre. Une base importante est pos\u00e9e par l&rsquo;association H2 Mobilit\u00e9 Suisse.<span class=\"excerpt-hellip\"> [\u2026]<\/span><\/p>\n","protected":false},"author":0,"featured_media":0,"comment_status":"open","ping_status":"open","sticky":false,"template":"","format":"standard","meta":{"_acf_changed":false,"footnotes":""},"categories":[1557,1556,1561],"tags":[],"class_list":["post-17121","post","type-post","status-publish","format-standard","hentry","category-forwarding-logistics","category-intermodal-road","category-regions"],"acf":[],"yoast_head":"<!-- This site is optimized with the Yoast SEO plugin v27.3 - https:\/\/yoast.com\/product\/yoast-seo-wordpress\/ -->\n<title>La Suisse se lance dans la mobilit\u00e9 \u00e9lectrique \u00e0 hydrog\u00e8ne - Loginfo24.<\/title>\n<meta name=\"robots\" content=\"index, follow, max-snippet:-1, max-image-preview:large, max-video-preview:-1\" \/>\n<link rel=\"canonical\" href=\"https:\/\/loginfo24.com\/fr\/2020\/02\/14\/la-suisse-se-lance-dans-la-mobilite-electrique-a-hydrogene\/\" \/>\n<meta property=\"og:locale\" content=\"fr_FR\" \/>\n<meta property=\"og:type\" content=\"article\" \/>\n<meta property=\"og:title\" content=\"La Suisse se lance dans la mobilit\u00e9 \u00e9lectrique \u00e0 hydrog\u00e8ne - Loginfo24.\" \/>\n<meta property=\"og:description\" content=\"La Suisse en tant que pionni\u00e8re dans la mobilit\u00e9 \u00e9lectrique \u00e0 hydrog\u00e8ne entame un nouveau chapitre. Une base importante est pos\u00e9e par l&rsquo;association H2 Mobilit\u00e9 Suisse. [\u2026]\" \/>\n<meta property=\"og:url\" content=\"https:\/\/loginfo24.com\/fr\/2020\/02\/14\/la-suisse-se-lance-dans-la-mobilite-electrique-a-hydrogene\/\" \/>\n<meta property=\"og:site_name\" content=\"Loginfo24\" \/>\n<meta property=\"article:publisher\" content=\"https:\/\/www.facebook.com\/people\/Loginfo24\/100057360583332\/\" \/>\n<meta property=\"article:published_time\" content=\"2020-02-14T10:24:05+00:00\" \/>\n<meta property=\"article:modified_time\" content=\"2025-12-15T11:26:08+00:00\" \/>\n<meta name=\"twitter:card\" content=\"summary_large_image\" \/>\n<meta name=\"twitter:label1\" content=\"Dur\u00e9e de lecture estim\u00e9e\" \/>\n\t<meta name=\"twitter:data1\" content=\"3 minutes\" \/>\n<script type=\"application\/ld+json\" class=\"yoast-schema-graph\">{\"@context\":\"https:\\\/\\\/schema.org\",\"@graph\":[{\"@type\":\"Article\",\"@id\":\"https:\\\/\\\/loginfo24.com\\\/fr\\\/2020\\\/02\\\/14\\\/la-suisse-se-lance-dans-la-mobilite-electrique-a-hydrogene\\\/#article\",\"isPartOf\":{\"@id\":\"https:\\\/\\\/loginfo24.com\\\/fr\\\/2020\\\/02\\\/14\\\/la-suisse-se-lance-dans-la-mobilite-electrique-a-hydrogene\\\/\"},\"author\":{\"name\":\"\",\"@id\":\"\"},\"headline\":\"La Suisse se lance dans la mobilit\u00e9 \u00e9lectrique \u00e0 hydrog\u00e8ne\",\"datePublished\":\"2020-02-14T10:24:05+00:00\",\"dateModified\":\"2025-12-15T11:26:08+00:00\",\"mainEntityOfPage\":{\"@id\":\"https:\\\/\\\/loginfo24.com\\\/fr\\\/2020\\\/02\\\/14\\\/la-suisse-se-lance-dans-la-mobilite-electrique-a-hydrogene\\\/\"},\"wordCount\":542,\"commentCount\":0,\"publisher\":{\"@id\":\"https:\\\/\\\/loginfo24.com\\\/fr\\\/#organization\"},\"articleSection\":[\"Forwarding &amp; Logistics\",\"Intermodal \\\/ Road\",\"Regions\"],\"inLanguage\":\"fr-FR\",\"potentialAction\":[{\"@type\":\"CommentAction\",\"name\":\"Comment\",\"target\":[\"https:\\\/\\\/loginfo24.com\\\/fr\\\/2020\\\/02\\\/14\\\/la-suisse-se-lance-dans-la-mobilite-electrique-a-hydrogene\\\/#respond\"]}]},{\"@type\":\"WebPage\",\"@id\":\"https:\\\/\\\/loginfo24.com\\\/fr\\\/2020\\\/02\\\/14\\\/la-suisse-se-lance-dans-la-mobilite-electrique-a-hydrogene\\\/\",\"url\":\"https:\\\/\\\/loginfo24.com\\\/fr\\\/2020\\\/02\\\/14\\\/la-suisse-se-lance-dans-la-mobilite-electrique-a-hydrogene\\\/\",\"name\":\"La Suisse se lance dans la mobilit\u00e9 \u00e9lectrique \u00e0 hydrog\u00e8ne - Loginfo24.\",\"isPartOf\":{\"@id\":\"https:\\\/\\\/loginfo24.com\\\/fr\\\/#website\"},\"datePublished\":\"2020-02-14T10:24:05+00:00\",\"dateModified\":\"2025-12-15T11:26:08+00:00\",\"breadcrumb\":{\"@id\":\"https:\\\/\\\/loginfo24.com\\\/fr\\\/2020\\\/02\\\/14\\\/la-suisse-se-lance-dans-la-mobilite-electrique-a-hydrogene\\\/#breadcrumb\"},\"inLanguage\":\"fr-FR\",\"potentialAction\":[{\"@type\":\"ReadAction\",\"target\":[\"https:\\\/\\\/loginfo24.com\\\/fr\\\/2020\\\/02\\\/14\\\/la-suisse-se-lance-dans-la-mobilite-electrique-a-hydrogene\\\/\"]}]},{\"@type\":\"BreadcrumbList\",\"@id\":\"https:\\\/\\\/loginfo24.com\\\/fr\\\/2020\\\/02\\\/14\\\/la-suisse-se-lance-dans-la-mobilite-electrique-a-hydrogene\\\/#breadcrumb\",\"itemListElement\":[{\"@type\":\"ListItem\",\"position\":1,\"name\":\"Startseite\",\"item\":\"https:\\\/\\\/loginfo24.com\\\/fr\\\/\"},{\"@type\":\"ListItem\",\"position\":2,\"name\":\"La Suisse se lance dans la mobilit\u00e9 \u00e9lectrique \u00e0 hydrog\u00e8ne\"}]},{\"@type\":\"WebSite\",\"@id\":\"https:\\\/\\\/loginfo24.com\\\/fr\\\/#website\",\"url\":\"https:\\\/\\\/loginfo24.com\\\/fr\\\/\",\"name\":\"Loginfo24\",\"description\":\"Loginfo24 est la plateforme d\u00e9di\u00e9e \u00e0 la logistique et aux cha\u00eenes d&#039;approvisionnement qui fournit des informations 24 heures sur 24.\",\"publisher\":{\"@id\":\"https:\\\/\\\/loginfo24.com\\\/fr\\\/#organization\"},\"potentialAction\":[{\"@type\":\"SearchAction\",\"target\":{\"@type\":\"EntryPoint\",\"urlTemplate\":\"https:\\\/\\\/loginfo24.com\\\/fr\\\/?s={search_term_string}\"},\"query-input\":{\"@type\":\"PropertyValueSpecification\",\"valueRequired\":true,\"valueName\":\"search_term_string\"}}],\"inLanguage\":\"fr-FR\"},{\"@type\":\"Organization\",\"@id\":\"https:\\\/\\\/loginfo24.com\\\/fr\\\/#organization\",\"name\":\"Groupe Logismedia AG\",\"url\":\"https:\\\/\\\/loginfo24.com\\\/fr\\\/\",\"logo\":{\"@type\":\"ImageObject\",\"inLanguage\":\"fr-FR\",\"@id\":\"https:\\\/\\\/loginfo24.com\\\/fr\\\/#\\\/schema\\\/logo\\\/image\\\/\",\"url\":\"https:\\\/\\\/loginfo24.com\\\/wp-content\\\/uploads\\\/sites\\\/7\\\/2026\\\/01\\\/Logo_LogInfo24.png\",\"contentUrl\":\"https:\\\/\\\/loginfo24.com\\\/wp-content\\\/uploads\\\/sites\\\/7\\\/2026\\\/01\\\/Logo_LogInfo24.png\",\"width\":938,\"height\":351,\"caption\":\"Groupe Logismedia AG\"},\"image\":{\"@id\":\"https:\\\/\\\/loginfo24.com\\\/fr\\\/#\\\/schema\\\/logo\\\/image\\\/\"},\"sameAs\":[\"https:\\\/\\\/www.facebook.com\\\/people\\\/Loginfo24\\\/100057360583332\\\/\",\"https:\\\/\\\/www.linkedin.com\\\/company\\\/lofinfo24\\\/\"]}]}<\/script>\n<!-- \/ Yoast SEO plugin. -->","yoast_head_json":{"title":"La Suisse se lance dans la mobilit\u00e9 \u00e9lectrique \u00e0 hydrog\u00e8ne - Loginfo24.","robots":{"index":"index","follow":"follow","max-snippet":"max-snippet:-1","max-image-preview":"max-image-preview:large","max-video-preview":"max-video-preview:-1"},"canonical":"https:\/\/loginfo24.com\/fr\/2020\/02\/14\/la-suisse-se-lance-dans-la-mobilite-electrique-a-hydrogene\/","og_locale":"fr_FR","og_type":"article","og_title":"La Suisse se lance dans la mobilit\u00e9 \u00e9lectrique \u00e0 hydrog\u00e8ne - Loginfo24.","og_description":"La Suisse en tant que pionni\u00e8re dans la mobilit\u00e9 \u00e9lectrique \u00e0 hydrog\u00e8ne entame un nouveau chapitre. Une base importante est pos\u00e9e par l&rsquo;association H2 Mobilit\u00e9 Suisse. [\u2026]","og_url":"https:\/\/loginfo24.com\/fr\/2020\/02\/14\/la-suisse-se-lance-dans-la-mobilite-electrique-a-hydrogene\/","og_site_name":"Loginfo24","article_publisher":"https:\/\/www.facebook.com\/people\/Loginfo24\/100057360583332\/","article_published_time":"2020-02-14T10:24:05+00:00","article_modified_time":"2025-12-15T11:26:08+00:00","twitter_card":"summary_large_image","twitter_misc":{"Dur\u00e9e de lecture estim\u00e9e":"3 minutes"},"schema":{"@context":"https:\/\/schema.org","@graph":[{"@type":"Article","@id":"https:\/\/loginfo24.com\/fr\/2020\/02\/14\/la-suisse-se-lance-dans-la-mobilite-electrique-a-hydrogene\/#article","isPartOf":{"@id":"https:\/\/loginfo24.com\/fr\/2020\/02\/14\/la-suisse-se-lance-dans-la-mobilite-electrique-a-hydrogene\/"},"author":{"name":"","@id":""},"headline":"La Suisse se lance dans la mobilit\u00e9 \u00e9lectrique \u00e0 hydrog\u00e8ne","datePublished":"2020-02-14T10:24:05+00:00","dateModified":"2025-12-15T11:26:08+00:00","mainEntityOfPage":{"@id":"https:\/\/loginfo24.com\/fr\/2020\/02\/14\/la-suisse-se-lance-dans-la-mobilite-electrique-a-hydrogene\/"},"wordCount":542,"commentCount":0,"publisher":{"@id":"https:\/\/loginfo24.com\/fr\/#organization"},"articleSection":["Forwarding &amp; Logistics","Intermodal \/ Road","Regions"],"inLanguage":"fr-FR","potentialAction":[{"@type":"CommentAction","name":"Comment","target":["https:\/\/loginfo24.com\/fr\/2020\/02\/14\/la-suisse-se-lance-dans-la-mobilite-electrique-a-hydrogene\/#respond"]}]},{"@type":"WebPage","@id":"https:\/\/loginfo24.com\/fr\/2020\/02\/14\/la-suisse-se-lance-dans-la-mobilite-electrique-a-hydrogene\/","url":"https:\/\/loginfo24.com\/fr\/2020\/02\/14\/la-suisse-se-lance-dans-la-mobilite-electrique-a-hydrogene\/","name":"La Suisse se lance dans la mobilit\u00e9 \u00e9lectrique \u00e0 hydrog\u00e8ne - Loginfo24.","isPartOf":{"@id":"https:\/\/loginfo24.com\/fr\/#website"},"datePublished":"2020-02-14T10:24:05+00:00","dateModified":"2025-12-15T11:26:08+00:00","breadcrumb":{"@id":"https:\/\/loginfo24.com\/fr\/2020\/02\/14\/la-suisse-se-lance-dans-la-mobilite-electrique-a-hydrogene\/#breadcrumb"},"inLanguage":"fr-FR","potentialAction":[{"@type":"ReadAction","target":["https:\/\/loginfo24.com\/fr\/2020\/02\/14\/la-suisse-se-lance-dans-la-mobilite-electrique-a-hydrogene\/"]}]},{"@type":"BreadcrumbList","@id":"https:\/\/loginfo24.com\/fr\/2020\/02\/14\/la-suisse-se-lance-dans-la-mobilite-electrique-a-hydrogene\/#breadcrumb","itemListElement":[{"@type":"ListItem","position":1,"name":"Startseite","item":"https:\/\/loginfo24.com\/fr\/"},{"@type":"ListItem","position":2,"name":"La Suisse se lance dans la mobilit\u00e9 \u00e9lectrique \u00e0 hydrog\u00e8ne"}]},{"@type":"WebSite","@id":"https:\/\/loginfo24.com\/fr\/#website","url":"https:\/\/loginfo24.com\/fr\/","name":"Loginfo24","description":"Loginfo24 est la plateforme d\u00e9di\u00e9e \u00e0 la logistique et aux cha\u00eenes d&#039;approvisionnement qui fournit des informations 24 heures sur 24.","publisher":{"@id":"https:\/\/loginfo24.com\/fr\/#organization"},"potentialAction":[{"@type":"SearchAction","target":{"@type":"EntryPoint","urlTemplate":"https:\/\/loginfo24.com\/fr\/?s={search_term_string}"},"query-input":{"@type":"PropertyValueSpecification","valueRequired":true,"valueName":"search_term_string"}}],"inLanguage":"fr-FR"},{"@type":"Organization","@id":"https:\/\/loginfo24.com\/fr\/#organization","name":"Groupe Logismedia AG","url":"https:\/\/loginfo24.com\/fr\/","logo":{"@type":"ImageObject","inLanguage":"fr-FR","@id":"https:\/\/loginfo24.com\/fr\/#\/schema\/logo\/image\/","url":"https:\/\/loginfo24.com\/wp-content\/uploads\/sites\/7\/2026\/01\/Logo_LogInfo24.png","contentUrl":"https:\/\/loginfo24.com\/wp-content\/uploads\/sites\/7\/2026\/01\/Logo_LogInfo24.png","width":938,"height":351,"caption":"Groupe Logismedia AG"},"image":{"@id":"https:\/\/loginfo24.com\/fr\/#\/schema\/logo\/image\/"},"sameAs":["https:\/\/www.facebook.com\/people\/Loginfo24\/100057360583332\/","https:\/\/www.linkedin.com\/company\/lofinfo24\/"]}]}},"_links":{"self":[{"href":"https:\/\/loginfo24.com\/fr\/wp-json\/wp\/v2\/posts\/17121","targetHints":{"allow":["GET"]}}],"collection":[{"href":"https:\/\/loginfo24.com\/fr\/wp-json\/wp\/v2\/posts"}],"about":[{"href":"https:\/\/loginfo24.com\/fr\/wp-json\/wp\/v2\/types\/post"}],"replies":[{"embeddable":true,"href":"https:\/\/loginfo24.com\/fr\/wp-json\/wp\/v2\/comments?post=17121"}],"version-history":[{"count":1,"href":"https:\/\/loginfo24.com\/fr\/wp-json\/wp\/v2\/posts\/17121\/revisions"}],"predecessor-version":[{"id":30639,"href":"https:\/\/loginfo24.com\/fr\/wp-json\/wp\/v2\/posts\/17121\/revisions\/30639"}],"wp:attachment":[{"href":"https:\/\/loginfo24.com\/fr\/wp-json\/wp\/v2\/media?parent=17121"}],"wp:term":[{"taxonomy":"category","embeddable":true,"href":"https:\/\/loginfo24.com\/fr\/wp-json\/wp\/v2\/categories?post=17121"},{"taxonomy":"post_tag","embeddable":true,"href":"https:\/\/loginfo24.com\/fr\/wp-json\/wp\/v2\/tags?post=17121"}],"curies":[{"name":"wp","href":"https:\/\/api.w.org\/{rel}","templated":true}]}}