{"id":79800,"date":"2026-05-01T15:42:26","date_gmt":"2026-05-01T15:42:26","guid":{"rendered":"https:\/\/loginfo24.com\/2026\/05\/01\/sgkv-publica-informe-estadistico-2025-para-miembros\/"},"modified":"2026-05-01T15:42:26","modified_gmt":"2026-05-01T15:42:26","slug":"sgkv-publica-informe-estadistico-2025-para-miembros","status":"publish","type":"post","link":"https:\/\/loginfo24.com\/es\/2026\/05\/01\/sgkv-publica-informe-estadistico-2025-para-miembros\/","title":{"rendered":"SGKV publica informe estad\u00edstico 2025 para miembros"},"content":{"rendered":"<p>La Sociedad de Estudios para el Transporte Combinado (SGKV e.V.) ha publicado su informe estad\u00edstico actual &#8222;N\u00fameros y Hechos 2025&#8220;, que ya est\u00e1 disponible para los miembros. El informe ofrece an\u00e1lisis exhaustivos basados en estad\u00edsticas oficiales y se puede consultar en la p\u00e1gina web de la SGKV en sgkv.de\/publikationen\/zahlen-und-fakten\/. Se espera que el informe est\u00e9 disponible para el p\u00fablico en general a mediados de junio de 2026.<\/p>\n<h3>Puntos clave del informe<\/h3>\n<p>El informe estad\u00edstico analiza tanto el transporte combinado (KV) por ferrocarril como por v\u00edas navegables, as\u00ed como el transporte de mercanc\u00edas total en Alemania para el a\u00f1o 2025. Adem\u00e1s de las estad\u00edsticas oficiales, el informe incluye pron\u00f3sticos sobre el desarrollo de vol\u00famenes y rendimientos para el transporte de mercanc\u00edas total y el transporte combinado. Dos excursiones especiales ofrecen informaci\u00f3n adicional: la primera trata sobre el consumo total de energ\u00eda de un transporte de contenedores de Basilea a R\u00f3terdam y compara gr\u00e1ficamente los diferentes modos de transporte. La segunda excursi\u00f3n se ocupa de las necesidades de inversi\u00f3n esperadas para el reemplazo de infraestructuras, as\u00ed como para la nueva construcci\u00f3n y ampliaci\u00f3n de terminales de KV hasta el a\u00f1o 2033, bas\u00e1ndose en una encuesta de la SGKV de 2025.<\/p>\n<h3>Desarrollos actuales en el transporte de mercanc\u00edas<\/h3>\n<p>Se presentaron tres hallazgos centrales sobre el transporte de mercanc\u00edas y el transporte combinado en Alemania. En 2025, casi todos los sectores del transporte de mercanc\u00edas experimentaron descensos, a excepci\u00f3n del transporte mar\u00edtimo. El transporte combinado en s\u00ed experiment\u00f3 una disminuci\u00f3n tanto en la cantidad transportada (-1,6%) como en el rendimiento de transporte (-1,4%) en comparaci\u00f3n con el a\u00f1o anterior, debido a la situaci\u00f3n econ\u00f3mica general. Sin embargo, seg\u00fan la &#8222;Proyecci\u00f3n de Mediano Plazo&#8220; de Intraplan Consult y BALM, se considera que el transporte combinado por ferrocarril seguir\u00e1 siendo un motor de crecimiento en el transporte de mercanc\u00edas por ferrocarril. Se espera un aumento del 3,0% en el volumen de tr\u00e1fico y del 3,2% en el rendimiento de tr\u00e1fico en el KV por ferrocarril en Alemania hasta 2029.<\/p>\n<p>La publicaci\u00f3n del informe ofrece a los miembros de la SGKV informaci\u00f3n valiosa sobre la situaci\u00f3n actual y los desarrollos futuros en el \u00e1mbito del transporte combinado y del transporte de mercanc\u00edas en general.<\/p>\n<p><a href=\"http:\/\/www.sgkv.de\" target=\"_blank\" rel=\"noopener noreferrer\">www.sgkv.de<\/a><\/p>\n","protected":false},"excerpt":{"rendered":"<p>La SGKV e.V. ha publicado el informe estad\u00edstico \u00abN\u00fameros y hechos 2025\u00bb, que ofrece an\u00e1lisis exhaustivos sobre el transporte combinado y el transporte de mercanc\u00edas en Alemania.<\/p>\n","protected":false},"author":7,"featured_media":79797,"comment_status":"open","ping_status":"","sticky":false,"template":"","format":"standard","meta":{"_acf_changed":false,"footnotes":""},"categories":[6655,1604],"tags":[23536,23537,23538,23539,23540,23541,3353,13225,23542,23543,23544,10957,23545,7589,7593,23546,23547,23548,23549,23550,3872,23551,23552,23553,13238,5867,10972,23554,2869,23555,23556,2193,23557,1916,23558,23559,23560,23561,13243,7621,6544,3125,23562,23563,23564,23565,23566,23567,23568],"class_list":["post-79800","post","type-post","status-publish","format-standard","has-post-thumbnail","hentry","category-alemania","category-intermodal-carretera","tag-comparaison-des-modes-de-transport","tag-consommation-denergie-transport-de-conteneurs","tag-container-transport-energy-consumption","tag-containertransport-energieeinsatz","tag-deutsch-kombinierter-verkehr","tag-developpement-des-infrastructures-transport-combine","tag-digitalisierung-logistik","tag-durabilite-dans-le-transport-de-marchandises","tag-economie-du-transport-allemagne","tag-evolutions-du-transport-maritime","tag-expansion-des-terminaux-kv","tag-fachkraeftemangel-logistikbranche","tag-freight-transport-forecasts-2025","tag-freight-transport-germany","tag-gueterverkehr-deutschland","tag-infrastructure-development-combined-transport","tag-infrastrukturentwicklung-kombinierter-verkehr","tag-inland-waterway-freight-transport","tag-kv-terminals-expansion","tag-kv-terminals-ausbau","tag-logistics-digitalization","tag-logistics-service-providers-germany-francais-transport-combine","tag-logistikdienstleister-deutschland-english-combined-transport","tag-maritime-transport-developments","tag-nachhaltigkeit-im-gueterverkehr","tag-numerisation-de-la-logistique","tag-penurie-de-main-doeuvre-secteur-logistique","tag-politique-de-transport-allemagne","tag-prestataires-de-services-logistiques-allemagne","tag-previsions-transport-de-marchandises-2025","tag-prognosen-gueterverkehr-2025","tag-rail-freight-transport","tag-rapport-statistique-sgkv","tag-schienengueterverkehr","tag-seeverkehr-entwicklungen","tag-sgkv-statistical-report","tag-sgkv-statistikbericht","tag-skills-shortage-logistics-sector","tag-sustainability-in-freight-transport","tag-transport-de-marchandises-allemagne","tag-transport-economy-germany","tag-transport-ferroviaire-de-marchandises","tag-transport-fluvial-de-marchandises","tag-transport-modes-comparison","tag-transport-policy-germany","tag-verkehrspolitik-deutschland","tag-verkehrstraeger-vergleich","tag-verkehrswirtschaft-deutschland","tag-wasserstrassengueterverkehr"],"acf":[],"yoast_head":"<!-- This site is optimized with the Yoast SEO plugin v27.3 - https:\/\/yoast.com\/product\/yoast-seo-wordpress\/ -->\n<title>SGKV publica informe estad\u00edstico 2025 para miembros - Loginfo24<\/title>\n<meta name=\"robots\" content=\"index, follow, max-snippet:-1, max-image-preview:large, max-video-preview:-1\" \/>\n<link rel=\"canonical\" href=\"https:\/\/loginfo24.com\/es\/2026\/05\/01\/sgkv-publica-informe-estadistico-2025-para-miembros\/\" \/>\n<meta property=\"og:locale\" content=\"es_ES\" \/>\n<meta property=\"og:type\" content=\"article\" \/>\n<meta property=\"og:title\" content=\"SGKV publica informe estad\u00edstico 2025 para miembros - Loginfo24\" \/>\n<meta property=\"og:description\" content=\"La SGKV e.V. ha publicado el informe estad\u00edstico &quot;N\u00fameros y hechos 2025&quot;, que ofrece an\u00e1lisis exhaustivos sobre el transporte combinado y el transporte de mercanc\u00edas en Alemania.\" \/>\n<meta property=\"og:url\" content=\"https:\/\/loginfo24.com\/es\/2026\/05\/01\/sgkv-publica-informe-estadistico-2025-para-miembros\/\" \/>\n<meta property=\"og:site_name\" content=\"Loginfo24\" \/>\n<meta property=\"article:publisher\" content=\"https:\/\/www.facebook.com\/people\/Loginfo24\/100057360583332\/\" \/>\n<meta property=\"article:published_time\" content=\"2026-05-01T15:42:26+00:00\" \/>\n<meta property=\"og:image\" content=\"https:\/\/loginfo24.com\/wp-content\/uploads\/sites\/7\/2026\/05\/Kombinierter_Verkehr_2-aspect-ratio-1400-788.jpg\" \/>\n\t<meta property=\"og:image:width\" content=\"1467\" \/>\n\t<meta property=\"og:image:height\" content=\"826\" \/>\n\t<meta property=\"og:image:type\" content=\"image\/jpeg\" \/>\n<meta name=\"author\" content=\"Andreas M\u00fcller\" \/>\n<meta name=\"twitter:card\" content=\"summary_large_image\" \/>\n<meta name=\"twitter:label1\" content=\"Escrito por\" \/>\n\t<meta name=\"twitter:data1\" content=\"Andreas M\u00fcller\" \/>\n\t<meta name=\"twitter:label2\" content=\"Tiempo de lectura\" \/>\n\t<meta name=\"twitter:data2\" content=\"2 minuto\" \/>\n<script type=\"application\/ld+json\" class=\"yoast-schema-graph\">{\"@context\":\"https:\\\/\\\/schema.org\",\"@graph\":[{\"@type\":\"Article\",\"@id\":\"https:\\\/\\\/loginfo24.com\\\/es\\\/2026\\\/05\\\/01\\\/sgkv-publica-informe-estadistico-2025-para-miembros\\\/#article\",\"isPartOf\":{\"@id\":\"https:\\\/\\\/loginfo24.com\\\/es\\\/2026\\\/05\\\/01\\\/sgkv-publica-informe-estadistico-2025-para-miembros\\\/\"},\"author\":{\"name\":\"Andreas M\u00fcller\",\"@id\":\"https:\\\/\\\/loginfo24.com\\\/es\\\/#\\\/schema\\\/person\\\/7b1593b33567ba798d300c8a1b0b85b1\"},\"headline\":\"SGKV publica informe estad\u00edstico 2025 para miembros\",\"datePublished\":\"2026-05-01T15:42:26+00:00\",\"mainEntityOfPage\":{\"@id\":\"https:\\\/\\\/loginfo24.com\\\/es\\\/2026\\\/05\\\/01\\\/sgkv-publica-informe-estadistico-2025-para-miembros\\\/\"},\"wordCount\":416,\"commentCount\":0,\"publisher\":{\"@id\":\"https:\\\/\\\/loginfo24.com\\\/es\\\/#organization\"},\"image\":{\"@id\":\"https:\\\/\\\/loginfo24.com\\\/es\\\/2026\\\/05\\\/01\\\/sgkv-publica-informe-estadistico-2025-para-miembros\\\/#primaryimage\"},\"thumbnailUrl\":\"https:\\\/\\\/loginfo24.com\\\/wp-content\\\/uploads\\\/sites\\\/7\\\/2026\\\/05\\\/Kombinierter_Verkehr_2-aspect-ratio-1400-788.jpg\",\"keywords\":[\"comparaison des modes de transport\",\"consommation d'\u00e9nergie transport de conteneurs\",\"container transport energy consumption\",\"Containertransport Energieeinsatz\",\"Deutsch Kombinierter Verkehr\",\"d\u00e9veloppement des infrastructures transport combin\u00e9\",\"Digitalisierung Logistik\",\"durabilit\u00e9 dans le transport de marchandises\",\"\u00e9conomie du transport Allemagne\",\"\u00e9volutions du transport maritime\",\"expansion des terminaux KV\",\"Fachkr\u00e4ftemangel Logistikbranche\",\"freight transport forecasts 2025\",\"freight transport Germany\",\"G\u00fcterverkehr Deutschland\",\"infrastructure development combined transport\",\"Infrastrukturentwicklung Kombinierter Verkehr\",\"inland waterway freight transport\",\"KV terminals expansion\",\"KV-Terminals Ausbau\",\"logistics digitalization\",\"logistics service providers Germany Fran\u00e7ais Transport combin\u00e9\",\"Logistikdienstleister Deutschland English Combined transport\",\"maritime transport developments\",\"Nachhaltigkeit im G\u00fcterverkehr\",\"num\u00e9risation de la logistique\",\"p\u00e9nurie de main-d'\u0153uvre secteur logistique\",\"politique de transport Allemagne\",\"prestataires de services logistiques Allemagne\",\"pr\u00e9visions transport de marchandises 2025\",\"Prognosen G\u00fcterverkehr 2025\",\"rail freight transport\",\"rapport statistique SGKV\",\"Schieneng\u00fcterverkehr\",\"Seeverkehr Entwicklungen\",\"SGKV statistical report\",\"SGKV Statistikbericht\",\"skills shortage logistics sector\",\"sustainability in freight transport\",\"transport de marchandises Allemagne\",\"transport economy Germany\",\"transport ferroviaire de marchandises\",\"transport fluvial de marchandises\",\"transport modes comparison\",\"transport policy Germany\",\"Verkehrspolitik Deutschland\",\"Verkehrstr\u00e4ger Vergleich\",\"Verkehrswirtschaft Deutschland\",\"Wasserstra\u00dfeng\u00fcterverkehr\"],\"articleSection\":[\"Alemania\",\"Intermodal \\\/ Carretera\"],\"inLanguage\":\"es\",\"potentialAction\":[{\"@type\":\"CommentAction\",\"name\":\"Comment\",\"target\":[\"https:\\\/\\\/loginfo24.com\\\/es\\\/2026\\\/05\\\/01\\\/sgkv-publica-informe-estadistico-2025-para-miembros\\\/#respond\"]}]},{\"@type\":\"WebPage\",\"@id\":\"https:\\\/\\\/loginfo24.com\\\/es\\\/2026\\\/05\\\/01\\\/sgkv-publica-informe-estadistico-2025-para-miembros\\\/\",\"url\":\"https:\\\/\\\/loginfo24.com\\\/es\\\/2026\\\/05\\\/01\\\/sgkv-publica-informe-estadistico-2025-para-miembros\\\/\",\"name\":\"SGKV publica informe estad\u00edstico 2025 para miembros - Loginfo24\",\"isPartOf\":{\"@id\":\"https:\\\/\\\/loginfo24.com\\\/es\\\/#website\"},\"primaryImageOfPage\":{\"@id\":\"https:\\\/\\\/loginfo24.com\\\/es\\\/2026\\\/05\\\/01\\\/sgkv-publica-informe-estadistico-2025-para-miembros\\\/#primaryimage\"},\"image\":{\"@id\":\"https:\\\/\\\/loginfo24.com\\\/es\\\/2026\\\/05\\\/01\\\/sgkv-publica-informe-estadistico-2025-para-miembros\\\/#primaryimage\"},\"thumbnailUrl\":\"https:\\\/\\\/loginfo24.com\\\/wp-content\\\/uploads\\\/sites\\\/7\\\/2026\\\/05\\\/Kombinierter_Verkehr_2-aspect-ratio-1400-788.jpg\",\"datePublished\":\"2026-05-01T15:42:26+00:00\",\"breadcrumb\":{\"@id\":\"https:\\\/\\\/loginfo24.com\\\/es\\\/2026\\\/05\\\/01\\\/sgkv-publica-informe-estadistico-2025-para-miembros\\\/#breadcrumb\"},\"inLanguage\":\"es\",\"potentialAction\":[{\"@type\":\"ReadAction\",\"target\":[\"https:\\\/\\\/loginfo24.com\\\/es\\\/2026\\\/05\\\/01\\\/sgkv-publica-informe-estadistico-2025-para-miembros\\\/\"]}]},{\"@type\":\"ImageObject\",\"inLanguage\":\"es\",\"@id\":\"https:\\\/\\\/loginfo24.com\\\/es\\\/2026\\\/05\\\/01\\\/sgkv-publica-informe-estadistico-2025-para-miembros\\\/#primaryimage\",\"url\":\"https:\\\/\\\/loginfo24.com\\\/wp-content\\\/uploads\\\/sites\\\/7\\\/2026\\\/05\\\/Kombinierter_Verkehr_2-aspect-ratio-1400-788.jpg\",\"contentUrl\":\"https:\\\/\\\/loginfo24.com\\\/wp-content\\\/uploads\\\/sites\\\/7\\\/2026\\\/05\\\/Kombinierter_Verkehr_2-aspect-ratio-1400-788.jpg\",\"width\":1467,\"height\":826},{\"@type\":\"BreadcrumbList\",\"@id\":\"https:\\\/\\\/loginfo24.com\\\/es\\\/2026\\\/05\\\/01\\\/sgkv-publica-informe-estadistico-2025-para-miembros\\\/#breadcrumb\",\"itemListElement\":[{\"@type\":\"ListItem\",\"position\":1,\"name\":\"Startseite\",\"item\":\"https:\\\/\\\/loginfo24.com\\\/es\\\/\"},{\"@type\":\"ListItem\",\"position\":2,\"name\":\"SGKV publica informe estad\u00edstico 2025 para miembros\"}]},{\"@type\":\"WebSite\",\"@id\":\"https:\\\/\\\/loginfo24.com\\\/es\\\/#website\",\"url\":\"https:\\\/\\\/loginfo24.com\\\/es\\\/\",\"name\":\"Loginfo24\",\"description\":\"Loginfo24 es la plataforma dedicada a la log\u00edstica y las cadenas de suministro con informaci\u00f3n las 24 horas del d\u00eda.\",\"publisher\":{\"@id\":\"https:\\\/\\\/loginfo24.com\\\/es\\\/#organization\"},\"potentialAction\":[{\"@type\":\"SearchAction\",\"target\":{\"@type\":\"EntryPoint\",\"urlTemplate\":\"https:\\\/\\\/loginfo24.com\\\/es\\\/?s={search_term_string}\"},\"query-input\":{\"@type\":\"PropertyValueSpecification\",\"valueRequired\":true,\"valueName\":\"search_term_string\"}}],\"inLanguage\":\"es\"},{\"@type\":\"Organization\",\"@id\":\"https:\\\/\\\/loginfo24.com\\\/es\\\/#organization\",\"name\":\"Grupo Logismedia AG\",\"url\":\"https:\\\/\\\/loginfo24.com\\\/es\\\/\",\"logo\":{\"@type\":\"ImageObject\",\"inLanguage\":\"es\",\"@id\":\"https:\\\/\\\/loginfo24.com\\\/es\\\/#\\\/schema\\\/logo\\\/image\\\/\",\"url\":\"https:\\\/\\\/loginfo24.com\\\/wp-content\\\/uploads\\\/sites\\\/7\\\/2026\\\/01\\\/Logo_LogInfo24.png\",\"contentUrl\":\"https:\\\/\\\/loginfo24.com\\\/wp-content\\\/uploads\\\/sites\\\/7\\\/2026\\\/01\\\/Logo_LogInfo24.png\",\"width\":938,\"height\":351,\"caption\":\"Grupo Logismedia AG\"},\"image\":{\"@id\":\"https:\\\/\\\/loginfo24.com\\\/es\\\/#\\\/schema\\\/logo\\\/image\\\/\"},\"sameAs\":[\"https:\\\/\\\/www.facebook.com\\\/people\\\/Loginfo24\\\/100057360583332\\\/\",\"https:\\\/\\\/www.linkedin.com\\\/company\\\/lofinfo24\\\/\"]},{\"@type\":\"Person\",\"@id\":\"https:\\\/\\\/loginfo24.com\\\/es\\\/#\\\/schema\\\/person\\\/7b1593b33567ba798d300c8a1b0b85b1\",\"name\":\"Andreas M\u00fcller\",\"url\":\"https:\\\/\\\/loginfo24.com\\\/es\\\/author\\\/logismedia\\\/\"}]}<\/script>\n<!-- \/ Yoast SEO plugin. -->","yoast_head_json":{"title":"SGKV publica informe estad\u00edstico 2025 para miembros - Loginfo24","robots":{"index":"index","follow":"follow","max-snippet":"max-snippet:-1","max-image-preview":"max-image-preview:large","max-video-preview":"max-video-preview:-1"},"canonical":"https:\/\/loginfo24.com\/es\/2026\/05\/01\/sgkv-publica-informe-estadistico-2025-para-miembros\/","og_locale":"es_ES","og_type":"article","og_title":"SGKV publica informe estad\u00edstico 2025 para miembros - Loginfo24","og_description":"La SGKV e.V. ha publicado el informe estad\u00edstico \"N\u00fameros y hechos 2025\", que ofrece an\u00e1lisis exhaustivos sobre el transporte combinado y el transporte de mercanc\u00edas en Alemania.","og_url":"https:\/\/loginfo24.com\/es\/2026\/05\/01\/sgkv-publica-informe-estadistico-2025-para-miembros\/","og_site_name":"Loginfo24","article_publisher":"https:\/\/www.facebook.com\/people\/Loginfo24\/100057360583332\/","article_published_time":"2026-05-01T15:42:26+00:00","og_image":[{"width":1467,"height":826,"url":"https:\/\/loginfo24.com\/wp-content\/uploads\/sites\/7\/2026\/05\/Kombinierter_Verkehr_2-aspect-ratio-1400-788.jpg","type":"image\/jpeg"}],"author":"Andreas M\u00fcller","twitter_card":"summary_large_image","twitter_misc":{"Escrito por":"Andreas M\u00fcller","Tiempo de lectura":"2 minuto"},"schema":{"@context":"https:\/\/schema.org","@graph":[{"@type":"Article","@id":"https:\/\/loginfo24.com\/es\/2026\/05\/01\/sgkv-publica-informe-estadistico-2025-para-miembros\/#article","isPartOf":{"@id":"https:\/\/loginfo24.com\/es\/2026\/05\/01\/sgkv-publica-informe-estadistico-2025-para-miembros\/"},"author":{"name":"Andreas M\u00fcller","@id":"https:\/\/loginfo24.com\/es\/#\/schema\/person\/7b1593b33567ba798d300c8a1b0b85b1"},"headline":"SGKV publica informe estad\u00edstico 2025 para miembros","datePublished":"2026-05-01T15:42:26+00:00","mainEntityOfPage":{"@id":"https:\/\/loginfo24.com\/es\/2026\/05\/01\/sgkv-publica-informe-estadistico-2025-para-miembros\/"},"wordCount":416,"commentCount":0,"publisher":{"@id":"https:\/\/loginfo24.com\/es\/#organization"},"image":{"@id":"https:\/\/loginfo24.com\/es\/2026\/05\/01\/sgkv-publica-informe-estadistico-2025-para-miembros\/#primaryimage"},"thumbnailUrl":"https:\/\/loginfo24.com\/wp-content\/uploads\/sites\/7\/2026\/05\/Kombinierter_Verkehr_2-aspect-ratio-1400-788.jpg","keywords":["comparaison des modes de transport","consommation d'\u00e9nergie transport de conteneurs","container transport energy consumption","Containertransport Energieeinsatz","Deutsch Kombinierter Verkehr","d\u00e9veloppement des infrastructures transport combin\u00e9","Digitalisierung Logistik","durabilit\u00e9 dans le transport de marchandises","\u00e9conomie du transport Allemagne","\u00e9volutions du transport maritime","expansion des terminaux KV","Fachkr\u00e4ftemangel Logistikbranche","freight transport forecasts 2025","freight transport Germany","G\u00fcterverkehr Deutschland","infrastructure development combined transport","Infrastrukturentwicklung Kombinierter Verkehr","inland waterway freight transport","KV terminals expansion","KV-Terminals Ausbau","logistics digitalization","logistics service providers Germany Fran\u00e7ais Transport combin\u00e9","Logistikdienstleister Deutschland English Combined transport","maritime transport developments","Nachhaltigkeit im G\u00fcterverkehr","num\u00e9risation de la logistique","p\u00e9nurie de main-d'\u0153uvre secteur logistique","politique de transport Allemagne","prestataires de services logistiques Allemagne","pr\u00e9visions transport de marchandises 2025","Prognosen G\u00fcterverkehr 2025","rail freight transport","rapport statistique SGKV","Schieneng\u00fcterverkehr","Seeverkehr Entwicklungen","SGKV statistical report","SGKV Statistikbericht","skills shortage logistics sector","sustainability in freight transport","transport de marchandises Allemagne","transport economy Germany","transport ferroviaire de marchandises","transport fluvial de marchandises","transport modes comparison","transport policy Germany","Verkehrspolitik Deutschland","Verkehrstr\u00e4ger Vergleich","Verkehrswirtschaft Deutschland","Wasserstra\u00dfeng\u00fcterverkehr"],"articleSection":["Alemania","Intermodal \/ Carretera"],"inLanguage":"es","potentialAction":[{"@type":"CommentAction","name":"Comment","target":["https:\/\/loginfo24.com\/es\/2026\/05\/01\/sgkv-publica-informe-estadistico-2025-para-miembros\/#respond"]}]},{"@type":"WebPage","@id":"https:\/\/loginfo24.com\/es\/2026\/05\/01\/sgkv-publica-informe-estadistico-2025-para-miembros\/","url":"https:\/\/loginfo24.com\/es\/2026\/05\/01\/sgkv-publica-informe-estadistico-2025-para-miembros\/","name":"SGKV publica informe estad\u00edstico 2025 para miembros - Loginfo24","isPartOf":{"@id":"https:\/\/loginfo24.com\/es\/#website"},"primaryImageOfPage":{"@id":"https:\/\/loginfo24.com\/es\/2026\/05\/01\/sgkv-publica-informe-estadistico-2025-para-miembros\/#primaryimage"},"image":{"@id":"https:\/\/loginfo24.com\/es\/2026\/05\/01\/sgkv-publica-informe-estadistico-2025-para-miembros\/#primaryimage"},"thumbnailUrl":"https:\/\/loginfo24.com\/wp-content\/uploads\/sites\/7\/2026\/05\/Kombinierter_Verkehr_2-aspect-ratio-1400-788.jpg","datePublished":"2026-05-01T15:42:26+00:00","breadcrumb":{"@id":"https:\/\/loginfo24.com\/es\/2026\/05\/01\/sgkv-publica-informe-estadistico-2025-para-miembros\/#breadcrumb"},"inLanguage":"es","potentialAction":[{"@type":"ReadAction","target":["https:\/\/loginfo24.com\/es\/2026\/05\/01\/sgkv-publica-informe-estadistico-2025-para-miembros\/"]}]},{"@type":"ImageObject","inLanguage":"es","@id":"https:\/\/loginfo24.com\/es\/2026\/05\/01\/sgkv-publica-informe-estadistico-2025-para-miembros\/#primaryimage","url":"https:\/\/loginfo24.com\/wp-content\/uploads\/sites\/7\/2026\/05\/Kombinierter_Verkehr_2-aspect-ratio-1400-788.jpg","contentUrl":"https:\/\/loginfo24.com\/wp-content\/uploads\/sites\/7\/2026\/05\/Kombinierter_Verkehr_2-aspect-ratio-1400-788.jpg","width":1467,"height":826},{"@type":"BreadcrumbList","@id":"https:\/\/loginfo24.com\/es\/2026\/05\/01\/sgkv-publica-informe-estadistico-2025-para-miembros\/#breadcrumb","itemListElement":[{"@type":"ListItem","position":1,"name":"Startseite","item":"https:\/\/loginfo24.com\/es\/"},{"@type":"ListItem","position":2,"name":"SGKV publica informe estad\u00edstico 2025 para miembros"}]},{"@type":"WebSite","@id":"https:\/\/loginfo24.com\/es\/#website","url":"https:\/\/loginfo24.com\/es\/","name":"Loginfo24","description":"Loginfo24 es la plataforma dedicada a la log\u00edstica y las cadenas de suministro con informaci\u00f3n las 24 horas del d\u00eda.","publisher":{"@id":"https:\/\/loginfo24.com\/es\/#organization"},"potentialAction":[{"@type":"SearchAction","target":{"@type":"EntryPoint","urlTemplate":"https:\/\/loginfo24.com\/es\/?s={search_term_string}"},"query-input":{"@type":"PropertyValueSpecification","valueRequired":true,"valueName":"search_term_string"}}],"inLanguage":"es"},{"@type":"Organization","@id":"https:\/\/loginfo24.com\/es\/#organization","name":"Grupo Logismedia AG","url":"https:\/\/loginfo24.com\/es\/","logo":{"@type":"ImageObject","inLanguage":"es","@id":"https:\/\/loginfo24.com\/es\/#\/schema\/logo\/image\/","url":"https:\/\/loginfo24.com\/wp-content\/uploads\/sites\/7\/2026\/01\/Logo_LogInfo24.png","contentUrl":"https:\/\/loginfo24.com\/wp-content\/uploads\/sites\/7\/2026\/01\/Logo_LogInfo24.png","width":938,"height":351,"caption":"Grupo Logismedia AG"},"image":{"@id":"https:\/\/loginfo24.com\/es\/#\/schema\/logo\/image\/"},"sameAs":["https:\/\/www.facebook.com\/people\/Loginfo24\/100057360583332\/","https:\/\/www.linkedin.com\/company\/lofinfo24\/"]},{"@type":"Person","@id":"https:\/\/loginfo24.com\/es\/#\/schema\/person\/7b1593b33567ba798d300c8a1b0b85b1","name":"Andreas M\u00fcller","url":"https:\/\/loginfo24.com\/es\/author\/logismedia\/"}]}},"_links":{"self":[{"href":"https:\/\/loginfo24.com\/es\/wp-json\/wp\/v2\/posts\/79800","targetHints":{"allow":["GET"]}}],"collection":[{"href":"https:\/\/loginfo24.com\/es\/wp-json\/wp\/v2\/posts"}],"about":[{"href":"https:\/\/loginfo24.com\/es\/wp-json\/wp\/v2\/types\/post"}],"author":[{"embeddable":true,"href":"https:\/\/loginfo24.com\/es\/wp-json\/wp\/v2\/users\/7"}],"replies":[{"embeddable":true,"href":"https:\/\/loginfo24.com\/es\/wp-json\/wp\/v2\/comments?post=79800"}],"version-history":[{"count":0,"href":"https:\/\/loginfo24.com\/es\/wp-json\/wp\/v2\/posts\/79800\/revisions"}],"wp:featuredmedia":[{"embeddable":true,"href":"https:\/\/loginfo24.com\/es\/wp-json\/wp\/v2\/media\/79797"}],"wp:attachment":[{"href":"https:\/\/loginfo24.com\/es\/wp-json\/wp\/v2\/media?parent=79800"}],"wp:term":[{"taxonomy":"category","embeddable":true,"href":"https:\/\/loginfo24.com\/es\/wp-json\/wp\/v2\/categories?post=79800"},{"taxonomy":"post_tag","embeddable":true,"href":"https:\/\/loginfo24.com\/es\/wp-json\/wp\/v2\/tags?post=79800"}],"curies":[{"name":"wp","href":"https:\/\/api.w.org\/{rel}","templated":true}]}}