{"id":79776,"date":"2026-05-01T15:17:30","date_gmt":"2026-05-01T15:17:30","guid":{"rendered":"https:\/\/loginfo24.com\/2026\/05\/01\/foro-de-la-industria-de-la-asociacion-de-armadores-alemanes\/"},"modified":"2026-05-01T15:17:30","modified_gmt":"2026-05-01T15:17:30","slug":"foro-de-la-industria-de-la-asociacion-de-armadores-alemanes","status":"publish","type":"post","link":"https:\/\/loginfo24.com\/es\/2026\/05\/01\/foro-de-la-industria-de-la-asociacion-de-armadores-alemanes\/","title":{"rendered":"Foro de la Industria de la Asociaci\u00f3n de Armadores Alemanes"},"content":{"rendered":"<p>La navegaci\u00f3n internacional desempe\u00f1a un papel crucial en la econom\u00eda y el suministro de Alemania. Aproximadamente el 90 % del comercio mundial y alrededor de dos tercios del comercio exterior alem\u00e1n se realizan por v\u00eda mar\u00edtima. En tiempos de crisis, la navegaci\u00f3n tambi\u00e9n es fundamental para el transporte de equipo militar y ayuda humanitaria. En este contexto, representantes de la pol\u00edtica, la econom\u00eda y los trabajadores discutieron en el foro de la industria de la Asociaci\u00f3n de Armadores Alemanes (VDR) en el marco de la Conferencia Mar\u00edtima Nacional (NMK) en Emden sobre el fortalecimiento de la resiliencia mar\u00edtima y la competitividad en tiempos de tensiones geopol\u00edticas.<\/p>\n<h3>Fortalecimiento de la infraestructura mar\u00edtima<\/h3>\n<p>Gaby Bornheim, presidenta del VDR, subray\u00f3 la necesidad de una flota comercial fuerte y condiciones competitivas para garantizar la seguridad del suministro de Alemania. &#8222;El compromiso con una navegaci\u00f3n segura y libre es esencial para Alemania. Nuestra econom\u00eda y nuestro suministro dependen en gran medida de cadenas de suministro mar\u00edtimas funcionales&#8220;, afirm\u00f3 Bornheim. Para aumentar la resiliencia de la navegaci\u00f3n, se requiere una mayor base de personal nacional. El n\u00famero de nuevos ingresantes en la navegaci\u00f3n ha aumentado en 2023 a 537, lo que representa un incremento de casi el 30 % y el nivel m\u00e1s alto en m\u00e1s de diez a\u00f1os. El VDR propone introducir un servicio mar\u00edtimo voluntario en el marco del nuevo servicio militar para facilitar la entrada de j\u00f3venes en la navegaci\u00f3n y construir una reserva mar\u00edtima civil.<\/p>\n<p>Christian Hirte, secretario de Estado parlamentario en el Ministerio Federal de Transporte, se\u00f1al\u00f3 que el gobierno federal est\u00e1 fortaleciendo de manera espec\u00edfica la resiliencia de las cadenas de suministro mar\u00edtimas e invirtiendo en la formaci\u00f3n de la nueva generaci\u00f3n mar\u00edtima. &#8222;Puertos eficientes, v\u00edas fluviales modernas y una infraestructura mar\u00edtima confiable est\u00e1n estrechamente relacionados con la estabilidad econ\u00f3mica, la seguridad y la capacidad de acci\u00f3n estrat\u00e9gica&#8220;, explic\u00f3 Hirte.<\/p>\n<h3>Resiliencia mar\u00edtima como pol\u00edtica de ubicaci\u00f3n<\/h3>\n<p>Melanie Leonhard, senadora de Econom\u00eda, Trabajo e Innovaci\u00f3n de la Ciudad Libre y Hanse\u00e1tica de Hamburgo, subray\u00f3 la importancia del puerto de Hamburgo para la navegaci\u00f3n, especialmente en tiempos de crisis. Destac\u00f3 que la resiliencia mar\u00edtima es una pol\u00edtica de ubicaci\u00f3n concreta que contribuye a mantener estables las cadenas de suministro y, por lo tanto, a asegurar la prosperidad y la estabilidad en Alemania. Rolf Habben Jansen, CEO de Hapag-Lloyd, a\u00f1adi\u00f3 que la navegaci\u00f3n hoy est\u00e1 m\u00e1s que nunca en el campo de tensi\u00f3n de los desarrollos geopol\u00edticos. Una flota comercial fuerte y condiciones competitivas son decisivas para la estabilidad econ\u00f3mica y la seguridad del suministro en Alemania y Europa.<\/p>\n<p>Uwe Schmidt, miembro del Bundestag alem\u00e1n, destac\u00f3 que las inversiones en la formaci\u00f3n de personal n\u00e1utico son cruciales para la seguridad. Propuestas como un servicio mar\u00edtimo voluntario podr\u00edan ayudar a crear la profundidad de personal necesaria para una navegaci\u00f3n confiable. Dennis Dacke, l\u00edder del grupo federal de aviaci\u00f3n y econom\u00eda mar\u00edtima en ver.di, enfatiz\u00f3 que sin buenas condiciones laborales y participaci\u00f3n no es posible una navegaci\u00f3n resiliente. Exigi\u00f3 est\u00e1ndares m\u00ednimos vinculantes para los tiempos de trabajo y descanso a bordo, as\u00ed como un control riguroso de los estados de bandera.<\/p>\n<p>El capit\u00e1n Sebastian Die\u00dfner, presidente de la Asociaci\u00f3n de Capitanes y Oficiales de Barcos Alemanes (VDKS), se\u00f1al\u00f3 que es necesaria una perspectiva profesional a largo plazo para los profesionales, a fin de asegurar la experiencia en la navegaci\u00f3n.<\/p>\n<p>La discusi\u00f3n dej\u00f3 claro que la navegaci\u00f3n va mucho m\u00e1s all\u00e1 de su importancia econ\u00f3mica y es una parte central de la infraestructura de seguridad de Alemania y Europa. Los ataques a los buques mercantes y las amenazas h\u00edbridas como los ciberataques aumentan significativamente los riesgos para la industria.<\/p>\n<h3>Conclusi\u00f3n y perspectivas<\/h3>\n<p>Finalmente, Christoph Plo\u00df, coordinador del gobierno federal para la econom\u00eda mar\u00edtima y el turismo, enfatiz\u00f3 el papel esencial de una econom\u00eda mar\u00edtima fuerte para Alemania. El gobierno federal est\u00e1 trabajando para fortalecer la competitividad de las navieras, entre otras cosas, mediante la expansi\u00f3n del impuesto sobre el tonelaje. La Conferencia Mar\u00edtima Nacional (NMK) act\u00faa como un formato central de di\u00e1logo del gobierno federal con la industria mar\u00edtima y re\u00fane regularmente a actores de la pol\u00edtica, la econom\u00eda y los sindicatos para establecer directrices estrat\u00e9gicas para el futuro de la econom\u00eda mar\u00edtima.<\/p>\n<p><a href=\"http:\/\/www.reederverband.de\" target=\"_blank\" rel=\"noopener noreferrer\">www.reederverband.de<\/a><\/p>\n","protected":false},"excerpt":{"rendered":"<p>La econom\u00eda mar\u00edtima es crucial para la seguridad y el suministro de Alemania, por lo que el gobierno federal refuerza su competitividad a trav\u00e9s de inversiones espec\u00edficas y formatos de di\u00e1logo.<\/p>\n","protected":false},"author":7,"featured_media":79773,"comment_status":"open","ping_status":"","sticky":false,"template":"","format":"standard","meta":{"_acf_changed":false,"footnotes":""},"categories":[6655,1607],"tags":[23444,23445,23446,20974,23447,16905,5010,22305,23448,23449,5225,5226,23450,2909,14490,14491,1808,2125,2702,20989,5016,3011,2054,23451,23452,5017,23453,23454,23455,23456,23457,2925,12724,14508,2929,2193,23458,23459,1916,23460,23461,23462,23463,21003,23464,23465,2295,23466,23467,3125,2155,1837,23468,23469,23470],"class_list":["post-79776","post","type-post","status-publish","format-standard","has-post-thumbnail","hentry","category-alemania","category-navegacion-y-puertos","tag-association-des-armateurs-allemands","tag-ausbildung-nautisches-personal","tag-base-de-main-doeuvre-nationale","tag-chaines-dapprovisionnement","tag-conference-maritime-nationale","tag-deutsch-schifffahrt","tag-economie-maritime","tag-fachkraeftemangel-schifffahrt","tag-formation-du-personnel-nautique","tag-freiwilliger-seedienst","tag-geopolitical-tensions","tag-geopolitische-spannungen","tag-german-shipowners-association","tag-hafenbetrieb","tag-hamburg-port","tag-hamburger-hafen","tag-hapag-lloyd","tag-industrie-du-transport","tag-infrastructure-maritime","tag-lieferketten","tag-maritime-economy","tag-maritime-infrastructure","tag-maritime-infrastruktur","tag-maritime-resilience","tag-maritime-resilienz","tag-maritime-wirtschaft","tag-national-maritime-conference-francais-navigation","tag-national-workforce-base","tag-nationale-maritime-konferenz-english-shipping","tag-nationale-personalbasis","tag-nautical-personnel-training","tag-operations-portuaires","tag-penurie-de-main-doeuvre-maritime","tag-port-de-hambourg","tag-port-operations","tag-rail-freight-transport","tag-resilience-maritime","tag-resilienz-der-schifffahrt","tag-schienengueterverkehr","tag-securite-dapprovisionnement-allemagne","tag-service-maritime-volontaire","tag-shipping-resilience","tag-skilled-labor-shortage-shipping","tag-supply-chains","tag-supply-security-germany","tag-taxe-sur-le-tonnage","tag-tensions-geopolitiques","tag-tonnage-tax","tag-tonnagesteuer","tag-transport-ferroviaire-de-marchandises","tag-transport-industry","tag-transportwirtschaft","tag-verbands-deutscher-reeder","tag-versorgungssicherheit-deutschland","tag-voluntary-sea-service"],"acf":[],"yoast_head":"<!-- This site is optimized with the Yoast SEO plugin v27.3 - https:\/\/yoast.com\/product\/yoast-seo-wordpress\/ -->\n<title>Foro de la Industria de la Asociaci\u00f3n de Armadores Alemanes - Loginfo24<\/title>\n<meta name=\"robots\" content=\"index, follow, max-snippet:-1, max-image-preview:large, max-video-preview:-1\" \/>\n<link rel=\"canonical\" href=\"https:\/\/loginfo24.com\/es\/2026\/05\/01\/foro-de-la-industria-de-la-asociacion-de-armadores-alemanes\/\" \/>\n<meta property=\"og:locale\" content=\"es_ES\" \/>\n<meta property=\"og:type\" content=\"article\" \/>\n<meta property=\"og:title\" content=\"Foro de la Industria de la Asociaci\u00f3n de Armadores Alemanes - Loginfo24\" \/>\n<meta property=\"og:description\" content=\"La econom\u00eda mar\u00edtima es crucial para la seguridad y el suministro de Alemania, por lo que el gobierno federal refuerza su competitividad a trav\u00e9s de inversiones espec\u00edficas y formatos de di\u00e1logo.\" \/>\n<meta property=\"og:url\" content=\"https:\/\/loginfo24.com\/es\/2026\/05\/01\/foro-de-la-industria-de-la-asociacion-de-armadores-alemanes\/\" \/>\n<meta property=\"og:site_name\" content=\"Loginfo24\" \/>\n<meta property=\"article:publisher\" content=\"https:\/\/www.facebook.com\/people\/Loginfo24\/100057360583332\/\" \/>\n<meta property=\"article:published_time\" content=\"2026-05-01T15:17:30+00:00\" \/>\n<meta property=\"og:image\" content=\"https:\/\/loginfo24.com\/wp-content\/uploads\/sites\/7\/2026\/05\/Pressemitteilung-NMK-2026-aspect-ratio-1400-788.jpg\" \/>\n\t<meta property=\"og:image:width\" content=\"1364\" \/>\n\t<meta property=\"og:image:height\" content=\"768\" \/>\n\t<meta property=\"og:image:type\" content=\"image\/jpeg\" \/>\n<meta name=\"author\" content=\"Andreas M\u00fcller\" \/>\n<meta name=\"twitter:card\" content=\"summary_large_image\" \/>\n<meta name=\"twitter:label1\" content=\"Escrito por\" \/>\n\t<meta name=\"twitter:data1\" content=\"Andreas M\u00fcller\" \/>\n\t<meta name=\"twitter:label2\" content=\"Tiempo de lectura\" \/>\n\t<meta name=\"twitter:data2\" content=\"4 minuto\" \/>\n<script type=\"application\/ld+json\" class=\"yoast-schema-graph\">{\"@context\":\"https:\\\/\\\/schema.org\",\"@graph\":[{\"@type\":\"Article\",\"@id\":\"https:\\\/\\\/loginfo24.com\\\/es\\\/2026\\\/05\\\/01\\\/foro-de-la-industria-de-la-asociacion-de-armadores-alemanes\\\/#article\",\"isPartOf\":{\"@id\":\"https:\\\/\\\/loginfo24.com\\\/es\\\/2026\\\/05\\\/01\\\/foro-de-la-industria-de-la-asociacion-de-armadores-alemanes\\\/\"},\"author\":{\"name\":\"Andreas M\u00fcller\",\"@id\":\"https:\\\/\\\/loginfo24.com\\\/es\\\/#\\\/schema\\\/person\\\/7b1593b33567ba798d300c8a1b0b85b1\"},\"headline\":\"Foro de la Industria de la Asociaci\u00f3n de Armadores Alemanes\",\"datePublished\":\"2026-05-01T15:17:30+00:00\",\"mainEntityOfPage\":{\"@id\":\"https:\\\/\\\/loginfo24.com\\\/es\\\/2026\\\/05\\\/01\\\/foro-de-la-industria-de-la-asociacion-de-armadores-alemanes\\\/\"},\"wordCount\":802,\"commentCount\":0,\"publisher\":{\"@id\":\"https:\\\/\\\/loginfo24.com\\\/es\\\/#organization\"},\"image\":{\"@id\":\"https:\\\/\\\/loginfo24.com\\\/es\\\/2026\\\/05\\\/01\\\/foro-de-la-industria-de-la-asociacion-de-armadores-alemanes\\\/#primaryimage\"},\"thumbnailUrl\":\"https:\\\/\\\/loginfo24.com\\\/wp-content\\\/uploads\\\/sites\\\/7\\\/2026\\\/05\\\/Pressemitteilung-NMK-2026-aspect-ratio-1400-788.jpg\",\"keywords\":[\"Association des armateurs allemands\",\"Ausbildung nautisches Personal\",\"base de main-d'\u0153uvre nationale\",\"cha\u00eenes d'approvisionnement\",\"Conf\u00e9rence maritime nationale\",\"Deutsch Schifffahrt\",\"\u00e9conomie maritime\",\"Fachkr\u00e4ftemangel Schifffahrt\",\"formation du personnel nautique\",\"freiwilliger Seedienst\",\"geopolitical tensions\",\"geopolitische Spannungen\",\"German Shipowners' Association\",\"Hafenbetrieb\",\"Hamburg port\",\"Hamburger Hafen\",\"Hapag-Lloyd\",\"industrie du transport\",\"infrastructure maritime\",\"Lieferketten\",\"maritime economy\",\"maritime infrastructure\",\"maritime Infrastruktur\",\"maritime resilience\",\"maritime Resilienz\",\"maritime Wirtschaft\",\"National Maritime Conference Fran\u00e7ais navigation\",\"national workforce base\",\"Nationale Maritime Konferenz English shipping\",\"nationale Personalbasis\",\"nautical personnel training\",\"op\u00e9rations portuaires\",\"p\u00e9nurie de main-d'\u0153uvre maritime\",\"port de Hambourg\",\"port operations\",\"rail freight transport\",\"r\u00e9silience maritime\",\"Resilienz der Schifffahrt\",\"Schieneng\u00fcterverkehr\",\"s\u00e9curit\u00e9 d'approvisionnement Allemagne\",\"service maritime volontaire\",\"shipping resilience\",\"skilled labor shortage shipping\",\"supply chains\",\"supply security Germany\",\"taxe sur le tonnage\",\"tensions g\u00e9opolitiques\",\"tonnage tax\",\"Tonnagesteuer\",\"transport ferroviaire de marchandises\",\"transport industry\",\"Transportwirtschaft\",\"Verbands Deutscher Reeder\",\"Versorgungssicherheit Deutschland\",\"voluntary sea service\"],\"articleSection\":[\"Alemania\",\"Navegaci\u00f3n y puertos\"],\"inLanguage\":\"es\",\"potentialAction\":[{\"@type\":\"CommentAction\",\"name\":\"Comment\",\"target\":[\"https:\\\/\\\/loginfo24.com\\\/es\\\/2026\\\/05\\\/01\\\/foro-de-la-industria-de-la-asociacion-de-armadores-alemanes\\\/#respond\"]}]},{\"@type\":\"WebPage\",\"@id\":\"https:\\\/\\\/loginfo24.com\\\/es\\\/2026\\\/05\\\/01\\\/foro-de-la-industria-de-la-asociacion-de-armadores-alemanes\\\/\",\"url\":\"https:\\\/\\\/loginfo24.com\\\/es\\\/2026\\\/05\\\/01\\\/foro-de-la-industria-de-la-asociacion-de-armadores-alemanes\\\/\",\"name\":\"Foro de la Industria de la Asociaci\u00f3n de Armadores Alemanes - Loginfo24\",\"isPartOf\":{\"@id\":\"https:\\\/\\\/loginfo24.com\\\/es\\\/#website\"},\"primaryImageOfPage\":{\"@id\":\"https:\\\/\\\/loginfo24.com\\\/es\\\/2026\\\/05\\\/01\\\/foro-de-la-industria-de-la-asociacion-de-armadores-alemanes\\\/#primaryimage\"},\"image\":{\"@id\":\"https:\\\/\\\/loginfo24.com\\\/es\\\/2026\\\/05\\\/01\\\/foro-de-la-industria-de-la-asociacion-de-armadores-alemanes\\\/#primaryimage\"},\"thumbnailUrl\":\"https:\\\/\\\/loginfo24.com\\\/wp-content\\\/uploads\\\/sites\\\/7\\\/2026\\\/05\\\/Pressemitteilung-NMK-2026-aspect-ratio-1400-788.jpg\",\"datePublished\":\"2026-05-01T15:17:30+00:00\",\"breadcrumb\":{\"@id\":\"https:\\\/\\\/loginfo24.com\\\/es\\\/2026\\\/05\\\/01\\\/foro-de-la-industria-de-la-asociacion-de-armadores-alemanes\\\/#breadcrumb\"},\"inLanguage\":\"es\",\"potentialAction\":[{\"@type\":\"ReadAction\",\"target\":[\"https:\\\/\\\/loginfo24.com\\\/es\\\/2026\\\/05\\\/01\\\/foro-de-la-industria-de-la-asociacion-de-armadores-alemanes\\\/\"]}]},{\"@type\":\"ImageObject\",\"inLanguage\":\"es\",\"@id\":\"https:\\\/\\\/loginfo24.com\\\/es\\\/2026\\\/05\\\/01\\\/foro-de-la-industria-de-la-asociacion-de-armadores-alemanes\\\/#primaryimage\",\"url\":\"https:\\\/\\\/loginfo24.com\\\/wp-content\\\/uploads\\\/sites\\\/7\\\/2026\\\/05\\\/Pressemitteilung-NMK-2026-aspect-ratio-1400-788.jpg\",\"contentUrl\":\"https:\\\/\\\/loginfo24.com\\\/wp-content\\\/uploads\\\/sites\\\/7\\\/2026\\\/05\\\/Pressemitteilung-NMK-2026-aspect-ratio-1400-788.jpg\",\"width\":1364,\"height\":768},{\"@type\":\"BreadcrumbList\",\"@id\":\"https:\\\/\\\/loginfo24.com\\\/es\\\/2026\\\/05\\\/01\\\/foro-de-la-industria-de-la-asociacion-de-armadores-alemanes\\\/#breadcrumb\",\"itemListElement\":[{\"@type\":\"ListItem\",\"position\":1,\"name\":\"Startseite\",\"item\":\"https:\\\/\\\/loginfo24.com\\\/es\\\/\"},{\"@type\":\"ListItem\",\"position\":2,\"name\":\"Foro de la Industria de la Asociaci\u00f3n de Armadores Alemanes\"}]},{\"@type\":\"WebSite\",\"@id\":\"https:\\\/\\\/loginfo24.com\\\/es\\\/#website\",\"url\":\"https:\\\/\\\/loginfo24.com\\\/es\\\/\",\"name\":\"Loginfo24\",\"description\":\"Loginfo24 es la plataforma dedicada a la log\u00edstica y las cadenas de suministro con informaci\u00f3n las 24 horas del d\u00eda.\",\"publisher\":{\"@id\":\"https:\\\/\\\/loginfo24.com\\\/es\\\/#organization\"},\"potentialAction\":[{\"@type\":\"SearchAction\",\"target\":{\"@type\":\"EntryPoint\",\"urlTemplate\":\"https:\\\/\\\/loginfo24.com\\\/es\\\/?s={search_term_string}\"},\"query-input\":{\"@type\":\"PropertyValueSpecification\",\"valueRequired\":true,\"valueName\":\"search_term_string\"}}],\"inLanguage\":\"es\"},{\"@type\":\"Organization\",\"@id\":\"https:\\\/\\\/loginfo24.com\\\/es\\\/#organization\",\"name\":\"Grupo Logismedia AG\",\"url\":\"https:\\\/\\\/loginfo24.com\\\/es\\\/\",\"logo\":{\"@type\":\"ImageObject\",\"inLanguage\":\"es\",\"@id\":\"https:\\\/\\\/loginfo24.com\\\/es\\\/#\\\/schema\\\/logo\\\/image\\\/\",\"url\":\"https:\\\/\\\/loginfo24.com\\\/wp-content\\\/uploads\\\/sites\\\/7\\\/2026\\\/01\\\/Logo_LogInfo24.png\",\"contentUrl\":\"https:\\\/\\\/loginfo24.com\\\/wp-content\\\/uploads\\\/sites\\\/7\\\/2026\\\/01\\\/Logo_LogInfo24.png\",\"width\":938,\"height\":351,\"caption\":\"Grupo Logismedia AG\"},\"image\":{\"@id\":\"https:\\\/\\\/loginfo24.com\\\/es\\\/#\\\/schema\\\/logo\\\/image\\\/\"},\"sameAs\":[\"https:\\\/\\\/www.facebook.com\\\/people\\\/Loginfo24\\\/100057360583332\\\/\",\"https:\\\/\\\/www.linkedin.com\\\/company\\\/lofinfo24\\\/\"]},{\"@type\":\"Person\",\"@id\":\"https:\\\/\\\/loginfo24.com\\\/es\\\/#\\\/schema\\\/person\\\/7b1593b33567ba798d300c8a1b0b85b1\",\"name\":\"Andreas M\u00fcller\",\"url\":\"https:\\\/\\\/loginfo24.com\\\/es\\\/author\\\/logismedia\\\/\"}]}<\/script>\n<!-- \/ Yoast SEO plugin. -->","yoast_head_json":{"title":"Foro de la Industria de la Asociaci\u00f3n de Armadores Alemanes - Loginfo24","robots":{"index":"index","follow":"follow","max-snippet":"max-snippet:-1","max-image-preview":"max-image-preview:large","max-video-preview":"max-video-preview:-1"},"canonical":"https:\/\/loginfo24.com\/es\/2026\/05\/01\/foro-de-la-industria-de-la-asociacion-de-armadores-alemanes\/","og_locale":"es_ES","og_type":"article","og_title":"Foro de la Industria de la Asociaci\u00f3n de Armadores Alemanes - Loginfo24","og_description":"La econom\u00eda mar\u00edtima es crucial para la seguridad y el suministro de Alemania, por lo que el gobierno federal refuerza su competitividad a trav\u00e9s de inversiones espec\u00edficas y formatos de di\u00e1logo.","og_url":"https:\/\/loginfo24.com\/es\/2026\/05\/01\/foro-de-la-industria-de-la-asociacion-de-armadores-alemanes\/","og_site_name":"Loginfo24","article_publisher":"https:\/\/www.facebook.com\/people\/Loginfo24\/100057360583332\/","article_published_time":"2026-05-01T15:17:30+00:00","og_image":[{"width":1364,"height":768,"url":"https:\/\/loginfo24.com\/wp-content\/uploads\/sites\/7\/2026\/05\/Pressemitteilung-NMK-2026-aspect-ratio-1400-788.jpg","type":"image\/jpeg"}],"author":"Andreas M\u00fcller","twitter_card":"summary_large_image","twitter_misc":{"Escrito por":"Andreas M\u00fcller","Tiempo de lectura":"4 minuto"},"schema":{"@context":"https:\/\/schema.org","@graph":[{"@type":"Article","@id":"https:\/\/loginfo24.com\/es\/2026\/05\/01\/foro-de-la-industria-de-la-asociacion-de-armadores-alemanes\/#article","isPartOf":{"@id":"https:\/\/loginfo24.com\/es\/2026\/05\/01\/foro-de-la-industria-de-la-asociacion-de-armadores-alemanes\/"},"author":{"name":"Andreas M\u00fcller","@id":"https:\/\/loginfo24.com\/es\/#\/schema\/person\/7b1593b33567ba798d300c8a1b0b85b1"},"headline":"Foro de la Industria de la Asociaci\u00f3n de Armadores Alemanes","datePublished":"2026-05-01T15:17:30+00:00","mainEntityOfPage":{"@id":"https:\/\/loginfo24.com\/es\/2026\/05\/01\/foro-de-la-industria-de-la-asociacion-de-armadores-alemanes\/"},"wordCount":802,"commentCount":0,"publisher":{"@id":"https:\/\/loginfo24.com\/es\/#organization"},"image":{"@id":"https:\/\/loginfo24.com\/es\/2026\/05\/01\/foro-de-la-industria-de-la-asociacion-de-armadores-alemanes\/#primaryimage"},"thumbnailUrl":"https:\/\/loginfo24.com\/wp-content\/uploads\/sites\/7\/2026\/05\/Pressemitteilung-NMK-2026-aspect-ratio-1400-788.jpg","keywords":["Association des armateurs allemands","Ausbildung nautisches Personal","base de main-d'\u0153uvre nationale","cha\u00eenes d'approvisionnement","Conf\u00e9rence maritime nationale","Deutsch Schifffahrt","\u00e9conomie maritime","Fachkr\u00e4ftemangel Schifffahrt","formation du personnel nautique","freiwilliger Seedienst","geopolitical tensions","geopolitische Spannungen","German Shipowners' Association","Hafenbetrieb","Hamburg port","Hamburger Hafen","Hapag-Lloyd","industrie du transport","infrastructure maritime","Lieferketten","maritime economy","maritime infrastructure","maritime Infrastruktur","maritime resilience","maritime Resilienz","maritime Wirtschaft","National Maritime Conference Fran\u00e7ais navigation","national workforce base","Nationale Maritime Konferenz English shipping","nationale Personalbasis","nautical personnel training","op\u00e9rations portuaires","p\u00e9nurie de main-d'\u0153uvre maritime","port de Hambourg","port operations","rail freight transport","r\u00e9silience maritime","Resilienz der Schifffahrt","Schieneng\u00fcterverkehr","s\u00e9curit\u00e9 d'approvisionnement Allemagne","service maritime volontaire","shipping resilience","skilled labor shortage shipping","supply chains","supply security Germany","taxe sur le tonnage","tensions g\u00e9opolitiques","tonnage tax","Tonnagesteuer","transport ferroviaire de marchandises","transport industry","Transportwirtschaft","Verbands Deutscher Reeder","Versorgungssicherheit Deutschland","voluntary sea service"],"articleSection":["Alemania","Navegaci\u00f3n y puertos"],"inLanguage":"es","potentialAction":[{"@type":"CommentAction","name":"Comment","target":["https:\/\/loginfo24.com\/es\/2026\/05\/01\/foro-de-la-industria-de-la-asociacion-de-armadores-alemanes\/#respond"]}]},{"@type":"WebPage","@id":"https:\/\/loginfo24.com\/es\/2026\/05\/01\/foro-de-la-industria-de-la-asociacion-de-armadores-alemanes\/","url":"https:\/\/loginfo24.com\/es\/2026\/05\/01\/foro-de-la-industria-de-la-asociacion-de-armadores-alemanes\/","name":"Foro de la Industria de la Asociaci\u00f3n de Armadores Alemanes - Loginfo24","isPartOf":{"@id":"https:\/\/loginfo24.com\/es\/#website"},"primaryImageOfPage":{"@id":"https:\/\/loginfo24.com\/es\/2026\/05\/01\/foro-de-la-industria-de-la-asociacion-de-armadores-alemanes\/#primaryimage"},"image":{"@id":"https:\/\/loginfo24.com\/es\/2026\/05\/01\/foro-de-la-industria-de-la-asociacion-de-armadores-alemanes\/#primaryimage"},"thumbnailUrl":"https:\/\/loginfo24.com\/wp-content\/uploads\/sites\/7\/2026\/05\/Pressemitteilung-NMK-2026-aspect-ratio-1400-788.jpg","datePublished":"2026-05-01T15:17:30+00:00","breadcrumb":{"@id":"https:\/\/loginfo24.com\/es\/2026\/05\/01\/foro-de-la-industria-de-la-asociacion-de-armadores-alemanes\/#breadcrumb"},"inLanguage":"es","potentialAction":[{"@type":"ReadAction","target":["https:\/\/loginfo24.com\/es\/2026\/05\/01\/foro-de-la-industria-de-la-asociacion-de-armadores-alemanes\/"]}]},{"@type":"ImageObject","inLanguage":"es","@id":"https:\/\/loginfo24.com\/es\/2026\/05\/01\/foro-de-la-industria-de-la-asociacion-de-armadores-alemanes\/#primaryimage","url":"https:\/\/loginfo24.com\/wp-content\/uploads\/sites\/7\/2026\/05\/Pressemitteilung-NMK-2026-aspect-ratio-1400-788.jpg","contentUrl":"https:\/\/loginfo24.com\/wp-content\/uploads\/sites\/7\/2026\/05\/Pressemitteilung-NMK-2026-aspect-ratio-1400-788.jpg","width":1364,"height":768},{"@type":"BreadcrumbList","@id":"https:\/\/loginfo24.com\/es\/2026\/05\/01\/foro-de-la-industria-de-la-asociacion-de-armadores-alemanes\/#breadcrumb","itemListElement":[{"@type":"ListItem","position":1,"name":"Startseite","item":"https:\/\/loginfo24.com\/es\/"},{"@type":"ListItem","position":2,"name":"Foro de la Industria de la Asociaci\u00f3n de Armadores Alemanes"}]},{"@type":"WebSite","@id":"https:\/\/loginfo24.com\/es\/#website","url":"https:\/\/loginfo24.com\/es\/","name":"Loginfo24","description":"Loginfo24 es la plataforma dedicada a la log\u00edstica y las cadenas de suministro con informaci\u00f3n las 24 horas del d\u00eda.","publisher":{"@id":"https:\/\/loginfo24.com\/es\/#organization"},"potentialAction":[{"@type":"SearchAction","target":{"@type":"EntryPoint","urlTemplate":"https:\/\/loginfo24.com\/es\/?s={search_term_string}"},"query-input":{"@type":"PropertyValueSpecification","valueRequired":true,"valueName":"search_term_string"}}],"inLanguage":"es"},{"@type":"Organization","@id":"https:\/\/loginfo24.com\/es\/#organization","name":"Grupo Logismedia AG","url":"https:\/\/loginfo24.com\/es\/","logo":{"@type":"ImageObject","inLanguage":"es","@id":"https:\/\/loginfo24.com\/es\/#\/schema\/logo\/image\/","url":"https:\/\/loginfo24.com\/wp-content\/uploads\/sites\/7\/2026\/01\/Logo_LogInfo24.png","contentUrl":"https:\/\/loginfo24.com\/wp-content\/uploads\/sites\/7\/2026\/01\/Logo_LogInfo24.png","width":938,"height":351,"caption":"Grupo Logismedia AG"},"image":{"@id":"https:\/\/loginfo24.com\/es\/#\/schema\/logo\/image\/"},"sameAs":["https:\/\/www.facebook.com\/people\/Loginfo24\/100057360583332\/","https:\/\/www.linkedin.com\/company\/lofinfo24\/"]},{"@type":"Person","@id":"https:\/\/loginfo24.com\/es\/#\/schema\/person\/7b1593b33567ba798d300c8a1b0b85b1","name":"Andreas M\u00fcller","url":"https:\/\/loginfo24.com\/es\/author\/logismedia\/"}]}},"_links":{"self":[{"href":"https:\/\/loginfo24.com\/es\/wp-json\/wp\/v2\/posts\/79776","targetHints":{"allow":["GET"]}}],"collection":[{"href":"https:\/\/loginfo24.com\/es\/wp-json\/wp\/v2\/posts"}],"about":[{"href":"https:\/\/loginfo24.com\/es\/wp-json\/wp\/v2\/types\/post"}],"author":[{"embeddable":true,"href":"https:\/\/loginfo24.com\/es\/wp-json\/wp\/v2\/users\/7"}],"replies":[{"embeddable":true,"href":"https:\/\/loginfo24.com\/es\/wp-json\/wp\/v2\/comments?post=79776"}],"version-history":[{"count":0,"href":"https:\/\/loginfo24.com\/es\/wp-json\/wp\/v2\/posts\/79776\/revisions"}],"wp:featuredmedia":[{"embeddable":true,"href":"https:\/\/loginfo24.com\/es\/wp-json\/wp\/v2\/media\/79773"}],"wp:attachment":[{"href":"https:\/\/loginfo24.com\/es\/wp-json\/wp\/v2\/media?parent=79776"}],"wp:term":[{"taxonomy":"category","embeddable":true,"href":"https:\/\/loginfo24.com\/es\/wp-json\/wp\/v2\/categories?post=79776"},{"taxonomy":"post_tag","embeddable":true,"href":"https:\/\/loginfo24.com\/es\/wp-json\/wp\/v2\/tags?post=79776"}],"curies":[{"name":"wp","href":"https:\/\/api.w.org\/{rel}","templated":true}]}}