{"id":79747,"date":"2026-04-30T13:04:39","date_gmt":"2026-04-30T13:04:39","guid":{"rendered":"https:\/\/loginfo24.com\/2026\/04\/30\/nueva-instalacion-de-carga-para-vehiculos-comerciales-de-post\/"},"modified":"2026-04-30T13:04:39","modified_gmt":"2026-04-30T13:04:39","slug":"nueva-instalacion-de-carga-para-vehiculos-comerciales-de-post","status":"publish","type":"post","link":"https:\/\/loginfo24.com\/es\/2026\/04\/30\/nueva-instalacion-de-carga-para-vehiculos-comerciales-de-post\/","title":{"rendered":"Nueva instalaci\u00f3n de carga para veh\u00edculos comerciales de Post"},"content":{"rendered":"<p>Con la puesta en marcha de una nueva estaci\u00f3n de carga en Villmergen (AG), la Swiss Post da un paso m\u00e1s hacia la electrificaci\u00f3n de su flota de veh\u00edculos comerciales. Esta instalaci\u00f3n, que se encuentra en el terreno del nuevo centro log\u00edstico de Swiss Post Cargo, se considera una de las m\u00e1s grandes de su tipo en Suiza y ofrece una infraestructura potente para camiones el\u00e9ctricos y autobuses postales.<\/p>\n<h3>Infraestructura de carga eficiente para veh\u00edculos comerciales el\u00e9ctricos<\/h3>\n<p>La nueva estaci\u00f3n de carga cuenta con un total de 16 puntos de carga, incluidos cargadores r\u00e1pidos con una potencia de hasta 400 kW. Estas capacidades permiten no solo la carga eficiente de los propios veh\u00edculos comerciales pesados de la Post, sino que tambi\u00e9n est\u00e1n disponibles para socios log\u00edsticos y otros clientes externos. Con esta medida, la Post no solo busca cumplir con sus propias necesidades operativas, sino tambi\u00e9n facilitar a otras empresas la transici\u00f3n a propulsiones el\u00e9ctricas.<\/p>\n<p>Una caracter\u00edstica especial de la infraestructura de carga construida por Repower es la innovadora gesti\u00f3n de cables, que se desarrolla en altura. Esta soluci\u00f3n permite a la Post utilizar de manera \u00f3ptima el espacio log\u00edstico disponible y, al mismo tiempo, proporcionar una infraestructura de carga potente.<\/p>\n<h3>Contribuci\u00f3n a la transformaci\u00f3n de la movilidad en el transporte pesado<\/h3>\n<p>La Post considera que la nueva estaci\u00f3n de carga es una contribuci\u00f3n importante a la transformaci\u00f3n de la movilidad en el transporte pesado. En un evento reciente, socios de los sectores de log\u00edstica, transporte y energ\u00eda tuvieron la oportunidad de conocer de primera mano la nueva infraestructura. La combinaci\u00f3n de infraestructura inteligente y alta potencia de carga tiene como objetivo fomentar la aceptaci\u00f3n y el uso de veh\u00edculos comerciales el\u00e9ctricos.<\/p>\n<p>Al proporcionar esta infraestructura de carga, la Post se posiciona como un actor activo en la transformaci\u00f3n del sector del transporte y apoya a la industria en la b\u00fasqueda de soluciones m\u00e1s sostenibles.<\/p>\n<p>&nbsp;<\/p>\n<p><a href=\"https:\/\/www.swisspost-cargo.com\/\" target=\"_blank\" rel=\"noopener noreferrer\">www.swisspost-cargo.com<\/a><\/p>\n<p>&nbsp;<\/p>\n","protected":false},"excerpt":{"rendered":"<p>La Posta Suiza ha inaugurado en Villmergen una nueva instalaci\u00f3n de carga para veh\u00edculos comerciales el\u00e9ctricos, con el fin de impulsar la electrificaci\u00f3n de su flota y la transici\u00f3n de movilidad en el transporte pesado.<\/p>\n","protected":false},"author":12,"featured_media":79744,"comment_status":"open","ping_status":"","sticky":false,"template":"","format":"standard","meta":{"_acf_changed":false,"footnotes":""},"categories":[6679,1604,6659,1605],"tags":[23197,23198,23199,23200,2115,2116,23201,23202,23203,23204,9534,23205,23206,9537,23207,10957,23208,23209,23210,23211,23212,23213,23214,23215,23216,23217,23218,23219,23220,23221,23222,6379,3157,23223,10972,23224,23225,23226,23227,23228,23229,23230,10206,4268,4269,23231,23232,23233,9559],"class_list":["post-79747","post","type-post","status-publish","format-standard","has-post-thumbnail","hentry","category-europa","category-intermodal-carretera","category-suiza","category-expedicion-y-logistica","tag-centre-logistique-swiss-post-cargo","tag-chargeurs-rapides-400-kw","tag-charging-infrastructure-switzerland","tag-deutsch-ladeanlage-villmergen","tag-digitalisierung-in-der-logistik","tag-digitalization-in-logistics","tag-e-ladepunkte","tag-efficient-charging-of-commercial-vehicles","tag-effizientes-laden-von-nutzfahrzeugen","tag-electric-charging-points","tag-electric-commercial-vehicles","tag-electric-drives","tag-elektrische-antriebe","tag-elektrische-nutzfahrzeuge","tag-entrainements-electriques","tag-fachkraeftemangel-logistikbranche","tag-fast-chargers-400-kw","tag-gestion-innovante-des-cables","tag-heavy-freight-transport","tag-infrastructure-de-recharge-repower","tag-infrastructure-de-recharge-suisse","tag-innovative-cable-management-francais-station-de-recharge-villmergen","tag-innovative-kabelfuehrung-english-charging-station-villmergen","tag-labor-shortage-logistics-industry","tag-ladeinfrastruktur-schweiz","tag-logistics-center-swiss-post-cargo","tag-logistics-partners-electric-charging","tag-logistikpartner-e-ladung","tag-logistikzentrum-swiss-post-cargo","tag-mobilitaetswende-schwerverkehr","tag-mobility-transition-heavy-transport","tag-nachhaltige-transportloesungen","tag-numerisation-dans-la-logistique","tag-partenaires-logistiques-recharge-electrique","tag-penurie-de-main-doeuvre-secteur-logistique","tag-points-de-recharge-electriques","tag-poste-suisse","tag-recharge-efficace-des-vehicules-utilitaires","tag-repower-charging-infrastructure","tag-repower-ladeinfrastruktur","tag-schnelllader-400-kw","tag-schweizerische-post","tag-schwerlasttransport","tag-solutions-de-transport-durables","tag-sustainable-transport-solutions","tag-swiss-post","tag-transition-de-mobilite-transport-lourd","tag-transport-de-fret-lourd","tag-vehicules-utilitaires-electriques"],"acf":[],"yoast_head":"<!-- This site is optimized with the Yoast SEO plugin v27.3 - https:\/\/yoast.com\/product\/yoast-seo-wordpress\/ -->\n<title>Nueva instalaci\u00f3n de carga para veh\u00edculos comerciales de Post - Loginfo24<\/title>\n<meta name=\"robots\" content=\"index, follow, max-snippet:-1, max-image-preview:large, max-video-preview:-1\" \/>\n<link rel=\"canonical\" href=\"https:\/\/loginfo24.com\/es\/2026\/04\/30\/nueva-instalacion-de-carga-para-vehiculos-comerciales-de-post\/\" \/>\n<meta property=\"og:locale\" content=\"es_ES\" \/>\n<meta property=\"og:type\" content=\"article\" \/>\n<meta property=\"og:title\" content=\"Nueva instalaci\u00f3n de carga para veh\u00edculos comerciales de Post - Loginfo24\" \/>\n<meta property=\"og:description\" content=\"La Posta Suiza ha inaugurado en Villmergen una nueva instalaci\u00f3n de carga para veh\u00edculos comerciales el\u00e9ctricos, con el fin de impulsar la electrificaci\u00f3n de su flota y la transici\u00f3n de movilidad en el transporte pesado.\" \/>\n<meta property=\"og:url\" content=\"https:\/\/loginfo24.com\/es\/2026\/04\/30\/nueva-instalacion-de-carga-para-vehiculos-comerciales-de-post\/\" \/>\n<meta property=\"og:site_name\" content=\"Loginfo24\" \/>\n<meta property=\"article:publisher\" content=\"https:\/\/www.facebook.com\/people\/Loginfo24\/100057360583332\/\" \/>\n<meta property=\"article:published_time\" content=\"2026-04-30T13:04:39+00:00\" \/>\n<meta property=\"og:image\" content=\"https:\/\/loginfo24.com\/wp-content\/uploads\/sites\/7\/2026\/04\/Post-CH-1776786129812-aspect-ratio-1400-788.jpg\" \/>\n\t<meta property=\"og:image:width\" content=\"1280\" \/>\n\t<meta property=\"og:image:height\" content=\"721\" \/>\n\t<meta property=\"og:image:type\" content=\"image\/jpeg\" \/>\n<meta name=\"author\" content=\"Andreas Haug\" \/>\n<meta name=\"twitter:card\" content=\"summary_large_image\" \/>\n<meta name=\"twitter:label1\" content=\"Escrito por\" \/>\n\t<meta name=\"twitter:data1\" content=\"Andreas Haug\" \/>\n\t<meta name=\"twitter:label2\" content=\"Tiempo de lectura\" \/>\n\t<meta name=\"twitter:data2\" content=\"2 minuto\" \/>\n<script type=\"application\/ld+json\" class=\"yoast-schema-graph\">{\"@context\":\"https:\\\/\\\/schema.org\",\"@graph\":[{\"@type\":\"Article\",\"@id\":\"https:\\\/\\\/loginfo24.com\\\/es\\\/2026\\\/04\\\/30\\\/nueva-instalacion-de-carga-para-vehiculos-comerciales-de-post\\\/#article\",\"isPartOf\":{\"@id\":\"https:\\\/\\\/loginfo24.com\\\/es\\\/2026\\\/04\\\/30\\\/nueva-instalacion-de-carga-para-vehiculos-comerciales-de-post\\\/\"},\"author\":{\"name\":\"Andreas Haug\",\"@id\":\"https:\\\/\\\/loginfo24.com\\\/es\\\/#\\\/schema\\\/person\\\/cf538b3157f15afd7589245a4b3dbd25\"},\"headline\":\"Nueva instalaci\u00f3n de carga para veh\u00edculos comerciales de Post\",\"datePublished\":\"2026-04-30T13:04:39+00:00\",\"mainEntityOfPage\":{\"@id\":\"https:\\\/\\\/loginfo24.com\\\/es\\\/2026\\\/04\\\/30\\\/nueva-instalacion-de-carga-para-vehiculos-comerciales-de-post\\\/\"},\"wordCount\":366,\"commentCount\":0,\"publisher\":{\"@id\":\"https:\\\/\\\/loginfo24.com\\\/es\\\/#organization\"},\"image\":{\"@id\":\"https:\\\/\\\/loginfo24.com\\\/es\\\/2026\\\/04\\\/30\\\/nueva-instalacion-de-carga-para-vehiculos-comerciales-de-post\\\/#primaryimage\"},\"thumbnailUrl\":\"https:\\\/\\\/loginfo24.com\\\/wp-content\\\/uploads\\\/sites\\\/7\\\/2026\\\/04\\\/Post-CH-1776786129812-aspect-ratio-1400-788.jpg\",\"keywords\":[\"centre logistique Swiss Post Cargo\",\"chargeurs rapides 400 kW\",\"charging infrastructure Switzerland\",\"Deutsch Ladeanlage Villmergen\",\"Digitalisierung in der Logistik\",\"digitalization in logistics\",\"E-Ladepunkte\",\"efficient charging of commercial vehicles\",\"effizientes Laden von Nutzfahrzeugen\",\"electric charging points\",\"electric commercial vehicles\",\"electric drives\",\"elektrische Antriebe\",\"elektrische Nutzfahrzeuge\",\"entra\u00eenements \u00e9lectriques\",\"Fachkr\u00e4ftemangel Logistikbranche\",\"fast chargers 400 kW\",\"gestion innovante des c\u00e2bles\",\"heavy freight transport\",\"infrastructure de recharge Repower\",\"infrastructure de recharge Suisse\",\"innovative cable management Fran\u00e7ais station de recharge Villmergen\",\"innovative Kabelf\u00fchrung English charging station Villmergen\",\"labor shortage logistics industry\",\"Ladeinfrastruktur Schweiz\",\"logistics center Swiss Post Cargo\",\"logistics partners electric charging\",\"Logistikpartner E-Ladung\",\"Logistikzentrum Swiss Post Cargo\",\"Mobilit\u00e4tswende Schwerverkehr\",\"mobility transition heavy transport\",\"nachhaltige Transportl\u00f6sungen\",\"num\u00e9risation dans la logistique\",\"partenaires logistiques recharge \u00e9lectrique\",\"p\u00e9nurie de main-d'\u0153uvre secteur logistique\",\"points de recharge \u00e9lectriques\",\"Poste Suisse\",\"recharge efficace des v\u00e9hicules utilitaires\",\"Repower charging infrastructure\",\"Repower Ladeinfrastruktur\",\"Schnelllader 400 kW\",\"Schweizerische Post\",\"Schwerlasttransport\",\"solutions de transport durables\",\"sustainable transport solutions\",\"Swiss Post\",\"transition de mobilit\u00e9 transport lourd\",\"transport de fret lourd\",\"v\u00e9hicules utilitaires \u00e9lectriques\"],\"articleSection\":[\"Europa\",\"Intermodal \\\/ Carretera\",\"Suiza\",\"Transporte de mercanc\u00edas y log\u00edstica\"],\"inLanguage\":\"es\",\"potentialAction\":[{\"@type\":\"CommentAction\",\"name\":\"Comment\",\"target\":[\"https:\\\/\\\/loginfo24.com\\\/es\\\/2026\\\/04\\\/30\\\/nueva-instalacion-de-carga-para-vehiculos-comerciales-de-post\\\/#respond\"]}]},{\"@type\":\"WebPage\",\"@id\":\"https:\\\/\\\/loginfo24.com\\\/es\\\/2026\\\/04\\\/30\\\/nueva-instalacion-de-carga-para-vehiculos-comerciales-de-post\\\/\",\"url\":\"https:\\\/\\\/loginfo24.com\\\/es\\\/2026\\\/04\\\/30\\\/nueva-instalacion-de-carga-para-vehiculos-comerciales-de-post\\\/\",\"name\":\"Nueva instalaci\u00f3n de carga para veh\u00edculos comerciales de Post - Loginfo24\",\"isPartOf\":{\"@id\":\"https:\\\/\\\/loginfo24.com\\\/es\\\/#website\"},\"primaryImageOfPage\":{\"@id\":\"https:\\\/\\\/loginfo24.com\\\/es\\\/2026\\\/04\\\/30\\\/nueva-instalacion-de-carga-para-vehiculos-comerciales-de-post\\\/#primaryimage\"},\"image\":{\"@id\":\"https:\\\/\\\/loginfo24.com\\\/es\\\/2026\\\/04\\\/30\\\/nueva-instalacion-de-carga-para-vehiculos-comerciales-de-post\\\/#primaryimage\"},\"thumbnailUrl\":\"https:\\\/\\\/loginfo24.com\\\/wp-content\\\/uploads\\\/sites\\\/7\\\/2026\\\/04\\\/Post-CH-1776786129812-aspect-ratio-1400-788.jpg\",\"datePublished\":\"2026-04-30T13:04:39+00:00\",\"breadcrumb\":{\"@id\":\"https:\\\/\\\/loginfo24.com\\\/es\\\/2026\\\/04\\\/30\\\/nueva-instalacion-de-carga-para-vehiculos-comerciales-de-post\\\/#breadcrumb\"},\"inLanguage\":\"es\",\"potentialAction\":[{\"@type\":\"ReadAction\",\"target\":[\"https:\\\/\\\/loginfo24.com\\\/es\\\/2026\\\/04\\\/30\\\/nueva-instalacion-de-carga-para-vehiculos-comerciales-de-post\\\/\"]}]},{\"@type\":\"ImageObject\",\"inLanguage\":\"es\",\"@id\":\"https:\\\/\\\/loginfo24.com\\\/es\\\/2026\\\/04\\\/30\\\/nueva-instalacion-de-carga-para-vehiculos-comerciales-de-post\\\/#primaryimage\",\"url\":\"https:\\\/\\\/loginfo24.com\\\/wp-content\\\/uploads\\\/sites\\\/7\\\/2026\\\/04\\\/Post-CH-1776786129812-aspect-ratio-1400-788.jpg\",\"contentUrl\":\"https:\\\/\\\/loginfo24.com\\\/wp-content\\\/uploads\\\/sites\\\/7\\\/2026\\\/04\\\/Post-CH-1776786129812-aspect-ratio-1400-788.jpg\",\"width\":1280,\"height\":721},{\"@type\":\"BreadcrumbList\",\"@id\":\"https:\\\/\\\/loginfo24.com\\\/es\\\/2026\\\/04\\\/30\\\/nueva-instalacion-de-carga-para-vehiculos-comerciales-de-post\\\/#breadcrumb\",\"itemListElement\":[{\"@type\":\"ListItem\",\"position\":1,\"name\":\"Startseite\",\"item\":\"https:\\\/\\\/loginfo24.com\\\/es\\\/\"},{\"@type\":\"ListItem\",\"position\":2,\"name\":\"Nueva instalaci\u00f3n de carga para veh\u00edculos comerciales de Post\"}]},{\"@type\":\"WebSite\",\"@id\":\"https:\\\/\\\/loginfo24.com\\\/es\\\/#website\",\"url\":\"https:\\\/\\\/loginfo24.com\\\/es\\\/\",\"name\":\"Loginfo24\",\"description\":\"Loginfo24 es la plataforma dedicada a la log\u00edstica y las cadenas de suministro con informaci\u00f3n las 24 horas del d\u00eda.\",\"publisher\":{\"@id\":\"https:\\\/\\\/loginfo24.com\\\/es\\\/#organization\"},\"potentialAction\":[{\"@type\":\"SearchAction\",\"target\":{\"@type\":\"EntryPoint\",\"urlTemplate\":\"https:\\\/\\\/loginfo24.com\\\/es\\\/?s={search_term_string}\"},\"query-input\":{\"@type\":\"PropertyValueSpecification\",\"valueRequired\":true,\"valueName\":\"search_term_string\"}}],\"inLanguage\":\"es\"},{\"@type\":\"Organization\",\"@id\":\"https:\\\/\\\/loginfo24.com\\\/es\\\/#organization\",\"name\":\"Grupo Logismedia AG\",\"url\":\"https:\\\/\\\/loginfo24.com\\\/es\\\/\",\"logo\":{\"@type\":\"ImageObject\",\"inLanguage\":\"es\",\"@id\":\"https:\\\/\\\/loginfo24.com\\\/es\\\/#\\\/schema\\\/logo\\\/image\\\/\",\"url\":\"https:\\\/\\\/loginfo24.com\\\/wp-content\\\/uploads\\\/sites\\\/7\\\/2026\\\/01\\\/Logo_LogInfo24.png\",\"contentUrl\":\"https:\\\/\\\/loginfo24.com\\\/wp-content\\\/uploads\\\/sites\\\/7\\\/2026\\\/01\\\/Logo_LogInfo24.png\",\"width\":938,\"height\":351,\"caption\":\"Grupo Logismedia AG\"},\"image\":{\"@id\":\"https:\\\/\\\/loginfo24.com\\\/es\\\/#\\\/schema\\\/logo\\\/image\\\/\"},\"sameAs\":[\"https:\\\/\\\/www.facebook.com\\\/people\\\/Loginfo24\\\/100057360583332\\\/\",\"https:\\\/\\\/www.linkedin.com\\\/company\\\/lofinfo24\\\/\"]},{\"@type\":\"Person\",\"@id\":\"https:\\\/\\\/loginfo24.com\\\/es\\\/#\\\/schema\\\/person\\\/cf538b3157f15afd7589245a4b3dbd25\",\"name\":\"Andreas Haug\",\"url\":\"https:\\\/\\\/loginfo24.com\\\/es\\\/author\\\/andreas\\\/\"}]}<\/script>\n<!-- \/ Yoast SEO plugin. -->","yoast_head_json":{"title":"Nueva instalaci\u00f3n de carga para veh\u00edculos comerciales de Post - Loginfo24","robots":{"index":"index","follow":"follow","max-snippet":"max-snippet:-1","max-image-preview":"max-image-preview:large","max-video-preview":"max-video-preview:-1"},"canonical":"https:\/\/loginfo24.com\/es\/2026\/04\/30\/nueva-instalacion-de-carga-para-vehiculos-comerciales-de-post\/","og_locale":"es_ES","og_type":"article","og_title":"Nueva instalaci\u00f3n de carga para veh\u00edculos comerciales de Post - Loginfo24","og_description":"La Posta Suiza ha inaugurado en Villmergen una nueva instalaci\u00f3n de carga para veh\u00edculos comerciales el\u00e9ctricos, con el fin de impulsar la electrificaci\u00f3n de su flota y la transici\u00f3n de movilidad en el transporte pesado.","og_url":"https:\/\/loginfo24.com\/es\/2026\/04\/30\/nueva-instalacion-de-carga-para-vehiculos-comerciales-de-post\/","og_site_name":"Loginfo24","article_publisher":"https:\/\/www.facebook.com\/people\/Loginfo24\/100057360583332\/","article_published_time":"2026-04-30T13:04:39+00:00","og_image":[{"width":1280,"height":721,"url":"https:\/\/loginfo24.com\/wp-content\/uploads\/sites\/7\/2026\/04\/Post-CH-1776786129812-aspect-ratio-1400-788.jpg","type":"image\/jpeg"}],"author":"Andreas Haug","twitter_card":"summary_large_image","twitter_misc":{"Escrito por":"Andreas Haug","Tiempo de lectura":"2 minuto"},"schema":{"@context":"https:\/\/schema.org","@graph":[{"@type":"Article","@id":"https:\/\/loginfo24.com\/es\/2026\/04\/30\/nueva-instalacion-de-carga-para-vehiculos-comerciales-de-post\/#article","isPartOf":{"@id":"https:\/\/loginfo24.com\/es\/2026\/04\/30\/nueva-instalacion-de-carga-para-vehiculos-comerciales-de-post\/"},"author":{"name":"Andreas Haug","@id":"https:\/\/loginfo24.com\/es\/#\/schema\/person\/cf538b3157f15afd7589245a4b3dbd25"},"headline":"Nueva instalaci\u00f3n de carga para veh\u00edculos comerciales de Post","datePublished":"2026-04-30T13:04:39+00:00","mainEntityOfPage":{"@id":"https:\/\/loginfo24.com\/es\/2026\/04\/30\/nueva-instalacion-de-carga-para-vehiculos-comerciales-de-post\/"},"wordCount":366,"commentCount":0,"publisher":{"@id":"https:\/\/loginfo24.com\/es\/#organization"},"image":{"@id":"https:\/\/loginfo24.com\/es\/2026\/04\/30\/nueva-instalacion-de-carga-para-vehiculos-comerciales-de-post\/#primaryimage"},"thumbnailUrl":"https:\/\/loginfo24.com\/wp-content\/uploads\/sites\/7\/2026\/04\/Post-CH-1776786129812-aspect-ratio-1400-788.jpg","keywords":["centre logistique Swiss Post Cargo","chargeurs rapides 400 kW","charging infrastructure Switzerland","Deutsch Ladeanlage Villmergen","Digitalisierung in der Logistik","digitalization in logistics","E-Ladepunkte","efficient charging of commercial vehicles","effizientes Laden von Nutzfahrzeugen","electric charging points","electric commercial vehicles","electric drives","elektrische Antriebe","elektrische Nutzfahrzeuge","entra\u00eenements \u00e9lectriques","Fachkr\u00e4ftemangel Logistikbranche","fast chargers 400 kW","gestion innovante des c\u00e2bles","heavy freight transport","infrastructure de recharge Repower","infrastructure de recharge Suisse","innovative cable management Fran\u00e7ais station de recharge Villmergen","innovative Kabelf\u00fchrung English charging station Villmergen","labor shortage logistics industry","Ladeinfrastruktur Schweiz","logistics center Swiss Post Cargo","logistics partners electric charging","Logistikpartner E-Ladung","Logistikzentrum Swiss Post Cargo","Mobilit\u00e4tswende Schwerverkehr","mobility transition heavy transport","nachhaltige Transportl\u00f6sungen","num\u00e9risation dans la logistique","partenaires logistiques recharge \u00e9lectrique","p\u00e9nurie de main-d'\u0153uvre secteur logistique","points de recharge \u00e9lectriques","Poste Suisse","recharge efficace des v\u00e9hicules utilitaires","Repower charging infrastructure","Repower Ladeinfrastruktur","Schnelllader 400 kW","Schweizerische Post","Schwerlasttransport","solutions de transport durables","sustainable transport solutions","Swiss Post","transition de mobilit\u00e9 transport lourd","transport de fret lourd","v\u00e9hicules utilitaires \u00e9lectriques"],"articleSection":["Europa","Intermodal \/ Carretera","Suiza","Transporte de mercanc\u00edas y log\u00edstica"],"inLanguage":"es","potentialAction":[{"@type":"CommentAction","name":"Comment","target":["https:\/\/loginfo24.com\/es\/2026\/04\/30\/nueva-instalacion-de-carga-para-vehiculos-comerciales-de-post\/#respond"]}]},{"@type":"WebPage","@id":"https:\/\/loginfo24.com\/es\/2026\/04\/30\/nueva-instalacion-de-carga-para-vehiculos-comerciales-de-post\/","url":"https:\/\/loginfo24.com\/es\/2026\/04\/30\/nueva-instalacion-de-carga-para-vehiculos-comerciales-de-post\/","name":"Nueva instalaci\u00f3n de carga para veh\u00edculos comerciales de Post - Loginfo24","isPartOf":{"@id":"https:\/\/loginfo24.com\/es\/#website"},"primaryImageOfPage":{"@id":"https:\/\/loginfo24.com\/es\/2026\/04\/30\/nueva-instalacion-de-carga-para-vehiculos-comerciales-de-post\/#primaryimage"},"image":{"@id":"https:\/\/loginfo24.com\/es\/2026\/04\/30\/nueva-instalacion-de-carga-para-vehiculos-comerciales-de-post\/#primaryimage"},"thumbnailUrl":"https:\/\/loginfo24.com\/wp-content\/uploads\/sites\/7\/2026\/04\/Post-CH-1776786129812-aspect-ratio-1400-788.jpg","datePublished":"2026-04-30T13:04:39+00:00","breadcrumb":{"@id":"https:\/\/loginfo24.com\/es\/2026\/04\/30\/nueva-instalacion-de-carga-para-vehiculos-comerciales-de-post\/#breadcrumb"},"inLanguage":"es","potentialAction":[{"@type":"ReadAction","target":["https:\/\/loginfo24.com\/es\/2026\/04\/30\/nueva-instalacion-de-carga-para-vehiculos-comerciales-de-post\/"]}]},{"@type":"ImageObject","inLanguage":"es","@id":"https:\/\/loginfo24.com\/es\/2026\/04\/30\/nueva-instalacion-de-carga-para-vehiculos-comerciales-de-post\/#primaryimage","url":"https:\/\/loginfo24.com\/wp-content\/uploads\/sites\/7\/2026\/04\/Post-CH-1776786129812-aspect-ratio-1400-788.jpg","contentUrl":"https:\/\/loginfo24.com\/wp-content\/uploads\/sites\/7\/2026\/04\/Post-CH-1776786129812-aspect-ratio-1400-788.jpg","width":1280,"height":721},{"@type":"BreadcrumbList","@id":"https:\/\/loginfo24.com\/es\/2026\/04\/30\/nueva-instalacion-de-carga-para-vehiculos-comerciales-de-post\/#breadcrumb","itemListElement":[{"@type":"ListItem","position":1,"name":"Startseite","item":"https:\/\/loginfo24.com\/es\/"},{"@type":"ListItem","position":2,"name":"Nueva instalaci\u00f3n de carga para veh\u00edculos comerciales de Post"}]},{"@type":"WebSite","@id":"https:\/\/loginfo24.com\/es\/#website","url":"https:\/\/loginfo24.com\/es\/","name":"Loginfo24","description":"Loginfo24 es la plataforma dedicada a la log\u00edstica y las cadenas de suministro con informaci\u00f3n las 24 horas del d\u00eda.","publisher":{"@id":"https:\/\/loginfo24.com\/es\/#organization"},"potentialAction":[{"@type":"SearchAction","target":{"@type":"EntryPoint","urlTemplate":"https:\/\/loginfo24.com\/es\/?s={search_term_string}"},"query-input":{"@type":"PropertyValueSpecification","valueRequired":true,"valueName":"search_term_string"}}],"inLanguage":"es"},{"@type":"Organization","@id":"https:\/\/loginfo24.com\/es\/#organization","name":"Grupo Logismedia AG","url":"https:\/\/loginfo24.com\/es\/","logo":{"@type":"ImageObject","inLanguage":"es","@id":"https:\/\/loginfo24.com\/es\/#\/schema\/logo\/image\/","url":"https:\/\/loginfo24.com\/wp-content\/uploads\/sites\/7\/2026\/01\/Logo_LogInfo24.png","contentUrl":"https:\/\/loginfo24.com\/wp-content\/uploads\/sites\/7\/2026\/01\/Logo_LogInfo24.png","width":938,"height":351,"caption":"Grupo Logismedia AG"},"image":{"@id":"https:\/\/loginfo24.com\/es\/#\/schema\/logo\/image\/"},"sameAs":["https:\/\/www.facebook.com\/people\/Loginfo24\/100057360583332\/","https:\/\/www.linkedin.com\/company\/lofinfo24\/"]},{"@type":"Person","@id":"https:\/\/loginfo24.com\/es\/#\/schema\/person\/cf538b3157f15afd7589245a4b3dbd25","name":"Andreas Haug","url":"https:\/\/loginfo24.com\/es\/author\/andreas\/"}]}},"_links":{"self":[{"href":"https:\/\/loginfo24.com\/es\/wp-json\/wp\/v2\/posts\/79747","targetHints":{"allow":["GET"]}}],"collection":[{"href":"https:\/\/loginfo24.com\/es\/wp-json\/wp\/v2\/posts"}],"about":[{"href":"https:\/\/loginfo24.com\/es\/wp-json\/wp\/v2\/types\/post"}],"author":[{"embeddable":true,"href":"https:\/\/loginfo24.com\/es\/wp-json\/wp\/v2\/users\/12"}],"replies":[{"embeddable":true,"href":"https:\/\/loginfo24.com\/es\/wp-json\/wp\/v2\/comments?post=79747"}],"version-history":[{"count":0,"href":"https:\/\/loginfo24.com\/es\/wp-json\/wp\/v2\/posts\/79747\/revisions"}],"wp:featuredmedia":[{"embeddable":true,"href":"https:\/\/loginfo24.com\/es\/wp-json\/wp\/v2\/media\/79744"}],"wp:attachment":[{"href":"https:\/\/loginfo24.com\/es\/wp-json\/wp\/v2\/media?parent=79747"}],"wp:term":[{"taxonomy":"category","embeddable":true,"href":"https:\/\/loginfo24.com\/es\/wp-json\/wp\/v2\/categories?post=79747"},{"taxonomy":"post_tag","embeddable":true,"href":"https:\/\/loginfo24.com\/es\/wp-json\/wp\/v2\/tags?post=79747"}],"curies":[{"name":"wp","href":"https:\/\/api.w.org\/{rel}","templated":true}]}}