{"id":79583,"date":"2026-04-29T11:51:10","date_gmt":"2026-04-29T11:51:10","guid":{"rendered":"https:\/\/loginfo24.com\/2026\/04\/29\/buildinx-2026-se-expande-al-area-de-centros-de-datos\/"},"modified":"2026-04-29T11:51:10","modified_gmt":"2026-04-29T11:51:10","slug":"buildinx-2026-se-expande-al-area-de-centros-de-datos","status":"publish","type":"post","link":"https:\/\/loginfo24.com\/es\/2026\/04\/29\/buildinx-2026-se-expande-al-area-de-centros-de-datos\/","title":{"rendered":"BUILDINX 2026 se expande al \u00e1rea de centros de datos"},"content":{"rendered":"<p>La feria de Dortmund ampl\u00eda su oferta tem\u00e1tica para la BUILDINX 2026 con el \u00e1rea de centros de datos. Esto ocurre en el contexto de un mercado en crecimiento, cuyas demandas se superponen en muchos aspectos con las de los inmuebles log\u00edsticos e industriales. Entre los temas centrales se encuentran, entre otros, la disponibilidad de espacios, el suministro de energ\u00eda, as\u00ed como aspectos de sostenibilidad, soluciones t\u00e9cnicas para edificios y gesti\u00f3n de instalaciones.<\/p>\n<h3>Ampliaci\u00f3n del campo tem\u00e1tico de centros de datos<\/h3>\n<p>Seg\u00fan informa la feria de Dortmund, el \u00e1rea de centros de datos se centrar\u00e1 m\u00e1s en la pr\u00f3xima edici\u00f3n de la BUILDINX. Ya en los eventos anteriores, el tema estuvo presente en el programa complementario, y las empresas expositoras presentaron soluciones para el suministro de energ\u00eda y la protecci\u00f3n contra incendios. Con la inclusi\u00f3n de eco \u2013 Verband der Internetwirtschaft e.V. como socio, se integrar\u00e1 la experiencia en el \u00e1rea de infraestructura digital y centros de datos en el programa de conferencias.<\/p>\n<p>Sabine Loos, directora general del grupo empresarial Westfalenhallen, enfatiza la importancia de los centros de datos: &#8222;La demanda est\u00e1 creciendo r\u00e1pidamente en Alemania y Europa, y con ella las exigencias en cuanto a espacios, energ\u00eda, sostenibilidad e infraestructura t\u00e9cnica.&#8220; Ella ve la mayor consolidaci\u00f3n de este \u00e1rea como un paso l\u00f3gico, ya que muchos desaf\u00edos est\u00e1n estrechamente vinculados a los inmuebles log\u00edsticos e industriales modernos. La colaboraci\u00f3n con eco deber\u00eda aportar competencia t\u00e9cnica adicional y aumentar la relevancia para las empresas que consideran de manera integral el ciclo de vida de los inmuebles sostenibles.<\/p>\n<h3>Conexi\u00f3n entre el sector inmobiliario y la infraestructura digital<\/h3>\n<p>La BUILDINX abordar\u00e1 en el futuro las interfaces entre el sector inmobiliario y la infraestructura digital de manera m\u00e1s intensa. Esto incluye aspectos como cuestiones de nueva construcci\u00f3n y espacio, seguridad del suministro, resiliencia, criterios ESG, as\u00ed como la integraci\u00f3n en redes existentes y el equipamiento t\u00e9cnico de los edificios. De este modo, la BUILDINX se posiciona como una plataforma a lo largo de toda la cadena de valor de inmuebles innovadores para log\u00edstica, industria y centros de datos.<\/p>\n<p>La Asociaci\u00f3n Federal de Log\u00edstica (BVL) seguir\u00e1 siendo un socio profesional de la feria y contribuir\u00e1 de manera significativa al programa de conferencias y reuniones con el \u00e1mbito tem\u00e1tico de inmuebles log\u00edsticos. La inclusi\u00f3n de eco ampl\u00eda la plataforma con perspectivas pr\u00e1cticas de un segmento de infraestructura din\u00e1mico.<\/p>\n<p>La pr\u00f3xima BUILDINX se llevar\u00e1 a cabo del 17 al 19 de noviembre de 2026 en la feria de Dortmund.<\/p>\n<p><a href=\"http:\/\/www.buildinx.de\" target=\"_blank\" rel=\"noopener noreferrer\">www.buildinx.de<\/a><\/p>\n","protected":false},"excerpt":{"rendered":"<p>La feria de Dortmund integrar\u00e1 el \u00e1rea de centros de datos en BUILDINX en 2026 para satisfacer las crecientes demandas de la infraestructura digital.<\/p>\n","protected":false},"author":7,"featured_media":79580,"comment_status":"open","ping_status":"","sticky":false,"template":"","format":"standard","meta":{"_acf_changed":false,"footnotes":""},"categories":[6655,1605],"tags":[22844,22895,22896,3349,22768,22897,22898,2501,2506,3355,5443,22899,22900,22852,22853,22772,22773,22901,3358,3359,3360,22902,3362,3363,4570,22903,22904,3682,2519,3683,4571,2133,1831,3371,22905,22906,3372,5454,22907,22908,2148,22909,3383,22910,22911,3388,8547,22912,21741,5460,22913,22914,21745],"class_list":["post-79583","post","type-post","status-publish","format-standard","has-post-thumbnail","hentry","category-alemania","category-expedicion-y-logistica","tag-approvisionnement-en-energie","tag-association-eco","tag-buildinx-2026","tag-bundesvereinigung-logistik","tag-criteres-esg","tag-data-center-market","tag-deutsch-rechenzentren","tag-digital-infrastructure","tag-digitale-infrastruktur","tag-dortmund-fair","tag-durabilite","tag-eco-association","tag-eco-verband","tag-energieversorgung","tag-energy-supply","tag-esg-criteria","tag-esg-kriterien","tag-facility-management","tag-federal-association-of-logistics","tag-federation-allemande-de-logistique","tag-foire-de-dortmund","tag-gestion-des-installations","tag-immobilienwirtschaft","tag-immobilier-industriel","tag-immobilier-logistique","tag-industrial-real-estate-francais-centres-de-donnees","tag-industrieimmobilien-english-data-centers","tag-infrastructure","tag-infrastructure-numerique","tag-infrastruktur","tag-logistics-real-estate","tag-logistics-service-providers","tag-logistikdienstleister","tag-logistikimmobilien","tag-marche-des-centres-de-donnees","tag-markt-fuer-rechenzentren","tag-messe-dortmund","tag-nachhaltigkeit","tag-neubau-flaechenfragen","tag-new-construction-space-issues","tag-prestataires-de-services-logistiques","tag-questions-despace-de-construction-neuve","tag-real-estate-industry","tag-resilience","tag-resilienz","tag-secteur-immobilier","tag-securite-dapprovisionnement","tag-solutions-techniques","tag-supply-security","tag-sustainability","tag-technical-solutions","tag-technische-loesungen","tag-versorgungssicherheit"],"acf":[],"yoast_head":"<!-- This site is optimized with the Yoast SEO plugin v27.3 - https:\/\/yoast.com\/product\/yoast-seo-wordpress\/ -->\n<title>BUILDINX 2026 se expande al \u00e1rea de centros de datos - Loginfo24<\/title>\n<meta name=\"robots\" content=\"index, follow, max-snippet:-1, max-image-preview:large, max-video-preview:-1\" \/>\n<link rel=\"canonical\" href=\"https:\/\/loginfo24.com\/es\/2026\/04\/29\/buildinx-2026-se-expande-al-area-de-centros-de-datos\/\" \/>\n<meta property=\"og:locale\" content=\"es_ES\" \/>\n<meta property=\"og:type\" content=\"article\" \/>\n<meta property=\"og:title\" content=\"BUILDINX 2026 se expande al \u00e1rea de centros de datos - Loginfo24\" \/>\n<meta property=\"og:description\" content=\"La feria de Dortmund integrar\u00e1 el \u00e1rea de centros de datos en BUILDINX en 2026 para satisfacer las crecientes demandas de la infraestructura digital.\" \/>\n<meta property=\"og:url\" content=\"https:\/\/loginfo24.com\/es\/2026\/04\/29\/buildinx-2026-se-expande-al-area-de-centros-de-datos\/\" \/>\n<meta property=\"og:site_name\" content=\"Loginfo24\" \/>\n<meta property=\"article:publisher\" content=\"https:\/\/www.facebook.com\/people\/Loginfo24\/100057360583332\/\" \/>\n<meta property=\"article:published_time\" content=\"2026-04-29T11:51:10+00:00\" \/>\n<meta property=\"og:image\" content=\"https:\/\/loginfo24.com\/wp-content\/uploads\/sites\/7\/2026\/04\/BX_25_0027.20251124112434354-fa487f04-aspect-ratio-1400-788.webp\" \/>\n\t<meta property=\"og:image:width\" content=\"1920\" \/>\n\t<meta property=\"og:image:height\" content=\"1081\" \/>\n\t<meta property=\"og:image:type\" content=\"image\/webp\" \/>\n<meta name=\"author\" content=\"Andreas M\u00fcller\" \/>\n<meta name=\"twitter:card\" content=\"summary_large_image\" \/>\n<meta name=\"twitter:label1\" content=\"Escrito por\" \/>\n\t<meta name=\"twitter:data1\" content=\"Andreas M\u00fcller\" \/>\n\t<meta name=\"twitter:label2\" content=\"Tiempo de lectura\" \/>\n\t<meta name=\"twitter:data2\" content=\"2 minuto\" \/>\n<script type=\"application\/ld+json\" class=\"yoast-schema-graph\">{\"@context\":\"https:\\\/\\\/schema.org\",\"@graph\":[{\"@type\":\"Article\",\"@id\":\"https:\\\/\\\/loginfo24.com\\\/es\\\/2026\\\/04\\\/29\\\/buildinx-2026-se-expande-al-area-de-centros-de-datos\\\/#article\",\"isPartOf\":{\"@id\":\"https:\\\/\\\/loginfo24.com\\\/es\\\/2026\\\/04\\\/29\\\/buildinx-2026-se-expande-al-area-de-centros-de-datos\\\/\"},\"author\":{\"name\":\"Andreas M\u00fcller\",\"@id\":\"https:\\\/\\\/loginfo24.com\\\/es\\\/#\\\/schema\\\/person\\\/7b1593b33567ba798d300c8a1b0b85b1\"},\"headline\":\"BUILDINX 2026 se expande al \u00e1rea de centros de datos\",\"datePublished\":\"2026-04-29T11:51:10+00:00\",\"mainEntityOfPage\":{\"@id\":\"https:\\\/\\\/loginfo24.com\\\/es\\\/2026\\\/04\\\/29\\\/buildinx-2026-se-expande-al-area-de-centros-de-datos\\\/\"},\"wordCount\":462,\"commentCount\":0,\"publisher\":{\"@id\":\"https:\\\/\\\/loginfo24.com\\\/es\\\/#organization\"},\"image\":{\"@id\":\"https:\\\/\\\/loginfo24.com\\\/es\\\/2026\\\/04\\\/29\\\/buildinx-2026-se-expande-al-area-de-centros-de-datos\\\/#primaryimage\"},\"thumbnailUrl\":\"https:\\\/\\\/loginfo24.com\\\/wp-content\\\/uploads\\\/sites\\\/7\\\/2026\\\/04\\\/BX_25_0027.20251124112434354-fa487f04-aspect-ratio-1400-788.webp\",\"keywords\":[\"approvisionnement en \u00e9nergie\",\"association eco\",\"BUILDINX 2026\",\"Bundesvereinigung Logistik\",\"crit\u00e8res ESG\",\"data center market\",\"Deutsch Rechenzentren\",\"digital infrastructure\",\"digitale Infrastruktur\",\"Dortmund fair\",\"durabilit\u00e9\",\"eco association\",\"eco Verband\",\"Energieversorgung\",\"energy supply\",\"ESG criteria\",\"ESG-Kriterien\",\"Facility Management\",\"Federal Association of Logistics\",\"F\u00e9d\u00e9ration allemande de logistique\",\"foire de Dortmund\",\"gestion des installations\",\"Immobilienwirtschaft\",\"immobilier industriel\",\"immobilier logistique\",\"industrial real estate Fran\u00e7ais centres de donn\u00e9es\",\"Industrieimmobilien English data centers\",\"infrastructure\",\"infrastructure num\u00e9rique\",\"Infrastruktur\",\"logistics real estate\",\"logistics service providers\",\"Logistikdienstleister\",\"Logistikimmobilien\",\"march\u00e9 des centres de donn\u00e9es\",\"Markt f\u00fcr Rechenzentren\",\"Messe Dortmund\",\"Nachhaltigkeit\",\"Neubau Fl\u00e4chenfragen\",\"new construction space issues\",\"prestataires de services logistiques\",\"questions d'espace de construction neuve\",\"real estate industry\",\"resilience\",\"Resilienz\",\"secteur immobilier\",\"s\u00e9curit\u00e9 d'approvisionnement\",\"solutions techniques\",\"supply security\",\"sustainability\",\"technical solutions\",\"technische L\u00f6sungen\",\"Versorgungssicherheit\"],\"articleSection\":[\"Alemania\",\"Transporte de mercanc\u00edas y log\u00edstica\"],\"inLanguage\":\"es\",\"potentialAction\":[{\"@type\":\"CommentAction\",\"name\":\"Comment\",\"target\":[\"https:\\\/\\\/loginfo24.com\\\/es\\\/2026\\\/04\\\/29\\\/buildinx-2026-se-expande-al-area-de-centros-de-datos\\\/#respond\"]}]},{\"@type\":\"WebPage\",\"@id\":\"https:\\\/\\\/loginfo24.com\\\/es\\\/2026\\\/04\\\/29\\\/buildinx-2026-se-expande-al-area-de-centros-de-datos\\\/\",\"url\":\"https:\\\/\\\/loginfo24.com\\\/es\\\/2026\\\/04\\\/29\\\/buildinx-2026-se-expande-al-area-de-centros-de-datos\\\/\",\"name\":\"BUILDINX 2026 se expande al \u00e1rea de centros de datos - Loginfo24\",\"isPartOf\":{\"@id\":\"https:\\\/\\\/loginfo24.com\\\/es\\\/#website\"},\"primaryImageOfPage\":{\"@id\":\"https:\\\/\\\/loginfo24.com\\\/es\\\/2026\\\/04\\\/29\\\/buildinx-2026-se-expande-al-area-de-centros-de-datos\\\/#primaryimage\"},\"image\":{\"@id\":\"https:\\\/\\\/loginfo24.com\\\/es\\\/2026\\\/04\\\/29\\\/buildinx-2026-se-expande-al-area-de-centros-de-datos\\\/#primaryimage\"},\"thumbnailUrl\":\"https:\\\/\\\/loginfo24.com\\\/wp-content\\\/uploads\\\/sites\\\/7\\\/2026\\\/04\\\/BX_25_0027.20251124112434354-fa487f04-aspect-ratio-1400-788.webp\",\"datePublished\":\"2026-04-29T11:51:10+00:00\",\"breadcrumb\":{\"@id\":\"https:\\\/\\\/loginfo24.com\\\/es\\\/2026\\\/04\\\/29\\\/buildinx-2026-se-expande-al-area-de-centros-de-datos\\\/#breadcrumb\"},\"inLanguage\":\"es\",\"potentialAction\":[{\"@type\":\"ReadAction\",\"target\":[\"https:\\\/\\\/loginfo24.com\\\/es\\\/2026\\\/04\\\/29\\\/buildinx-2026-se-expande-al-area-de-centros-de-datos\\\/\"]}]},{\"@type\":\"ImageObject\",\"inLanguage\":\"es\",\"@id\":\"https:\\\/\\\/loginfo24.com\\\/es\\\/2026\\\/04\\\/29\\\/buildinx-2026-se-expande-al-area-de-centros-de-datos\\\/#primaryimage\",\"url\":\"https:\\\/\\\/loginfo24.com\\\/wp-content\\\/uploads\\\/sites\\\/7\\\/2026\\\/04\\\/BX_25_0027.20251124112434354-fa487f04-aspect-ratio-1400-788.webp\",\"contentUrl\":\"https:\\\/\\\/loginfo24.com\\\/wp-content\\\/uploads\\\/sites\\\/7\\\/2026\\\/04\\\/BX_25_0027.20251124112434354-fa487f04-aspect-ratio-1400-788.webp\",\"width\":1920,\"height\":1081},{\"@type\":\"BreadcrumbList\",\"@id\":\"https:\\\/\\\/loginfo24.com\\\/es\\\/2026\\\/04\\\/29\\\/buildinx-2026-se-expande-al-area-de-centros-de-datos\\\/#breadcrumb\",\"itemListElement\":[{\"@type\":\"ListItem\",\"position\":1,\"name\":\"Startseite\",\"item\":\"https:\\\/\\\/loginfo24.com\\\/es\\\/\"},{\"@type\":\"ListItem\",\"position\":2,\"name\":\"BUILDINX 2026 se expande al \u00e1rea de centros de datos\"}]},{\"@type\":\"WebSite\",\"@id\":\"https:\\\/\\\/loginfo24.com\\\/es\\\/#website\",\"url\":\"https:\\\/\\\/loginfo24.com\\\/es\\\/\",\"name\":\"Loginfo24\",\"description\":\"Loginfo24 es la plataforma dedicada a la log\u00edstica y las cadenas de suministro con informaci\u00f3n las 24 horas del d\u00eda.\",\"publisher\":{\"@id\":\"https:\\\/\\\/loginfo24.com\\\/es\\\/#organization\"},\"potentialAction\":[{\"@type\":\"SearchAction\",\"target\":{\"@type\":\"EntryPoint\",\"urlTemplate\":\"https:\\\/\\\/loginfo24.com\\\/es\\\/?s={search_term_string}\"},\"query-input\":{\"@type\":\"PropertyValueSpecification\",\"valueRequired\":true,\"valueName\":\"search_term_string\"}}],\"inLanguage\":\"es\"},{\"@type\":\"Organization\",\"@id\":\"https:\\\/\\\/loginfo24.com\\\/es\\\/#organization\",\"name\":\"Grupo Logismedia AG\",\"url\":\"https:\\\/\\\/loginfo24.com\\\/es\\\/\",\"logo\":{\"@type\":\"ImageObject\",\"inLanguage\":\"es\",\"@id\":\"https:\\\/\\\/loginfo24.com\\\/es\\\/#\\\/schema\\\/logo\\\/image\\\/\",\"url\":\"https:\\\/\\\/loginfo24.com\\\/wp-content\\\/uploads\\\/sites\\\/7\\\/2026\\\/01\\\/Logo_LogInfo24.png\",\"contentUrl\":\"https:\\\/\\\/loginfo24.com\\\/wp-content\\\/uploads\\\/sites\\\/7\\\/2026\\\/01\\\/Logo_LogInfo24.png\",\"width\":938,\"height\":351,\"caption\":\"Grupo Logismedia AG\"},\"image\":{\"@id\":\"https:\\\/\\\/loginfo24.com\\\/es\\\/#\\\/schema\\\/logo\\\/image\\\/\"},\"sameAs\":[\"https:\\\/\\\/www.facebook.com\\\/people\\\/Loginfo24\\\/100057360583332\\\/\",\"https:\\\/\\\/www.linkedin.com\\\/company\\\/lofinfo24\\\/\"]},{\"@type\":\"Person\",\"@id\":\"https:\\\/\\\/loginfo24.com\\\/es\\\/#\\\/schema\\\/person\\\/7b1593b33567ba798d300c8a1b0b85b1\",\"name\":\"Andreas M\u00fcller\",\"url\":\"https:\\\/\\\/loginfo24.com\\\/es\\\/author\\\/logismedia\\\/\"}]}<\/script>\n<!-- \/ Yoast SEO plugin. -->","yoast_head_json":{"title":"BUILDINX 2026 se expande al \u00e1rea de centros de datos - Loginfo24","robots":{"index":"index","follow":"follow","max-snippet":"max-snippet:-1","max-image-preview":"max-image-preview:large","max-video-preview":"max-video-preview:-1"},"canonical":"https:\/\/loginfo24.com\/es\/2026\/04\/29\/buildinx-2026-se-expande-al-area-de-centros-de-datos\/","og_locale":"es_ES","og_type":"article","og_title":"BUILDINX 2026 se expande al \u00e1rea de centros de datos - Loginfo24","og_description":"La feria de Dortmund integrar\u00e1 el \u00e1rea de centros de datos en BUILDINX en 2026 para satisfacer las crecientes demandas de la infraestructura digital.","og_url":"https:\/\/loginfo24.com\/es\/2026\/04\/29\/buildinx-2026-se-expande-al-area-de-centros-de-datos\/","og_site_name":"Loginfo24","article_publisher":"https:\/\/www.facebook.com\/people\/Loginfo24\/100057360583332\/","article_published_time":"2026-04-29T11:51:10+00:00","og_image":[{"width":1920,"height":1081,"url":"https:\/\/loginfo24.com\/wp-content\/uploads\/sites\/7\/2026\/04\/BX_25_0027.20251124112434354-fa487f04-aspect-ratio-1400-788.webp","type":"image\/webp"}],"author":"Andreas M\u00fcller","twitter_card":"summary_large_image","twitter_misc":{"Escrito por":"Andreas M\u00fcller","Tiempo de lectura":"2 minuto"},"schema":{"@context":"https:\/\/schema.org","@graph":[{"@type":"Article","@id":"https:\/\/loginfo24.com\/es\/2026\/04\/29\/buildinx-2026-se-expande-al-area-de-centros-de-datos\/#article","isPartOf":{"@id":"https:\/\/loginfo24.com\/es\/2026\/04\/29\/buildinx-2026-se-expande-al-area-de-centros-de-datos\/"},"author":{"name":"Andreas M\u00fcller","@id":"https:\/\/loginfo24.com\/es\/#\/schema\/person\/7b1593b33567ba798d300c8a1b0b85b1"},"headline":"BUILDINX 2026 se expande al \u00e1rea de centros de datos","datePublished":"2026-04-29T11:51:10+00:00","mainEntityOfPage":{"@id":"https:\/\/loginfo24.com\/es\/2026\/04\/29\/buildinx-2026-se-expande-al-area-de-centros-de-datos\/"},"wordCount":462,"commentCount":0,"publisher":{"@id":"https:\/\/loginfo24.com\/es\/#organization"},"image":{"@id":"https:\/\/loginfo24.com\/es\/2026\/04\/29\/buildinx-2026-se-expande-al-area-de-centros-de-datos\/#primaryimage"},"thumbnailUrl":"https:\/\/loginfo24.com\/wp-content\/uploads\/sites\/7\/2026\/04\/BX_25_0027.20251124112434354-fa487f04-aspect-ratio-1400-788.webp","keywords":["approvisionnement en \u00e9nergie","association eco","BUILDINX 2026","Bundesvereinigung Logistik","crit\u00e8res ESG","data center market","Deutsch Rechenzentren","digital infrastructure","digitale Infrastruktur","Dortmund fair","durabilit\u00e9","eco association","eco Verband","Energieversorgung","energy supply","ESG criteria","ESG-Kriterien","Facility Management","Federal Association of Logistics","F\u00e9d\u00e9ration allemande de logistique","foire de Dortmund","gestion des installations","Immobilienwirtschaft","immobilier industriel","immobilier logistique","industrial real estate Fran\u00e7ais centres de donn\u00e9es","Industrieimmobilien English data centers","infrastructure","infrastructure num\u00e9rique","Infrastruktur","logistics real estate","logistics service providers","Logistikdienstleister","Logistikimmobilien","march\u00e9 des centres de donn\u00e9es","Markt f\u00fcr Rechenzentren","Messe Dortmund","Nachhaltigkeit","Neubau Fl\u00e4chenfragen","new construction space issues","prestataires de services logistiques","questions d'espace de construction neuve","real estate industry","resilience","Resilienz","secteur immobilier","s\u00e9curit\u00e9 d'approvisionnement","solutions techniques","supply security","sustainability","technical solutions","technische L\u00f6sungen","Versorgungssicherheit"],"articleSection":["Alemania","Transporte de mercanc\u00edas y log\u00edstica"],"inLanguage":"es","potentialAction":[{"@type":"CommentAction","name":"Comment","target":["https:\/\/loginfo24.com\/es\/2026\/04\/29\/buildinx-2026-se-expande-al-area-de-centros-de-datos\/#respond"]}]},{"@type":"WebPage","@id":"https:\/\/loginfo24.com\/es\/2026\/04\/29\/buildinx-2026-se-expande-al-area-de-centros-de-datos\/","url":"https:\/\/loginfo24.com\/es\/2026\/04\/29\/buildinx-2026-se-expande-al-area-de-centros-de-datos\/","name":"BUILDINX 2026 se expande al \u00e1rea de centros de datos - Loginfo24","isPartOf":{"@id":"https:\/\/loginfo24.com\/es\/#website"},"primaryImageOfPage":{"@id":"https:\/\/loginfo24.com\/es\/2026\/04\/29\/buildinx-2026-se-expande-al-area-de-centros-de-datos\/#primaryimage"},"image":{"@id":"https:\/\/loginfo24.com\/es\/2026\/04\/29\/buildinx-2026-se-expande-al-area-de-centros-de-datos\/#primaryimage"},"thumbnailUrl":"https:\/\/loginfo24.com\/wp-content\/uploads\/sites\/7\/2026\/04\/BX_25_0027.20251124112434354-fa487f04-aspect-ratio-1400-788.webp","datePublished":"2026-04-29T11:51:10+00:00","breadcrumb":{"@id":"https:\/\/loginfo24.com\/es\/2026\/04\/29\/buildinx-2026-se-expande-al-area-de-centros-de-datos\/#breadcrumb"},"inLanguage":"es","potentialAction":[{"@type":"ReadAction","target":["https:\/\/loginfo24.com\/es\/2026\/04\/29\/buildinx-2026-se-expande-al-area-de-centros-de-datos\/"]}]},{"@type":"ImageObject","inLanguage":"es","@id":"https:\/\/loginfo24.com\/es\/2026\/04\/29\/buildinx-2026-se-expande-al-area-de-centros-de-datos\/#primaryimage","url":"https:\/\/loginfo24.com\/wp-content\/uploads\/sites\/7\/2026\/04\/BX_25_0027.20251124112434354-fa487f04-aspect-ratio-1400-788.webp","contentUrl":"https:\/\/loginfo24.com\/wp-content\/uploads\/sites\/7\/2026\/04\/BX_25_0027.20251124112434354-fa487f04-aspect-ratio-1400-788.webp","width":1920,"height":1081},{"@type":"BreadcrumbList","@id":"https:\/\/loginfo24.com\/es\/2026\/04\/29\/buildinx-2026-se-expande-al-area-de-centros-de-datos\/#breadcrumb","itemListElement":[{"@type":"ListItem","position":1,"name":"Startseite","item":"https:\/\/loginfo24.com\/es\/"},{"@type":"ListItem","position":2,"name":"BUILDINX 2026 se expande al \u00e1rea de centros de datos"}]},{"@type":"WebSite","@id":"https:\/\/loginfo24.com\/es\/#website","url":"https:\/\/loginfo24.com\/es\/","name":"Loginfo24","description":"Loginfo24 es la plataforma dedicada a la log\u00edstica y las cadenas de suministro con informaci\u00f3n las 24 horas del d\u00eda.","publisher":{"@id":"https:\/\/loginfo24.com\/es\/#organization"},"potentialAction":[{"@type":"SearchAction","target":{"@type":"EntryPoint","urlTemplate":"https:\/\/loginfo24.com\/es\/?s={search_term_string}"},"query-input":{"@type":"PropertyValueSpecification","valueRequired":true,"valueName":"search_term_string"}}],"inLanguage":"es"},{"@type":"Organization","@id":"https:\/\/loginfo24.com\/es\/#organization","name":"Grupo Logismedia AG","url":"https:\/\/loginfo24.com\/es\/","logo":{"@type":"ImageObject","inLanguage":"es","@id":"https:\/\/loginfo24.com\/es\/#\/schema\/logo\/image\/","url":"https:\/\/loginfo24.com\/wp-content\/uploads\/sites\/7\/2026\/01\/Logo_LogInfo24.png","contentUrl":"https:\/\/loginfo24.com\/wp-content\/uploads\/sites\/7\/2026\/01\/Logo_LogInfo24.png","width":938,"height":351,"caption":"Grupo Logismedia AG"},"image":{"@id":"https:\/\/loginfo24.com\/es\/#\/schema\/logo\/image\/"},"sameAs":["https:\/\/www.facebook.com\/people\/Loginfo24\/100057360583332\/","https:\/\/www.linkedin.com\/company\/lofinfo24\/"]},{"@type":"Person","@id":"https:\/\/loginfo24.com\/es\/#\/schema\/person\/7b1593b33567ba798d300c8a1b0b85b1","name":"Andreas M\u00fcller","url":"https:\/\/loginfo24.com\/es\/author\/logismedia\/"}]}},"_links":{"self":[{"href":"https:\/\/loginfo24.com\/es\/wp-json\/wp\/v2\/posts\/79583","targetHints":{"allow":["GET"]}}],"collection":[{"href":"https:\/\/loginfo24.com\/es\/wp-json\/wp\/v2\/posts"}],"about":[{"href":"https:\/\/loginfo24.com\/es\/wp-json\/wp\/v2\/types\/post"}],"author":[{"embeddable":true,"href":"https:\/\/loginfo24.com\/es\/wp-json\/wp\/v2\/users\/7"}],"replies":[{"embeddable":true,"href":"https:\/\/loginfo24.com\/es\/wp-json\/wp\/v2\/comments?post=79583"}],"version-history":[{"count":0,"href":"https:\/\/loginfo24.com\/es\/wp-json\/wp\/v2\/posts\/79583\/revisions"}],"wp:featuredmedia":[{"embeddable":true,"href":"https:\/\/loginfo24.com\/es\/wp-json\/wp\/v2\/media\/79580"}],"wp:attachment":[{"href":"https:\/\/loginfo24.com\/es\/wp-json\/wp\/v2\/media?parent=79583"}],"wp:term":[{"taxonomy":"category","embeddable":true,"href":"https:\/\/loginfo24.com\/es\/wp-json\/wp\/v2\/categories?post=79583"},{"taxonomy":"post_tag","embeddable":true,"href":"https:\/\/loginfo24.com\/es\/wp-json\/wp\/v2\/tags?post=79583"}],"curies":[{"name":"wp","href":"https:\/\/api.w.org\/{rel}","templated":true}]}}