{"id":79553,"date":"2026-04-29T11:34:56","date_gmt":"2026-04-29T11:34:56","guid":{"rendered":"https:\/\/loginfo24.com\/2026\/04\/29\/dvf-exige-apoyo-para-puertos-y-navegacion\/"},"modified":"2026-04-29T11:34:56","modified_gmt":"2026-04-29T11:34:56","slug":"dvf-exige-apoyo-para-puertos-y-navegacion","status":"publish","type":"post","link":"https:\/\/loginfo24.com\/es\/2026\/04\/29\/dvf-exige-apoyo-para-puertos-y-navegacion\/","title":{"rendered":"DVF exige apoyo para puertos y navegaci\u00f3n"},"content":{"rendered":"<p>Con motivo de la Conferencia Mar\u00edtima Nacional en Emden, el Foro de Transporte Alem\u00e1n (DVF) ha instado al gobierno federal a tomar medidas espec\u00edficas para apoyar a los puertos y la navegaci\u00f3n. Estos pasos son necesarios para fortalecer la econom\u00eda alemana. Matthias Magnor, presidente del consejo de BLG LOGISTICS y vicepresidente del presidium del DVF, subray\u00f3 la urgencia de estas demandas y se refiri\u00f3 al papel central de la econom\u00eda mar\u00edtima para la ubicaci\u00f3n de Alemania.<\/p>\n<h3>Puertos como actores clave de la econom\u00eda<\/h3>\n<p>Magnor destac\u00f3 que los puertos son fundamentales no solo para el desarrollo econ\u00f3mico, sino tambi\u00e9n para la transformaci\u00f3n clim\u00e1tica y la capacidad de defensa militar de Alemania. Se\u00f1al\u00f3 que la navegaci\u00f3n desempe\u00f1a un papel fundamental en las relaciones comerciales y el suministro de energ\u00eda. \u201cEl gobierno federal y la UE deben seguir abogando por mercados abiertos y un orden basado en reglas\u201d, explic\u00f3 Magnor. Es importante que Alemania mantenga su propia fortaleza y competitividad.<\/p>\n<p>Para lograr esto, Magnor exige una infraestructura excelente y una reducci\u00f3n de las barreras burocr\u00e1ticas. \u201cEl gobierno federal debe aumentar la financiaci\u00f3n de los puertos. No en alg\u00fan momento. No con cantidades simb\u00f3licas. Sino ahora y con una financiaci\u00f3n que refleje la importancia estrat\u00e9gica de nuestros puertos\u201d, continu\u00f3 Magnor. Estas medidas son esenciales para asegurar la competitividad de los puertos alemanes y fortalecer la base econ\u00f3mica del pa\u00eds.<\/p>\n<p>La conferencia en Emden se utiliza como plataforma para comunicar estas preocupaciones y poner de relieve la importancia de la econom\u00eda mar\u00edtima en la agenda pol\u00edtica.<\/p>\n<p><strong>Demandas centrales del DVF en el \u00e1rea de puertos\/navegaci\u00f3n:<\/strong><\/p>\n<ul>\n<li>Rehabilitar y modernizar las infraestructuras portuarias con el apoyo del gobierno federal &#8211; para la seguridad energ\u00e9tica, la transformaci\u00f3n, la capacidad de defensa y la competitividad del lugar industrial.<\/li>\n<li>Establecer una nueva y sostenible base para la financiaci\u00f3n de la infraestructura portuaria &#8211; tanto para los puertos mar\u00edtimos como para los interiores.<\/li>\n<li>Proteger las infraestructuras mar\u00edtimas, los puertos y la navegaci\u00f3n contra interferencias externas &#8211; entre otras cosas, mediante una defensa efectiva contra drones.<\/li>\n<li>Aumentar el rendimiento de los accesos mar\u00edtimos, las v\u00edas fluviales, las conexiones ferroviarias y por carretera de los puertos &#8211; asegurar los presupuestos para la infraestructura de transporte &#8211; aumentar las tasas de rehabilitaci\u00f3n.<\/li>\n<li>Acelerar proyectos de infraestructura importantes &#8211; todos los proyectos de v\u00edas fluviales en necesidad urgente y los puertos deben ser considerados de inter\u00e9s p\u00fablico superior (Ley de Futuro de Infraestructura).<\/li>\n<li>Abordar finalmente la reforma desde hace mucho tiempo pendiente del impuesto sobre el valor a\u00f1adido a la importaci\u00f3n &#8211; introducir un modelo de compensaci\u00f3n.<\/li>\n<li>Apoyar la navegaci\u00f3n en la transformaci\u00f3n &#8211; garantizar el suministro de combustibles sostenibles &#8211; reintegrar los ingresos del comercio de emisiones de la UE en el sector.<\/li>\n<\/ul>\n<p>Modernizar la aplicaci\u00f3n del derecho de ayudas estatales a la econom\u00eda mar\u00edtima.<\/p>\n<p><a href=\"http:\/\/www.verkehrsforum.de\" target=\"_blank\" rel=\"noopener noreferrer\">www.verkehrsforum.de<\/a><\/p>\n","protected":false},"excerpt":{"rendered":"<p>El Foro Alem\u00e1n de Transporte exige al Gobierno Federal que tome medidas inmediatas para apoyar a los puertos y la navegaci\u00f3n, con el fin de asegurar la competitividad.<\/p>\n","protected":false},"author":7,"featured_media":79550,"comment_status":"open","ping_status":"","sticky":false,"template":"","format":"standard","meta":{"_acf_changed":false,"footnotes":""},"categories":[6655,1607],"tags":[22844,21082,22845,22846,6392,22847,22848,22849,22850,5322,5323,22851,5010,22852,22853,22854,1889,22855,22856,4052,2125,3682,4054,3683,22857,22858,5016,22859,5017,22860,6409,2231,6412,4096,4065,22861,22862,1766,22863,3609,22864,2236,4099,6426,22865,2155,16927,1837,22866,22867,16931,22868],"class_list":["post-79553","post","type-post","status-publish","format-standard","has-post-thumbnail","hentry","category-alemania","category-navegacion-y-puertos","tag-approvisionnement-en-energie","tag-binnenhafen","tag-blg-logistics","tag-bundesregierung","tag-carburants-durables","tag-climate-policy-transformation","tag-competitiveness-of-ports","tag-competitivite-des-ports","tag-deutsch-haefen","tag-digitalisierung-in-der-schifffahrt","tag-digitalization-in-shipping","tag-dvf","tag-economie-maritime","tag-energieversorgung","tag-energy-supply","tag-eu","tag-fachkraeftemangel","tag-federal-government","tag-gouvernement-federal","tag-hafeninfrastruktur","tag-industrie-du-transport","tag-infrastructure","tag-infrastructure-portuaire","tag-infrastruktur","tag-inland-ports","tag-klimapolitische-transformation","tag-maritime-economy","tag-maritime-sector-francais-ports","tag-maritime-wirtschaft","tag-maritimer-sektor-english-ports","tag-nachhaltige-kraftstoffe","tag-navigation","tag-numerisation-dans-la-navigation","tag-penurie-de-main-doeuvre-qualifiee","tag-port-infrastructure","tag-ports-interieurs","tag-ports-maritimes","tag-schifffahrt","tag-seaports","tag-secteur-maritime","tag-seehaefen","tag-shipping","tag-skilled-labor-shortage","tag-sustainable-fuels","tag-transformation-climatique","tag-transport-industry","tag-transport-routes","tag-transportwirtschaft","tag-ue","tag-verkehrswege","tag-voies-de-transport","tag-wettbewerbsfaehigkeit-der-haefen"],"acf":[],"yoast_head":"<!-- This site is optimized with the Yoast SEO plugin v27.3 - https:\/\/yoast.com\/product\/yoast-seo-wordpress\/ -->\n<title>DVF exige apoyo para puertos y navegaci\u00f3n - Loginfo24<\/title>\n<meta name=\"robots\" content=\"index, follow, max-snippet:-1, max-image-preview:large, max-video-preview:-1\" \/>\n<link rel=\"canonical\" href=\"https:\/\/loginfo24.com\/es\/2026\/04\/29\/dvf-exige-apoyo-para-puertos-y-navegacion\/\" \/>\n<meta property=\"og:locale\" content=\"es_ES\" \/>\n<meta property=\"og:type\" content=\"article\" \/>\n<meta property=\"og:title\" content=\"DVF exige apoyo para puertos y navegaci\u00f3n - Loginfo24\" \/>\n<meta property=\"og:description\" content=\"El Foro Alem\u00e1n de Transporte exige al Gobierno Federal que tome medidas inmediatas para apoyar a los puertos y la navegaci\u00f3n, con el fin de asegurar la competitividad.\" \/>\n<meta property=\"og:url\" content=\"https:\/\/loginfo24.com\/es\/2026\/04\/29\/dvf-exige-apoyo-para-puertos-y-navegacion\/\" \/>\n<meta property=\"og:site_name\" content=\"Loginfo24\" \/>\n<meta property=\"article:publisher\" content=\"https:\/\/www.facebook.com\/people\/Loginfo24\/100057360583332\/\" \/>\n<meta property=\"article:published_time\" content=\"2026-04-29T11:34:56+00:00\" \/>\n<meta property=\"og:image\" content=\"https:\/\/loginfo24.com\/wp-content\/uploads\/sites\/7\/2026\/04\/csm_2025-matthias-magnor-img_26f6736e25-aspect-ratio-1400-788.jpg\" \/>\n\t<meta property=\"og:image:width\" content=\"470\" \/>\n\t<meta property=\"og:image:height\" content=\"265\" \/>\n\t<meta property=\"og:image:type\" content=\"image\/jpeg\" \/>\n<meta name=\"author\" content=\"Andreas M\u00fcller\" \/>\n<meta name=\"twitter:card\" content=\"summary_large_image\" \/>\n<meta name=\"twitter:label1\" content=\"Escrito por\" \/>\n\t<meta name=\"twitter:data1\" content=\"Andreas M\u00fcller\" \/>\n\t<meta name=\"twitter:label2\" content=\"Tiempo de lectura\" \/>\n\t<meta name=\"twitter:data2\" content=\"3 minuto\" \/>\n<script type=\"application\/ld+json\" class=\"yoast-schema-graph\">{\"@context\":\"https:\\\/\\\/schema.org\",\"@graph\":[{\"@type\":\"Article\",\"@id\":\"https:\\\/\\\/loginfo24.com\\\/es\\\/2026\\\/04\\\/29\\\/dvf-exige-apoyo-para-puertos-y-navegacion\\\/#article\",\"isPartOf\":{\"@id\":\"https:\\\/\\\/loginfo24.com\\\/es\\\/2026\\\/04\\\/29\\\/dvf-exige-apoyo-para-puertos-y-navegacion\\\/\"},\"author\":{\"name\":\"Andreas M\u00fcller\",\"@id\":\"https:\\\/\\\/loginfo24.com\\\/es\\\/#\\\/schema\\\/person\\\/7b1593b33567ba798d300c8a1b0b85b1\"},\"headline\":\"DVF exige apoyo para puertos y navegaci\u00f3n\",\"datePublished\":\"2026-04-29T11:34:56+00:00\",\"mainEntityOfPage\":{\"@id\":\"https:\\\/\\\/loginfo24.com\\\/es\\\/2026\\\/04\\\/29\\\/dvf-exige-apoyo-para-puertos-y-navegacion\\\/\"},\"wordCount\":514,\"commentCount\":0,\"publisher\":{\"@id\":\"https:\\\/\\\/loginfo24.com\\\/es\\\/#organization\"},\"image\":{\"@id\":\"https:\\\/\\\/loginfo24.com\\\/es\\\/2026\\\/04\\\/29\\\/dvf-exige-apoyo-para-puertos-y-navegacion\\\/#primaryimage\"},\"thumbnailUrl\":\"https:\\\/\\\/loginfo24.com\\\/wp-content\\\/uploads\\\/sites\\\/7\\\/2026\\\/04\\\/csm_2025-matthias-magnor-img_26f6736e25-aspect-ratio-1400-788.jpg\",\"keywords\":[\"approvisionnement en \u00e9nergie\",\"Binnenhafen\",\"BLG LOGISTICS\",\"Bundesregierung\",\"carburants durables\",\"climate policy transformation\",\"competitiveness of ports\",\"comp\u00e9titivit\u00e9 des ports\",\"Deutsch H\u00e4fen\",\"Digitalisierung in der Schifffahrt\",\"digitalization in shipping\",\"DVF\",\"\u00e9conomie maritime\",\"Energieversorgung\",\"energy supply\",\"EU\",\"Fachkr\u00e4ftemangel\",\"federal government\",\"gouvernement f\u00e9d\u00e9ral\",\"Hafeninfrastruktur\",\"industrie du transport\",\"infrastructure\",\"infrastructure portuaire\",\"Infrastruktur\",\"inland ports\",\"klimapolitische Transformation\",\"maritime economy\",\"maritime sector Fran\u00e7ais ports\",\"maritime Wirtschaft\",\"maritimer Sektor English ports\",\"nachhaltige Kraftstoffe\",\"navigation\",\"num\u00e9risation dans la navigation\",\"p\u00e9nurie de main-d'\u0153uvre qualifi\u00e9e\",\"port infrastructure\",\"ports int\u00e9rieurs\",\"ports maritimes\",\"Schifffahrt\",\"seaports\",\"secteur maritime\",\"Seeh\u00e4fen\",\"shipping\",\"skilled labor shortage\",\"sustainable fuels\",\"transformation climatique\",\"transport industry\",\"transport routes\",\"Transportwirtschaft\",\"UE\",\"Verkehrswege\",\"voies de transport\",\"Wettbewerbsf\u00e4higkeit der H\u00e4fen\"],\"articleSection\":[\"Alemania\",\"Navegaci\u00f3n y puertos\"],\"inLanguage\":\"es\",\"potentialAction\":[{\"@type\":\"CommentAction\",\"name\":\"Comment\",\"target\":[\"https:\\\/\\\/loginfo24.com\\\/es\\\/2026\\\/04\\\/29\\\/dvf-exige-apoyo-para-puertos-y-navegacion\\\/#respond\"]}]},{\"@type\":\"WebPage\",\"@id\":\"https:\\\/\\\/loginfo24.com\\\/es\\\/2026\\\/04\\\/29\\\/dvf-exige-apoyo-para-puertos-y-navegacion\\\/\",\"url\":\"https:\\\/\\\/loginfo24.com\\\/es\\\/2026\\\/04\\\/29\\\/dvf-exige-apoyo-para-puertos-y-navegacion\\\/\",\"name\":\"DVF exige apoyo para puertos y navegaci\u00f3n - Loginfo24\",\"isPartOf\":{\"@id\":\"https:\\\/\\\/loginfo24.com\\\/es\\\/#website\"},\"primaryImageOfPage\":{\"@id\":\"https:\\\/\\\/loginfo24.com\\\/es\\\/2026\\\/04\\\/29\\\/dvf-exige-apoyo-para-puertos-y-navegacion\\\/#primaryimage\"},\"image\":{\"@id\":\"https:\\\/\\\/loginfo24.com\\\/es\\\/2026\\\/04\\\/29\\\/dvf-exige-apoyo-para-puertos-y-navegacion\\\/#primaryimage\"},\"thumbnailUrl\":\"https:\\\/\\\/loginfo24.com\\\/wp-content\\\/uploads\\\/sites\\\/7\\\/2026\\\/04\\\/csm_2025-matthias-magnor-img_26f6736e25-aspect-ratio-1400-788.jpg\",\"datePublished\":\"2026-04-29T11:34:56+00:00\",\"breadcrumb\":{\"@id\":\"https:\\\/\\\/loginfo24.com\\\/es\\\/2026\\\/04\\\/29\\\/dvf-exige-apoyo-para-puertos-y-navegacion\\\/#breadcrumb\"},\"inLanguage\":\"es\",\"potentialAction\":[{\"@type\":\"ReadAction\",\"target\":[\"https:\\\/\\\/loginfo24.com\\\/es\\\/2026\\\/04\\\/29\\\/dvf-exige-apoyo-para-puertos-y-navegacion\\\/\"]}]},{\"@type\":\"ImageObject\",\"inLanguage\":\"es\",\"@id\":\"https:\\\/\\\/loginfo24.com\\\/es\\\/2026\\\/04\\\/29\\\/dvf-exige-apoyo-para-puertos-y-navegacion\\\/#primaryimage\",\"url\":\"https:\\\/\\\/loginfo24.com\\\/wp-content\\\/uploads\\\/sites\\\/7\\\/2026\\\/04\\\/csm_2025-matthias-magnor-img_26f6736e25-aspect-ratio-1400-788.jpg\",\"contentUrl\":\"https:\\\/\\\/loginfo24.com\\\/wp-content\\\/uploads\\\/sites\\\/7\\\/2026\\\/04\\\/csm_2025-matthias-magnor-img_26f6736e25-aspect-ratio-1400-788.jpg\",\"width\":470,\"height\":265},{\"@type\":\"BreadcrumbList\",\"@id\":\"https:\\\/\\\/loginfo24.com\\\/es\\\/2026\\\/04\\\/29\\\/dvf-exige-apoyo-para-puertos-y-navegacion\\\/#breadcrumb\",\"itemListElement\":[{\"@type\":\"ListItem\",\"position\":1,\"name\":\"Startseite\",\"item\":\"https:\\\/\\\/loginfo24.com\\\/es\\\/\"},{\"@type\":\"ListItem\",\"position\":2,\"name\":\"DVF exige apoyo para puertos y navegaci\u00f3n\"}]},{\"@type\":\"WebSite\",\"@id\":\"https:\\\/\\\/loginfo24.com\\\/es\\\/#website\",\"url\":\"https:\\\/\\\/loginfo24.com\\\/es\\\/\",\"name\":\"Loginfo24\",\"description\":\"Loginfo24 es la plataforma dedicada a la log\u00edstica y las cadenas de suministro con informaci\u00f3n las 24 horas del d\u00eda.\",\"publisher\":{\"@id\":\"https:\\\/\\\/loginfo24.com\\\/es\\\/#organization\"},\"potentialAction\":[{\"@type\":\"SearchAction\",\"target\":{\"@type\":\"EntryPoint\",\"urlTemplate\":\"https:\\\/\\\/loginfo24.com\\\/es\\\/?s={search_term_string}\"},\"query-input\":{\"@type\":\"PropertyValueSpecification\",\"valueRequired\":true,\"valueName\":\"search_term_string\"}}],\"inLanguage\":\"es\"},{\"@type\":\"Organization\",\"@id\":\"https:\\\/\\\/loginfo24.com\\\/es\\\/#organization\",\"name\":\"Grupo Logismedia AG\",\"url\":\"https:\\\/\\\/loginfo24.com\\\/es\\\/\",\"logo\":{\"@type\":\"ImageObject\",\"inLanguage\":\"es\",\"@id\":\"https:\\\/\\\/loginfo24.com\\\/es\\\/#\\\/schema\\\/logo\\\/image\\\/\",\"url\":\"https:\\\/\\\/loginfo24.com\\\/wp-content\\\/uploads\\\/sites\\\/7\\\/2026\\\/01\\\/Logo_LogInfo24.png\",\"contentUrl\":\"https:\\\/\\\/loginfo24.com\\\/wp-content\\\/uploads\\\/sites\\\/7\\\/2026\\\/01\\\/Logo_LogInfo24.png\",\"width\":938,\"height\":351,\"caption\":\"Grupo Logismedia AG\"},\"image\":{\"@id\":\"https:\\\/\\\/loginfo24.com\\\/es\\\/#\\\/schema\\\/logo\\\/image\\\/\"},\"sameAs\":[\"https:\\\/\\\/www.facebook.com\\\/people\\\/Loginfo24\\\/100057360583332\\\/\",\"https:\\\/\\\/www.linkedin.com\\\/company\\\/lofinfo24\\\/\"]},{\"@type\":\"Person\",\"@id\":\"https:\\\/\\\/loginfo24.com\\\/es\\\/#\\\/schema\\\/person\\\/7b1593b33567ba798d300c8a1b0b85b1\",\"name\":\"Andreas M\u00fcller\",\"url\":\"https:\\\/\\\/loginfo24.com\\\/es\\\/author\\\/logismedia\\\/\"}]}<\/script>\n<!-- \/ Yoast SEO plugin. -->","yoast_head_json":{"title":"DVF exige apoyo para puertos y navegaci\u00f3n - Loginfo24","robots":{"index":"index","follow":"follow","max-snippet":"max-snippet:-1","max-image-preview":"max-image-preview:large","max-video-preview":"max-video-preview:-1"},"canonical":"https:\/\/loginfo24.com\/es\/2026\/04\/29\/dvf-exige-apoyo-para-puertos-y-navegacion\/","og_locale":"es_ES","og_type":"article","og_title":"DVF exige apoyo para puertos y navegaci\u00f3n - Loginfo24","og_description":"El Foro Alem\u00e1n de Transporte exige al Gobierno Federal que tome medidas inmediatas para apoyar a los puertos y la navegaci\u00f3n, con el fin de asegurar la competitividad.","og_url":"https:\/\/loginfo24.com\/es\/2026\/04\/29\/dvf-exige-apoyo-para-puertos-y-navegacion\/","og_site_name":"Loginfo24","article_publisher":"https:\/\/www.facebook.com\/people\/Loginfo24\/100057360583332\/","article_published_time":"2026-04-29T11:34:56+00:00","og_image":[{"width":470,"height":265,"url":"https:\/\/loginfo24.com\/wp-content\/uploads\/sites\/7\/2026\/04\/csm_2025-matthias-magnor-img_26f6736e25-aspect-ratio-1400-788.jpg","type":"image\/jpeg"}],"author":"Andreas M\u00fcller","twitter_card":"summary_large_image","twitter_misc":{"Escrito por":"Andreas M\u00fcller","Tiempo de lectura":"3 minuto"},"schema":{"@context":"https:\/\/schema.org","@graph":[{"@type":"Article","@id":"https:\/\/loginfo24.com\/es\/2026\/04\/29\/dvf-exige-apoyo-para-puertos-y-navegacion\/#article","isPartOf":{"@id":"https:\/\/loginfo24.com\/es\/2026\/04\/29\/dvf-exige-apoyo-para-puertos-y-navegacion\/"},"author":{"name":"Andreas M\u00fcller","@id":"https:\/\/loginfo24.com\/es\/#\/schema\/person\/7b1593b33567ba798d300c8a1b0b85b1"},"headline":"DVF exige apoyo para puertos y navegaci\u00f3n","datePublished":"2026-04-29T11:34:56+00:00","mainEntityOfPage":{"@id":"https:\/\/loginfo24.com\/es\/2026\/04\/29\/dvf-exige-apoyo-para-puertos-y-navegacion\/"},"wordCount":514,"commentCount":0,"publisher":{"@id":"https:\/\/loginfo24.com\/es\/#organization"},"image":{"@id":"https:\/\/loginfo24.com\/es\/2026\/04\/29\/dvf-exige-apoyo-para-puertos-y-navegacion\/#primaryimage"},"thumbnailUrl":"https:\/\/loginfo24.com\/wp-content\/uploads\/sites\/7\/2026\/04\/csm_2025-matthias-magnor-img_26f6736e25-aspect-ratio-1400-788.jpg","keywords":["approvisionnement en \u00e9nergie","Binnenhafen","BLG LOGISTICS","Bundesregierung","carburants durables","climate policy transformation","competitiveness of ports","comp\u00e9titivit\u00e9 des ports","Deutsch H\u00e4fen","Digitalisierung in der Schifffahrt","digitalization in shipping","DVF","\u00e9conomie maritime","Energieversorgung","energy supply","EU","Fachkr\u00e4ftemangel","federal government","gouvernement f\u00e9d\u00e9ral","Hafeninfrastruktur","industrie du transport","infrastructure","infrastructure portuaire","Infrastruktur","inland ports","klimapolitische Transformation","maritime economy","maritime sector Fran\u00e7ais ports","maritime Wirtschaft","maritimer Sektor English ports","nachhaltige Kraftstoffe","navigation","num\u00e9risation dans la navigation","p\u00e9nurie de main-d'\u0153uvre qualifi\u00e9e","port infrastructure","ports int\u00e9rieurs","ports maritimes","Schifffahrt","seaports","secteur maritime","Seeh\u00e4fen","shipping","skilled labor shortage","sustainable fuels","transformation climatique","transport industry","transport routes","Transportwirtschaft","UE","Verkehrswege","voies de transport","Wettbewerbsf\u00e4higkeit der H\u00e4fen"],"articleSection":["Alemania","Navegaci\u00f3n y puertos"],"inLanguage":"es","potentialAction":[{"@type":"CommentAction","name":"Comment","target":["https:\/\/loginfo24.com\/es\/2026\/04\/29\/dvf-exige-apoyo-para-puertos-y-navegacion\/#respond"]}]},{"@type":"WebPage","@id":"https:\/\/loginfo24.com\/es\/2026\/04\/29\/dvf-exige-apoyo-para-puertos-y-navegacion\/","url":"https:\/\/loginfo24.com\/es\/2026\/04\/29\/dvf-exige-apoyo-para-puertos-y-navegacion\/","name":"DVF exige apoyo para puertos y navegaci\u00f3n - Loginfo24","isPartOf":{"@id":"https:\/\/loginfo24.com\/es\/#website"},"primaryImageOfPage":{"@id":"https:\/\/loginfo24.com\/es\/2026\/04\/29\/dvf-exige-apoyo-para-puertos-y-navegacion\/#primaryimage"},"image":{"@id":"https:\/\/loginfo24.com\/es\/2026\/04\/29\/dvf-exige-apoyo-para-puertos-y-navegacion\/#primaryimage"},"thumbnailUrl":"https:\/\/loginfo24.com\/wp-content\/uploads\/sites\/7\/2026\/04\/csm_2025-matthias-magnor-img_26f6736e25-aspect-ratio-1400-788.jpg","datePublished":"2026-04-29T11:34:56+00:00","breadcrumb":{"@id":"https:\/\/loginfo24.com\/es\/2026\/04\/29\/dvf-exige-apoyo-para-puertos-y-navegacion\/#breadcrumb"},"inLanguage":"es","potentialAction":[{"@type":"ReadAction","target":["https:\/\/loginfo24.com\/es\/2026\/04\/29\/dvf-exige-apoyo-para-puertos-y-navegacion\/"]}]},{"@type":"ImageObject","inLanguage":"es","@id":"https:\/\/loginfo24.com\/es\/2026\/04\/29\/dvf-exige-apoyo-para-puertos-y-navegacion\/#primaryimage","url":"https:\/\/loginfo24.com\/wp-content\/uploads\/sites\/7\/2026\/04\/csm_2025-matthias-magnor-img_26f6736e25-aspect-ratio-1400-788.jpg","contentUrl":"https:\/\/loginfo24.com\/wp-content\/uploads\/sites\/7\/2026\/04\/csm_2025-matthias-magnor-img_26f6736e25-aspect-ratio-1400-788.jpg","width":470,"height":265},{"@type":"BreadcrumbList","@id":"https:\/\/loginfo24.com\/es\/2026\/04\/29\/dvf-exige-apoyo-para-puertos-y-navegacion\/#breadcrumb","itemListElement":[{"@type":"ListItem","position":1,"name":"Startseite","item":"https:\/\/loginfo24.com\/es\/"},{"@type":"ListItem","position":2,"name":"DVF exige apoyo para puertos y navegaci\u00f3n"}]},{"@type":"WebSite","@id":"https:\/\/loginfo24.com\/es\/#website","url":"https:\/\/loginfo24.com\/es\/","name":"Loginfo24","description":"Loginfo24 es la plataforma dedicada a la log\u00edstica y las cadenas de suministro con informaci\u00f3n las 24 horas del d\u00eda.","publisher":{"@id":"https:\/\/loginfo24.com\/es\/#organization"},"potentialAction":[{"@type":"SearchAction","target":{"@type":"EntryPoint","urlTemplate":"https:\/\/loginfo24.com\/es\/?s={search_term_string}"},"query-input":{"@type":"PropertyValueSpecification","valueRequired":true,"valueName":"search_term_string"}}],"inLanguage":"es"},{"@type":"Organization","@id":"https:\/\/loginfo24.com\/es\/#organization","name":"Grupo Logismedia AG","url":"https:\/\/loginfo24.com\/es\/","logo":{"@type":"ImageObject","inLanguage":"es","@id":"https:\/\/loginfo24.com\/es\/#\/schema\/logo\/image\/","url":"https:\/\/loginfo24.com\/wp-content\/uploads\/sites\/7\/2026\/01\/Logo_LogInfo24.png","contentUrl":"https:\/\/loginfo24.com\/wp-content\/uploads\/sites\/7\/2026\/01\/Logo_LogInfo24.png","width":938,"height":351,"caption":"Grupo Logismedia AG"},"image":{"@id":"https:\/\/loginfo24.com\/es\/#\/schema\/logo\/image\/"},"sameAs":["https:\/\/www.facebook.com\/people\/Loginfo24\/100057360583332\/","https:\/\/www.linkedin.com\/company\/lofinfo24\/"]},{"@type":"Person","@id":"https:\/\/loginfo24.com\/es\/#\/schema\/person\/7b1593b33567ba798d300c8a1b0b85b1","name":"Andreas M\u00fcller","url":"https:\/\/loginfo24.com\/es\/author\/logismedia\/"}]}},"_links":{"self":[{"href":"https:\/\/loginfo24.com\/es\/wp-json\/wp\/v2\/posts\/79553","targetHints":{"allow":["GET"]}}],"collection":[{"href":"https:\/\/loginfo24.com\/es\/wp-json\/wp\/v2\/posts"}],"about":[{"href":"https:\/\/loginfo24.com\/es\/wp-json\/wp\/v2\/types\/post"}],"author":[{"embeddable":true,"href":"https:\/\/loginfo24.com\/es\/wp-json\/wp\/v2\/users\/7"}],"replies":[{"embeddable":true,"href":"https:\/\/loginfo24.com\/es\/wp-json\/wp\/v2\/comments?post=79553"}],"version-history":[{"count":0,"href":"https:\/\/loginfo24.com\/es\/wp-json\/wp\/v2\/posts\/79553\/revisions"}],"wp:featuredmedia":[{"embeddable":true,"href":"https:\/\/loginfo24.com\/es\/wp-json\/wp\/v2\/media\/79550"}],"wp:attachment":[{"href":"https:\/\/loginfo24.com\/es\/wp-json\/wp\/v2\/media?parent=79553"}],"wp:term":[{"taxonomy":"category","embeddable":true,"href":"https:\/\/loginfo24.com\/es\/wp-json\/wp\/v2\/categories?post=79553"},{"taxonomy":"post_tag","embeddable":true,"href":"https:\/\/loginfo24.com\/es\/wp-json\/wp\/v2\/tags?post=79553"}],"curies":[{"name":"wp","href":"https:\/\/api.w.org\/{rel}","templated":true}]}}