{"id":79537,"date":"2026-04-29T10:50:54","date_gmt":"2026-04-29T10:50:54","guid":{"rendered":"https:\/\/loginfo24.com\/2026\/04\/29\/garbe-industrial-construye-un-parque-industrial-en-holzgerlingen\/"},"modified":"2026-04-29T10:50:54","modified_gmt":"2026-04-29T10:50:54","slug":"garbe-industrial-construye-un-parque-industrial-en-holzgerlingen","status":"publish","type":"post","link":"https:\/\/loginfo24.com\/es\/2026\/04\/29\/garbe-industrial-construye-un-parque-industrial-en-holzgerlingen\/","title":{"rendered":"Garbe Industrial construye un parque industrial en Holzgerlingen"},"content":{"rendered":"<p>Las obras en el parque industrial de Garbe Industrial en Holzgerlingen, al sur de Stuttgart, avanzan seg\u00fan lo previsto. Seis meses despu\u00e9s del inicio de la construcci\u00f3n, se celebr\u00f3 una ceremonia de colocaci\u00f3n de la primera piedra, a la que asistieron representantes de la ciudad, de las empresas involucradas en la construcci\u00f3n y socios comerciales. La finalizaci\u00f3n de las obras en la zona industrial &#8222;Buch&#8220; est\u00e1 prevista para el tercer trimestre de 2026.<\/p>\n<h3>Detalles del parque industrial<\/h3>\n<p>El parque industrial comprende dos edificios con una superficie total de aproximadamente 16,600 m\u00b2. La superficie de las naves es de alrededor de 14,300 m\u00b2, complementada por aproximadamente 560 m\u00b2 para oficinas y \u00e1reas sociales, as\u00ed como unos 1,700 m\u00b2 de superficie de entreplanta que se puede utilizar para el almacenamiento de mercanc\u00edas. Se prev\u00e9n doce muelles de carga y siete puertas seccionales a nivel del suelo para la carga y descarga de camiones. Adem\u00e1s, se crear\u00e1n espacios de estacionamiento para 124 veh\u00edculos en el exterior.<\/p>\n<p>Kathrin Fuhrmann, directora regional suroeste de Garbe Industrial, declar\u00f3: &#8222;Con el Garbe Industrial Park en Holzgerlingen, estamos creando un potencial de asentamiento moderno en una ubicaci\u00f3n industrial consolidada, que combina construcci\u00f3n sostenible y opciones de uso flexibles.&#8220; El nuevo edificio se desarrollar\u00e1 de acuerdo con los est\u00e1ndares ecol\u00f3gicos actuales y los criterios ESG, y est\u00e1 dirigido a empresas de los sectores industrial, light industrial y producci\u00f3n.<\/p>\n<p>La superficie de las naves se puede dividir en unidades a partir de aproximadamente 1,300 m\u00b2, y la capacidad de carga del suelo es de seis toneladas por metro cuadrado. Tras su finalizaci\u00f3n, el parque industrial cumplir\u00e1 con el est\u00e1ndar de eficiencia energ\u00e9tica BEG-40 y funcionar\u00e1 sin combustibles f\u00f3siles. La calefacci\u00f3n se realizar\u00e1 mediante bombas de calor aire-aire, y se instalar\u00e1 un sistema de energ\u00eda fotovoltaica en el techo con una potencia de 1.2 megavatios pico. Garbe Industrial tambi\u00e9n busca una certificaci\u00f3n seg\u00fan el est\u00e1ndar Gold de la Deutsche Gesellschaft f\u00fcr Nachhaltiges Bauen.<\/p>\n<h3>Finalizaci\u00f3n del desarrollo<\/h3>\n<p>Con la tercera fase de construcci\u00f3n, se completar\u00e1 el desarrollo de la parcela de 100,000 m\u00b2 en total. Garbe Industrial adquiri\u00f3 el terreno, que anteriormente era utilizado por un fabricante de instalaciones, en 2021. Ya est\u00e1n alquilados un edificio existente y un nuevo edificio que se complet\u00f3 en 2023.<\/p>\n<p>El alcalde Ioannis Delakos se expres\u00f3 positivamente sobre la revitalizaci\u00f3n de la tercera fase de construcci\u00f3n: &#8222;El parque industrial de Garbe Industrial es un impulso importante para el desarrollo futuro de la zona industrial de Buch y fortalecer\u00e1 la ubicaci\u00f3n econ\u00f3mica de Holzgerlingen.&#8220;<\/p>\n<p>No est\u00e1 claro actualmente si y qu\u00e9 empresas se establecer\u00e1n en el nuevo parque industrial. &#8222;Actualmente estamos en conversaciones avanzadas con interesados y esperamos poder alquilar el Garbe Industrial Park en un futuro cercano, gracias a su excelente ubicaci\u00f3n&#8220;, afirm\u00f3 Kathrin Fuhrmann. Holzgerlingen se encuentra en la regi\u00f3n metropolitana de Stuttgart y est\u00e1 conectado a la A 8 a trav\u00e9s de la B 464 y la A 81, que conecta la ubicaci\u00f3n con Karlsruhe al oeste y el aeropuerto de Stuttgart, as\u00ed como Ulm y M\u00fanich al este. El parque industrial tambi\u00e9n se encuentra a solo unos cientos de metros de la pr\u00f3xima conexi\u00f3n con el transporte p\u00fablico.<\/p>\n<p><a href=\"http:\/\/www.garbe-industrial.de\" target=\"_blank\" rel=\"noopener noreferrer\">www.garbe-industrial.de <\/a><\/p>\n","protected":false},"excerpt":{"rendered":"<p>Las obras en el parque industrial de Holzgerlingen avanzan seg\u00fan lo previsto, y la finalizaci\u00f3n est\u00e1 programada para el tercer trimestre de 2026.<\/p>\n","protected":false},"author":7,"featured_media":79534,"comment_status":"open","ping_status":"","sticky":false,"template":"","format":"standard","meta":{"_acf_changed":false,"footnotes":""},"categories":[6655,1605],"tags":[22759,22760,22761,22762,22763,22764,22765,22766,17943,22767,22768,18122,22769,22770,22771,22772,22773,21998,21999,22774,22775,22776,22777,22778,2125,22779,22780,22781,2133,1831,22782,22783,17967,22784,22014,22785,22786,7116,7117,22787,22788,22789,2829,22790,22791,22792,22793,22794,22795,22796,22797,17981,7127,2155,1837,22798,22799,22800],"class_list":["post-79537","post","type-post","status-publish","format-standard","has-post-thumbnail","hentry","category-alemania","category-expedicion-y-logistica","tag-air-air-heat-pumps","tag-bauarbeiten-gewerbepark","tag-bodentragfaehigkeit-english-garbe-industrial","tag-capacite-portante","tag-commerce-and-production","tag-commerce-et-production","tag-commercial-area-buch","tag-commercial-park-holzgerlingen","tag-construction-durable","tag-construction-works-commercial-park","tag-criteres-esg","tag-deutsch-garbe-industrial","tag-developpement-de-site-holzgerlingen","tag-energieeffizienzstandard","tag-energy-efficiency-standard","tag-esg-criteria","tag-esg-kriterien","tag-flexible-nutzungsmoeglichkeiten","tag-flexible-usage-options","tag-gewerbe-und-produktion","tag-gewerbegebiet-buch","tag-gewerbepark-holzgerlingen","tag-hall-area-m","tag-hallenflaeche-m","tag-industrie-du-transport","tag-load-bearing-capacity-francais-garbe-industrial","tag-loading-bridges","tag-location-development-holzgerlingen","tag-logistics-service-providers","tag-logistikdienstleister","tag-luft-luft-waermepumpen","tag-metropolregion-stuttgart","tag-nachhaltige-bauweise","tag-norme-defficacite-energetique","tag-options-dutilisation-flexibles","tag-parc-dactivites-holzgerlingen","tag-parking-spaces-cars","tag-photovoltaic-system","tag-photovoltaikanlage","tag-places-de-stationnement-voitures","tag-pompes-a-chaleur-air-air","tag-ponts-de-chargement","tag-prestataires-logistiques","tag-region-metropolitaine-de-stuttgart","tag-revitalisation-parc-dactivites","tag-revitalisierung-gewerbepark","tag-revitalization-commercial-park","tag-standortentwicklung-holzgerlingen","tag-stellplaetze-pkw","tag-stuttgart-metropolitan-region","tag-surface-de-hall-m","tag-sustainable-construction","tag-systeme-photovoltaique","tag-transport-industry","tag-transportwirtschaft","tag-travaux-de-construction-parc","tag-ueberladebruecken","tag-zone-commerciale-buch"],"acf":[],"yoast_head":"<!-- This site is optimized with the Yoast SEO plugin v27.3 - https:\/\/yoast.com\/product\/yoast-seo-wordpress\/ -->\n<title>Garbe Industrial construye un parque industrial en Holzgerlingen - Loginfo24<\/title>\n<meta name=\"robots\" content=\"index, follow, max-snippet:-1, max-image-preview:large, max-video-preview:-1\" \/>\n<link rel=\"canonical\" href=\"https:\/\/loginfo24.com\/es\/2026\/04\/29\/garbe-industrial-construye-un-parque-industrial-en-holzgerlingen\/\" \/>\n<meta property=\"og:locale\" content=\"es_ES\" \/>\n<meta property=\"og:type\" content=\"article\" \/>\n<meta property=\"og:title\" content=\"Garbe Industrial construye un parque industrial en Holzgerlingen - Loginfo24\" \/>\n<meta property=\"og:description\" content=\"Las obras en el parque industrial de Holzgerlingen avanzan seg\u00fan lo previsto, y la finalizaci\u00f3n est\u00e1 programada para el tercer trimestre de 2026.\" \/>\n<meta property=\"og:url\" content=\"https:\/\/loginfo24.com\/es\/2026\/04\/29\/garbe-industrial-construye-un-parque-industrial-en-holzgerlingen\/\" \/>\n<meta property=\"og:site_name\" content=\"Loginfo24\" \/>\n<meta property=\"article:publisher\" content=\"https:\/\/www.facebook.com\/people\/Loginfo24\/100057360583332\/\" \/>\n<meta property=\"article:published_time\" content=\"2026-04-29T10:50:54+00:00\" \/>\n<meta property=\"og:image\" content=\"https:\/\/loginfo24.com\/wp-content\/uploads\/sites\/7\/2026\/04\/Garbe_29.4.26-scaled-aspect-ratio-1400-788-scaled-1.jpg\" \/>\n\t<meta property=\"og:image:width\" content=\"2560\" \/>\n\t<meta property=\"og:image:height\" content=\"1440\" \/>\n\t<meta property=\"og:image:type\" content=\"image\/jpeg\" \/>\n<meta name=\"author\" content=\"Andreas M\u00fcller\" \/>\n<meta name=\"twitter:card\" content=\"summary_large_image\" \/>\n<meta name=\"twitter:label1\" content=\"Escrito por\" \/>\n\t<meta name=\"twitter:data1\" content=\"Andreas M\u00fcller\" \/>\n\t<meta name=\"twitter:label2\" content=\"Tiempo de lectura\" \/>\n\t<meta name=\"twitter:data2\" content=\"3 minuto\" \/>\n<script type=\"application\/ld+json\" class=\"yoast-schema-graph\">{\"@context\":\"https:\\\/\\\/schema.org\",\"@graph\":[{\"@type\":\"Article\",\"@id\":\"https:\\\/\\\/loginfo24.com\\\/es\\\/2026\\\/04\\\/29\\\/garbe-industrial-construye-un-parque-industrial-en-holzgerlingen\\\/#article\",\"isPartOf\":{\"@id\":\"https:\\\/\\\/loginfo24.com\\\/es\\\/2026\\\/04\\\/29\\\/garbe-industrial-construye-un-parque-industrial-en-holzgerlingen\\\/\"},\"author\":{\"name\":\"Andreas M\u00fcller\",\"@id\":\"https:\\\/\\\/loginfo24.com\\\/es\\\/#\\\/schema\\\/person\\\/7b1593b33567ba798d300c8a1b0b85b1\"},\"headline\":\"Garbe Industrial construye un parque industrial en Holzgerlingen\",\"datePublished\":\"2026-04-29T10:50:54+00:00\",\"mainEntityOfPage\":{\"@id\":\"https:\\\/\\\/loginfo24.com\\\/es\\\/2026\\\/04\\\/29\\\/garbe-industrial-construye-un-parque-industrial-en-holzgerlingen\\\/\"},\"wordCount\":566,\"commentCount\":0,\"publisher\":{\"@id\":\"https:\\\/\\\/loginfo24.com\\\/es\\\/#organization\"},\"image\":{\"@id\":\"https:\\\/\\\/loginfo24.com\\\/es\\\/2026\\\/04\\\/29\\\/garbe-industrial-construye-un-parque-industrial-en-holzgerlingen\\\/#primaryimage\"},\"thumbnailUrl\":\"https:\\\/\\\/loginfo24.com\\\/wp-content\\\/uploads\\\/sites\\\/7\\\/2026\\\/04\\\/Garbe_29.4.26-scaled-aspect-ratio-1400-788-scaled-1.jpg\",\"keywords\":[\"air-air heat pumps\",\"Bauarbeiten Gewerbepark\",\"Bodentragf\u00e4higkeit English Garbe Industrial\",\"capacit\u00e9 portante\",\"commerce and production\",\"commerce et production\",\"commercial area Buch\",\"commercial park Holzgerlingen\",\"construction durable\",\"construction works commercial park\",\"crit\u00e8res ESG\",\"Deutsch Garbe Industrial\",\"d\u00e9veloppement de site Holzgerlingen\",\"Energieeffizienzstandard\",\"energy efficiency standard\",\"ESG criteria\",\"ESG-Kriterien\",\"flexible Nutzungsm\u00f6glichkeiten\",\"flexible usage options\",\"Gewerbe und Produktion\",\"Gewerbegebiet Buch\",\"Gewerbepark Holzgerlingen\",\"hall area m\u00b2\",\"Hallenfl\u00e4che m\u00b2\",\"industrie du transport\",\"load-bearing capacity Fran\u00e7ais Garbe Industrial\",\"loading bridges\",\"location development Holzgerlingen\",\"logistics service providers\",\"Logistikdienstleister\",\"Luft-Luft-W\u00e4rmepumpen\",\"Metropolregion Stuttgart\",\"nachhaltige Bauweise\",\"norme d'efficacit\u00e9 \u00e9nerg\u00e9tique\",\"options d'utilisation flexibles\",\"parc d'activit\u00e9s Holzgerlingen\",\"parking spaces cars\",\"photovoltaic system\",\"Photovoltaikanlage\",\"places de stationnement voitures\",\"pompes \u00e0 chaleur air-air\",\"ponts de chargement\",\"prestataires logistiques\",\"r\u00e9gion m\u00e9tropolitaine de Stuttgart\",\"revitalisation parc d'activit\u00e9s\",\"Revitalisierung Gewerbepark\",\"revitalization commercial park\",\"Standortentwicklung Holzgerlingen\",\"Stellpl\u00e4tze Pkw\",\"Stuttgart metropolitan region\",\"surface de hall m\u00b2\",\"sustainable construction\",\"syst\u00e8me photovolta\u00efque\",\"transport industry\",\"Transportwirtschaft\",\"travaux de construction parc\",\"\u00dcberladebr\u00fccken\",\"zone commerciale Buch\"],\"articleSection\":[\"Alemania\",\"Transporte de mercanc\u00edas y log\u00edstica\"],\"inLanguage\":\"es\",\"potentialAction\":[{\"@type\":\"CommentAction\",\"name\":\"Comment\",\"target\":[\"https:\\\/\\\/loginfo24.com\\\/es\\\/2026\\\/04\\\/29\\\/garbe-industrial-construye-un-parque-industrial-en-holzgerlingen\\\/#respond\"]}]},{\"@type\":\"WebPage\",\"@id\":\"https:\\\/\\\/loginfo24.com\\\/es\\\/2026\\\/04\\\/29\\\/garbe-industrial-construye-un-parque-industrial-en-holzgerlingen\\\/\",\"url\":\"https:\\\/\\\/loginfo24.com\\\/es\\\/2026\\\/04\\\/29\\\/garbe-industrial-construye-un-parque-industrial-en-holzgerlingen\\\/\",\"name\":\"Garbe Industrial construye un parque industrial en Holzgerlingen - Loginfo24\",\"isPartOf\":{\"@id\":\"https:\\\/\\\/loginfo24.com\\\/es\\\/#website\"},\"primaryImageOfPage\":{\"@id\":\"https:\\\/\\\/loginfo24.com\\\/es\\\/2026\\\/04\\\/29\\\/garbe-industrial-construye-un-parque-industrial-en-holzgerlingen\\\/#primaryimage\"},\"image\":{\"@id\":\"https:\\\/\\\/loginfo24.com\\\/es\\\/2026\\\/04\\\/29\\\/garbe-industrial-construye-un-parque-industrial-en-holzgerlingen\\\/#primaryimage\"},\"thumbnailUrl\":\"https:\\\/\\\/loginfo24.com\\\/wp-content\\\/uploads\\\/sites\\\/7\\\/2026\\\/04\\\/Garbe_29.4.26-scaled-aspect-ratio-1400-788-scaled-1.jpg\",\"datePublished\":\"2026-04-29T10:50:54+00:00\",\"breadcrumb\":{\"@id\":\"https:\\\/\\\/loginfo24.com\\\/es\\\/2026\\\/04\\\/29\\\/garbe-industrial-construye-un-parque-industrial-en-holzgerlingen\\\/#breadcrumb\"},\"inLanguage\":\"es\",\"potentialAction\":[{\"@type\":\"ReadAction\",\"target\":[\"https:\\\/\\\/loginfo24.com\\\/es\\\/2026\\\/04\\\/29\\\/garbe-industrial-construye-un-parque-industrial-en-holzgerlingen\\\/\"]}]},{\"@type\":\"ImageObject\",\"inLanguage\":\"es\",\"@id\":\"https:\\\/\\\/loginfo24.com\\\/es\\\/2026\\\/04\\\/29\\\/garbe-industrial-construye-un-parque-industrial-en-holzgerlingen\\\/#primaryimage\",\"url\":\"https:\\\/\\\/loginfo24.com\\\/wp-content\\\/uploads\\\/sites\\\/7\\\/2026\\\/04\\\/Garbe_29.4.26-scaled-aspect-ratio-1400-788-scaled-1.jpg\",\"contentUrl\":\"https:\\\/\\\/loginfo24.com\\\/wp-content\\\/uploads\\\/sites\\\/7\\\/2026\\\/04\\\/Garbe_29.4.26-scaled-aspect-ratio-1400-788-scaled-1.jpg\",\"width\":2560,\"height\":1440},{\"@type\":\"BreadcrumbList\",\"@id\":\"https:\\\/\\\/loginfo24.com\\\/es\\\/2026\\\/04\\\/29\\\/garbe-industrial-construye-un-parque-industrial-en-holzgerlingen\\\/#breadcrumb\",\"itemListElement\":[{\"@type\":\"ListItem\",\"position\":1,\"name\":\"Startseite\",\"item\":\"https:\\\/\\\/loginfo24.com\\\/es\\\/\"},{\"@type\":\"ListItem\",\"position\":2,\"name\":\"Garbe Industrial construye un parque industrial en Holzgerlingen\"}]},{\"@type\":\"WebSite\",\"@id\":\"https:\\\/\\\/loginfo24.com\\\/es\\\/#website\",\"url\":\"https:\\\/\\\/loginfo24.com\\\/es\\\/\",\"name\":\"Loginfo24\",\"description\":\"Loginfo24 es la plataforma dedicada a la log\u00edstica y las cadenas de suministro con informaci\u00f3n las 24 horas del d\u00eda.\",\"publisher\":{\"@id\":\"https:\\\/\\\/loginfo24.com\\\/es\\\/#organization\"},\"potentialAction\":[{\"@type\":\"SearchAction\",\"target\":{\"@type\":\"EntryPoint\",\"urlTemplate\":\"https:\\\/\\\/loginfo24.com\\\/es\\\/?s={search_term_string}\"},\"query-input\":{\"@type\":\"PropertyValueSpecification\",\"valueRequired\":true,\"valueName\":\"search_term_string\"}}],\"inLanguage\":\"es\"},{\"@type\":\"Organization\",\"@id\":\"https:\\\/\\\/loginfo24.com\\\/es\\\/#organization\",\"name\":\"Grupo Logismedia AG\",\"url\":\"https:\\\/\\\/loginfo24.com\\\/es\\\/\",\"logo\":{\"@type\":\"ImageObject\",\"inLanguage\":\"es\",\"@id\":\"https:\\\/\\\/loginfo24.com\\\/es\\\/#\\\/schema\\\/logo\\\/image\\\/\",\"url\":\"https:\\\/\\\/loginfo24.com\\\/wp-content\\\/uploads\\\/sites\\\/7\\\/2026\\\/01\\\/Logo_LogInfo24.png\",\"contentUrl\":\"https:\\\/\\\/loginfo24.com\\\/wp-content\\\/uploads\\\/sites\\\/7\\\/2026\\\/01\\\/Logo_LogInfo24.png\",\"width\":938,\"height\":351,\"caption\":\"Grupo Logismedia AG\"},\"image\":{\"@id\":\"https:\\\/\\\/loginfo24.com\\\/es\\\/#\\\/schema\\\/logo\\\/image\\\/\"},\"sameAs\":[\"https:\\\/\\\/www.facebook.com\\\/people\\\/Loginfo24\\\/100057360583332\\\/\",\"https:\\\/\\\/www.linkedin.com\\\/company\\\/lofinfo24\\\/\"]},{\"@type\":\"Person\",\"@id\":\"https:\\\/\\\/loginfo24.com\\\/es\\\/#\\\/schema\\\/person\\\/7b1593b33567ba798d300c8a1b0b85b1\",\"name\":\"Andreas M\u00fcller\",\"url\":\"https:\\\/\\\/loginfo24.com\\\/es\\\/author\\\/logismedia\\\/\"}]}<\/script>\n<!-- \/ Yoast SEO plugin. -->","yoast_head_json":{"title":"Garbe Industrial construye un parque industrial en Holzgerlingen - Loginfo24","robots":{"index":"index","follow":"follow","max-snippet":"max-snippet:-1","max-image-preview":"max-image-preview:large","max-video-preview":"max-video-preview:-1"},"canonical":"https:\/\/loginfo24.com\/es\/2026\/04\/29\/garbe-industrial-construye-un-parque-industrial-en-holzgerlingen\/","og_locale":"es_ES","og_type":"article","og_title":"Garbe Industrial construye un parque industrial en Holzgerlingen - Loginfo24","og_description":"Las obras en el parque industrial de Holzgerlingen avanzan seg\u00fan lo previsto, y la finalizaci\u00f3n est\u00e1 programada para el tercer trimestre de 2026.","og_url":"https:\/\/loginfo24.com\/es\/2026\/04\/29\/garbe-industrial-construye-un-parque-industrial-en-holzgerlingen\/","og_site_name":"Loginfo24","article_publisher":"https:\/\/www.facebook.com\/people\/Loginfo24\/100057360583332\/","article_published_time":"2026-04-29T10:50:54+00:00","og_image":[{"width":2560,"height":1440,"url":"https:\/\/loginfo24.com\/wp-content\/uploads\/sites\/7\/2026\/04\/Garbe_29.4.26-scaled-aspect-ratio-1400-788-scaled-1.jpg","type":"image\/jpeg"}],"author":"Andreas M\u00fcller","twitter_card":"summary_large_image","twitter_misc":{"Escrito por":"Andreas M\u00fcller","Tiempo de lectura":"3 minuto"},"schema":{"@context":"https:\/\/schema.org","@graph":[{"@type":"Article","@id":"https:\/\/loginfo24.com\/es\/2026\/04\/29\/garbe-industrial-construye-un-parque-industrial-en-holzgerlingen\/#article","isPartOf":{"@id":"https:\/\/loginfo24.com\/es\/2026\/04\/29\/garbe-industrial-construye-un-parque-industrial-en-holzgerlingen\/"},"author":{"name":"Andreas M\u00fcller","@id":"https:\/\/loginfo24.com\/es\/#\/schema\/person\/7b1593b33567ba798d300c8a1b0b85b1"},"headline":"Garbe Industrial construye un parque industrial en Holzgerlingen","datePublished":"2026-04-29T10:50:54+00:00","mainEntityOfPage":{"@id":"https:\/\/loginfo24.com\/es\/2026\/04\/29\/garbe-industrial-construye-un-parque-industrial-en-holzgerlingen\/"},"wordCount":566,"commentCount":0,"publisher":{"@id":"https:\/\/loginfo24.com\/es\/#organization"},"image":{"@id":"https:\/\/loginfo24.com\/es\/2026\/04\/29\/garbe-industrial-construye-un-parque-industrial-en-holzgerlingen\/#primaryimage"},"thumbnailUrl":"https:\/\/loginfo24.com\/wp-content\/uploads\/sites\/7\/2026\/04\/Garbe_29.4.26-scaled-aspect-ratio-1400-788-scaled-1.jpg","keywords":["air-air heat pumps","Bauarbeiten Gewerbepark","Bodentragf\u00e4higkeit English Garbe Industrial","capacit\u00e9 portante","commerce and production","commerce et production","commercial area Buch","commercial park Holzgerlingen","construction durable","construction works commercial park","crit\u00e8res ESG","Deutsch Garbe Industrial","d\u00e9veloppement de site Holzgerlingen","Energieeffizienzstandard","energy efficiency standard","ESG criteria","ESG-Kriterien","flexible Nutzungsm\u00f6glichkeiten","flexible usage options","Gewerbe und Produktion","Gewerbegebiet Buch","Gewerbepark Holzgerlingen","hall area m\u00b2","Hallenfl\u00e4che m\u00b2","industrie du transport","load-bearing capacity Fran\u00e7ais Garbe Industrial","loading bridges","location development Holzgerlingen","logistics service providers","Logistikdienstleister","Luft-Luft-W\u00e4rmepumpen","Metropolregion Stuttgart","nachhaltige Bauweise","norme d'efficacit\u00e9 \u00e9nerg\u00e9tique","options d'utilisation flexibles","parc d'activit\u00e9s Holzgerlingen","parking spaces cars","photovoltaic system","Photovoltaikanlage","places de stationnement voitures","pompes \u00e0 chaleur air-air","ponts de chargement","prestataires logistiques","r\u00e9gion m\u00e9tropolitaine de Stuttgart","revitalisation parc d'activit\u00e9s","Revitalisierung Gewerbepark","revitalization commercial park","Standortentwicklung Holzgerlingen","Stellpl\u00e4tze Pkw","Stuttgart metropolitan region","surface de hall m\u00b2","sustainable construction","syst\u00e8me photovolta\u00efque","transport industry","Transportwirtschaft","travaux de construction parc","\u00dcberladebr\u00fccken","zone commerciale Buch"],"articleSection":["Alemania","Transporte de mercanc\u00edas y log\u00edstica"],"inLanguage":"es","potentialAction":[{"@type":"CommentAction","name":"Comment","target":["https:\/\/loginfo24.com\/es\/2026\/04\/29\/garbe-industrial-construye-un-parque-industrial-en-holzgerlingen\/#respond"]}]},{"@type":"WebPage","@id":"https:\/\/loginfo24.com\/es\/2026\/04\/29\/garbe-industrial-construye-un-parque-industrial-en-holzgerlingen\/","url":"https:\/\/loginfo24.com\/es\/2026\/04\/29\/garbe-industrial-construye-un-parque-industrial-en-holzgerlingen\/","name":"Garbe Industrial construye un parque industrial en Holzgerlingen - Loginfo24","isPartOf":{"@id":"https:\/\/loginfo24.com\/es\/#website"},"primaryImageOfPage":{"@id":"https:\/\/loginfo24.com\/es\/2026\/04\/29\/garbe-industrial-construye-un-parque-industrial-en-holzgerlingen\/#primaryimage"},"image":{"@id":"https:\/\/loginfo24.com\/es\/2026\/04\/29\/garbe-industrial-construye-un-parque-industrial-en-holzgerlingen\/#primaryimage"},"thumbnailUrl":"https:\/\/loginfo24.com\/wp-content\/uploads\/sites\/7\/2026\/04\/Garbe_29.4.26-scaled-aspect-ratio-1400-788-scaled-1.jpg","datePublished":"2026-04-29T10:50:54+00:00","breadcrumb":{"@id":"https:\/\/loginfo24.com\/es\/2026\/04\/29\/garbe-industrial-construye-un-parque-industrial-en-holzgerlingen\/#breadcrumb"},"inLanguage":"es","potentialAction":[{"@type":"ReadAction","target":["https:\/\/loginfo24.com\/es\/2026\/04\/29\/garbe-industrial-construye-un-parque-industrial-en-holzgerlingen\/"]}]},{"@type":"ImageObject","inLanguage":"es","@id":"https:\/\/loginfo24.com\/es\/2026\/04\/29\/garbe-industrial-construye-un-parque-industrial-en-holzgerlingen\/#primaryimage","url":"https:\/\/loginfo24.com\/wp-content\/uploads\/sites\/7\/2026\/04\/Garbe_29.4.26-scaled-aspect-ratio-1400-788-scaled-1.jpg","contentUrl":"https:\/\/loginfo24.com\/wp-content\/uploads\/sites\/7\/2026\/04\/Garbe_29.4.26-scaled-aspect-ratio-1400-788-scaled-1.jpg","width":2560,"height":1440},{"@type":"BreadcrumbList","@id":"https:\/\/loginfo24.com\/es\/2026\/04\/29\/garbe-industrial-construye-un-parque-industrial-en-holzgerlingen\/#breadcrumb","itemListElement":[{"@type":"ListItem","position":1,"name":"Startseite","item":"https:\/\/loginfo24.com\/es\/"},{"@type":"ListItem","position":2,"name":"Garbe Industrial construye un parque industrial en Holzgerlingen"}]},{"@type":"WebSite","@id":"https:\/\/loginfo24.com\/es\/#website","url":"https:\/\/loginfo24.com\/es\/","name":"Loginfo24","description":"Loginfo24 es la plataforma dedicada a la log\u00edstica y las cadenas de suministro con informaci\u00f3n las 24 horas del d\u00eda.","publisher":{"@id":"https:\/\/loginfo24.com\/es\/#organization"},"potentialAction":[{"@type":"SearchAction","target":{"@type":"EntryPoint","urlTemplate":"https:\/\/loginfo24.com\/es\/?s={search_term_string}"},"query-input":{"@type":"PropertyValueSpecification","valueRequired":true,"valueName":"search_term_string"}}],"inLanguage":"es"},{"@type":"Organization","@id":"https:\/\/loginfo24.com\/es\/#organization","name":"Grupo Logismedia AG","url":"https:\/\/loginfo24.com\/es\/","logo":{"@type":"ImageObject","inLanguage":"es","@id":"https:\/\/loginfo24.com\/es\/#\/schema\/logo\/image\/","url":"https:\/\/loginfo24.com\/wp-content\/uploads\/sites\/7\/2026\/01\/Logo_LogInfo24.png","contentUrl":"https:\/\/loginfo24.com\/wp-content\/uploads\/sites\/7\/2026\/01\/Logo_LogInfo24.png","width":938,"height":351,"caption":"Grupo Logismedia AG"},"image":{"@id":"https:\/\/loginfo24.com\/es\/#\/schema\/logo\/image\/"},"sameAs":["https:\/\/www.facebook.com\/people\/Loginfo24\/100057360583332\/","https:\/\/www.linkedin.com\/company\/lofinfo24\/"]},{"@type":"Person","@id":"https:\/\/loginfo24.com\/es\/#\/schema\/person\/7b1593b33567ba798d300c8a1b0b85b1","name":"Andreas M\u00fcller","url":"https:\/\/loginfo24.com\/es\/author\/logismedia\/"}]}},"_links":{"self":[{"href":"https:\/\/loginfo24.com\/es\/wp-json\/wp\/v2\/posts\/79537","targetHints":{"allow":["GET"]}}],"collection":[{"href":"https:\/\/loginfo24.com\/es\/wp-json\/wp\/v2\/posts"}],"about":[{"href":"https:\/\/loginfo24.com\/es\/wp-json\/wp\/v2\/types\/post"}],"author":[{"embeddable":true,"href":"https:\/\/loginfo24.com\/es\/wp-json\/wp\/v2\/users\/7"}],"replies":[{"embeddable":true,"href":"https:\/\/loginfo24.com\/es\/wp-json\/wp\/v2\/comments?post=79537"}],"version-history":[{"count":0,"href":"https:\/\/loginfo24.com\/es\/wp-json\/wp\/v2\/posts\/79537\/revisions"}],"wp:featuredmedia":[{"embeddable":true,"href":"https:\/\/loginfo24.com\/es\/wp-json\/wp\/v2\/media\/79534"}],"wp:attachment":[{"href":"https:\/\/loginfo24.com\/es\/wp-json\/wp\/v2\/media?parent=79537"}],"wp:term":[{"taxonomy":"category","embeddable":true,"href":"https:\/\/loginfo24.com\/es\/wp-json\/wp\/v2\/categories?post=79537"},{"taxonomy":"post_tag","embeddable":true,"href":"https:\/\/loginfo24.com\/es\/wp-json\/wp\/v2\/tags?post=79537"}],"curies":[{"name":"wp","href":"https:\/\/api.w.org\/{rel}","templated":true}]}}