{"id":79514,"date":"2026-04-29T10:32:31","date_gmt":"2026-04-29T10:32:31","guid":{"rendered":"https:\/\/loginfo24.com\/2026\/04\/29\/prohibicion-temporal-de-circulacion-nocturna-en-brenner\/"},"modified":"2026-04-29T14:43:52","modified_gmt":"2026-04-29T12:43:52","slug":"prohibicion-temporal-de-circulacion-nocturna-en-brenner","status":"publish","type":"post","link":"https:\/\/loginfo24.com\/es\/2026\/04\/29\/prohibicion-temporal-de-circulacion-nocturna-en-brenner\/","title":{"rendered":"Prohibici\u00f3n temporal de circulaci\u00f3n nocturna en Brenner"},"content":{"rendered":"<p>En el puente Lueg de la autopista Brenner (A13) habr\u00e1 restricciones entre el 4 y el 9 de mayo. Seg\u00fan informa la Asociaci\u00f3n de Empresas de Transporte y Log\u00edstica de Baviera (LBT) y la revista de tr\u00e1fico, durante el d\u00eda solo estar\u00e1 disponible un carril en cada direcci\u00f3n. La raz\u00f3n son los trabajos de renovaci\u00f3n en la calzada, que se llevar\u00e1n a cabo principalmente por la noche.<\/p>\n<p>Durante este per\u00edodo, se aplicar\u00e1n prohibiciones adicionales de circulaci\u00f3n. Los veh\u00edculos de m\u00e1s de 3,5 t no podr\u00e1n transitar entre lunes y jueves entre las 22:00 y las 5:00 por el tramo entre Matrei-Steinach y Brenner Nord. Adem\u00e1s, hay una prohibici\u00f3n previa en la autopista A12 Inntal y la A13, siempre que el destino est\u00e9 en el tramo afectado.<\/p>\n<p>La LBT se\u00f1ala que la regulaci\u00f3n se aplica a todos los camiones. Tambi\u00e9n se ver\u00e1n afectados los transportes con excepciones, como los de mercanc\u00edas perecederas, durante este per\u00edodo.<\/p>\n","protected":false},"excerpt":{"rendered":"<p>Entre el 4 y el 9 de mayo habr\u00e1 reducciones de carriles y prohibiciones de circulaci\u00f3n para camiones en la autopista de Brenner.<\/p>\n","protected":false},"author":14,"featured_media":79511,"comment_status":"open","ping_status":"","sticky":false,"template":"","format":"standard","meta":{"_acf_changed":false,"footnotes":""},"categories":[6679,1604,1605],"tags":[22682,22683,22684,22685,22686,22687,22688,22689,22690,22691,22692,22693,22694,22695,22696,22697,22698,22699,22700,22701,22702,22703,22704,22705,2467,2470,22706,22707,22708,22709,22710,22711,22712,22713,22714,22715,22716,22717,22718,22719,22720,22721,2484,22722,22723,22724,22725,22726,22727,22728,6941,22729,22730,22731,22732,22733,22734],"class_list":["post-79514","post","type-post","status-publish","format-standard","has-post-thumbnail","hentry","category-europa","category-intermodal-carretera","category-expedicion-y-logistica","tag-a12-inntal-autobahn","tag-a12-inntal-highway","tag-a13-einschraenkungen","tag-a13-restrictions","tag-association-des-transporteurs-bavarois","tag-autoroute-a12-inntal","tag-bavarian-transport-association","tag-bayerischer-transportverband","tag-brenner-infrastructure","tag-deutsch-brenner-autobahn","tag-economie-du-transport-baviere","tag-entreprises-de-transport-et-logistique","tag-fahrbahn-sanierung","tag-fahrspuren-einschraenkungen-english-brenner-highway","tag-fahrverbot-lkw","tag-fermeture-nocturne-poids-lourds","tag-freight-transport-brenner","tag-gueterverkehr-brenner","tag-infrastructure-brenner","tag-infrastruktur-brenner","tag-interdiction-de-circulation-nocturne-brenner","tag-interdiction-de-circulation-poids-lourds","tag-lane-restrictions-francais-autoroute-brenner","tag-lkw-fahrverbot","tag-logistics-industry-germany","tag-logistikbranche-deutschland","tag-lueg-bridge","tag-luegbruecke","tag-nachtfahrverbot-brenner","tag-nachtsperre-lkw","tag-night-closure-trucks","tag-night-driving-ban-brenner","tag-pont-lueg","tag-reglementations-de-circulation-brenner","tag-reparation-de-la-chaussee","tag-restrictions-a13","tag-restrictions-de-voies","tag-restrictions-temporaires-de-circulation","tag-revue-du-trafic","tag-road-maintenance-highway","tag-road-surface-repair","tag-sanierungsarbeiten-autobahn","tag-secteur-logistique-allemagne","tag-temporaere-verkehrseinschraenkungen","tag-temporary-traffic-restrictions","tag-traffic-regulations-brenner","tag-traffic-round-up","tag-transport-and-logistics-companies","tag-transport-de-marchandises-brenner","tag-transport-economy-bavaria","tag-transport-und-logistikunternehmen","tag-transportwirtschaft-bayern","tag-travaux-de-maintenance-autoroute","tag-truck-driving-ban","tag-truck-traffic-ban","tag-verkehrsregelungen-brenner","tag-verkehrsrundschau"],"acf":[],"yoast_head":"<!-- This site is optimized with the Yoast SEO plugin v27.3 - https:\/\/yoast.com\/product\/yoast-seo-wordpress\/ -->\n<title>Prohibici\u00f3n temporal de circulaci\u00f3n nocturna en Brenner - Loginfo24<\/title>\n<meta name=\"robots\" content=\"index, follow, max-snippet:-1, max-image-preview:large, max-video-preview:-1\" \/>\n<link rel=\"canonical\" href=\"https:\/\/loginfo24.com\/es\/2026\/04\/29\/prohibicion-temporal-de-circulacion-nocturna-en-brenner\/\" \/>\n<meta property=\"og:locale\" content=\"es_ES\" \/>\n<meta property=\"og:type\" content=\"article\" \/>\n<meta property=\"og:title\" content=\"Prohibici\u00f3n temporal de circulaci\u00f3n nocturna en Brenner - Loginfo24\" \/>\n<meta property=\"og:description\" content=\"Entre el 4 y el 9 de mayo habr\u00e1 reducciones de carriles y prohibiciones de circulaci\u00f3n para camiones en la autopista de Brenner.\" \/>\n<meta property=\"og:url\" content=\"https:\/\/loginfo24.com\/es\/2026\/04\/29\/prohibicion-temporal-de-circulacion-nocturna-en-brenner\/\" \/>\n<meta property=\"og:site_name\" content=\"Loginfo24\" \/>\n<meta property=\"article:publisher\" content=\"https:\/\/www.facebook.com\/people\/Loginfo24\/100057360583332\/\" \/>\n<meta property=\"article:published_time\" content=\"2026-04-29T10:32:31+00:00\" \/>\n<meta property=\"article:modified_time\" content=\"2026-04-29T12:43:52+00:00\" \/>\n<meta property=\"og:image\" content=\"https:\/\/loginfo24.com\/wp-content\/uploads\/sites\/7\/2026\/04\/Brenner-Pass-Strasse-Foto-Adobe-Stock-Franke-182_AdobeStock_111222275-scaled-aspect-ratio-1400-788-scaled-1.jpeg\" \/>\n\t<meta property=\"og:image:width\" content=\"2560\" \/>\n\t<meta property=\"og:image:height\" content=\"1441\" \/>\n\t<meta property=\"og:image:type\" content=\"image\/jpeg\" \/>\n<meta name=\"author\" content=\"Gyan Sharan\" \/>\n<meta name=\"twitter:card\" content=\"summary_large_image\" \/>\n<meta name=\"twitter:label1\" content=\"Escrito por\" \/>\n\t<meta name=\"twitter:data1\" content=\"Gyan Sharan\" \/>\n\t<meta name=\"twitter:label2\" content=\"Tiempo de lectura\" \/>\n\t<meta name=\"twitter:data2\" content=\"1 minuto\" \/>\n<script type=\"application\/ld+json\" class=\"yoast-schema-graph\">{\"@context\":\"https:\\\/\\\/schema.org\",\"@graph\":[{\"@type\":\"Article\",\"@id\":\"https:\\\/\\\/loginfo24.com\\\/es\\\/2026\\\/04\\\/29\\\/prohibicion-temporal-de-circulacion-nocturna-en-brenner\\\/#article\",\"isPartOf\":{\"@id\":\"https:\\\/\\\/loginfo24.com\\\/es\\\/2026\\\/04\\\/29\\\/prohibicion-temporal-de-circulacion-nocturna-en-brenner\\\/\"},\"author\":{\"name\":\"Gyan Sharan\",\"@id\":\"https:\\\/\\\/loginfo24.com\\\/es\\\/#\\\/schema\\\/person\\\/13a9fc605c753db60ef7750a229cd042\"},\"headline\":\"Prohibici\u00f3n temporal de circulaci\u00f3n nocturna en Brenner\",\"datePublished\":\"2026-04-29T10:32:31+00:00\",\"dateModified\":\"2026-04-29T12:43:52+00:00\",\"mainEntityOfPage\":{\"@id\":\"https:\\\/\\\/loginfo24.com\\\/es\\\/2026\\\/04\\\/29\\\/prohibicion-temporal-de-circulacion-nocturna-en-brenner\\\/\"},\"wordCount\":181,\"commentCount\":0,\"publisher\":{\"@id\":\"https:\\\/\\\/loginfo24.com\\\/es\\\/#organization\"},\"image\":{\"@id\":\"https:\\\/\\\/loginfo24.com\\\/es\\\/2026\\\/04\\\/29\\\/prohibicion-temporal-de-circulacion-nocturna-en-brenner\\\/#primaryimage\"},\"thumbnailUrl\":\"https:\\\/\\\/loginfo24.com\\\/wp-content\\\/uploads\\\/sites\\\/7\\\/2026\\\/04\\\/Brenner-Pass-Strasse-Foto-Adobe-Stock-Franke-182_AdobeStock_111222275-scaled-aspect-ratio-1400-788-scaled-1.jpeg\",\"keywords\":[\"A12 Inntal Autobahn\",\"A12 Inntal Highway\",\"A13 Einschr\u00e4nkungen\",\"A13 restrictions\",\"association des transporteurs bavarois\",\"autoroute A12 Inntal\",\"Bavarian Transport Association\",\"Bayerischer Transportverband\",\"Brenner infrastructure\",\"Deutsch Brenner Autobahn\",\"\u00e9conomie du transport Bavi\u00e8re\",\"entreprises de transport et logistique\",\"Fahrbahn Sanierung\",\"Fahrspuren Einschr\u00e4nkungen English Brenner Highway\",\"Fahrverbot Lkw\",\"fermeture nocturne poids lourds\",\"freight transport Brenner\",\"G\u00fcterverkehr Brenner\",\"infrastructure Brenner\",\"Infrastruktur Brenner\",\"interdiction de circulation nocturne Brenner\",\"interdiction de circulation poids lourds\",\"lane restrictions Fran\u00e7ais Autoroute Brenner\",\"Lkw Fahrverbot\",\"logistics industry Germany\",\"Logistikbranche Deutschland\",\"Lueg Bridge\",\"Luegbr\u00fccke\",\"Nachtfahrverbot Brenner\",\"Nachtsperre Lkw\",\"night closure trucks\",\"night driving ban Brenner\",\"pont Lueg\",\"r\u00e9glementations de circulation Brenner\",\"r\u00e9paration de la chauss\u00e9e\",\"restrictions A13\",\"restrictions de voies\",\"restrictions temporaires de circulation\",\"revue du trafic\",\"road maintenance highway\",\"road surface repair\",\"Sanierungsarbeiten Autobahn\",\"secteur logistique Allemagne\",\"tempor\u00e4re Verkehrseinschr\u00e4nkungen\",\"temporary traffic restrictions\",\"traffic regulations Brenner\",\"traffic round-up\",\"transport and logistics companies\",\"transport de marchandises Brenner\",\"transport economy Bavaria\",\"Transport- und Logistikunternehmen\",\"Transportwirtschaft Bayern\",\"travaux de maintenance autoroute\",\"truck driving ban\",\"truck traffic ban\",\"Verkehrsregelungen Brenner\",\"Verkehrsrundschau\"],\"articleSection\":[\"Europa\",\"Intermodal \\\/ Carretera\",\"Transporte de mercanc\u00edas y log\u00edstica\"],\"inLanguage\":\"es\",\"potentialAction\":[{\"@type\":\"CommentAction\",\"name\":\"Comment\",\"target\":[\"https:\\\/\\\/loginfo24.com\\\/es\\\/2026\\\/04\\\/29\\\/prohibicion-temporal-de-circulacion-nocturna-en-brenner\\\/#respond\"]}]},{\"@type\":\"WebPage\",\"@id\":\"https:\\\/\\\/loginfo24.com\\\/es\\\/2026\\\/04\\\/29\\\/prohibicion-temporal-de-circulacion-nocturna-en-brenner\\\/\",\"url\":\"https:\\\/\\\/loginfo24.com\\\/es\\\/2026\\\/04\\\/29\\\/prohibicion-temporal-de-circulacion-nocturna-en-brenner\\\/\",\"name\":\"Prohibici\u00f3n temporal de circulaci\u00f3n nocturna en Brenner - Loginfo24\",\"isPartOf\":{\"@id\":\"https:\\\/\\\/loginfo24.com\\\/es\\\/#website\"},\"primaryImageOfPage\":{\"@id\":\"https:\\\/\\\/loginfo24.com\\\/es\\\/2026\\\/04\\\/29\\\/prohibicion-temporal-de-circulacion-nocturna-en-brenner\\\/#primaryimage\"},\"image\":{\"@id\":\"https:\\\/\\\/loginfo24.com\\\/es\\\/2026\\\/04\\\/29\\\/prohibicion-temporal-de-circulacion-nocturna-en-brenner\\\/#primaryimage\"},\"thumbnailUrl\":\"https:\\\/\\\/loginfo24.com\\\/wp-content\\\/uploads\\\/sites\\\/7\\\/2026\\\/04\\\/Brenner-Pass-Strasse-Foto-Adobe-Stock-Franke-182_AdobeStock_111222275-scaled-aspect-ratio-1400-788-scaled-1.jpeg\",\"datePublished\":\"2026-04-29T10:32:31+00:00\",\"dateModified\":\"2026-04-29T12:43:52+00:00\",\"breadcrumb\":{\"@id\":\"https:\\\/\\\/loginfo24.com\\\/es\\\/2026\\\/04\\\/29\\\/prohibicion-temporal-de-circulacion-nocturna-en-brenner\\\/#breadcrumb\"},\"inLanguage\":\"es\",\"potentialAction\":[{\"@type\":\"ReadAction\",\"target\":[\"https:\\\/\\\/loginfo24.com\\\/es\\\/2026\\\/04\\\/29\\\/prohibicion-temporal-de-circulacion-nocturna-en-brenner\\\/\"]}]},{\"@type\":\"ImageObject\",\"inLanguage\":\"es\",\"@id\":\"https:\\\/\\\/loginfo24.com\\\/es\\\/2026\\\/04\\\/29\\\/prohibicion-temporal-de-circulacion-nocturna-en-brenner\\\/#primaryimage\",\"url\":\"https:\\\/\\\/loginfo24.com\\\/wp-content\\\/uploads\\\/sites\\\/7\\\/2026\\\/04\\\/Brenner-Pass-Strasse-Foto-Adobe-Stock-Franke-182_AdobeStock_111222275-scaled-aspect-ratio-1400-788-scaled-1.jpeg\",\"contentUrl\":\"https:\\\/\\\/loginfo24.com\\\/wp-content\\\/uploads\\\/sites\\\/7\\\/2026\\\/04\\\/Brenner-Pass-Strasse-Foto-Adobe-Stock-Franke-182_AdobeStock_111222275-scaled-aspect-ratio-1400-788-scaled-1.jpeg\",\"width\":2560,\"height\":1441},{\"@type\":\"BreadcrumbList\",\"@id\":\"https:\\\/\\\/loginfo24.com\\\/es\\\/2026\\\/04\\\/29\\\/prohibicion-temporal-de-circulacion-nocturna-en-brenner\\\/#breadcrumb\",\"itemListElement\":[{\"@type\":\"ListItem\",\"position\":1,\"name\":\"Startseite\",\"item\":\"https:\\\/\\\/loginfo24.com\\\/es\\\/\"},{\"@type\":\"ListItem\",\"position\":2,\"name\":\"Prohibici\u00f3n temporal de circulaci\u00f3n nocturna en Brenner\"}]},{\"@type\":\"WebSite\",\"@id\":\"https:\\\/\\\/loginfo24.com\\\/es\\\/#website\",\"url\":\"https:\\\/\\\/loginfo24.com\\\/es\\\/\",\"name\":\"Loginfo24\",\"description\":\"Loginfo24 es la plataforma dedicada a la log\u00edstica y las cadenas de suministro con informaci\u00f3n las 24 horas del d\u00eda.\",\"publisher\":{\"@id\":\"https:\\\/\\\/loginfo24.com\\\/es\\\/#organization\"},\"potentialAction\":[{\"@type\":\"SearchAction\",\"target\":{\"@type\":\"EntryPoint\",\"urlTemplate\":\"https:\\\/\\\/loginfo24.com\\\/es\\\/?s={search_term_string}\"},\"query-input\":{\"@type\":\"PropertyValueSpecification\",\"valueRequired\":true,\"valueName\":\"search_term_string\"}}],\"inLanguage\":\"es\"},{\"@type\":\"Organization\",\"@id\":\"https:\\\/\\\/loginfo24.com\\\/es\\\/#organization\",\"name\":\"Grupo Logismedia AG\",\"url\":\"https:\\\/\\\/loginfo24.com\\\/es\\\/\",\"logo\":{\"@type\":\"ImageObject\",\"inLanguage\":\"es\",\"@id\":\"https:\\\/\\\/loginfo24.com\\\/es\\\/#\\\/schema\\\/logo\\\/image\\\/\",\"url\":\"https:\\\/\\\/loginfo24.com\\\/wp-content\\\/uploads\\\/sites\\\/7\\\/2026\\\/01\\\/Logo_LogInfo24.png\",\"contentUrl\":\"https:\\\/\\\/loginfo24.com\\\/wp-content\\\/uploads\\\/sites\\\/7\\\/2026\\\/01\\\/Logo_LogInfo24.png\",\"width\":938,\"height\":351,\"caption\":\"Grupo Logismedia AG\"},\"image\":{\"@id\":\"https:\\\/\\\/loginfo24.com\\\/es\\\/#\\\/schema\\\/logo\\\/image\\\/\"},\"sameAs\":[\"https:\\\/\\\/www.facebook.com\\\/people\\\/Loginfo24\\\/100057360583332\\\/\",\"https:\\\/\\\/www.linkedin.com\\\/company\\\/lofinfo24\\\/\"]},{\"@type\":\"Person\",\"@id\":\"https:\\\/\\\/loginfo24.com\\\/es\\\/#\\\/schema\\\/person\\\/13a9fc605c753db60ef7750a229cd042\",\"name\":\"Gyan Sharan\",\"url\":\"https:\\\/\\\/loginfo24.com\\\/es\\\/author\\\/gyan\\\/\"}]}<\/script>\n<!-- \/ Yoast SEO plugin. -->","yoast_head_json":{"title":"Prohibici\u00f3n temporal de circulaci\u00f3n nocturna en Brenner - Loginfo24","robots":{"index":"index","follow":"follow","max-snippet":"max-snippet:-1","max-image-preview":"max-image-preview:large","max-video-preview":"max-video-preview:-1"},"canonical":"https:\/\/loginfo24.com\/es\/2026\/04\/29\/prohibicion-temporal-de-circulacion-nocturna-en-brenner\/","og_locale":"es_ES","og_type":"article","og_title":"Prohibici\u00f3n temporal de circulaci\u00f3n nocturna en Brenner - Loginfo24","og_description":"Entre el 4 y el 9 de mayo habr\u00e1 reducciones de carriles y prohibiciones de circulaci\u00f3n para camiones en la autopista de Brenner.","og_url":"https:\/\/loginfo24.com\/es\/2026\/04\/29\/prohibicion-temporal-de-circulacion-nocturna-en-brenner\/","og_site_name":"Loginfo24","article_publisher":"https:\/\/www.facebook.com\/people\/Loginfo24\/100057360583332\/","article_published_time":"2026-04-29T10:32:31+00:00","article_modified_time":"2026-04-29T12:43:52+00:00","og_image":[{"width":2560,"height":1441,"url":"https:\/\/loginfo24.com\/wp-content\/uploads\/sites\/7\/2026\/04\/Brenner-Pass-Strasse-Foto-Adobe-Stock-Franke-182_AdobeStock_111222275-scaled-aspect-ratio-1400-788-scaled-1.jpeg","type":"image\/jpeg"}],"author":"Gyan Sharan","twitter_card":"summary_large_image","twitter_misc":{"Escrito por":"Gyan Sharan","Tiempo de lectura":"1 minuto"},"schema":{"@context":"https:\/\/schema.org","@graph":[{"@type":"Article","@id":"https:\/\/loginfo24.com\/es\/2026\/04\/29\/prohibicion-temporal-de-circulacion-nocturna-en-brenner\/#article","isPartOf":{"@id":"https:\/\/loginfo24.com\/es\/2026\/04\/29\/prohibicion-temporal-de-circulacion-nocturna-en-brenner\/"},"author":{"name":"Gyan Sharan","@id":"https:\/\/loginfo24.com\/es\/#\/schema\/person\/13a9fc605c753db60ef7750a229cd042"},"headline":"Prohibici\u00f3n temporal de circulaci\u00f3n nocturna en Brenner","datePublished":"2026-04-29T10:32:31+00:00","dateModified":"2026-04-29T12:43:52+00:00","mainEntityOfPage":{"@id":"https:\/\/loginfo24.com\/es\/2026\/04\/29\/prohibicion-temporal-de-circulacion-nocturna-en-brenner\/"},"wordCount":181,"commentCount":0,"publisher":{"@id":"https:\/\/loginfo24.com\/es\/#organization"},"image":{"@id":"https:\/\/loginfo24.com\/es\/2026\/04\/29\/prohibicion-temporal-de-circulacion-nocturna-en-brenner\/#primaryimage"},"thumbnailUrl":"https:\/\/loginfo24.com\/wp-content\/uploads\/sites\/7\/2026\/04\/Brenner-Pass-Strasse-Foto-Adobe-Stock-Franke-182_AdobeStock_111222275-scaled-aspect-ratio-1400-788-scaled-1.jpeg","keywords":["A12 Inntal Autobahn","A12 Inntal Highway","A13 Einschr\u00e4nkungen","A13 restrictions","association des transporteurs bavarois","autoroute A12 Inntal","Bavarian Transport Association","Bayerischer Transportverband","Brenner infrastructure","Deutsch Brenner Autobahn","\u00e9conomie du transport Bavi\u00e8re","entreprises de transport et logistique","Fahrbahn Sanierung","Fahrspuren Einschr\u00e4nkungen English Brenner Highway","Fahrverbot Lkw","fermeture nocturne poids lourds","freight transport Brenner","G\u00fcterverkehr Brenner","infrastructure Brenner","Infrastruktur Brenner","interdiction de circulation nocturne Brenner","interdiction de circulation poids lourds","lane restrictions Fran\u00e7ais Autoroute Brenner","Lkw Fahrverbot","logistics industry Germany","Logistikbranche Deutschland","Lueg Bridge","Luegbr\u00fccke","Nachtfahrverbot Brenner","Nachtsperre Lkw","night closure trucks","night driving ban Brenner","pont Lueg","r\u00e9glementations de circulation Brenner","r\u00e9paration de la chauss\u00e9e","restrictions A13","restrictions de voies","restrictions temporaires de circulation","revue du trafic","road maintenance highway","road surface repair","Sanierungsarbeiten Autobahn","secteur logistique Allemagne","tempor\u00e4re Verkehrseinschr\u00e4nkungen","temporary traffic restrictions","traffic regulations Brenner","traffic round-up","transport and logistics companies","transport de marchandises Brenner","transport economy Bavaria","Transport- und Logistikunternehmen","Transportwirtschaft Bayern","travaux de maintenance autoroute","truck driving ban","truck traffic ban","Verkehrsregelungen Brenner","Verkehrsrundschau"],"articleSection":["Europa","Intermodal \/ Carretera","Transporte de mercanc\u00edas y log\u00edstica"],"inLanguage":"es","potentialAction":[{"@type":"CommentAction","name":"Comment","target":["https:\/\/loginfo24.com\/es\/2026\/04\/29\/prohibicion-temporal-de-circulacion-nocturna-en-brenner\/#respond"]}]},{"@type":"WebPage","@id":"https:\/\/loginfo24.com\/es\/2026\/04\/29\/prohibicion-temporal-de-circulacion-nocturna-en-brenner\/","url":"https:\/\/loginfo24.com\/es\/2026\/04\/29\/prohibicion-temporal-de-circulacion-nocturna-en-brenner\/","name":"Prohibici\u00f3n temporal de circulaci\u00f3n nocturna en Brenner - Loginfo24","isPartOf":{"@id":"https:\/\/loginfo24.com\/es\/#website"},"primaryImageOfPage":{"@id":"https:\/\/loginfo24.com\/es\/2026\/04\/29\/prohibicion-temporal-de-circulacion-nocturna-en-brenner\/#primaryimage"},"image":{"@id":"https:\/\/loginfo24.com\/es\/2026\/04\/29\/prohibicion-temporal-de-circulacion-nocturna-en-brenner\/#primaryimage"},"thumbnailUrl":"https:\/\/loginfo24.com\/wp-content\/uploads\/sites\/7\/2026\/04\/Brenner-Pass-Strasse-Foto-Adobe-Stock-Franke-182_AdobeStock_111222275-scaled-aspect-ratio-1400-788-scaled-1.jpeg","datePublished":"2026-04-29T10:32:31+00:00","dateModified":"2026-04-29T12:43:52+00:00","breadcrumb":{"@id":"https:\/\/loginfo24.com\/es\/2026\/04\/29\/prohibicion-temporal-de-circulacion-nocturna-en-brenner\/#breadcrumb"},"inLanguage":"es","potentialAction":[{"@type":"ReadAction","target":["https:\/\/loginfo24.com\/es\/2026\/04\/29\/prohibicion-temporal-de-circulacion-nocturna-en-brenner\/"]}]},{"@type":"ImageObject","inLanguage":"es","@id":"https:\/\/loginfo24.com\/es\/2026\/04\/29\/prohibicion-temporal-de-circulacion-nocturna-en-brenner\/#primaryimage","url":"https:\/\/loginfo24.com\/wp-content\/uploads\/sites\/7\/2026\/04\/Brenner-Pass-Strasse-Foto-Adobe-Stock-Franke-182_AdobeStock_111222275-scaled-aspect-ratio-1400-788-scaled-1.jpeg","contentUrl":"https:\/\/loginfo24.com\/wp-content\/uploads\/sites\/7\/2026\/04\/Brenner-Pass-Strasse-Foto-Adobe-Stock-Franke-182_AdobeStock_111222275-scaled-aspect-ratio-1400-788-scaled-1.jpeg","width":2560,"height":1441},{"@type":"BreadcrumbList","@id":"https:\/\/loginfo24.com\/es\/2026\/04\/29\/prohibicion-temporal-de-circulacion-nocturna-en-brenner\/#breadcrumb","itemListElement":[{"@type":"ListItem","position":1,"name":"Startseite","item":"https:\/\/loginfo24.com\/es\/"},{"@type":"ListItem","position":2,"name":"Prohibici\u00f3n temporal de circulaci\u00f3n nocturna en Brenner"}]},{"@type":"WebSite","@id":"https:\/\/loginfo24.com\/es\/#website","url":"https:\/\/loginfo24.com\/es\/","name":"Loginfo24","description":"Loginfo24 es la plataforma dedicada a la log\u00edstica y las cadenas de suministro con informaci\u00f3n las 24 horas del d\u00eda.","publisher":{"@id":"https:\/\/loginfo24.com\/es\/#organization"},"potentialAction":[{"@type":"SearchAction","target":{"@type":"EntryPoint","urlTemplate":"https:\/\/loginfo24.com\/es\/?s={search_term_string}"},"query-input":{"@type":"PropertyValueSpecification","valueRequired":true,"valueName":"search_term_string"}}],"inLanguage":"es"},{"@type":"Organization","@id":"https:\/\/loginfo24.com\/es\/#organization","name":"Grupo Logismedia AG","url":"https:\/\/loginfo24.com\/es\/","logo":{"@type":"ImageObject","inLanguage":"es","@id":"https:\/\/loginfo24.com\/es\/#\/schema\/logo\/image\/","url":"https:\/\/loginfo24.com\/wp-content\/uploads\/sites\/7\/2026\/01\/Logo_LogInfo24.png","contentUrl":"https:\/\/loginfo24.com\/wp-content\/uploads\/sites\/7\/2026\/01\/Logo_LogInfo24.png","width":938,"height":351,"caption":"Grupo Logismedia AG"},"image":{"@id":"https:\/\/loginfo24.com\/es\/#\/schema\/logo\/image\/"},"sameAs":["https:\/\/www.facebook.com\/people\/Loginfo24\/100057360583332\/","https:\/\/www.linkedin.com\/company\/lofinfo24\/"]},{"@type":"Person","@id":"https:\/\/loginfo24.com\/es\/#\/schema\/person\/13a9fc605c753db60ef7750a229cd042","name":"Gyan Sharan","url":"https:\/\/loginfo24.com\/es\/author\/gyan\/"}]}},"_links":{"self":[{"href":"https:\/\/loginfo24.com\/es\/wp-json\/wp\/v2\/posts\/79514","targetHints":{"allow":["GET"]}}],"collection":[{"href":"https:\/\/loginfo24.com\/es\/wp-json\/wp\/v2\/posts"}],"about":[{"href":"https:\/\/loginfo24.com\/es\/wp-json\/wp\/v2\/types\/post"}],"author":[{"embeddable":true,"href":"https:\/\/loginfo24.com\/es\/wp-json\/wp\/v2\/users\/14"}],"replies":[{"embeddable":true,"href":"https:\/\/loginfo24.com\/es\/wp-json\/wp\/v2\/comments?post=79514"}],"version-history":[{"count":1,"href":"https:\/\/loginfo24.com\/es\/wp-json\/wp\/v2\/posts\/79514\/revisions"}],"predecessor-version":[{"id":79590,"href":"https:\/\/loginfo24.com\/es\/wp-json\/wp\/v2\/posts\/79514\/revisions\/79590"}],"wp:featuredmedia":[{"embeddable":true,"href":"https:\/\/loginfo24.com\/es\/wp-json\/wp\/v2\/media\/79511"}],"wp:attachment":[{"href":"https:\/\/loginfo24.com\/es\/wp-json\/wp\/v2\/media?parent=79514"}],"wp:term":[{"taxonomy":"category","embeddable":true,"href":"https:\/\/loginfo24.com\/es\/wp-json\/wp\/v2\/categories?post=79514"},{"taxonomy":"post_tag","embeddable":true,"href":"https:\/\/loginfo24.com\/es\/wp-json\/wp\/v2\/tags?post=79514"}],"curies":[{"name":"wp","href":"https:\/\/api.w.org\/{rel}","templated":true}]}}