{"id":79468,"date":"2026-04-29T07:22:52","date_gmt":"2026-04-29T07:22:52","guid":{"rendered":"https:\/\/loginfo24.com\/2026\/04\/29\/cargobeamer-adquiere-terminal-en-kaldenkirchen\/"},"modified":"2026-04-29T07:22:52","modified_gmt":"2026-04-29T07:22:52","slug":"cargobeamer-adquiere-terminal-en-kaldenkirchen","status":"publish","type":"post","link":"https:\/\/loginfo24.com\/es\/2026\/04\/29\/cargobeamer-adquiere-terminal-en-kaldenkirchen\/","title":{"rendered":"CargoBeamer adquiere terminal en Kaldenkirchen"},"content":{"rendered":"<p>CargoBeamer ha asumido la operaci\u00f3n de la terminal existente en Kaldenkirchen. Con esto, la empresa es responsable de la gesti\u00f3n operativa del sitio, que anteriormente estaba a cargo de otro operador. Paralelamente a las operaciones en curso, se est\u00e1n llevando a cabo trabajos de construcci\u00f3n para la expansi\u00f3n del terreno, que tiene como objetivo crear la primera terminal de CargoBeamer en Alemania. La puesta en marcha de la primera fase de esta expansi\u00f3n est\u00e1 prevista para principios de 2027, seg\u00fan informa la empresa.<\/p>\n<p>La empresa ya ofrece desde hace varios a\u00f1os un servicio intermodal entre Kaldenkirchen y Domodossola. Este servicio permite el uso de semirremolques no aptos para gr\u00faas en trenes. Con actualmente 20 viajes semanales de ida y vuelta, este servicio, seg\u00fan la empresa, se encuentra entre los m\u00e1s utilizados en el sector intermodal de Europa. En la ubicaci\u00f3n de Kaldenkirchen, los semirremolques son manipulados con equipos Reachstacker.<\/p>\n<h3>Novedades tecnol\u00f3gicas y expansi\u00f3n de capacidad<\/h3>\n<p>La introducci\u00f3n de la tecnolog\u00eda CargoBeamer permitir\u00e1 una manipulaci\u00f3n completamente autom\u00e1tica y horizontal de todos los tipos de semirremolques. Este cambio tecnol\u00f3gico tiene como objetivo duplicar la capacidad anual de la terminal a partir de 2027 a aproximadamente 140,000 unidades de carga. Tras la finalizaci\u00f3n de ambas fases de expansi\u00f3n, la capacidad de la terminal, seg\u00fan CargoBeamer, superar\u00e1 las 200,000 unidades de carga al a\u00f1o, lo que representa m\u00e1s de tres veces la capacidad antes de la expansi\u00f3n.<\/p>\n<p><a href=\"https:\/\/www.cargobeamer.com\/\" target=\"_blank\" rel=\"noopener noreferrer\">www.cargobeamer.com<\/a><\/p>\n","protected":false},"excerpt":{"rendered":"<p>CargoBeamer ha asumido la operaci\u00f3n del terminal en Kaldenkirchen y planea una expansi\u00f3n de capacidad a m\u00e1s de 140.000 unidades de carga anuales para 2027.<\/p>\n","protected":false},"author":10,"featured_media":79465,"comment_status":"open","ping_status":"","sticky":false,"template":"","format":"standard","meta":{"_acf_changed":false,"footnotes":""},"categories":[6655,6679,1604],"tags":[22566,22567,22568,22569,22570,22571,22572,22573,2498,3353,3354,2309,22574,22575,2122,22576,17278,22577,7776,22578,22579,3100,17523,22580,22581,22582,2373,22583,22584,7066,7067,3725,3379,22585,17293,22586,2145,17295,7080,22587,22588,22589,22590,22591,22592,8329,22593,22594,3121,3735,22595,22596,22597,22598,22599,22600,22601],"class_list":["post-79468","post","type-post","status-publish","format-standard","has-post-thumbnail","hentry","category-alemania","category-europa","category-intermodal-carretera","tag-activite-terminal-cargobeamer","tag-bauarbeiten-terminal-kaldenkirchen","tag-capacite-unites-de-chargement","tag-cargobeamer-technology","tag-cargobeamer-terminal-business","tag-cargobeamer-terminalgeschaeft","tag-cargobeamer-technologie","tag-construction-works-kaldenkirchen-terminal","tag-deutsch-cargobeamer","tag-digitalisierung-logistik","tag-digitalization-logistics","tag-durabilite-dans-le-transport","tag-equipements-reachstacker","tag-expansion-de-capacite-terminal","tag-fachkraeftemangel-logistik","tag-fret-ferroviaire-europe","tag-hafenbetrieb-deutschland","tag-industrie-du-transport-intermodal","tag-infrastructure-terminale","tag-intermodal-service","tag-intermodal-transport-industry","tag-intermodal-transport-solutions","tag-intermodale-transporte","tag-intermodaler-service","tag-kaldenkirchen-terminal","tag-kapazitaetserweiterung-terminal","tag-labor-shortage-logistics","tag-ladeeinheiten-kapazitaet","tag-loading-units-capacity","tag-logistics-service-providers-europe","tag-logistikdienstleister-europa","tag-nachhaltigkeit-im-transport","tag-numerisation-logistique","tag-operational-responsibility-terminal","tag-operations-portuaires-allemagne","tag-operative-verantwortung-terminal","tag-penurie-de-main-doeuvre-logistique","tag-port-operations-germany","tag-prestataires-logistiques-europe","tag-rail-freight-europe","tag-reachstacker-equipment","tag-reachstacker-geraete","tag-remorques-sur-rail","tag-responsabilite-operationnelle-terminal","tag-sattelauflieger-schienen","tag-schienengueterverkehr-europa","tag-semi-trailers-rail","tag-service-intermodal","tag-solutions-de-transport-intermodal","tag-sustainability-in-transport","tag-technologie-cargobeamer","tag-terminal-capacity-expansion","tag-terminal-infrastructure-francais-cargobeamer","tag-terminal-kaldenkirchen","tag-terminalinfrastruktur-english-cargobeamer","tag-transportwirtschaft-intermodal","tag-travaux-de-construction-terminal-kaldenkirchen"],"acf":[],"yoast_head":"<!-- This site is optimized with the Yoast SEO plugin v27.3 - https:\/\/yoast.com\/product\/yoast-seo-wordpress\/ -->\n<title>CargoBeamer adquiere terminal en Kaldenkirchen - Loginfo24<\/title>\n<meta name=\"robots\" content=\"index, follow, max-snippet:-1, max-image-preview:large, max-video-preview:-1\" \/>\n<link rel=\"canonical\" href=\"https:\/\/loginfo24.com\/es\/2026\/04\/29\/cargobeamer-adquiere-terminal-en-kaldenkirchen\/\" \/>\n<meta property=\"og:locale\" content=\"es_ES\" \/>\n<meta property=\"og:type\" content=\"article\" \/>\n<meta property=\"og:title\" content=\"CargoBeamer adquiere terminal en Kaldenkirchen - Loginfo24\" \/>\n<meta property=\"og:description\" content=\"CargoBeamer ha asumido la operaci\u00f3n del terminal en Kaldenkirchen y planea una expansi\u00f3n de capacidad a m\u00e1s de 140.000 unidades de carga anuales para 2027.\" \/>\n<meta property=\"og:url\" content=\"https:\/\/loginfo24.com\/es\/2026\/04\/29\/cargobeamer-adquiere-terminal-en-kaldenkirchen\/\" \/>\n<meta property=\"og:site_name\" content=\"Loginfo24\" \/>\n<meta property=\"article:publisher\" content=\"https:\/\/www.facebook.com\/people\/Loginfo24\/100057360583332\/\" \/>\n<meta property=\"article:published_time\" content=\"2026-04-29T07:22:52+00:00\" \/>\n<meta property=\"og:image\" content=\"https:\/\/loginfo24.com\/wp-content\/uploads\/sites\/7\/2026\/04\/Kaldenkirchen-Terminal-Construction_Operations_01-1-scaled-aspect-ratio-1400-788-scaled-1.jpg\" \/>\n\t<meta property=\"og:image:width\" content=\"2560\" \/>\n\t<meta property=\"og:image:height\" content=\"1440\" \/>\n\t<meta property=\"og:image:type\" content=\"image\/jpeg\" \/>\n<meta name=\"author\" content=\"Jeremy Soland\" \/>\n<meta name=\"twitter:card\" content=\"summary_large_image\" \/>\n<meta name=\"twitter:label1\" content=\"Escrito por\" \/>\n\t<meta name=\"twitter:data1\" content=\"Jeremy Soland\" \/>\n\t<meta name=\"twitter:label2\" content=\"Tiempo de lectura\" \/>\n\t<meta name=\"twitter:data2\" content=\"1 minuto\" \/>\n<script type=\"application\/ld+json\" class=\"yoast-schema-graph\">{\"@context\":\"https:\\\/\\\/schema.org\",\"@graph\":[{\"@type\":\"Article\",\"@id\":\"https:\\\/\\\/loginfo24.com\\\/es\\\/2026\\\/04\\\/29\\\/cargobeamer-adquiere-terminal-en-kaldenkirchen\\\/#article\",\"isPartOf\":{\"@id\":\"https:\\\/\\\/loginfo24.com\\\/es\\\/2026\\\/04\\\/29\\\/cargobeamer-adquiere-terminal-en-kaldenkirchen\\\/\"},\"author\":{\"name\":\"Jeremy Soland\",\"@id\":\"https:\\\/\\\/loginfo24.com\\\/es\\\/#\\\/schema\\\/person\\\/41d36b5474b623392fa613e97e2363fa\"},\"headline\":\"CargoBeamer adquiere terminal en Kaldenkirchen\",\"datePublished\":\"2026-04-29T07:22:52+00:00\",\"mainEntityOfPage\":{\"@id\":\"https:\\\/\\\/loginfo24.com\\\/es\\\/2026\\\/04\\\/29\\\/cargobeamer-adquiere-terminal-en-kaldenkirchen\\\/\"},\"wordCount\":261,\"commentCount\":0,\"publisher\":{\"@id\":\"https:\\\/\\\/loginfo24.com\\\/es\\\/#organization\"},\"image\":{\"@id\":\"https:\\\/\\\/loginfo24.com\\\/es\\\/2026\\\/04\\\/29\\\/cargobeamer-adquiere-terminal-en-kaldenkirchen\\\/#primaryimage\"},\"thumbnailUrl\":\"https:\\\/\\\/loginfo24.com\\\/wp-content\\\/uploads\\\/sites\\\/7\\\/2026\\\/04\\\/Kaldenkirchen-Terminal-Construction_Operations_01-1-scaled-aspect-ratio-1400-788-scaled-1.jpg\",\"keywords\":[\"activit\u00e9 terminal CargoBeamer\",\"Bauarbeiten Terminal Kaldenkirchen\",\"capacit\u00e9 unit\u00e9s de chargement\",\"CargoBeamer technology\",\"CargoBeamer terminal business\",\"CargoBeamer Terminalgesch\u00e4ft\",\"CargoBeamer-Technologie\",\"construction works Kaldenkirchen terminal\",\"Deutsch CargoBeamer\",\"Digitalisierung Logistik\",\"digitalization logistics\",\"durabilit\u00e9 dans le transport\",\"\u00e9quipements reachstacker\",\"expansion de capacit\u00e9 terminal\",\"Fachkr\u00e4ftemangel Logistik\",\"fret ferroviaire Europe\",\"Hafenbetrieb Deutschland\",\"industrie du transport intermodal\",\"infrastructure terminale\",\"intermodal service\",\"intermodal transport industry\",\"intermodal transport solutions\",\"intermodale Transporte\",\"intermodaler Service\",\"Kaldenkirchen terminal\",\"Kapazit\u00e4tserweiterung Terminal\",\"labor shortage logistics\",\"Ladeeinheiten Kapazit\u00e4t\",\"loading units capacity\",\"logistics service providers Europe\",\"Logistikdienstleister Europa\",\"Nachhaltigkeit im Transport\",\"num\u00e9risation logistique\",\"operational responsibility terminal\",\"op\u00e9rations portuaires Allemagne\",\"operative Verantwortung Terminal\",\"p\u00e9nurie de main-d'\u0153uvre logistique\",\"port operations Germany\",\"prestataires logistiques Europe\",\"rail freight Europe\",\"reachstacker equipment\",\"Reachstacker Ger\u00e4te\",\"remorques sur rail\",\"responsabilit\u00e9 op\u00e9rationnelle terminal\",\"Sattelauflieger Schienen\",\"Schieneng\u00fcterverkehr Europa\",\"semi-trailers rail\",\"service intermodal\",\"solutions de transport intermodal\",\"sustainability in transport\",\"technologie CargoBeamer\",\"terminal capacity expansion\",\"terminal infrastructure Fran\u00e7ais CargoBeamer\",\"Terminal Kaldenkirchen\",\"Terminalinfrastruktur English CargoBeamer\",\"Transportwirtschaft intermodal\",\"travaux de construction terminal Kaldenkirchen\"],\"articleSection\":[\"Alemania\",\"Europa\",\"Intermodal \\\/ Carretera\"],\"inLanguage\":\"es\",\"potentialAction\":[{\"@type\":\"CommentAction\",\"name\":\"Comment\",\"target\":[\"https:\\\/\\\/loginfo24.com\\\/es\\\/2026\\\/04\\\/29\\\/cargobeamer-adquiere-terminal-en-kaldenkirchen\\\/#respond\"]}]},{\"@type\":\"WebPage\",\"@id\":\"https:\\\/\\\/loginfo24.com\\\/es\\\/2026\\\/04\\\/29\\\/cargobeamer-adquiere-terminal-en-kaldenkirchen\\\/\",\"url\":\"https:\\\/\\\/loginfo24.com\\\/es\\\/2026\\\/04\\\/29\\\/cargobeamer-adquiere-terminal-en-kaldenkirchen\\\/\",\"name\":\"CargoBeamer adquiere terminal en Kaldenkirchen - Loginfo24\",\"isPartOf\":{\"@id\":\"https:\\\/\\\/loginfo24.com\\\/es\\\/#website\"},\"primaryImageOfPage\":{\"@id\":\"https:\\\/\\\/loginfo24.com\\\/es\\\/2026\\\/04\\\/29\\\/cargobeamer-adquiere-terminal-en-kaldenkirchen\\\/#primaryimage\"},\"image\":{\"@id\":\"https:\\\/\\\/loginfo24.com\\\/es\\\/2026\\\/04\\\/29\\\/cargobeamer-adquiere-terminal-en-kaldenkirchen\\\/#primaryimage\"},\"thumbnailUrl\":\"https:\\\/\\\/loginfo24.com\\\/wp-content\\\/uploads\\\/sites\\\/7\\\/2026\\\/04\\\/Kaldenkirchen-Terminal-Construction_Operations_01-1-scaled-aspect-ratio-1400-788-scaled-1.jpg\",\"datePublished\":\"2026-04-29T07:22:52+00:00\",\"breadcrumb\":{\"@id\":\"https:\\\/\\\/loginfo24.com\\\/es\\\/2026\\\/04\\\/29\\\/cargobeamer-adquiere-terminal-en-kaldenkirchen\\\/#breadcrumb\"},\"inLanguage\":\"es\",\"potentialAction\":[{\"@type\":\"ReadAction\",\"target\":[\"https:\\\/\\\/loginfo24.com\\\/es\\\/2026\\\/04\\\/29\\\/cargobeamer-adquiere-terminal-en-kaldenkirchen\\\/\"]}]},{\"@type\":\"ImageObject\",\"inLanguage\":\"es\",\"@id\":\"https:\\\/\\\/loginfo24.com\\\/es\\\/2026\\\/04\\\/29\\\/cargobeamer-adquiere-terminal-en-kaldenkirchen\\\/#primaryimage\",\"url\":\"https:\\\/\\\/loginfo24.com\\\/wp-content\\\/uploads\\\/sites\\\/7\\\/2026\\\/04\\\/Kaldenkirchen-Terminal-Construction_Operations_01-1-scaled-aspect-ratio-1400-788-scaled-1.jpg\",\"contentUrl\":\"https:\\\/\\\/loginfo24.com\\\/wp-content\\\/uploads\\\/sites\\\/7\\\/2026\\\/04\\\/Kaldenkirchen-Terminal-Construction_Operations_01-1-scaled-aspect-ratio-1400-788-scaled-1.jpg\",\"width\":2560,\"height\":1440},{\"@type\":\"BreadcrumbList\",\"@id\":\"https:\\\/\\\/loginfo24.com\\\/es\\\/2026\\\/04\\\/29\\\/cargobeamer-adquiere-terminal-en-kaldenkirchen\\\/#breadcrumb\",\"itemListElement\":[{\"@type\":\"ListItem\",\"position\":1,\"name\":\"Startseite\",\"item\":\"https:\\\/\\\/loginfo24.com\\\/es\\\/\"},{\"@type\":\"ListItem\",\"position\":2,\"name\":\"CargoBeamer adquiere terminal en Kaldenkirchen\"}]},{\"@type\":\"WebSite\",\"@id\":\"https:\\\/\\\/loginfo24.com\\\/es\\\/#website\",\"url\":\"https:\\\/\\\/loginfo24.com\\\/es\\\/\",\"name\":\"Loginfo24\",\"description\":\"Loginfo24 es la plataforma dedicada a la log\u00edstica y las cadenas de suministro con informaci\u00f3n las 24 horas del d\u00eda.\",\"publisher\":{\"@id\":\"https:\\\/\\\/loginfo24.com\\\/es\\\/#organization\"},\"potentialAction\":[{\"@type\":\"SearchAction\",\"target\":{\"@type\":\"EntryPoint\",\"urlTemplate\":\"https:\\\/\\\/loginfo24.com\\\/es\\\/?s={search_term_string}\"},\"query-input\":{\"@type\":\"PropertyValueSpecification\",\"valueRequired\":true,\"valueName\":\"search_term_string\"}}],\"inLanguage\":\"es\"},{\"@type\":\"Organization\",\"@id\":\"https:\\\/\\\/loginfo24.com\\\/es\\\/#organization\",\"name\":\"Grupo Logismedia AG\",\"url\":\"https:\\\/\\\/loginfo24.com\\\/es\\\/\",\"logo\":{\"@type\":\"ImageObject\",\"inLanguage\":\"es\",\"@id\":\"https:\\\/\\\/loginfo24.com\\\/es\\\/#\\\/schema\\\/logo\\\/image\\\/\",\"url\":\"https:\\\/\\\/loginfo24.com\\\/wp-content\\\/uploads\\\/sites\\\/7\\\/2026\\\/01\\\/Logo_LogInfo24.png\",\"contentUrl\":\"https:\\\/\\\/loginfo24.com\\\/wp-content\\\/uploads\\\/sites\\\/7\\\/2026\\\/01\\\/Logo_LogInfo24.png\",\"width\":938,\"height\":351,\"caption\":\"Grupo Logismedia AG\"},\"image\":{\"@id\":\"https:\\\/\\\/loginfo24.com\\\/es\\\/#\\\/schema\\\/logo\\\/image\\\/\"},\"sameAs\":[\"https:\\\/\\\/www.facebook.com\\\/people\\\/Loginfo24\\\/100057360583332\\\/\",\"https:\\\/\\\/www.linkedin.com\\\/company\\\/lofinfo24\\\/\"]},{\"@type\":\"Person\",\"@id\":\"https:\\\/\\\/loginfo24.com\\\/es\\\/#\\\/schema\\\/person\\\/41d36b5474b623392fa613e97e2363fa\",\"name\":\"Jeremy Soland\",\"url\":\"https:\\\/\\\/loginfo24.com\\\/es\\\/author\\\/jeremy\\\/\"}]}<\/script>\n<!-- \/ Yoast SEO plugin. -->","yoast_head_json":{"title":"CargoBeamer adquiere terminal en Kaldenkirchen - Loginfo24","robots":{"index":"index","follow":"follow","max-snippet":"max-snippet:-1","max-image-preview":"max-image-preview:large","max-video-preview":"max-video-preview:-1"},"canonical":"https:\/\/loginfo24.com\/es\/2026\/04\/29\/cargobeamer-adquiere-terminal-en-kaldenkirchen\/","og_locale":"es_ES","og_type":"article","og_title":"CargoBeamer adquiere terminal en Kaldenkirchen - Loginfo24","og_description":"CargoBeamer ha asumido la operaci\u00f3n del terminal en Kaldenkirchen y planea una expansi\u00f3n de capacidad a m\u00e1s de 140.000 unidades de carga anuales para 2027.","og_url":"https:\/\/loginfo24.com\/es\/2026\/04\/29\/cargobeamer-adquiere-terminal-en-kaldenkirchen\/","og_site_name":"Loginfo24","article_publisher":"https:\/\/www.facebook.com\/people\/Loginfo24\/100057360583332\/","article_published_time":"2026-04-29T07:22:52+00:00","og_image":[{"width":2560,"height":1440,"url":"https:\/\/loginfo24.com\/wp-content\/uploads\/sites\/7\/2026\/04\/Kaldenkirchen-Terminal-Construction_Operations_01-1-scaled-aspect-ratio-1400-788-scaled-1.jpg","type":"image\/jpeg"}],"author":"Jeremy Soland","twitter_card":"summary_large_image","twitter_misc":{"Escrito por":"Jeremy Soland","Tiempo de lectura":"1 minuto"},"schema":{"@context":"https:\/\/schema.org","@graph":[{"@type":"Article","@id":"https:\/\/loginfo24.com\/es\/2026\/04\/29\/cargobeamer-adquiere-terminal-en-kaldenkirchen\/#article","isPartOf":{"@id":"https:\/\/loginfo24.com\/es\/2026\/04\/29\/cargobeamer-adquiere-terminal-en-kaldenkirchen\/"},"author":{"name":"Jeremy Soland","@id":"https:\/\/loginfo24.com\/es\/#\/schema\/person\/41d36b5474b623392fa613e97e2363fa"},"headline":"CargoBeamer adquiere terminal en Kaldenkirchen","datePublished":"2026-04-29T07:22:52+00:00","mainEntityOfPage":{"@id":"https:\/\/loginfo24.com\/es\/2026\/04\/29\/cargobeamer-adquiere-terminal-en-kaldenkirchen\/"},"wordCount":261,"commentCount":0,"publisher":{"@id":"https:\/\/loginfo24.com\/es\/#organization"},"image":{"@id":"https:\/\/loginfo24.com\/es\/2026\/04\/29\/cargobeamer-adquiere-terminal-en-kaldenkirchen\/#primaryimage"},"thumbnailUrl":"https:\/\/loginfo24.com\/wp-content\/uploads\/sites\/7\/2026\/04\/Kaldenkirchen-Terminal-Construction_Operations_01-1-scaled-aspect-ratio-1400-788-scaled-1.jpg","keywords":["activit\u00e9 terminal CargoBeamer","Bauarbeiten Terminal Kaldenkirchen","capacit\u00e9 unit\u00e9s de chargement","CargoBeamer technology","CargoBeamer terminal business","CargoBeamer Terminalgesch\u00e4ft","CargoBeamer-Technologie","construction works Kaldenkirchen terminal","Deutsch CargoBeamer","Digitalisierung Logistik","digitalization logistics","durabilit\u00e9 dans le transport","\u00e9quipements reachstacker","expansion de capacit\u00e9 terminal","Fachkr\u00e4ftemangel Logistik","fret ferroviaire Europe","Hafenbetrieb Deutschland","industrie du transport intermodal","infrastructure terminale","intermodal service","intermodal transport industry","intermodal transport solutions","intermodale Transporte","intermodaler Service","Kaldenkirchen terminal","Kapazit\u00e4tserweiterung Terminal","labor shortage logistics","Ladeeinheiten Kapazit\u00e4t","loading units capacity","logistics service providers Europe","Logistikdienstleister Europa","Nachhaltigkeit im Transport","num\u00e9risation logistique","operational responsibility terminal","op\u00e9rations portuaires Allemagne","operative Verantwortung Terminal","p\u00e9nurie de main-d'\u0153uvre logistique","port operations Germany","prestataires logistiques Europe","rail freight Europe","reachstacker equipment","Reachstacker Ger\u00e4te","remorques sur rail","responsabilit\u00e9 op\u00e9rationnelle terminal","Sattelauflieger Schienen","Schieneng\u00fcterverkehr Europa","semi-trailers rail","service intermodal","solutions de transport intermodal","sustainability in transport","technologie CargoBeamer","terminal capacity expansion","terminal infrastructure Fran\u00e7ais CargoBeamer","Terminal Kaldenkirchen","Terminalinfrastruktur English CargoBeamer","Transportwirtschaft intermodal","travaux de construction terminal Kaldenkirchen"],"articleSection":["Alemania","Europa","Intermodal \/ Carretera"],"inLanguage":"es","potentialAction":[{"@type":"CommentAction","name":"Comment","target":["https:\/\/loginfo24.com\/es\/2026\/04\/29\/cargobeamer-adquiere-terminal-en-kaldenkirchen\/#respond"]}]},{"@type":"WebPage","@id":"https:\/\/loginfo24.com\/es\/2026\/04\/29\/cargobeamer-adquiere-terminal-en-kaldenkirchen\/","url":"https:\/\/loginfo24.com\/es\/2026\/04\/29\/cargobeamer-adquiere-terminal-en-kaldenkirchen\/","name":"CargoBeamer adquiere terminal en Kaldenkirchen - Loginfo24","isPartOf":{"@id":"https:\/\/loginfo24.com\/es\/#website"},"primaryImageOfPage":{"@id":"https:\/\/loginfo24.com\/es\/2026\/04\/29\/cargobeamer-adquiere-terminal-en-kaldenkirchen\/#primaryimage"},"image":{"@id":"https:\/\/loginfo24.com\/es\/2026\/04\/29\/cargobeamer-adquiere-terminal-en-kaldenkirchen\/#primaryimage"},"thumbnailUrl":"https:\/\/loginfo24.com\/wp-content\/uploads\/sites\/7\/2026\/04\/Kaldenkirchen-Terminal-Construction_Operations_01-1-scaled-aspect-ratio-1400-788-scaled-1.jpg","datePublished":"2026-04-29T07:22:52+00:00","breadcrumb":{"@id":"https:\/\/loginfo24.com\/es\/2026\/04\/29\/cargobeamer-adquiere-terminal-en-kaldenkirchen\/#breadcrumb"},"inLanguage":"es","potentialAction":[{"@type":"ReadAction","target":["https:\/\/loginfo24.com\/es\/2026\/04\/29\/cargobeamer-adquiere-terminal-en-kaldenkirchen\/"]}]},{"@type":"ImageObject","inLanguage":"es","@id":"https:\/\/loginfo24.com\/es\/2026\/04\/29\/cargobeamer-adquiere-terminal-en-kaldenkirchen\/#primaryimage","url":"https:\/\/loginfo24.com\/wp-content\/uploads\/sites\/7\/2026\/04\/Kaldenkirchen-Terminal-Construction_Operations_01-1-scaled-aspect-ratio-1400-788-scaled-1.jpg","contentUrl":"https:\/\/loginfo24.com\/wp-content\/uploads\/sites\/7\/2026\/04\/Kaldenkirchen-Terminal-Construction_Operations_01-1-scaled-aspect-ratio-1400-788-scaled-1.jpg","width":2560,"height":1440},{"@type":"BreadcrumbList","@id":"https:\/\/loginfo24.com\/es\/2026\/04\/29\/cargobeamer-adquiere-terminal-en-kaldenkirchen\/#breadcrumb","itemListElement":[{"@type":"ListItem","position":1,"name":"Startseite","item":"https:\/\/loginfo24.com\/es\/"},{"@type":"ListItem","position":2,"name":"CargoBeamer adquiere terminal en Kaldenkirchen"}]},{"@type":"WebSite","@id":"https:\/\/loginfo24.com\/es\/#website","url":"https:\/\/loginfo24.com\/es\/","name":"Loginfo24","description":"Loginfo24 es la plataforma dedicada a la log\u00edstica y las cadenas de suministro con informaci\u00f3n las 24 horas del d\u00eda.","publisher":{"@id":"https:\/\/loginfo24.com\/es\/#organization"},"potentialAction":[{"@type":"SearchAction","target":{"@type":"EntryPoint","urlTemplate":"https:\/\/loginfo24.com\/es\/?s={search_term_string}"},"query-input":{"@type":"PropertyValueSpecification","valueRequired":true,"valueName":"search_term_string"}}],"inLanguage":"es"},{"@type":"Organization","@id":"https:\/\/loginfo24.com\/es\/#organization","name":"Grupo Logismedia AG","url":"https:\/\/loginfo24.com\/es\/","logo":{"@type":"ImageObject","inLanguage":"es","@id":"https:\/\/loginfo24.com\/es\/#\/schema\/logo\/image\/","url":"https:\/\/loginfo24.com\/wp-content\/uploads\/sites\/7\/2026\/01\/Logo_LogInfo24.png","contentUrl":"https:\/\/loginfo24.com\/wp-content\/uploads\/sites\/7\/2026\/01\/Logo_LogInfo24.png","width":938,"height":351,"caption":"Grupo Logismedia AG"},"image":{"@id":"https:\/\/loginfo24.com\/es\/#\/schema\/logo\/image\/"},"sameAs":["https:\/\/www.facebook.com\/people\/Loginfo24\/100057360583332\/","https:\/\/www.linkedin.com\/company\/lofinfo24\/"]},{"@type":"Person","@id":"https:\/\/loginfo24.com\/es\/#\/schema\/person\/41d36b5474b623392fa613e97e2363fa","name":"Jeremy Soland","url":"https:\/\/loginfo24.com\/es\/author\/jeremy\/"}]}},"_links":{"self":[{"href":"https:\/\/loginfo24.com\/es\/wp-json\/wp\/v2\/posts\/79468","targetHints":{"allow":["GET"]}}],"collection":[{"href":"https:\/\/loginfo24.com\/es\/wp-json\/wp\/v2\/posts"}],"about":[{"href":"https:\/\/loginfo24.com\/es\/wp-json\/wp\/v2\/types\/post"}],"author":[{"embeddable":true,"href":"https:\/\/loginfo24.com\/es\/wp-json\/wp\/v2\/users\/10"}],"replies":[{"embeddable":true,"href":"https:\/\/loginfo24.com\/es\/wp-json\/wp\/v2\/comments?post=79468"}],"version-history":[{"count":0,"href":"https:\/\/loginfo24.com\/es\/wp-json\/wp\/v2\/posts\/79468\/revisions"}],"wp:featuredmedia":[{"embeddable":true,"href":"https:\/\/loginfo24.com\/es\/wp-json\/wp\/v2\/media\/79465"}],"wp:attachment":[{"href":"https:\/\/loginfo24.com\/es\/wp-json\/wp\/v2\/media?parent=79468"}],"wp:term":[{"taxonomy":"category","embeddable":true,"href":"https:\/\/loginfo24.com\/es\/wp-json\/wp\/v2\/categories?post=79468"},{"taxonomy":"post_tag","embeddable":true,"href":"https:\/\/loginfo24.com\/es\/wp-json\/wp\/v2\/tags?post=79468"}],"curies":[{"name":"wp","href":"https:\/\/api.w.org\/{rel}","templated":true}]}}