{"id":79424,"date":"2026-04-28T12:31:15","date_gmt":"2026-04-28T12:31:15","guid":{"rendered":"https:\/\/loginfo24.com\/2026\/04\/28\/blg-logistics-presenta-un-solido-ano-fiscal-2025\/"},"modified":"2026-04-28T12:31:15","modified_gmt":"2026-04-28T12:31:15","slug":"blg-logistics-presenta-un-solido-ano-fiscal-2025","status":"publish","type":"post","link":"https:\/\/loginfo24.com\/es\/2026\/04\/28\/blg-logistics-presenta-un-solido-ano-fiscal-2025\/","title":{"rendered":"BLG LOGISTICS presenta un s\u00f3lido a\u00f1o fiscal 2025"},"content":{"rendered":"<p>El consejo de administraci\u00f3n de BLG LOGISTICS ha presentado hoy en la conferencia de prensa sobre resultados el desempe\u00f1o del a\u00f1o fiscal 2025. La facturaci\u00f3n de la empresa alcanz\u00f3 los 1,2 mil millones de euros, lo que representa una disminuci\u00f3n del 4,5 por ciento o 55 millones de euros en comparaci\u00f3n con el a\u00f1o anterior. El EBIT se situ\u00f3 en 87,2 millones de euros, superando las expectativas, mientras que el EBT se mantuvo ligeramente por debajo del valor del a\u00f1o anterior, con 77,4 millones de euros. A pesar de las dif\u00edciles condiciones del entorno, la empresa logr\u00f3 obtener un resultado s\u00f3lido.<\/p>\n<p>Matthias Magnor, presidente del grupo BLG, explic\u00f3 los desaf\u00edos del a\u00f1o: \u201c2025 estuvo marcado por una simultaneidad que fue intensa: la pol\u00edtica arancelaria impredecible del gobierno de EE. UU., guerras persistentes y una econom\u00eda lenta. Como log\u00edsticos, sentimos cada sacudida de inmediato. Pero en cada sacudida no solo hay riesgo, sino tambi\u00e9n oportunidad: para nuevas soluciones, ajustes necesarios y una mayor capacidad de respuesta.\u201d<\/p>\n<h3>Desarrollos en las \u00e1reas de negocio<\/h3>\n<p>Las tres \u00e1reas de negocio de BLG, AUTOM\u00d3VILES, CONTRATO y CONTENEDORES, mostraron desarrollos diferentes. El \u00e1rea de AUTOM\u00d3VILES pudo aumentar su resultado a pesar de la disminuci\u00f3n de los vol\u00famenes de veh\u00edculos. La facturaci\u00f3n disminuy\u00f3 ligeramente a 678 millones de euros, influenciada por la econom\u00eda y los aranceles de EE. UU. Axel Krichel, COO del grupo BLG, enfatiz\u00f3 la necesidad de soluciones innovadoras en la log\u00edstica automotriz: \u201cNuevos modelos de movilidad presentan nuevos desaf\u00edos para las empresas y los operadores de flotas. Se requieren soluciones de red innovadoras y hol\u00edsticas en la log\u00edstica automotriz.\u201d<\/p>\n<p>En el \u00e1rea de CONTRATO, la facturaci\u00f3n cay\u00f3 de 536 a 488 millones de euros. Las ca\u00eddas en la log\u00edstica de piezas de autom\u00f3viles e industrial, as\u00ed como los efectos de los aranceles de EE. UU., afectaron el resultado. Sin embargo, medidas como la gesti\u00f3n de costos y el enfoque en actividades con alto margen est\u00e1n mostrando los primeros \u00e9xitos. Se espera que en 2026 haya una estabilizaci\u00f3n de la facturaci\u00f3n y un ligero aumento en el resultado.<\/p>\n<p>El \u00e1rea de CONTENEDORES contribuy\u00f3 significativamente al resultado total. La participaci\u00f3n contabilizada en EQUITY en EUROGATE logr\u00f3 un resultado despu\u00e9s de impuestos de 56,6 millones de euros. Las terminales de contenedores alemanas registraron un crecimiento de volumen de aproximadamente el 21 por ciento, alcanzando un total de alrededor de 8,8 millones de contenedores est\u00e1ndar. Michael Blach, miembro del consejo, destac\u00f3 la importancia de las rutas comerciales libres para el comercio global: \u201cLas rutas comerciales libres y seguras son fundamentales para el comercio global.\u201d<\/p>\n<h3>Compromiso de los empleados e iniciativas de formaci\u00f3n<\/h3>\n<p>El a\u00f1o fiscal 2025 estuvo bajo el lema \u201cJuntos\u201d. Ulrike Riedel, directora de recursos humanos, enfatiz\u00f3 la contribuci\u00f3n de los empleados al \u00e9xito de la empresa: \u201c10.452 personas trabajan para el grupo BLG LOGISTICS. Cada uno de ellos ha hecho posible este resultado.\u201d En promedio, BLG emple\u00f3 a 8.838 empleados en las empresas totalmente consolidadas. La afiliaci\u00f3n a convenios colectivos es del 98,1 por ciento, lo que representa un alto valor en la industria log\u00edstica.<\/p>\n<p>La formaci\u00f3n sigue siendo un enfoque central de la empresa. En 2025, se atendieron a 222 aprendices en profesiones comerciales y t\u00e9cnicas, as\u00ed como en programas de licenciatura duales. Con una tasa de formaci\u00f3n del 2,8 por ciento, BLG super\u00f3 el objetivo autoimpuesto del 2,0 por ciento.<\/p>\n<h3>Progresos en sostenibilidad<\/h3>\n<p>En el a\u00f1o del informe, el grupo BLG logr\u00f3 avances significativos en el \u00e1mbito de la log\u00edstica ecol\u00f3gica. En el marco de la \u201cMisi\u00f3n Clima\u201d, se pudieron reducir las emisiones de gases de efecto invernadero (Alcance 1 y 2) en un 45,3 por ciento en comparaci\u00f3n con el a\u00f1o base 2018. El objetivo para 2030 es una reducci\u00f3n del 50,4 por ciento. Desde 2025, BLG cubre completamente su demanda de electricidad a partir de energ\u00edas renovables.<\/p>\n<h3>Perspectivas para 2026<\/h3>\n<p>A pesar de las desafiantes condiciones del entorno, el consejo se muestra cautelosamente optimista respecto al a\u00f1o 2026. Se espera que la facturaci\u00f3n se mantenga en el nivel del a\u00f1o anterior, mientras que se anticipa que el EBT estar\u00e1 por debajo del valor de 2025, aunque se mantendr\u00e1 en el rango de decenas de millones. Matthias Magnor cerr\u00f3 la conferencia de prensa sobre resultados con las palabras: \u201cLa resiliencia no se genera en solitario. Se genera en colaboraci\u00f3n: con nuestros empleados, con nuestros clientes, con nuestros socios.\u201d<\/p>\n<p><a href=\"http:\/\/www.blg.de\" target=\"_blank\" rel=\"noopener noreferrer\">www.blg.de<\/a><\/p>\n","protected":false},"excerpt":{"rendered":"<p>La junta directiva de BLG LOGISTICS present\u00f3 hoy los resultados financieros para 2025, que muestran un resultado s\u00f3lido y avances en sostenibilidad a pesar de los desaf\u00edos.<\/p>\n","protected":false},"author":7,"featured_media":79421,"comment_status":"open","ping_status":"","sticky":false,"template":"","format":"standard","meta":{"_acf_changed":false,"footnotes":""},"categories":[6655,6679,1728,1605],"tags":[22491,22492,9775,22493,22494,6433,6435,22495,22496,22497,22498,2115,2116,2166,22499,2122,2123,2909,22500,22501,22502,22503,22504,20961,20962,22505,22506,2469,1831,9790,3750,4058,22507,22508,2139,3157,2925,3756,3757,2145,2929,2481,2193,22509,1916,7754,8977,2106,2154,6458,22510,22511,3125,22512,22513,22514],"class_list":["post-79424","post","type-post","status-publish","format-standard","has-post-thumbnail","hentry","category-alemania","category-europa","category-informes-financieros-anuales","category-expedicion-y-logistica","tag-ausbildungsinitiativen-logistik","tag-automobil-logistik","tag-automotive-logistics","tag-branchenentwicklung-2026","tag-climate-friendly-logistics","tag-container-terminals-germany","tag-containerterminals-deutschland","tag-cost-management-logistics-francais-blg-logistics","tag-deutsch-blg-logistics","tag-developpement-du-chiffre-daffaires-2025","tag-developpement-du-secteur-2026","tag-digitalisierung-in-der-logistik","tag-digitalization-in-logistics","tag-durabilite-dans-la-logistique","tag-employee-motivation-logistics","tag-fachkraeftemangel-logistik","tag-gestion-de-la-chaine-dapprovisionnement","tag-hafenbetrieb","tag-handelsrouten-bedeutung","tag-impact-des-tarifs-douaniers-americains","tag-importance-des-routes-commerciales","tag-industry-development-2026","tag-initiatives-de-formation-logistique","tag-innovative-logistics-solutions","tag-innovative-logistikloesungen","tag-klimafreundliche-logistik","tag-kostenmanagement-logistik-english-blg-logistics","tag-logistics-service-provider","tag-logistikdienstleister","tag-logistique-automobile","tag-logistique-de-colis","tag-logistique-ecologique","tag-mitarbeitermotivation-logistik","tag-motivation-des-employes-logistique","tag-nachhaltigkeit-in-der-logistik","tag-numerisation-dans-la-logistique","tag-operations-portuaires","tag-paketlogistik","tag-parcel-logistics","tag-penurie-de-main-doeuvre-logistique","tag-port-operations","tag-prestataire-logistique","tag-rail-freight-transport","tag-revenue-development-2025","tag-schienengueterverkehr","tag-skilled-labor-shortage-logistics","tag-solutions-logistiques-innovantes","tag-supply-chain-management","tag-sustainability-in-logistics","tag-terminaux-a-conteneurs-allemagne","tag-trade-routes-significance","tag-training-initiatives-logistics","tag-transport-ferroviaire-de-marchandises","tag-umsatzentwicklung-2025","tag-us-tariffs-impact","tag-us-zoelle-auswirkungen"],"acf":[],"yoast_head":"<!-- This site is optimized with the Yoast SEO plugin v27.3 - https:\/\/yoast.com\/product\/yoast-seo-wordpress\/ -->\n<title>BLG LOGISTICS presenta un s\u00f3lido a\u00f1o fiscal 2025 - Loginfo24<\/title>\n<meta name=\"robots\" content=\"index, follow, max-snippet:-1, max-image-preview:large, max-video-preview:-1\" \/>\n<link rel=\"canonical\" href=\"https:\/\/loginfo24.com\/es\/2026\/04\/28\/blg-logistics-presenta-un-solido-ano-fiscal-2025\/\" \/>\n<meta property=\"og:locale\" content=\"es_ES\" \/>\n<meta property=\"og:type\" content=\"article\" \/>\n<meta property=\"og:title\" content=\"BLG LOGISTICS presenta un s\u00f3lido a\u00f1o fiscal 2025 - Loginfo24\" \/>\n<meta property=\"og:description\" content=\"La junta directiva de BLG LOGISTICS present\u00f3 hoy los resultados financieros para 2025, que muestran un resultado s\u00f3lido y avances en sostenibilidad a pesar de los desaf\u00edos.\" \/>\n<meta property=\"og:url\" content=\"https:\/\/loginfo24.com\/es\/2026\/04\/28\/blg-logistics-presenta-un-solido-ano-fiscal-2025\/\" \/>\n<meta property=\"og:site_name\" content=\"Loginfo24\" \/>\n<meta property=\"article:publisher\" content=\"https:\/\/www.facebook.com\/people\/Loginfo24\/100057360583332\/\" \/>\n<meta property=\"article:published_time\" content=\"2026-04-28T12:31:15+00:00\" \/>\n<meta property=\"og:image\" content=\"https:\/\/loginfo24.com\/wp-content\/uploads\/sites\/7\/2026\/04\/csm_260428_BLG_BPK-01_ea04f10f77-aspect-ratio-1400-788.jpg\" \/>\n\t<meta property=\"og:image:width\" content=\"1170\" \/>\n\t<meta property=\"og:image:height\" content=\"659\" \/>\n\t<meta property=\"og:image:type\" content=\"image\/jpeg\" \/>\n<meta name=\"author\" content=\"Andreas M\u00fcller\" \/>\n<meta name=\"twitter:card\" content=\"summary_large_image\" \/>\n<meta name=\"twitter:label1\" content=\"Escrito por\" \/>\n\t<meta name=\"twitter:data1\" content=\"Andreas M\u00fcller\" \/>\n\t<meta name=\"twitter:label2\" content=\"Tiempo de lectura\" \/>\n\t<meta name=\"twitter:data2\" content=\"4 minuto\" \/>\n<script type=\"application\/ld+json\" class=\"yoast-schema-graph\">{\"@context\":\"https:\\\/\\\/schema.org\",\"@graph\":[{\"@type\":\"Article\",\"@id\":\"https:\\\/\\\/loginfo24.com\\\/es\\\/2026\\\/04\\\/28\\\/blg-logistics-presenta-un-solido-ano-fiscal-2025\\\/#article\",\"isPartOf\":{\"@id\":\"https:\\\/\\\/loginfo24.com\\\/es\\\/2026\\\/04\\\/28\\\/blg-logistics-presenta-un-solido-ano-fiscal-2025\\\/\"},\"author\":{\"name\":\"Andreas M\u00fcller\",\"@id\":\"https:\\\/\\\/loginfo24.com\\\/es\\\/#\\\/schema\\\/person\\\/7b1593b33567ba798d300c8a1b0b85b1\"},\"headline\":\"BLG LOGISTICS presenta un s\u00f3lido a\u00f1o fiscal 2025\",\"datePublished\":\"2026-04-28T12:31:15+00:00\",\"mainEntityOfPage\":{\"@id\":\"https:\\\/\\\/loginfo24.com\\\/es\\\/2026\\\/04\\\/28\\\/blg-logistics-presenta-un-solido-ano-fiscal-2025\\\/\"},\"wordCount\":763,\"commentCount\":0,\"publisher\":{\"@id\":\"https:\\\/\\\/loginfo24.com\\\/es\\\/#organization\"},\"image\":{\"@id\":\"https:\\\/\\\/loginfo24.com\\\/es\\\/2026\\\/04\\\/28\\\/blg-logistics-presenta-un-solido-ano-fiscal-2025\\\/#primaryimage\"},\"thumbnailUrl\":\"https:\\\/\\\/loginfo24.com\\\/wp-content\\\/uploads\\\/sites\\\/7\\\/2026\\\/04\\\/csm_260428_BLG_BPK-01_ea04f10f77-aspect-ratio-1400-788.jpg\",\"keywords\":[\"Ausbildungsinitiativen Logistik\",\"Automobil-Logistik\",\"Automotive logistics\",\"Branchenentwicklung 2026\",\"climate-friendly logistics\",\"container terminals Germany\",\"Containerterminals Deutschland\",\"cost management logistics Fran\u00e7ais BLG LOGISTICS\",\"Deutsch BLG LOGISTICS\",\"d\u00e9veloppement du chiffre d'affaires 2025\",\"d\u00e9veloppement du secteur 2026\",\"Digitalisierung in der Logistik\",\"digitalization in logistics\",\"durabilit\u00e9 dans la logistique\",\"employee motivation logistics\",\"Fachkr\u00e4ftemangel Logistik\",\"gestion de la cha\u00eene d'approvisionnement\",\"Hafenbetrieb\",\"Handelsrouten Bedeutung\",\"impact des tarifs douaniers am\u00e9ricains\",\"importance des routes commerciales\",\"industry development 2026\",\"initiatives de formation logistique\",\"innovative logistics solutions\",\"innovative Logistikl\u00f6sungen\",\"Klimafreundliche Logistik\",\"Kostenmanagement Logistik English BLG LOGISTICS\",\"logistics service provider\",\"Logistikdienstleister\",\"Logistique automobile\",\"logistique de colis\",\"logistique \u00e9cologique\",\"Mitarbeitermotivation Logistik\",\"motivation des employ\u00e9s logistique\",\"Nachhaltigkeit in der Logistik\",\"num\u00e9risation dans la logistique\",\"op\u00e9rations portuaires\",\"Paketlogistik\",\"parcel logistics\",\"p\u00e9nurie de main-d'\u0153uvre logistique\",\"port operations\",\"prestataire logistique\",\"rail freight transport\",\"revenue development 2025\",\"Schieneng\u00fcterverkehr\",\"skilled labor shortage logistics\",\"solutions logistiques innovantes\",\"Supply Chain Management\",\"sustainability in logistics\",\"terminaux \u00e0 conteneurs Allemagne\",\"trade routes significance\",\"training initiatives logistics\",\"transport ferroviaire de marchandises\",\"Umsatzentwicklung 2025\",\"US tariffs impact\",\"US-Z\u00f6lle Auswirkungen\"],\"articleSection\":[\"Alemania\",\"Europa\",\"Informes financieros\\\/anuales\",\"Transporte de mercanc\u00edas y log\u00edstica\"],\"inLanguage\":\"es\",\"potentialAction\":[{\"@type\":\"CommentAction\",\"name\":\"Comment\",\"target\":[\"https:\\\/\\\/loginfo24.com\\\/es\\\/2026\\\/04\\\/28\\\/blg-logistics-presenta-un-solido-ano-fiscal-2025\\\/#respond\"]}]},{\"@type\":\"WebPage\",\"@id\":\"https:\\\/\\\/loginfo24.com\\\/es\\\/2026\\\/04\\\/28\\\/blg-logistics-presenta-un-solido-ano-fiscal-2025\\\/\",\"url\":\"https:\\\/\\\/loginfo24.com\\\/es\\\/2026\\\/04\\\/28\\\/blg-logistics-presenta-un-solido-ano-fiscal-2025\\\/\",\"name\":\"BLG LOGISTICS presenta un s\u00f3lido a\u00f1o fiscal 2025 - Loginfo24\",\"isPartOf\":{\"@id\":\"https:\\\/\\\/loginfo24.com\\\/es\\\/#website\"},\"primaryImageOfPage\":{\"@id\":\"https:\\\/\\\/loginfo24.com\\\/es\\\/2026\\\/04\\\/28\\\/blg-logistics-presenta-un-solido-ano-fiscal-2025\\\/#primaryimage\"},\"image\":{\"@id\":\"https:\\\/\\\/loginfo24.com\\\/es\\\/2026\\\/04\\\/28\\\/blg-logistics-presenta-un-solido-ano-fiscal-2025\\\/#primaryimage\"},\"thumbnailUrl\":\"https:\\\/\\\/loginfo24.com\\\/wp-content\\\/uploads\\\/sites\\\/7\\\/2026\\\/04\\\/csm_260428_BLG_BPK-01_ea04f10f77-aspect-ratio-1400-788.jpg\",\"datePublished\":\"2026-04-28T12:31:15+00:00\",\"breadcrumb\":{\"@id\":\"https:\\\/\\\/loginfo24.com\\\/es\\\/2026\\\/04\\\/28\\\/blg-logistics-presenta-un-solido-ano-fiscal-2025\\\/#breadcrumb\"},\"inLanguage\":\"es\",\"potentialAction\":[{\"@type\":\"ReadAction\",\"target\":[\"https:\\\/\\\/loginfo24.com\\\/es\\\/2026\\\/04\\\/28\\\/blg-logistics-presenta-un-solido-ano-fiscal-2025\\\/\"]}]},{\"@type\":\"ImageObject\",\"inLanguage\":\"es\",\"@id\":\"https:\\\/\\\/loginfo24.com\\\/es\\\/2026\\\/04\\\/28\\\/blg-logistics-presenta-un-solido-ano-fiscal-2025\\\/#primaryimage\",\"url\":\"https:\\\/\\\/loginfo24.com\\\/wp-content\\\/uploads\\\/sites\\\/7\\\/2026\\\/04\\\/csm_260428_BLG_BPK-01_ea04f10f77-aspect-ratio-1400-788.jpg\",\"contentUrl\":\"https:\\\/\\\/loginfo24.com\\\/wp-content\\\/uploads\\\/sites\\\/7\\\/2026\\\/04\\\/csm_260428_BLG_BPK-01_ea04f10f77-aspect-ratio-1400-788.jpg\",\"width\":1170,\"height\":659},{\"@type\":\"BreadcrumbList\",\"@id\":\"https:\\\/\\\/loginfo24.com\\\/es\\\/2026\\\/04\\\/28\\\/blg-logistics-presenta-un-solido-ano-fiscal-2025\\\/#breadcrumb\",\"itemListElement\":[{\"@type\":\"ListItem\",\"position\":1,\"name\":\"Startseite\",\"item\":\"https:\\\/\\\/loginfo24.com\\\/es\\\/\"},{\"@type\":\"ListItem\",\"position\":2,\"name\":\"BLG LOGISTICS presenta un s\u00f3lido a\u00f1o fiscal 2025\"}]},{\"@type\":\"WebSite\",\"@id\":\"https:\\\/\\\/loginfo24.com\\\/es\\\/#website\",\"url\":\"https:\\\/\\\/loginfo24.com\\\/es\\\/\",\"name\":\"Loginfo24\",\"description\":\"Loginfo24 es la plataforma dedicada a la log\u00edstica y las cadenas de suministro con informaci\u00f3n las 24 horas del d\u00eda.\",\"publisher\":{\"@id\":\"https:\\\/\\\/loginfo24.com\\\/es\\\/#organization\"},\"potentialAction\":[{\"@type\":\"SearchAction\",\"target\":{\"@type\":\"EntryPoint\",\"urlTemplate\":\"https:\\\/\\\/loginfo24.com\\\/es\\\/?s={search_term_string}\"},\"query-input\":{\"@type\":\"PropertyValueSpecification\",\"valueRequired\":true,\"valueName\":\"search_term_string\"}}],\"inLanguage\":\"es\"},{\"@type\":\"Organization\",\"@id\":\"https:\\\/\\\/loginfo24.com\\\/es\\\/#organization\",\"name\":\"Grupo Logismedia AG\",\"url\":\"https:\\\/\\\/loginfo24.com\\\/es\\\/\",\"logo\":{\"@type\":\"ImageObject\",\"inLanguage\":\"es\",\"@id\":\"https:\\\/\\\/loginfo24.com\\\/es\\\/#\\\/schema\\\/logo\\\/image\\\/\",\"url\":\"https:\\\/\\\/loginfo24.com\\\/wp-content\\\/uploads\\\/sites\\\/7\\\/2026\\\/01\\\/Logo_LogInfo24.png\",\"contentUrl\":\"https:\\\/\\\/loginfo24.com\\\/wp-content\\\/uploads\\\/sites\\\/7\\\/2026\\\/01\\\/Logo_LogInfo24.png\",\"width\":938,\"height\":351,\"caption\":\"Grupo Logismedia AG\"},\"image\":{\"@id\":\"https:\\\/\\\/loginfo24.com\\\/es\\\/#\\\/schema\\\/logo\\\/image\\\/\"},\"sameAs\":[\"https:\\\/\\\/www.facebook.com\\\/people\\\/Loginfo24\\\/100057360583332\\\/\",\"https:\\\/\\\/www.linkedin.com\\\/company\\\/lofinfo24\\\/\"]},{\"@type\":\"Person\",\"@id\":\"https:\\\/\\\/loginfo24.com\\\/es\\\/#\\\/schema\\\/person\\\/7b1593b33567ba798d300c8a1b0b85b1\",\"name\":\"Andreas M\u00fcller\",\"url\":\"https:\\\/\\\/loginfo24.com\\\/es\\\/author\\\/logismedia\\\/\"}]}<\/script>\n<!-- \/ Yoast SEO plugin. -->","yoast_head_json":{"title":"BLG LOGISTICS presenta un s\u00f3lido a\u00f1o fiscal 2025 - Loginfo24","robots":{"index":"index","follow":"follow","max-snippet":"max-snippet:-1","max-image-preview":"max-image-preview:large","max-video-preview":"max-video-preview:-1"},"canonical":"https:\/\/loginfo24.com\/es\/2026\/04\/28\/blg-logistics-presenta-un-solido-ano-fiscal-2025\/","og_locale":"es_ES","og_type":"article","og_title":"BLG LOGISTICS presenta un s\u00f3lido a\u00f1o fiscal 2025 - Loginfo24","og_description":"La junta directiva de BLG LOGISTICS present\u00f3 hoy los resultados financieros para 2025, que muestran un resultado s\u00f3lido y avances en sostenibilidad a pesar de los desaf\u00edos.","og_url":"https:\/\/loginfo24.com\/es\/2026\/04\/28\/blg-logistics-presenta-un-solido-ano-fiscal-2025\/","og_site_name":"Loginfo24","article_publisher":"https:\/\/www.facebook.com\/people\/Loginfo24\/100057360583332\/","article_published_time":"2026-04-28T12:31:15+00:00","og_image":[{"width":1170,"height":659,"url":"https:\/\/loginfo24.com\/wp-content\/uploads\/sites\/7\/2026\/04\/csm_260428_BLG_BPK-01_ea04f10f77-aspect-ratio-1400-788.jpg","type":"image\/jpeg"}],"author":"Andreas M\u00fcller","twitter_card":"summary_large_image","twitter_misc":{"Escrito por":"Andreas M\u00fcller","Tiempo de lectura":"4 minuto"},"schema":{"@context":"https:\/\/schema.org","@graph":[{"@type":"Article","@id":"https:\/\/loginfo24.com\/es\/2026\/04\/28\/blg-logistics-presenta-un-solido-ano-fiscal-2025\/#article","isPartOf":{"@id":"https:\/\/loginfo24.com\/es\/2026\/04\/28\/blg-logistics-presenta-un-solido-ano-fiscal-2025\/"},"author":{"name":"Andreas M\u00fcller","@id":"https:\/\/loginfo24.com\/es\/#\/schema\/person\/7b1593b33567ba798d300c8a1b0b85b1"},"headline":"BLG LOGISTICS presenta un s\u00f3lido a\u00f1o fiscal 2025","datePublished":"2026-04-28T12:31:15+00:00","mainEntityOfPage":{"@id":"https:\/\/loginfo24.com\/es\/2026\/04\/28\/blg-logistics-presenta-un-solido-ano-fiscal-2025\/"},"wordCount":763,"commentCount":0,"publisher":{"@id":"https:\/\/loginfo24.com\/es\/#organization"},"image":{"@id":"https:\/\/loginfo24.com\/es\/2026\/04\/28\/blg-logistics-presenta-un-solido-ano-fiscal-2025\/#primaryimage"},"thumbnailUrl":"https:\/\/loginfo24.com\/wp-content\/uploads\/sites\/7\/2026\/04\/csm_260428_BLG_BPK-01_ea04f10f77-aspect-ratio-1400-788.jpg","keywords":["Ausbildungsinitiativen Logistik","Automobil-Logistik","Automotive logistics","Branchenentwicklung 2026","climate-friendly logistics","container terminals Germany","Containerterminals Deutschland","cost management logistics Fran\u00e7ais BLG LOGISTICS","Deutsch BLG LOGISTICS","d\u00e9veloppement du chiffre d'affaires 2025","d\u00e9veloppement du secteur 2026","Digitalisierung in der Logistik","digitalization in logistics","durabilit\u00e9 dans la logistique","employee motivation logistics","Fachkr\u00e4ftemangel Logistik","gestion de la cha\u00eene d'approvisionnement","Hafenbetrieb","Handelsrouten Bedeutung","impact des tarifs douaniers am\u00e9ricains","importance des routes commerciales","industry development 2026","initiatives de formation logistique","innovative logistics solutions","innovative Logistikl\u00f6sungen","Klimafreundliche Logistik","Kostenmanagement Logistik English BLG LOGISTICS","logistics service provider","Logistikdienstleister","Logistique automobile","logistique de colis","logistique \u00e9cologique","Mitarbeitermotivation Logistik","motivation des employ\u00e9s logistique","Nachhaltigkeit in der Logistik","num\u00e9risation dans la logistique","op\u00e9rations portuaires","Paketlogistik","parcel logistics","p\u00e9nurie de main-d'\u0153uvre logistique","port operations","prestataire logistique","rail freight transport","revenue development 2025","Schieneng\u00fcterverkehr","skilled labor shortage logistics","solutions logistiques innovantes","Supply Chain Management","sustainability in logistics","terminaux \u00e0 conteneurs Allemagne","trade routes significance","training initiatives logistics","transport ferroviaire de marchandises","Umsatzentwicklung 2025","US tariffs impact","US-Z\u00f6lle Auswirkungen"],"articleSection":["Alemania","Europa","Informes financieros\/anuales","Transporte de mercanc\u00edas y log\u00edstica"],"inLanguage":"es","potentialAction":[{"@type":"CommentAction","name":"Comment","target":["https:\/\/loginfo24.com\/es\/2026\/04\/28\/blg-logistics-presenta-un-solido-ano-fiscal-2025\/#respond"]}]},{"@type":"WebPage","@id":"https:\/\/loginfo24.com\/es\/2026\/04\/28\/blg-logistics-presenta-un-solido-ano-fiscal-2025\/","url":"https:\/\/loginfo24.com\/es\/2026\/04\/28\/blg-logistics-presenta-un-solido-ano-fiscal-2025\/","name":"BLG LOGISTICS presenta un s\u00f3lido a\u00f1o fiscal 2025 - Loginfo24","isPartOf":{"@id":"https:\/\/loginfo24.com\/es\/#website"},"primaryImageOfPage":{"@id":"https:\/\/loginfo24.com\/es\/2026\/04\/28\/blg-logistics-presenta-un-solido-ano-fiscal-2025\/#primaryimage"},"image":{"@id":"https:\/\/loginfo24.com\/es\/2026\/04\/28\/blg-logistics-presenta-un-solido-ano-fiscal-2025\/#primaryimage"},"thumbnailUrl":"https:\/\/loginfo24.com\/wp-content\/uploads\/sites\/7\/2026\/04\/csm_260428_BLG_BPK-01_ea04f10f77-aspect-ratio-1400-788.jpg","datePublished":"2026-04-28T12:31:15+00:00","breadcrumb":{"@id":"https:\/\/loginfo24.com\/es\/2026\/04\/28\/blg-logistics-presenta-un-solido-ano-fiscal-2025\/#breadcrumb"},"inLanguage":"es","potentialAction":[{"@type":"ReadAction","target":["https:\/\/loginfo24.com\/es\/2026\/04\/28\/blg-logistics-presenta-un-solido-ano-fiscal-2025\/"]}]},{"@type":"ImageObject","inLanguage":"es","@id":"https:\/\/loginfo24.com\/es\/2026\/04\/28\/blg-logistics-presenta-un-solido-ano-fiscal-2025\/#primaryimage","url":"https:\/\/loginfo24.com\/wp-content\/uploads\/sites\/7\/2026\/04\/csm_260428_BLG_BPK-01_ea04f10f77-aspect-ratio-1400-788.jpg","contentUrl":"https:\/\/loginfo24.com\/wp-content\/uploads\/sites\/7\/2026\/04\/csm_260428_BLG_BPK-01_ea04f10f77-aspect-ratio-1400-788.jpg","width":1170,"height":659},{"@type":"BreadcrumbList","@id":"https:\/\/loginfo24.com\/es\/2026\/04\/28\/blg-logistics-presenta-un-solido-ano-fiscal-2025\/#breadcrumb","itemListElement":[{"@type":"ListItem","position":1,"name":"Startseite","item":"https:\/\/loginfo24.com\/es\/"},{"@type":"ListItem","position":2,"name":"BLG LOGISTICS presenta un s\u00f3lido a\u00f1o fiscal 2025"}]},{"@type":"WebSite","@id":"https:\/\/loginfo24.com\/es\/#website","url":"https:\/\/loginfo24.com\/es\/","name":"Loginfo24","description":"Loginfo24 es la plataforma dedicada a la log\u00edstica y las cadenas de suministro con informaci\u00f3n las 24 horas del d\u00eda.","publisher":{"@id":"https:\/\/loginfo24.com\/es\/#organization"},"potentialAction":[{"@type":"SearchAction","target":{"@type":"EntryPoint","urlTemplate":"https:\/\/loginfo24.com\/es\/?s={search_term_string}"},"query-input":{"@type":"PropertyValueSpecification","valueRequired":true,"valueName":"search_term_string"}}],"inLanguage":"es"},{"@type":"Organization","@id":"https:\/\/loginfo24.com\/es\/#organization","name":"Grupo Logismedia AG","url":"https:\/\/loginfo24.com\/es\/","logo":{"@type":"ImageObject","inLanguage":"es","@id":"https:\/\/loginfo24.com\/es\/#\/schema\/logo\/image\/","url":"https:\/\/loginfo24.com\/wp-content\/uploads\/sites\/7\/2026\/01\/Logo_LogInfo24.png","contentUrl":"https:\/\/loginfo24.com\/wp-content\/uploads\/sites\/7\/2026\/01\/Logo_LogInfo24.png","width":938,"height":351,"caption":"Grupo Logismedia AG"},"image":{"@id":"https:\/\/loginfo24.com\/es\/#\/schema\/logo\/image\/"},"sameAs":["https:\/\/www.facebook.com\/people\/Loginfo24\/100057360583332\/","https:\/\/www.linkedin.com\/company\/lofinfo24\/"]},{"@type":"Person","@id":"https:\/\/loginfo24.com\/es\/#\/schema\/person\/7b1593b33567ba798d300c8a1b0b85b1","name":"Andreas M\u00fcller","url":"https:\/\/loginfo24.com\/es\/author\/logismedia\/"}]}},"_links":{"self":[{"href":"https:\/\/loginfo24.com\/es\/wp-json\/wp\/v2\/posts\/79424","targetHints":{"allow":["GET"]}}],"collection":[{"href":"https:\/\/loginfo24.com\/es\/wp-json\/wp\/v2\/posts"}],"about":[{"href":"https:\/\/loginfo24.com\/es\/wp-json\/wp\/v2\/types\/post"}],"author":[{"embeddable":true,"href":"https:\/\/loginfo24.com\/es\/wp-json\/wp\/v2\/users\/7"}],"replies":[{"embeddable":true,"href":"https:\/\/loginfo24.com\/es\/wp-json\/wp\/v2\/comments?post=79424"}],"version-history":[{"count":0,"href":"https:\/\/loginfo24.com\/es\/wp-json\/wp\/v2\/posts\/79424\/revisions"}],"wp:featuredmedia":[{"embeddable":true,"href":"https:\/\/loginfo24.com\/es\/wp-json\/wp\/v2\/media\/79421"}],"wp:attachment":[{"href":"https:\/\/loginfo24.com\/es\/wp-json\/wp\/v2\/media?parent=79424"}],"wp:term":[{"taxonomy":"category","embeddable":true,"href":"https:\/\/loginfo24.com\/es\/wp-json\/wp\/v2\/categories?post=79424"},{"taxonomy":"post_tag","embeddable":true,"href":"https:\/\/loginfo24.com\/es\/wp-json\/wp\/v2\/tags?post=79424"}],"curies":[{"name":"wp","href":"https:\/\/api.w.org\/{rel}","templated":true}]}}