{"id":79400,"date":"2026-04-28T10:54:12","date_gmt":"2026-04-28T10:54:12","guid":{"rendered":"https:\/\/loginfo24.com\/2026\/04\/28\/gebrueder-weiss-pide-14-mercedes-benz-eactros-600\/"},"modified":"2026-04-28T10:54:12","modified_gmt":"2026-04-28T10:54:12","slug":"gebrueder-weiss-pide-14-mercedes-benz-eactros-600","status":"publish","type":"post","link":"https:\/\/loginfo24.com\/es\/2026\/04\/28\/gebrueder-weiss-pide-14-mercedes-benz-eactros-600\/","title":{"rendered":"Gebr\u00fcder Weiss pide 14 Mercedes-Benz eActros 600"},"content":{"rendered":"<p>El operador log\u00edstico austriaco Gebr\u00fcder Weiss ha estado utilizando desde finales de 2025 catorce camiones el\u00e9ctricos del tipo Mercedes-Benz eActros 600, que emplea en el transporte diario de mercanc\u00edas, en l\u00edneas y en tr\u00e1fico de larga distancia en sus ubicaciones en Viena, P\u00f6chlarn, Wels y Hall en Tirol, as\u00ed como en su sede principal en Lauterach. El eActros 600 opera en Gebr\u00fcder Weiss tanto en transportes regionales como en el m\u00e1s exigente tr\u00e1fico de l\u00edneas y de larga distancia. La base para ello es una infraestructura de carga propia de la empresa.<\/p>\n<p>\u201cEl eActros 600 es un verdadero cambio de juego. Demuestra que los camiones el\u00e9ctricos ya no son m\u00fasica del futuro, sino una realidad, y no solo en el transporte de distribuci\u00f3n, sino tambi\u00e9n en el tr\u00e1fico nacional e internacional de larga distancia\u201d, dice Jens Tittel, director general de Daimler Truck Austria. \u201cPara una transformaci\u00f3n exitosa se necesitan los productos adecuados, una infraestructura de carga funcional y clientes que avancen con valent\u00eda. Agradecemos a Gebr\u00fcder Weiss por las inversiones y el claro compromiso con soluciones de transporte neutras en CO\u2082\u201d.<\/p>\n<p>Gebr\u00fcder Weiss representa desde hace m\u00e1s de 500 a\u00f1os la continuidad a trav\u00e9s de generaciones y la aspiraci\u00f3n de repensar la log\u00edstica una y otra vez. Justamente porque la econom\u00eda sostenible no comienza hoy, sino que debe ser a largo plazo, la empresa se ha comprometido desde temprano con la movilidad el\u00e9ctrica en el sector de transporte pesado. \u201cUna empresa solo puede ser exitosa a largo plazo si opera de manera sostenible y planifica las inversiones a largo plazo\u201d, dice J\u00fcrgen Bauer, miembro de la direcci\u00f3n de Gebr\u00fcder Weiss. \u201cPor eso decidimos tempranamente por una estrategia el\u00e9ctrica. Hemos estado colaborando con Daimler Truck en el \u00e1rea de motores de combusti\u00f3n durante diez a\u00f1os. Para nosotros, la liderazgo tecnol\u00f3gico, la eficiencia y la seguridad son decisivas. El eActros 600 fue el primero en cumplir con las exigencias de autonom\u00eda en nuestros transportes de red, y con la red de servicio en toda Europa de Daimler Truck, el paquete completo se ajusta a nuestras necesidades\u201d.<\/p>\n<p>Un componente central de la estrategia de electrificaci\u00f3n es la infraestructura de energ\u00eda y carga propia de la empresa. Dado que las ofertas de carga p\u00fablica para camiones el\u00e9ctricos a\u00fan no son suficientes en muchos lugares, Gebr\u00fcder Weiss ha establecido sistemas propios de carga y suministro de energ\u00eda en varias ubicaciones en Austria y el sur de Alemania. La energ\u00eda proviene de la planta fotovoltaica de la empresa o de electricidad verde certificada.<\/p>\n<p>\u201cNuestros clientes esperan tambi\u00e9n en transportes sin emisiones fiabilidad y puntualidad\u201d, enfatiza Stefan Oberhauser, director de la sucursal de Tierra y Log\u00edstica Vorarlberg en Gebr\u00fcder Weiss. \u201cCon nuestro propio suministro de energ\u00eda y las nuevas soluciones de veh\u00edculos, el transporte sostenible en la carretera se puede realizar de manera ideal. Adem\u00e1s, los veh\u00edculos pueden recargar energ\u00eda mientras cargan o descargan mercanc\u00edas, sin tiempos de espera adicionales\u201d.<\/p>\n<p>Los camiones el\u00e9ctricos en la ubicaci\u00f3n de Vorarlberg (Austria) est\u00e1n en operaci\u00f3n tanto de d\u00eda como de noche. Se utilizan para transportes regionales en Vorarlberg, para rutas hacia Suiza y Alemania, as\u00ed como para servicios de l\u00ednea hacia Hall en Tirol y Friburgo en Breisgau. Oberhauser: \u201cLa movilidad el\u00e9ctrica tambi\u00e9n significa una nueva mentalidad: m\u00e1s planificaci\u00f3n, gesti\u00f3n de carga limpia y una disposici\u00f3n que integre inteligentemente los tiempos de carga. Pero tambi\u00e9n muestra d\u00f3nde la infraestructura y las condiciones marco a\u00fan deben avanzar\u201d.<\/p>\n<p>Gebr\u00fcder Weiss planea expandir su propia infraestructura de carga en m\u00e1s ubicaciones para poder realizar rutas de manera m\u00e1s independiente de las estaciones de carga externas. Para finales de 2026, la flota el\u00e9ctrica en Austria deber\u00eda crecer a un total de 25 Mercedes-Benz eActros en Austria.<\/p>\n<p><a href=\"http:\/\/www.daimlertruck.com\" target=\"_blank\" rel=\"noopener noreferrer\">www.daimlertruck.com<\/a><\/p>\n","protected":false},"excerpt":{"rendered":"<p>El logisticista Gebr\u00fcder Weiss implementar\u00e1 un total de 25 Mercedes-Benz eActros hasta finales de 2026 y ampliar\u00e1 su propia infraestructura de carga en varias ubicaciones.<\/p>\n","protected":false},"author":7,"featured_media":79397,"comment_status":"open","ping_status":"","sticky":false,"template":"","format":"standard","meta":{"_acf_changed":false,"footnotes":""},"categories":[6655,6657,1604],"tags":[22387,22388,22389,22390,22391,22392,22393,22394,18083,3353,3354,22395,22396,22397,22398,22399,22400,22401,22402,22403,2999,3000,22404,22405,22406,22407,22408,10506,22409,22410,22411,22412,22413,3146,3147,2622,22414,22415,1800,3379,22416,13559,3158,22417,22418,22419,22420,22421,2641,22422,22423,6757,22424,3033,22425,6759],"class_list":["post-79400","post","type-post","status-publish","format-standard","has-post-thumbnail","hentry","category-alemania","category-austria","category-intermodal-carretera","tag-camions-electriques-autriche","tag-camions-lourds-electriques","tag-charging-infrastructure-electric-trucks","tag-co-neutral-transport-solutions","tag-co-neutrale-transportloesungen","tag-daimler-truck-austria","tag-daimler-truck-autriche","tag-daimler-truck-oesterreich","tag-deutsch-gebrueder-weiss","tag-digitalisierung-logistik","tag-digitalization-logistics","tag-e-fleet-expansion-francais-gebrueder-weiss","tag-e-flotte-ausbau-english-gebrueder-weiss","tag-e-lkw-oesterreich","tag-e-mobilitaet-strategie","tag-e-mobility-strategy","tag-electric-trucks-austria","tag-electromobilite-transport","tag-electromobility-transport","tag-elektromobilitaet-transport","tag-emission-free-transport","tag-emissionsfreier-transport","tag-energieversorgungssysteme","tag-energy-supply-systems","tag-expansion-flotte-electrique","tag-fernverkehr-e-lkw","tag-heavy-duty-electric-trucks","tag-industrie-du-transport-autriche","tag-infrastructure-charging-points","tag-infrastructure-de-recharge-camions-electriques","tag-infrastructure-points-de-recharge","tag-infrastruktur-ladepunkte","tag-ladeinfrastruktur-e-lkw","tag-logistics-service-providers-austria","tag-logistikdienstleister-oesterreich","tag-logistique-durable","tag-long-distance-transport-electric-trucks","tag-mercedes-benz-eactros-600","tag-nachhaltige-logistik","tag-numerisation-logistique","tag-photovoltaic-systems-logistics","tag-photovoltaikanlage-logistik","tag-prestataires-de-services-logistiques-autriche","tag-regional-transport-vorarlberg","tag-regionale-verkehre-vorarlberg","tag-schwerlastverkehr-e-lkw","tag-solutions-de-transport-neutres-en-co","tag-strategie-delectromobilite","tag-sustainable-logistics","tag-systemes-dapprovisionnement-en-energie","tag-systemes-photovoltaiques-logistique","tag-transport-industry-austria","tag-transport-longue-distance-camions-electriques","tag-transport-sans-emissions","tag-transports-regionaux-vorarlberg","tag-transportwirtschaft-oesterreich"],"acf":[],"yoast_head":"<!-- This site is optimized with the Yoast SEO plugin v27.3 - https:\/\/yoast.com\/product\/yoast-seo-wordpress\/ -->\n<title>Gebr\u00fcder Weiss pide 14 Mercedes-Benz eActros 600 - Loginfo24<\/title>\n<meta name=\"robots\" content=\"index, follow, max-snippet:-1, max-image-preview:large, max-video-preview:-1\" \/>\n<link rel=\"canonical\" href=\"https:\/\/loginfo24.com\/es\/2026\/04\/28\/gebrueder-weiss-pide-14-mercedes-benz-eactros-600\/\" \/>\n<meta property=\"og:locale\" content=\"es_ES\" \/>\n<meta property=\"og:type\" content=\"article\" \/>\n<meta property=\"og:title\" content=\"Gebr\u00fcder Weiss pide 14 Mercedes-Benz eActros 600 - Loginfo24\" \/>\n<meta property=\"og:description\" content=\"El logisticista Gebr\u00fcder Weiss implementar\u00e1 un total de 25 Mercedes-Benz eActros hasta finales de 2026 y ampliar\u00e1 su propia infraestructura de carga en varias ubicaciones.\" \/>\n<meta property=\"og:url\" content=\"https:\/\/loginfo24.com\/es\/2026\/04\/28\/gebrueder-weiss-pide-14-mercedes-benz-eactros-600\/\" \/>\n<meta property=\"og:site_name\" content=\"Loginfo24\" \/>\n<meta property=\"article:publisher\" content=\"https:\/\/www.facebook.com\/people\/Loginfo24\/100057360583332\/\" \/>\n<meta property=\"article:published_time\" content=\"2026-04-28T10:54:12+00:00\" \/>\n<meta property=\"og:image\" content=\"https:\/\/loginfo24.com\/wp-content\/uploads\/sites\/7\/2026\/04\/26DT076_001-scaled-aspect-ratio-1400-788-scaled-1.jpg\" \/>\n\t<meta property=\"og:image:width\" content=\"2560\" \/>\n\t<meta property=\"og:image:height\" content=\"1441\" \/>\n\t<meta property=\"og:image:type\" content=\"image\/jpeg\" \/>\n<meta name=\"author\" content=\"Andreas M\u00fcller\" \/>\n<meta name=\"twitter:card\" content=\"summary_large_image\" \/>\n<meta name=\"twitter:label1\" content=\"Escrito por\" \/>\n\t<meta name=\"twitter:data1\" content=\"Andreas M\u00fcller\" \/>\n\t<meta name=\"twitter:label2\" content=\"Tiempo de lectura\" \/>\n\t<meta name=\"twitter:data2\" content=\"3 minuto\" \/>\n<script type=\"application\/ld+json\" class=\"yoast-schema-graph\">{\"@context\":\"https:\\\/\\\/schema.org\",\"@graph\":[{\"@type\":\"Article\",\"@id\":\"https:\\\/\\\/loginfo24.com\\\/es\\\/2026\\\/04\\\/28\\\/gebrueder-weiss-pide-14-mercedes-benz-eactros-600\\\/#article\",\"isPartOf\":{\"@id\":\"https:\\\/\\\/loginfo24.com\\\/es\\\/2026\\\/04\\\/28\\\/gebrueder-weiss-pide-14-mercedes-benz-eactros-600\\\/\"},\"author\":{\"name\":\"Andreas M\u00fcller\",\"@id\":\"https:\\\/\\\/loginfo24.com\\\/es\\\/#\\\/schema\\\/person\\\/7b1593b33567ba798d300c8a1b0b85b1\"},\"headline\":\"Gebr\u00fcder Weiss pide 14 Mercedes-Benz eActros 600\",\"datePublished\":\"2026-04-28T10:54:12+00:00\",\"mainEntityOfPage\":{\"@id\":\"https:\\\/\\\/loginfo24.com\\\/es\\\/2026\\\/04\\\/28\\\/gebrueder-weiss-pide-14-mercedes-benz-eactros-600\\\/\"},\"wordCount\":685,\"commentCount\":0,\"publisher\":{\"@id\":\"https:\\\/\\\/loginfo24.com\\\/es\\\/#organization\"},\"image\":{\"@id\":\"https:\\\/\\\/loginfo24.com\\\/es\\\/2026\\\/04\\\/28\\\/gebrueder-weiss-pide-14-mercedes-benz-eactros-600\\\/#primaryimage\"},\"thumbnailUrl\":\"https:\\\/\\\/loginfo24.com\\\/wp-content\\\/uploads\\\/sites\\\/7\\\/2026\\\/04\\\/26DT076_001-scaled-aspect-ratio-1400-788-scaled-1.jpg\",\"keywords\":[\"camions \u00e9lectriques Autriche\",\"camions lourds \u00e9lectriques\",\"charging infrastructure electric trucks\",\"CO\u2082-neutral transport solutions\",\"CO\u2082-neutrale Transportl\u00f6sungen\",\"Daimler Truck Austria\",\"Daimler Truck Autriche\",\"Daimler Truck \u00d6sterreich\",\"Deutsch Gebr\u00fcder Weiss\",\"Digitalisierung Logistik\",\"digitalization logistics\",\"e-fleet expansion Fran\u00e7ais Gebr\u00fcder Weiss\",\"E-Flotte Ausbau English Gebr\u00fcder Weiss\",\"E-Lkw \u00d6sterreich\",\"E-Mobilit\u00e4t Strategie\",\"e-mobility strategy\",\"electric trucks Austria\",\"\u00e9lectromobilit\u00e9 transport\",\"electromobility transport\",\"Elektromobilit\u00e4t Transport\",\"emission-free transport\",\"emissionsfreier Transport\",\"Energieversorgungssysteme\",\"energy supply systems\",\"expansion flotte \u00e9lectrique\",\"Fernverkehr E-Lkw\",\"heavy-duty electric trucks\",\"industrie du transport Autriche\",\"infrastructure charging points\",\"infrastructure de recharge camions \u00e9lectriques\",\"infrastructure points de recharge\",\"Infrastruktur Ladepunkte\",\"Ladeinfrastruktur E-Lkw\",\"logistics service providers Austria\",\"Logistikdienstleister \u00d6sterreich\",\"logistique durable\",\"long-distance transport electric trucks\",\"Mercedes-Benz eActros 600\",\"nachhaltige Logistik\",\"num\u00e9risation logistique\",\"photovoltaic systems logistics\",\"Photovoltaikanlage Logistik\",\"prestataires de services logistiques Autriche\",\"regional transport Vorarlberg\",\"regionale Verkehre Vorarlberg\",\"Schwerlastverkehr E-Lkw\",\"solutions de transport neutres en CO\u2082\",\"strat\u00e9gie d'\u00e9lectromobilit\u00e9\",\"sustainable logistics\",\"syst\u00e8mes d'approvisionnement en \u00e9nergie\",\"syst\u00e8mes photovolta\u00efques logistique\",\"transport industry Austria\",\"transport longue distance camions \u00e9lectriques\",\"transport sans \u00e9missions\",\"transports r\u00e9gionaux Vorarlberg\",\"Transportwirtschaft \u00d6sterreich\"],\"articleSection\":[\"Alemania\",\"Austria\",\"Intermodal \\\/ Carretera\"],\"inLanguage\":\"es\",\"potentialAction\":[{\"@type\":\"CommentAction\",\"name\":\"Comment\",\"target\":[\"https:\\\/\\\/loginfo24.com\\\/es\\\/2026\\\/04\\\/28\\\/gebrueder-weiss-pide-14-mercedes-benz-eactros-600\\\/#respond\"]}]},{\"@type\":\"WebPage\",\"@id\":\"https:\\\/\\\/loginfo24.com\\\/es\\\/2026\\\/04\\\/28\\\/gebrueder-weiss-pide-14-mercedes-benz-eactros-600\\\/\",\"url\":\"https:\\\/\\\/loginfo24.com\\\/es\\\/2026\\\/04\\\/28\\\/gebrueder-weiss-pide-14-mercedes-benz-eactros-600\\\/\",\"name\":\"Gebr\u00fcder Weiss pide 14 Mercedes-Benz eActros 600 - Loginfo24\",\"isPartOf\":{\"@id\":\"https:\\\/\\\/loginfo24.com\\\/es\\\/#website\"},\"primaryImageOfPage\":{\"@id\":\"https:\\\/\\\/loginfo24.com\\\/es\\\/2026\\\/04\\\/28\\\/gebrueder-weiss-pide-14-mercedes-benz-eactros-600\\\/#primaryimage\"},\"image\":{\"@id\":\"https:\\\/\\\/loginfo24.com\\\/es\\\/2026\\\/04\\\/28\\\/gebrueder-weiss-pide-14-mercedes-benz-eactros-600\\\/#primaryimage\"},\"thumbnailUrl\":\"https:\\\/\\\/loginfo24.com\\\/wp-content\\\/uploads\\\/sites\\\/7\\\/2026\\\/04\\\/26DT076_001-scaled-aspect-ratio-1400-788-scaled-1.jpg\",\"datePublished\":\"2026-04-28T10:54:12+00:00\",\"breadcrumb\":{\"@id\":\"https:\\\/\\\/loginfo24.com\\\/es\\\/2026\\\/04\\\/28\\\/gebrueder-weiss-pide-14-mercedes-benz-eactros-600\\\/#breadcrumb\"},\"inLanguage\":\"es\",\"potentialAction\":[{\"@type\":\"ReadAction\",\"target\":[\"https:\\\/\\\/loginfo24.com\\\/es\\\/2026\\\/04\\\/28\\\/gebrueder-weiss-pide-14-mercedes-benz-eactros-600\\\/\"]}]},{\"@type\":\"ImageObject\",\"inLanguage\":\"es\",\"@id\":\"https:\\\/\\\/loginfo24.com\\\/es\\\/2026\\\/04\\\/28\\\/gebrueder-weiss-pide-14-mercedes-benz-eactros-600\\\/#primaryimage\",\"url\":\"https:\\\/\\\/loginfo24.com\\\/wp-content\\\/uploads\\\/sites\\\/7\\\/2026\\\/04\\\/26DT076_001-scaled-aspect-ratio-1400-788-scaled-1.jpg\",\"contentUrl\":\"https:\\\/\\\/loginfo24.com\\\/wp-content\\\/uploads\\\/sites\\\/7\\\/2026\\\/04\\\/26DT076_001-scaled-aspect-ratio-1400-788-scaled-1.jpg\",\"width\":2560,\"height\":1441},{\"@type\":\"BreadcrumbList\",\"@id\":\"https:\\\/\\\/loginfo24.com\\\/es\\\/2026\\\/04\\\/28\\\/gebrueder-weiss-pide-14-mercedes-benz-eactros-600\\\/#breadcrumb\",\"itemListElement\":[{\"@type\":\"ListItem\",\"position\":1,\"name\":\"Startseite\",\"item\":\"https:\\\/\\\/loginfo24.com\\\/es\\\/\"},{\"@type\":\"ListItem\",\"position\":2,\"name\":\"Gebr\u00fcder Weiss pide 14 Mercedes-Benz eActros 600\"}]},{\"@type\":\"WebSite\",\"@id\":\"https:\\\/\\\/loginfo24.com\\\/es\\\/#website\",\"url\":\"https:\\\/\\\/loginfo24.com\\\/es\\\/\",\"name\":\"Loginfo24\",\"description\":\"Loginfo24 es la plataforma dedicada a la log\u00edstica y las cadenas de suministro con informaci\u00f3n las 24 horas del d\u00eda.\",\"publisher\":{\"@id\":\"https:\\\/\\\/loginfo24.com\\\/es\\\/#organization\"},\"potentialAction\":[{\"@type\":\"SearchAction\",\"target\":{\"@type\":\"EntryPoint\",\"urlTemplate\":\"https:\\\/\\\/loginfo24.com\\\/es\\\/?s={search_term_string}\"},\"query-input\":{\"@type\":\"PropertyValueSpecification\",\"valueRequired\":true,\"valueName\":\"search_term_string\"}}],\"inLanguage\":\"es\"},{\"@type\":\"Organization\",\"@id\":\"https:\\\/\\\/loginfo24.com\\\/es\\\/#organization\",\"name\":\"Grupo Logismedia AG\",\"url\":\"https:\\\/\\\/loginfo24.com\\\/es\\\/\",\"logo\":{\"@type\":\"ImageObject\",\"inLanguage\":\"es\",\"@id\":\"https:\\\/\\\/loginfo24.com\\\/es\\\/#\\\/schema\\\/logo\\\/image\\\/\",\"url\":\"https:\\\/\\\/loginfo24.com\\\/wp-content\\\/uploads\\\/sites\\\/7\\\/2026\\\/01\\\/Logo_LogInfo24.png\",\"contentUrl\":\"https:\\\/\\\/loginfo24.com\\\/wp-content\\\/uploads\\\/sites\\\/7\\\/2026\\\/01\\\/Logo_LogInfo24.png\",\"width\":938,\"height\":351,\"caption\":\"Grupo Logismedia AG\"},\"image\":{\"@id\":\"https:\\\/\\\/loginfo24.com\\\/es\\\/#\\\/schema\\\/logo\\\/image\\\/\"},\"sameAs\":[\"https:\\\/\\\/www.facebook.com\\\/people\\\/Loginfo24\\\/100057360583332\\\/\",\"https:\\\/\\\/www.linkedin.com\\\/company\\\/lofinfo24\\\/\"]},{\"@type\":\"Person\",\"@id\":\"https:\\\/\\\/loginfo24.com\\\/es\\\/#\\\/schema\\\/person\\\/7b1593b33567ba798d300c8a1b0b85b1\",\"name\":\"Andreas M\u00fcller\",\"url\":\"https:\\\/\\\/loginfo24.com\\\/es\\\/author\\\/logismedia\\\/\"}]}<\/script>\n<!-- \/ Yoast SEO plugin. -->","yoast_head_json":{"title":"Gebr\u00fcder Weiss pide 14 Mercedes-Benz eActros 600 - Loginfo24","robots":{"index":"index","follow":"follow","max-snippet":"max-snippet:-1","max-image-preview":"max-image-preview:large","max-video-preview":"max-video-preview:-1"},"canonical":"https:\/\/loginfo24.com\/es\/2026\/04\/28\/gebrueder-weiss-pide-14-mercedes-benz-eactros-600\/","og_locale":"es_ES","og_type":"article","og_title":"Gebr\u00fcder Weiss pide 14 Mercedes-Benz eActros 600 - Loginfo24","og_description":"El logisticista Gebr\u00fcder Weiss implementar\u00e1 un total de 25 Mercedes-Benz eActros hasta finales de 2026 y ampliar\u00e1 su propia infraestructura de carga en varias ubicaciones.","og_url":"https:\/\/loginfo24.com\/es\/2026\/04\/28\/gebrueder-weiss-pide-14-mercedes-benz-eactros-600\/","og_site_name":"Loginfo24","article_publisher":"https:\/\/www.facebook.com\/people\/Loginfo24\/100057360583332\/","article_published_time":"2026-04-28T10:54:12+00:00","og_image":[{"width":2560,"height":1441,"url":"https:\/\/loginfo24.com\/wp-content\/uploads\/sites\/7\/2026\/04\/26DT076_001-scaled-aspect-ratio-1400-788-scaled-1.jpg","type":"image\/jpeg"}],"author":"Andreas M\u00fcller","twitter_card":"summary_large_image","twitter_misc":{"Escrito por":"Andreas M\u00fcller","Tiempo de lectura":"3 minuto"},"schema":{"@context":"https:\/\/schema.org","@graph":[{"@type":"Article","@id":"https:\/\/loginfo24.com\/es\/2026\/04\/28\/gebrueder-weiss-pide-14-mercedes-benz-eactros-600\/#article","isPartOf":{"@id":"https:\/\/loginfo24.com\/es\/2026\/04\/28\/gebrueder-weiss-pide-14-mercedes-benz-eactros-600\/"},"author":{"name":"Andreas M\u00fcller","@id":"https:\/\/loginfo24.com\/es\/#\/schema\/person\/7b1593b33567ba798d300c8a1b0b85b1"},"headline":"Gebr\u00fcder Weiss pide 14 Mercedes-Benz eActros 600","datePublished":"2026-04-28T10:54:12+00:00","mainEntityOfPage":{"@id":"https:\/\/loginfo24.com\/es\/2026\/04\/28\/gebrueder-weiss-pide-14-mercedes-benz-eactros-600\/"},"wordCount":685,"commentCount":0,"publisher":{"@id":"https:\/\/loginfo24.com\/es\/#organization"},"image":{"@id":"https:\/\/loginfo24.com\/es\/2026\/04\/28\/gebrueder-weiss-pide-14-mercedes-benz-eactros-600\/#primaryimage"},"thumbnailUrl":"https:\/\/loginfo24.com\/wp-content\/uploads\/sites\/7\/2026\/04\/26DT076_001-scaled-aspect-ratio-1400-788-scaled-1.jpg","keywords":["camions \u00e9lectriques Autriche","camions lourds \u00e9lectriques","charging infrastructure electric trucks","CO\u2082-neutral transport solutions","CO\u2082-neutrale Transportl\u00f6sungen","Daimler Truck Austria","Daimler Truck Autriche","Daimler Truck \u00d6sterreich","Deutsch Gebr\u00fcder Weiss","Digitalisierung Logistik","digitalization logistics","e-fleet expansion Fran\u00e7ais Gebr\u00fcder Weiss","E-Flotte Ausbau English Gebr\u00fcder Weiss","E-Lkw \u00d6sterreich","E-Mobilit\u00e4t Strategie","e-mobility strategy","electric trucks Austria","\u00e9lectromobilit\u00e9 transport","electromobility transport","Elektromobilit\u00e4t Transport","emission-free transport","emissionsfreier Transport","Energieversorgungssysteme","energy supply systems","expansion flotte \u00e9lectrique","Fernverkehr E-Lkw","heavy-duty electric trucks","industrie du transport Autriche","infrastructure charging points","infrastructure de recharge camions \u00e9lectriques","infrastructure points de recharge","Infrastruktur Ladepunkte","Ladeinfrastruktur E-Lkw","logistics service providers Austria","Logistikdienstleister \u00d6sterreich","logistique durable","long-distance transport electric trucks","Mercedes-Benz eActros 600","nachhaltige Logistik","num\u00e9risation logistique","photovoltaic systems logistics","Photovoltaikanlage Logistik","prestataires de services logistiques Autriche","regional transport Vorarlberg","regionale Verkehre Vorarlberg","Schwerlastverkehr E-Lkw","solutions de transport neutres en CO\u2082","strat\u00e9gie d'\u00e9lectromobilit\u00e9","sustainable logistics","syst\u00e8mes d'approvisionnement en \u00e9nergie","syst\u00e8mes photovolta\u00efques logistique","transport industry Austria","transport longue distance camions \u00e9lectriques","transport sans \u00e9missions","transports r\u00e9gionaux Vorarlberg","Transportwirtschaft \u00d6sterreich"],"articleSection":["Alemania","Austria","Intermodal \/ Carretera"],"inLanguage":"es","potentialAction":[{"@type":"CommentAction","name":"Comment","target":["https:\/\/loginfo24.com\/es\/2026\/04\/28\/gebrueder-weiss-pide-14-mercedes-benz-eactros-600\/#respond"]}]},{"@type":"WebPage","@id":"https:\/\/loginfo24.com\/es\/2026\/04\/28\/gebrueder-weiss-pide-14-mercedes-benz-eactros-600\/","url":"https:\/\/loginfo24.com\/es\/2026\/04\/28\/gebrueder-weiss-pide-14-mercedes-benz-eactros-600\/","name":"Gebr\u00fcder Weiss pide 14 Mercedes-Benz eActros 600 - Loginfo24","isPartOf":{"@id":"https:\/\/loginfo24.com\/es\/#website"},"primaryImageOfPage":{"@id":"https:\/\/loginfo24.com\/es\/2026\/04\/28\/gebrueder-weiss-pide-14-mercedes-benz-eactros-600\/#primaryimage"},"image":{"@id":"https:\/\/loginfo24.com\/es\/2026\/04\/28\/gebrueder-weiss-pide-14-mercedes-benz-eactros-600\/#primaryimage"},"thumbnailUrl":"https:\/\/loginfo24.com\/wp-content\/uploads\/sites\/7\/2026\/04\/26DT076_001-scaled-aspect-ratio-1400-788-scaled-1.jpg","datePublished":"2026-04-28T10:54:12+00:00","breadcrumb":{"@id":"https:\/\/loginfo24.com\/es\/2026\/04\/28\/gebrueder-weiss-pide-14-mercedes-benz-eactros-600\/#breadcrumb"},"inLanguage":"es","potentialAction":[{"@type":"ReadAction","target":["https:\/\/loginfo24.com\/es\/2026\/04\/28\/gebrueder-weiss-pide-14-mercedes-benz-eactros-600\/"]}]},{"@type":"ImageObject","inLanguage":"es","@id":"https:\/\/loginfo24.com\/es\/2026\/04\/28\/gebrueder-weiss-pide-14-mercedes-benz-eactros-600\/#primaryimage","url":"https:\/\/loginfo24.com\/wp-content\/uploads\/sites\/7\/2026\/04\/26DT076_001-scaled-aspect-ratio-1400-788-scaled-1.jpg","contentUrl":"https:\/\/loginfo24.com\/wp-content\/uploads\/sites\/7\/2026\/04\/26DT076_001-scaled-aspect-ratio-1400-788-scaled-1.jpg","width":2560,"height":1441},{"@type":"BreadcrumbList","@id":"https:\/\/loginfo24.com\/es\/2026\/04\/28\/gebrueder-weiss-pide-14-mercedes-benz-eactros-600\/#breadcrumb","itemListElement":[{"@type":"ListItem","position":1,"name":"Startseite","item":"https:\/\/loginfo24.com\/es\/"},{"@type":"ListItem","position":2,"name":"Gebr\u00fcder Weiss pide 14 Mercedes-Benz eActros 600"}]},{"@type":"WebSite","@id":"https:\/\/loginfo24.com\/es\/#website","url":"https:\/\/loginfo24.com\/es\/","name":"Loginfo24","description":"Loginfo24 es la plataforma dedicada a la log\u00edstica y las cadenas de suministro con informaci\u00f3n las 24 horas del d\u00eda.","publisher":{"@id":"https:\/\/loginfo24.com\/es\/#organization"},"potentialAction":[{"@type":"SearchAction","target":{"@type":"EntryPoint","urlTemplate":"https:\/\/loginfo24.com\/es\/?s={search_term_string}"},"query-input":{"@type":"PropertyValueSpecification","valueRequired":true,"valueName":"search_term_string"}}],"inLanguage":"es"},{"@type":"Organization","@id":"https:\/\/loginfo24.com\/es\/#organization","name":"Grupo Logismedia AG","url":"https:\/\/loginfo24.com\/es\/","logo":{"@type":"ImageObject","inLanguage":"es","@id":"https:\/\/loginfo24.com\/es\/#\/schema\/logo\/image\/","url":"https:\/\/loginfo24.com\/wp-content\/uploads\/sites\/7\/2026\/01\/Logo_LogInfo24.png","contentUrl":"https:\/\/loginfo24.com\/wp-content\/uploads\/sites\/7\/2026\/01\/Logo_LogInfo24.png","width":938,"height":351,"caption":"Grupo Logismedia AG"},"image":{"@id":"https:\/\/loginfo24.com\/es\/#\/schema\/logo\/image\/"},"sameAs":["https:\/\/www.facebook.com\/people\/Loginfo24\/100057360583332\/","https:\/\/www.linkedin.com\/company\/lofinfo24\/"]},{"@type":"Person","@id":"https:\/\/loginfo24.com\/es\/#\/schema\/person\/7b1593b33567ba798d300c8a1b0b85b1","name":"Andreas M\u00fcller","url":"https:\/\/loginfo24.com\/es\/author\/logismedia\/"}]}},"_links":{"self":[{"href":"https:\/\/loginfo24.com\/es\/wp-json\/wp\/v2\/posts\/79400","targetHints":{"allow":["GET"]}}],"collection":[{"href":"https:\/\/loginfo24.com\/es\/wp-json\/wp\/v2\/posts"}],"about":[{"href":"https:\/\/loginfo24.com\/es\/wp-json\/wp\/v2\/types\/post"}],"author":[{"embeddable":true,"href":"https:\/\/loginfo24.com\/es\/wp-json\/wp\/v2\/users\/7"}],"replies":[{"embeddable":true,"href":"https:\/\/loginfo24.com\/es\/wp-json\/wp\/v2\/comments?post=79400"}],"version-history":[{"count":0,"href":"https:\/\/loginfo24.com\/es\/wp-json\/wp\/v2\/posts\/79400\/revisions"}],"wp:featuredmedia":[{"embeddable":true,"href":"https:\/\/loginfo24.com\/es\/wp-json\/wp\/v2\/media\/79397"}],"wp:attachment":[{"href":"https:\/\/loginfo24.com\/es\/wp-json\/wp\/v2\/media?parent=79400"}],"wp:term":[{"taxonomy":"category","embeddable":true,"href":"https:\/\/loginfo24.com\/es\/wp-json\/wp\/v2\/categories?post=79400"},{"taxonomy":"post_tag","embeddable":true,"href":"https:\/\/loginfo24.com\/es\/wp-json\/wp\/v2\/tags?post=79400"}],"curies":[{"name":"wp","href":"https:\/\/api.w.org\/{rel}","templated":true}]}}