{"id":79369,"date":"2026-04-28T10:26:05","date_gmt":"2026-04-28T10:26:05","guid":{"rendered":"https:\/\/loginfo24.com\/2026\/04\/28\/foro-de-formacion-del-verband-deutscher-reeder\/"},"modified":"2026-04-28T10:26:05","modified_gmt":"2026-04-28T10:26:05","slug":"foro-de-formacion-del-verband-deutscher-reeder","status":"publish","type":"post","link":"https:\/\/loginfo24.com\/es\/2026\/04\/28\/foro-de-formacion-del-verband-deutscher-reeder\/","title":{"rendered":"Foro de formaci\u00f3n del Verband Deutscher Reeder"},"content":{"rendered":"<p>En Baja Sajonia, la econom\u00eda y la pol\u00edtica mar\u00edtimas enviaron una se\u00f1al el 28 de abril en el foro de formaci\u00f3n del Verband Deutscher Reeder (VDR) en Leer para atraer a nuevos talentos en la navegaci\u00f3n mar\u00edtima. En el contexto de la Conferencia Mar\u00edtima Nacional del Gobierno Federal en Emden, se destac\u00f3 la importancia de contar con profesionales cualificados para el sector mar\u00edtimo en Alemania.<\/p>\n<p>Las cifras muestran un desarrollo positivo: en 2025, el n\u00famero de principiantes en la navegaci\u00f3n comercial alemana alcanz\u00f3 los 743 nuevos ingresantes, el nivel m\u00e1s alto en m\u00e1s de una d\u00e9cada. Las carreras de oficiales n\u00e1uticos y t\u00e9cnicos, la formaci\u00f3n de mec\u00e1nicos de barcos y la formaci\u00f3n de comerciantes mar\u00edtimos son especialmente demandadas.<\/p>\n<h3>Nuevos talentos como clave para el futuro<\/h3>\n<p>Gaby Bornheim, presidenta del VDR, enfatiz\u00f3 la necesidad de seguir fortaleciendo la din\u00e1mica en la captaci\u00f3n de nuevos talentos. &#8222;Nuestros esfuerzos est\u00e1n dando frutos: los nuevos talentos son la clave para el futuro de la navegaci\u00f3n comercial y para la competitividad de nuestra ubicaci\u00f3n. Quien experimenta la navegaci\u00f3n se entusiasma: equipos internacionales, tecnolog\u00eda de vanguardia y la oportunidad de descubrir el mundo hacen que la navegaci\u00f3n comercial sea atractiva para muchos j\u00f3venes&#8220;, explic\u00f3.<\/p>\n<p>El sector se enfoca en programas de formaci\u00f3n nuevos y probados para ofrecer una visi\u00f3n temprana del mundo laboral. El programa de embajadores SeaYou ofrece a los j\u00f3venes marineros una visi\u00f3n aut\u00e9ntica de su vida profesional, mientras que el programa de navegaci\u00f3n de vacaciones permite a los estudiantes experimentar de cerca la vida a bordo de buques portacontenedores, graneleros y remolcadores. Este a\u00f1o, m\u00e1s de 70 j\u00f3venes se postularon para participar en este programa.<\/p>\n<h3>Importancia regional de la econom\u00eda mar\u00edtima<\/h3>\n<p>Para la ciudad de Leer, la econom\u00eda mar\u00edtima es de vital importancia. El alcalde Claus-Peter Horst declar\u00f3: &#8222;La econom\u00eda mar\u00edtima es una parte fundamental de la identidad de la ciudad de Leer. Por lo tanto, es de nuestro inter\u00e9s primordial atraer nuevas fuerzas para la navegaci\u00f3n. Con la oferta de programas de estudio orientados a la pr\u00e1ctica y oportunidades de formaci\u00f3n, el Maritime Campus en nuestra ciudad juega un papel decisivo en la promoci\u00f3n de nuevos talentos.&#8220;<\/p>\n<p>La pol\u00edtica apoya este enfoque. Gitta Connemann, secretaria de Estado parlamentaria en el Ministerio Federal de Econom\u00eda y Energ\u00eda, subray\u00f3 la importancia del trabajo en alta mar: &#8222;El aumento en el n\u00famero de principiantes en la navegaci\u00f3n comercial demuestra que el trabajo en alta mar es emocionante y resistente a crisis. Nuestros puertos, nuestros barcos, nuestros lugares mar\u00edtimos necesitan j\u00f3venes bien formados. No solo se benefician las empresas en los muelles, sino toda la econom\u00eda alemana.&#8220;<\/p>\n<h3>Escasez de mano de obra y est\u00e1ndares de formaci\u00f3n<\/h3>\n<p>Wibke Mellwig, jefa del departamento de v\u00edas navegables y navegaci\u00f3n en el Ministerio Federal de Transporte, destac\u00f3 que el conocimiento mar\u00edtimo juega un papel clave para el sector de la navegaci\u00f3n en Alemania. &#8222;La lucha contra la escasez de mano de obra en la navegaci\u00f3n mar\u00edtima y una formaci\u00f3n mar\u00edtima sostenible son de alta prioridad para nosotros. Queremos atraer nuevos talentos y mantener el conocimiento en Alemania&#8220;, dijo.<\/p>\n<p>Tambi\u00e9n hay apoyo desde el Bundestag alem\u00e1n para el desarrollo continuo. Uwe Schmidt, miembro del Bundestag, enfatiz\u00f3 la necesidad de seguir fortaleciendo la formaci\u00f3n y la cualificaci\u00f3n: &#8222;Sin nuevos talentos cualificados, nuestro sector de la navegaci\u00f3n en Alemania carece de la base para el futuro y el \u00e9xito.&#8220; Claudia M\u00fcller, miembro del Bundestag, a\u00f1adi\u00f3 que es importante mantener a los j\u00f3venes a bordo de manera permanente y ofrecer buenas perspectivas laborales.<\/p>\n<p>Stefan J\u00fcngerhans, director general de la naviera J\u00fcngerhans y miembro de la presidencia del VDR, se\u00f1al\u00f3 que la competencia por el talento sigue siendo intensa. &#8222;Quien introduce a los j\u00f3venes en la navegaci\u00f3n desde temprano y les muestra perspectivas reales, puede atraerlos a nuestro sector. Es crucial que no solo ofrezcamos formaci\u00f3n, sino que la hagamos vivencial y la acompa\u00f1emos de manera confiable&#8220;, afirm\u00f3 J\u00fcngerhans.<\/p>\n<p>El foro de formaci\u00f3n subray\u00f3 la necesidad de llegar a los j\u00f3venes de manera temprana, hacer visibles las perspectivas y despertar entusiasmo para desarrollar carreras a largo plazo en la navegaci\u00f3n mar\u00edtima.<\/p>\n<p><a href=\"http:\/\/www.reederverband.de\" target=\"_blank\" rel=\"noopener noreferrer\">www.reederverband.de<\/a><\/p>\n","protected":false},"excerpt":{"rendered":"<p>El 28 de abril, la econom\u00eda mar\u00edtima y la pol\u00edtica en Baja Sajonia enviaron una se\u00f1al para la captaci\u00f3n de j\u00f3venes en la navegaci\u00f3n mar\u00edtima, con el fin de asegurar el futuro de la industria.<\/p>\n","protected":false},"author":7,"featured_media":79366,"comment_status":"open","ping_status":"","sticky":false,"template":"","format":"standard","meta":{"_acf_changed":false,"footnotes":""},"categories":[6655,1607],"tags":[22292,22293,22294,22295,22296,22297,22298,22299,22300,22301,22302,22303,5010,22304,22305,22306,7301,22307,22308,22309,22310,5050,5051,22311,22312,5016,22313,5017,22314,22315,22316,22317,22318,22319,22320,22321,12724,22322,22323,22324,22325,22326,22327,22328,7320,7322,22329,7324,22330,7327,22331,22332,22333,22334,22335,22336,22337,22338,22339,22340],"class_list":["post-79369","post","type-post","status-publish","format-standard","has-post-thumbnail","hentry","category-alemania","category-navegacion-y-puertos","tag-ausbildung-standards","tag-avenir-formation-maritime","tag-berufseinsteiger-schifffahrt","tag-campus-maritime-leer","tag-career-starters-shipping","tag-carriere-dofficier-nautique","tag-carriere-dofficier-technique","tag-carriere-maritime","tag-commerce-maritime","tag-container-ship-training","tag-containerschiffe-ausbildung","tag-deutsch-ausbildungsforum","tag-economie-maritime","tag-expertise-maritime","tag-fachkraeftemangel-schifffahrt","tag-ferienfahrer-programm","tag-formation-mecanicien-de-navire","tag-formation-sur-navires-porte-conteneurs","tag-future-maritime-training-francais-forum-de-formation","tag-handelsschifffahrt-deutschland","tag-holiday-sailor-program","tag-international-shipping","tag-internationale-schifffahrt","tag-jeunes-professionnels-navigation","tag-maritime-campus-leer","tag-maritime-economy","tag-maritime-expertise","tag-maritime-wirtschaft","tag-maritimes-know-how","tag-merchant-shipping-germany","tag-nachwuchsgewinnung-seeschifffahrt","tag-nautical-officer-career","tag-nautische-offizierslaufbahn","tag-navigation-internationale","tag-navigation-marchande-allemagne","tag-normes-de-formation","tag-penurie-de-main-doeuvre-maritime","tag-politics-maritime-economy","tag-politik-maritime-wirtschaft","tag-politique-economie-maritime","tag-programme-de-marin-de-vacances","tag-recruitment-shipping-industry","tag-recrutement-industrie-maritime","tag-schifffahrtskaufleute","tag-schifffahrtsstandort-deutschland","tag-schiffsmechaniker-ausbildung","tag-seeschifffahrt-karriere","tag-ship-mechanic-training","tag-shipping-career","tag-shipping-location-germany","tag-shipping-merchant","tag-shortage-of-skilled-workers-shipping","tag-site-de-navigation-allemagne","tag-technical-officer-career","tag-technische-offizierslaufbahn","tag-training-standards","tag-vdr-association-des-armateurs-allemands","tag-vdr-association-of-german-shipowners","tag-vdr-verband-deutscher-reeder","tag-zukunft-maritime-ausbildung-english-training-forum"],"acf":[],"yoast_head":"<!-- This site is optimized with the Yoast SEO plugin v27.3 - https:\/\/yoast.com\/product\/yoast-seo-wordpress\/ -->\n<title>Foro de formaci\u00f3n del Verband Deutscher Reeder - Loginfo24<\/title>\n<meta name=\"robots\" content=\"index, follow, max-snippet:-1, max-image-preview:large, max-video-preview:-1\" \/>\n<link rel=\"canonical\" href=\"https:\/\/loginfo24.com\/es\/2026\/04\/28\/foro-de-formacion-del-verband-deutscher-reeder\/\" \/>\n<meta property=\"og:locale\" content=\"es_ES\" \/>\n<meta property=\"og:type\" content=\"article\" \/>\n<meta property=\"og:title\" content=\"Foro de formaci\u00f3n del Verband Deutscher Reeder - Loginfo24\" \/>\n<meta property=\"og:description\" content=\"El 28 de abril, la econom\u00eda mar\u00edtima y la pol\u00edtica en Baja Sajonia enviaron una se\u00f1al para la captaci\u00f3n de j\u00f3venes en la navegaci\u00f3n mar\u00edtima, con el fin de asegurar el futuro de la industria.\" \/>\n<meta property=\"og:url\" content=\"https:\/\/loginfo24.com\/es\/2026\/04\/28\/foro-de-formacion-del-verband-deutscher-reeder\/\" \/>\n<meta property=\"og:site_name\" content=\"Loginfo24\" \/>\n<meta property=\"article:publisher\" content=\"https:\/\/www.facebook.com\/people\/Loginfo24\/100057360583332\/\" \/>\n<meta property=\"article:published_time\" content=\"2026-04-28T10:26:05+00:00\" \/>\n<meta property=\"og:image\" content=\"https:\/\/loginfo24.com\/wp-content\/uploads\/sites\/7\/2026\/04\/frauen_machen_meer_1125_025_1920x1080-aspect-ratio-1400-788.jpg\" \/>\n\t<meta property=\"og:image:width\" content=\"1920\" \/>\n\t<meta property=\"og:image:height\" content=\"1081\" \/>\n\t<meta property=\"og:image:type\" content=\"image\/jpeg\" \/>\n<meta name=\"author\" content=\"Andreas M\u00fcller\" \/>\n<meta name=\"twitter:card\" content=\"summary_large_image\" \/>\n<meta name=\"twitter:label1\" content=\"Escrito por\" \/>\n\t<meta name=\"twitter:data1\" content=\"Andreas M\u00fcller\" \/>\n\t<meta name=\"twitter:label2\" content=\"Tiempo de lectura\" \/>\n\t<meta name=\"twitter:data2\" content=\"4 minuto\" \/>\n<script type=\"application\/ld+json\" class=\"yoast-schema-graph\">{\"@context\":\"https:\\\/\\\/schema.org\",\"@graph\":[{\"@type\":\"Article\",\"@id\":\"https:\\\/\\\/loginfo24.com\\\/es\\\/2026\\\/04\\\/28\\\/foro-de-formacion-del-verband-deutscher-reeder\\\/#article\",\"isPartOf\":{\"@id\":\"https:\\\/\\\/loginfo24.com\\\/es\\\/2026\\\/04\\\/28\\\/foro-de-formacion-del-verband-deutscher-reeder\\\/\"},\"author\":{\"name\":\"Andreas M\u00fcller\",\"@id\":\"https:\\\/\\\/loginfo24.com\\\/es\\\/#\\\/schema\\\/person\\\/7b1593b33567ba798d300c8a1b0b85b1\"},\"headline\":\"Foro de formaci\u00f3n del Verband Deutscher Reeder\",\"datePublished\":\"2026-04-28T10:26:05+00:00\",\"mainEntityOfPage\":{\"@id\":\"https:\\\/\\\/loginfo24.com\\\/es\\\/2026\\\/04\\\/28\\\/foro-de-formacion-del-verband-deutscher-reeder\\\/\"},\"wordCount\":770,\"commentCount\":0,\"publisher\":{\"@id\":\"https:\\\/\\\/loginfo24.com\\\/es\\\/#organization\"},\"image\":{\"@id\":\"https:\\\/\\\/loginfo24.com\\\/es\\\/2026\\\/04\\\/28\\\/foro-de-formacion-del-verband-deutscher-reeder\\\/#primaryimage\"},\"thumbnailUrl\":\"https:\\\/\\\/loginfo24.com\\\/wp-content\\\/uploads\\\/sites\\\/7\\\/2026\\\/04\\\/frauen_machen_meer_1125_025_1920x1080-aspect-ratio-1400-788.jpg\",\"keywords\":[\"Ausbildung Standards\",\"avenir formation maritime\",\"Berufseinsteiger Schifffahrt\",\"Campus Maritime Leer\",\"career starters shipping\",\"carri\u00e8re d'officier nautique\",\"carri\u00e8re d'officier technique\",\"carri\u00e8re maritime\",\"commerce maritime\",\"container ship training\",\"Containerschiffe Ausbildung\",\"Deutsch Ausbildungsforum\",\"\u00e9conomie maritime\",\"expertise maritime\",\"Fachkr\u00e4ftemangel Schifffahrt\",\"Ferienfahrer-Programm\",\"formation m\u00e9canicien de navire\",\"formation sur navires porte-conteneurs\",\"future maritime training Fran\u00e7ais Forum de formation\",\"Handelsschifffahrt Deutschland\",\"holiday sailor program\",\"international shipping\",\"internationale Schifffahrt\",\"jeunes professionnels navigation\",\"Maritime Campus Leer\",\"maritime economy\",\"maritime Expertise\",\"maritime Wirtschaft\",\"maritimes Know-how\",\"merchant shipping Germany\",\"Nachwuchsgewinnung Seeschifffahrt\",\"nautical officer career\",\"nautische Offizierslaufbahn\",\"navigation internationale\",\"navigation marchande Allemagne\",\"normes de formation\",\"p\u00e9nurie de main-d'\u0153uvre maritime\",\"politics maritime economy\",\"Politik maritime Wirtschaft\",\"politique \u00e9conomie maritime\",\"programme de marin de vacances\",\"recruitment shipping industry\",\"recrutement industrie maritime\",\"Schifffahrtskaufleute\",\"Schifffahrtsstandort Deutschland\",\"Schiffsmechaniker Ausbildung\",\"Seeschifffahrt Karriere\",\"ship mechanic training\",\"shipping career\",\"shipping location Germany\",\"shipping merchant\",\"shortage of skilled workers shipping\",\"site de navigation Allemagne\",\"technical officer career\",\"technische Offizierslaufbahn\",\"training standards\",\"VDR Association des armateurs allemands\",\"VDR Association of German Shipowners\",\"VDR Verband Deutscher Reeder\",\"Zukunft maritime Ausbildung English Training forum\"],\"articleSection\":[\"Alemania\",\"Navegaci\u00f3n y puertos\"],\"inLanguage\":\"es\",\"potentialAction\":[{\"@type\":\"CommentAction\",\"name\":\"Comment\",\"target\":[\"https:\\\/\\\/loginfo24.com\\\/es\\\/2026\\\/04\\\/28\\\/foro-de-formacion-del-verband-deutscher-reeder\\\/#respond\"]}]},{\"@type\":\"WebPage\",\"@id\":\"https:\\\/\\\/loginfo24.com\\\/es\\\/2026\\\/04\\\/28\\\/foro-de-formacion-del-verband-deutscher-reeder\\\/\",\"url\":\"https:\\\/\\\/loginfo24.com\\\/es\\\/2026\\\/04\\\/28\\\/foro-de-formacion-del-verband-deutscher-reeder\\\/\",\"name\":\"Foro de formaci\u00f3n del Verband Deutscher Reeder - Loginfo24\",\"isPartOf\":{\"@id\":\"https:\\\/\\\/loginfo24.com\\\/es\\\/#website\"},\"primaryImageOfPage\":{\"@id\":\"https:\\\/\\\/loginfo24.com\\\/es\\\/2026\\\/04\\\/28\\\/foro-de-formacion-del-verband-deutscher-reeder\\\/#primaryimage\"},\"image\":{\"@id\":\"https:\\\/\\\/loginfo24.com\\\/es\\\/2026\\\/04\\\/28\\\/foro-de-formacion-del-verband-deutscher-reeder\\\/#primaryimage\"},\"thumbnailUrl\":\"https:\\\/\\\/loginfo24.com\\\/wp-content\\\/uploads\\\/sites\\\/7\\\/2026\\\/04\\\/frauen_machen_meer_1125_025_1920x1080-aspect-ratio-1400-788.jpg\",\"datePublished\":\"2026-04-28T10:26:05+00:00\",\"breadcrumb\":{\"@id\":\"https:\\\/\\\/loginfo24.com\\\/es\\\/2026\\\/04\\\/28\\\/foro-de-formacion-del-verband-deutscher-reeder\\\/#breadcrumb\"},\"inLanguage\":\"es\",\"potentialAction\":[{\"@type\":\"ReadAction\",\"target\":[\"https:\\\/\\\/loginfo24.com\\\/es\\\/2026\\\/04\\\/28\\\/foro-de-formacion-del-verband-deutscher-reeder\\\/\"]}]},{\"@type\":\"ImageObject\",\"inLanguage\":\"es\",\"@id\":\"https:\\\/\\\/loginfo24.com\\\/es\\\/2026\\\/04\\\/28\\\/foro-de-formacion-del-verband-deutscher-reeder\\\/#primaryimage\",\"url\":\"https:\\\/\\\/loginfo24.com\\\/wp-content\\\/uploads\\\/sites\\\/7\\\/2026\\\/04\\\/frauen_machen_meer_1125_025_1920x1080-aspect-ratio-1400-788.jpg\",\"contentUrl\":\"https:\\\/\\\/loginfo24.com\\\/wp-content\\\/uploads\\\/sites\\\/7\\\/2026\\\/04\\\/frauen_machen_meer_1125_025_1920x1080-aspect-ratio-1400-788.jpg\",\"width\":1920,\"height\":1081},{\"@type\":\"BreadcrumbList\",\"@id\":\"https:\\\/\\\/loginfo24.com\\\/es\\\/2026\\\/04\\\/28\\\/foro-de-formacion-del-verband-deutscher-reeder\\\/#breadcrumb\",\"itemListElement\":[{\"@type\":\"ListItem\",\"position\":1,\"name\":\"Startseite\",\"item\":\"https:\\\/\\\/loginfo24.com\\\/es\\\/\"},{\"@type\":\"ListItem\",\"position\":2,\"name\":\"Foro de formaci\u00f3n del Verband Deutscher Reeder\"}]},{\"@type\":\"WebSite\",\"@id\":\"https:\\\/\\\/loginfo24.com\\\/es\\\/#website\",\"url\":\"https:\\\/\\\/loginfo24.com\\\/es\\\/\",\"name\":\"Loginfo24\",\"description\":\"Loginfo24 es la plataforma dedicada a la log\u00edstica y las cadenas de suministro con informaci\u00f3n las 24 horas del d\u00eda.\",\"publisher\":{\"@id\":\"https:\\\/\\\/loginfo24.com\\\/es\\\/#organization\"},\"potentialAction\":[{\"@type\":\"SearchAction\",\"target\":{\"@type\":\"EntryPoint\",\"urlTemplate\":\"https:\\\/\\\/loginfo24.com\\\/es\\\/?s={search_term_string}\"},\"query-input\":{\"@type\":\"PropertyValueSpecification\",\"valueRequired\":true,\"valueName\":\"search_term_string\"}}],\"inLanguage\":\"es\"},{\"@type\":\"Organization\",\"@id\":\"https:\\\/\\\/loginfo24.com\\\/es\\\/#organization\",\"name\":\"Grupo Logismedia AG\",\"url\":\"https:\\\/\\\/loginfo24.com\\\/es\\\/\",\"logo\":{\"@type\":\"ImageObject\",\"inLanguage\":\"es\",\"@id\":\"https:\\\/\\\/loginfo24.com\\\/es\\\/#\\\/schema\\\/logo\\\/image\\\/\",\"url\":\"https:\\\/\\\/loginfo24.com\\\/wp-content\\\/uploads\\\/sites\\\/7\\\/2026\\\/01\\\/Logo_LogInfo24.png\",\"contentUrl\":\"https:\\\/\\\/loginfo24.com\\\/wp-content\\\/uploads\\\/sites\\\/7\\\/2026\\\/01\\\/Logo_LogInfo24.png\",\"width\":938,\"height\":351,\"caption\":\"Grupo Logismedia AG\"},\"image\":{\"@id\":\"https:\\\/\\\/loginfo24.com\\\/es\\\/#\\\/schema\\\/logo\\\/image\\\/\"},\"sameAs\":[\"https:\\\/\\\/www.facebook.com\\\/people\\\/Loginfo24\\\/100057360583332\\\/\",\"https:\\\/\\\/www.linkedin.com\\\/company\\\/lofinfo24\\\/\"]},{\"@type\":\"Person\",\"@id\":\"https:\\\/\\\/loginfo24.com\\\/es\\\/#\\\/schema\\\/person\\\/7b1593b33567ba798d300c8a1b0b85b1\",\"name\":\"Andreas M\u00fcller\",\"url\":\"https:\\\/\\\/loginfo24.com\\\/es\\\/author\\\/logismedia\\\/\"}]}<\/script>\n<!-- \/ Yoast SEO plugin. -->","yoast_head_json":{"title":"Foro de formaci\u00f3n del Verband Deutscher Reeder - Loginfo24","robots":{"index":"index","follow":"follow","max-snippet":"max-snippet:-1","max-image-preview":"max-image-preview:large","max-video-preview":"max-video-preview:-1"},"canonical":"https:\/\/loginfo24.com\/es\/2026\/04\/28\/foro-de-formacion-del-verband-deutscher-reeder\/","og_locale":"es_ES","og_type":"article","og_title":"Foro de formaci\u00f3n del Verband Deutscher Reeder - Loginfo24","og_description":"El 28 de abril, la econom\u00eda mar\u00edtima y la pol\u00edtica en Baja Sajonia enviaron una se\u00f1al para la captaci\u00f3n de j\u00f3venes en la navegaci\u00f3n mar\u00edtima, con el fin de asegurar el futuro de la industria.","og_url":"https:\/\/loginfo24.com\/es\/2026\/04\/28\/foro-de-formacion-del-verband-deutscher-reeder\/","og_site_name":"Loginfo24","article_publisher":"https:\/\/www.facebook.com\/people\/Loginfo24\/100057360583332\/","article_published_time":"2026-04-28T10:26:05+00:00","og_image":[{"width":1920,"height":1081,"url":"https:\/\/loginfo24.com\/wp-content\/uploads\/sites\/7\/2026\/04\/frauen_machen_meer_1125_025_1920x1080-aspect-ratio-1400-788.jpg","type":"image\/jpeg"}],"author":"Andreas M\u00fcller","twitter_card":"summary_large_image","twitter_misc":{"Escrito por":"Andreas M\u00fcller","Tiempo de lectura":"4 minuto"},"schema":{"@context":"https:\/\/schema.org","@graph":[{"@type":"Article","@id":"https:\/\/loginfo24.com\/es\/2026\/04\/28\/foro-de-formacion-del-verband-deutscher-reeder\/#article","isPartOf":{"@id":"https:\/\/loginfo24.com\/es\/2026\/04\/28\/foro-de-formacion-del-verband-deutscher-reeder\/"},"author":{"name":"Andreas M\u00fcller","@id":"https:\/\/loginfo24.com\/es\/#\/schema\/person\/7b1593b33567ba798d300c8a1b0b85b1"},"headline":"Foro de formaci\u00f3n del Verband Deutscher Reeder","datePublished":"2026-04-28T10:26:05+00:00","mainEntityOfPage":{"@id":"https:\/\/loginfo24.com\/es\/2026\/04\/28\/foro-de-formacion-del-verband-deutscher-reeder\/"},"wordCount":770,"commentCount":0,"publisher":{"@id":"https:\/\/loginfo24.com\/es\/#organization"},"image":{"@id":"https:\/\/loginfo24.com\/es\/2026\/04\/28\/foro-de-formacion-del-verband-deutscher-reeder\/#primaryimage"},"thumbnailUrl":"https:\/\/loginfo24.com\/wp-content\/uploads\/sites\/7\/2026\/04\/frauen_machen_meer_1125_025_1920x1080-aspect-ratio-1400-788.jpg","keywords":["Ausbildung Standards","avenir formation maritime","Berufseinsteiger Schifffahrt","Campus Maritime Leer","career starters shipping","carri\u00e8re d'officier nautique","carri\u00e8re d'officier technique","carri\u00e8re maritime","commerce maritime","container ship training","Containerschiffe Ausbildung","Deutsch Ausbildungsforum","\u00e9conomie maritime","expertise maritime","Fachkr\u00e4ftemangel Schifffahrt","Ferienfahrer-Programm","formation m\u00e9canicien de navire","formation sur navires porte-conteneurs","future maritime training Fran\u00e7ais Forum de formation","Handelsschifffahrt Deutschland","holiday sailor program","international shipping","internationale Schifffahrt","jeunes professionnels navigation","Maritime Campus Leer","maritime economy","maritime Expertise","maritime Wirtschaft","maritimes Know-how","merchant shipping Germany","Nachwuchsgewinnung Seeschifffahrt","nautical officer career","nautische Offizierslaufbahn","navigation internationale","navigation marchande Allemagne","normes de formation","p\u00e9nurie de main-d'\u0153uvre maritime","politics maritime economy","Politik maritime Wirtschaft","politique \u00e9conomie maritime","programme de marin de vacances","recruitment shipping industry","recrutement industrie maritime","Schifffahrtskaufleute","Schifffahrtsstandort Deutschland","Schiffsmechaniker Ausbildung","Seeschifffahrt Karriere","ship mechanic training","shipping career","shipping location Germany","shipping merchant","shortage of skilled workers shipping","site de navigation Allemagne","technical officer career","technische Offizierslaufbahn","training standards","VDR Association des armateurs allemands","VDR Association of German Shipowners","VDR Verband Deutscher Reeder","Zukunft maritime Ausbildung English Training forum"],"articleSection":["Alemania","Navegaci\u00f3n y puertos"],"inLanguage":"es","potentialAction":[{"@type":"CommentAction","name":"Comment","target":["https:\/\/loginfo24.com\/es\/2026\/04\/28\/foro-de-formacion-del-verband-deutscher-reeder\/#respond"]}]},{"@type":"WebPage","@id":"https:\/\/loginfo24.com\/es\/2026\/04\/28\/foro-de-formacion-del-verband-deutscher-reeder\/","url":"https:\/\/loginfo24.com\/es\/2026\/04\/28\/foro-de-formacion-del-verband-deutscher-reeder\/","name":"Foro de formaci\u00f3n del Verband Deutscher Reeder - Loginfo24","isPartOf":{"@id":"https:\/\/loginfo24.com\/es\/#website"},"primaryImageOfPage":{"@id":"https:\/\/loginfo24.com\/es\/2026\/04\/28\/foro-de-formacion-del-verband-deutscher-reeder\/#primaryimage"},"image":{"@id":"https:\/\/loginfo24.com\/es\/2026\/04\/28\/foro-de-formacion-del-verband-deutscher-reeder\/#primaryimage"},"thumbnailUrl":"https:\/\/loginfo24.com\/wp-content\/uploads\/sites\/7\/2026\/04\/frauen_machen_meer_1125_025_1920x1080-aspect-ratio-1400-788.jpg","datePublished":"2026-04-28T10:26:05+00:00","breadcrumb":{"@id":"https:\/\/loginfo24.com\/es\/2026\/04\/28\/foro-de-formacion-del-verband-deutscher-reeder\/#breadcrumb"},"inLanguage":"es","potentialAction":[{"@type":"ReadAction","target":["https:\/\/loginfo24.com\/es\/2026\/04\/28\/foro-de-formacion-del-verband-deutscher-reeder\/"]}]},{"@type":"ImageObject","inLanguage":"es","@id":"https:\/\/loginfo24.com\/es\/2026\/04\/28\/foro-de-formacion-del-verband-deutscher-reeder\/#primaryimage","url":"https:\/\/loginfo24.com\/wp-content\/uploads\/sites\/7\/2026\/04\/frauen_machen_meer_1125_025_1920x1080-aspect-ratio-1400-788.jpg","contentUrl":"https:\/\/loginfo24.com\/wp-content\/uploads\/sites\/7\/2026\/04\/frauen_machen_meer_1125_025_1920x1080-aspect-ratio-1400-788.jpg","width":1920,"height":1081},{"@type":"BreadcrumbList","@id":"https:\/\/loginfo24.com\/es\/2026\/04\/28\/foro-de-formacion-del-verband-deutscher-reeder\/#breadcrumb","itemListElement":[{"@type":"ListItem","position":1,"name":"Startseite","item":"https:\/\/loginfo24.com\/es\/"},{"@type":"ListItem","position":2,"name":"Foro de formaci\u00f3n del Verband Deutscher Reeder"}]},{"@type":"WebSite","@id":"https:\/\/loginfo24.com\/es\/#website","url":"https:\/\/loginfo24.com\/es\/","name":"Loginfo24","description":"Loginfo24 es la plataforma dedicada a la log\u00edstica y las cadenas de suministro con informaci\u00f3n las 24 horas del d\u00eda.","publisher":{"@id":"https:\/\/loginfo24.com\/es\/#organization"},"potentialAction":[{"@type":"SearchAction","target":{"@type":"EntryPoint","urlTemplate":"https:\/\/loginfo24.com\/es\/?s={search_term_string}"},"query-input":{"@type":"PropertyValueSpecification","valueRequired":true,"valueName":"search_term_string"}}],"inLanguage":"es"},{"@type":"Organization","@id":"https:\/\/loginfo24.com\/es\/#organization","name":"Grupo Logismedia AG","url":"https:\/\/loginfo24.com\/es\/","logo":{"@type":"ImageObject","inLanguage":"es","@id":"https:\/\/loginfo24.com\/es\/#\/schema\/logo\/image\/","url":"https:\/\/loginfo24.com\/wp-content\/uploads\/sites\/7\/2026\/01\/Logo_LogInfo24.png","contentUrl":"https:\/\/loginfo24.com\/wp-content\/uploads\/sites\/7\/2026\/01\/Logo_LogInfo24.png","width":938,"height":351,"caption":"Grupo Logismedia AG"},"image":{"@id":"https:\/\/loginfo24.com\/es\/#\/schema\/logo\/image\/"},"sameAs":["https:\/\/www.facebook.com\/people\/Loginfo24\/100057360583332\/","https:\/\/www.linkedin.com\/company\/lofinfo24\/"]},{"@type":"Person","@id":"https:\/\/loginfo24.com\/es\/#\/schema\/person\/7b1593b33567ba798d300c8a1b0b85b1","name":"Andreas M\u00fcller","url":"https:\/\/loginfo24.com\/es\/author\/logismedia\/"}]}},"_links":{"self":[{"href":"https:\/\/loginfo24.com\/es\/wp-json\/wp\/v2\/posts\/79369","targetHints":{"allow":["GET"]}}],"collection":[{"href":"https:\/\/loginfo24.com\/es\/wp-json\/wp\/v2\/posts"}],"about":[{"href":"https:\/\/loginfo24.com\/es\/wp-json\/wp\/v2\/types\/post"}],"author":[{"embeddable":true,"href":"https:\/\/loginfo24.com\/es\/wp-json\/wp\/v2\/users\/7"}],"replies":[{"embeddable":true,"href":"https:\/\/loginfo24.com\/es\/wp-json\/wp\/v2\/comments?post=79369"}],"version-history":[{"count":0,"href":"https:\/\/loginfo24.com\/es\/wp-json\/wp\/v2\/posts\/79369\/revisions"}],"wp:featuredmedia":[{"embeddable":true,"href":"https:\/\/loginfo24.com\/es\/wp-json\/wp\/v2\/media\/79366"}],"wp:attachment":[{"href":"https:\/\/loginfo24.com\/es\/wp-json\/wp\/v2\/media?parent=79369"}],"wp:term":[{"taxonomy":"category","embeddable":true,"href":"https:\/\/loginfo24.com\/es\/wp-json\/wp\/v2\/categories?post=79369"},{"taxonomy":"post_tag","embeddable":true,"href":"https:\/\/loginfo24.com\/es\/wp-json\/wp\/v2\/tags?post=79369"}],"curies":[{"name":"wp","href":"https:\/\/api.w.org\/{rel}","templated":true}]}}