{"id":79283,"date":"2026-04-27T10:59:38","date_gmt":"2026-04-27T10:59:38","guid":{"rendered":"https:\/\/loginfo24.com\/2026\/04\/27\/four-parx-con-la-primera-piedra-para-el-parque-empresarial-kirchheim-munich\/"},"modified":"2026-04-27T10:59:38","modified_gmt":"2026-04-27T10:59:38","slug":"four-parx-con-la-primera-piedra-para-el-parque-empresarial-kirchheim-munich","status":"publish","type":"post","link":"https:\/\/loginfo24.com\/es\/2026\/04\/27\/four-parx-con-la-primera-piedra-para-el-parque-empresarial-kirchheim-munich\/","title":{"rendered":"Four Parx con la primera piedra para el parque empresarial Kirchheim\/M\u00fanich"},"content":{"rendered":"<p>El desarrollador de proyectos FOUR PARX de Dreieich celebr\u00f3 el 24 de abril de 2026, junto con QUINCAP Investment Partners, el inicio oficial de la construcci\u00f3n de un nuevo sitio comercial y de producci\u00f3n en Kirchheim, en el \u00e1rea oriental de M\u00fanich. En el evento participaron, adem\u00e1s de representantes de ambas empresas, Stephan Keck, alcalde de Kirchheim, y otros miembros de la comunidad.<\/p>\n<h3>Nuevo parque empresarial en Kirchheim<\/h3>\n<p>El proyecto de construcci\u00f3n se extiende sobre un terreno de aproximadamente 76,500 m\u00b2 en la Feldkirchener Stra\u00dfe 15-17. Se planea una propiedad comercial con una superficie de alquiler de alrededor de 52,550 m\u00b2, dise\u00f1ada para diversos usuarios de los sectores comercial, producci\u00f3n, Light Industrial y log\u00edstica. La finalizaci\u00f3n del proyecto est\u00e1 prevista para el segundo trimestre de 2027.<\/p>\n<p>Stephan Keck se expres\u00f3 positivamente sobre el proyecto: \u201cCon el nuevo sitio comercial y de producci\u00f3n, FOUR PARX y QUINCAP no solo crean espacios adicionales para empresas que desean expandirse o reposicionarse en la fuerte \u00e1rea econ\u00f3mica de M\u00fanich. El proyecto tambi\u00e9n refuerza el desarrollo econ\u00f3mico de nuestra comunidad.\u201d Destac\u00f3 que la innovaci\u00f3n y la sostenibilidad est\u00e1n estrechamente vinculadas en este proyecto y agradeci\u00f3 a todos los involucrados por la colaboraci\u00f3n.<\/p>\n<h3>Opciones de uso flexibles y sostenibilidad<\/h3>\n<p>El parque empresarial M\u00fanich-Kirchheim incluir\u00e1 dos naves equipadas con unidades combinables de manera variable y una altura libre de 12 m (UKB). Las \u00e1reas de oficina y servicio integradas se extender\u00e1n a trav\u00e9s de varios niveles, lo que permitir\u00e1 una adaptaci\u00f3n flexible a diferentes requisitos operativos. La propiedad se realizar\u00e1 de acuerdo con los est\u00e1ndares actuales de sostenibilidad, buscando una certificaci\u00f3n seg\u00fan DGNB Oro.<\/p>\n<p>Una instalaci\u00f3n fotovoltaica con una capacidad de aproximadamente 4.8 MW contribuir\u00e1 al suministro energ\u00e9tico del sitio. Adem\u00e1s, se prev\u00e9n instalaciones t\u00e9cnicas energ\u00e9ticamente eficientes, una soluci\u00f3n de bomba de calor y sistemas inteligentes de control de consumo. Una certificaci\u00f3n seg\u00fan el est\u00e1ndar WiredScore tambi\u00e9n garantizar\u00e1 una conectividad eficiente y a prueba de futuro.<\/p>\n<p>Oliver Schmitt, socio gerente de FOUR PARX GmbH, enfatiz\u00f3 la importancia del proyecto: \u201cCon la primera palada hemos alcanzado un paso importante en el desarrollo de este proyecto. Kirchheim es uno de los lugares comerciales m\u00e1s solicitados en el este de M\u00fanich y nos complace fortalecer la calidad del sitio a largo plazo con el parque empresarial M\u00fanich-Kirchheim.\u201d<\/p>\n<p>Johannes Siekmann, socio gerente de QUINCAP Investment Partners GmbH &amp; Co. KG, agreg\u00f3: \u201cPara nosotros, el desarrollo sostenible del sitio es fundamental. Vemos en este proyecto una oportunidad a largo plazo para combinar la estabilidad econ\u00f3mica con est\u00e1ndares modernos en los \u00e1mbitos de eficiencia energ\u00e9tica e infraestructura digital.\u201d<\/p>\n<p><a href=\"http:\/\/www.four-parx.com\" target=\"_blank\" rel=\"noopener noreferrer\">www.four-parx.com<\/a><\/p>\n","protected":false},"excerpt":{"rendered":"<p>El 24 de abril de 2026, FOUR PARX y QUINCAP celebraron el inicio de la construcci\u00f3n de un nuevo parque empresarial en Kirchheim, que se espera est\u00e9 terminado para el segundo trimestre de 2027.<\/p>\n","protected":false},"author":7,"featured_media":79280,"comment_status":"open","ping_status":"","sticky":false,"template":"","format":"standard","meta":{"_acf_changed":false,"footnotes":""},"categories":[6655,6679,1605],"tags":[21984,21985,21986,21987,21988,21989,21990,21991,21992,21993,21994,2166,21995,21996,21997,21998,21999,22000,22001,22002,22003,22004,22005,22006,22007,22008,21186,22009,22010,22011,22012,22013,2139,22014,22015,22016,22017,22018,22019,22020,22021,22022,22023,22024,22025,22026,22027,22028,22029,2154,22030,22031,22032,22033],"class_list":["post-79283","post","type-post","status-publish","format-standard","has-post-thumbnail","hentry","category-alemania","category-europa","category-expedicion-y-logistica","tag-bauvorhaben-muenchen","tag-ceremonie-de-pose-de-la-premiere-pierre-parc-dactivites","tag-certification-dgnb-gold","tag-commercial-property-munich","tag-construction-project-munich","tag-deutsch-gewerbepark-kirchheim","tag-developpement-economique-kirchheim","tag-dgnb-gold-certification","tag-dgnb-gold-zertifizierung","tag-digital-infrastructure-logistics","tag-digitale-infrastruktur-logistik","tag-durabilite-dans-la-logistique","tag-economic-development-kirchheim","tag-energieeffiziente-technische-anlagen","tag-energy-efficient-technical-systems","tag-flexible-nutzungsmoeglichkeiten","tag-flexible-usage-options","tag-four-parx","tag-gewerbeimmobilie-muenchen","tag-groundbreaking-business-park","tag-heat-pump-solutions","tag-infrastructure-numerique-logistique","tag-innovation-hub-munich-francais-parc-dactivites-kirchheim","tag-innovationsstandort-muenchen-english-kirchheim-business-park","tag-kirchheim-outskirts","tag-kirchheim-umland","tag-light-industrial-immobilien","tag-light-industrial-properties","tag-location-quality-munich","tag-logistics-munich","tag-logistik-muenchen","tag-logistique-munich","tag-nachhaltigkeit-in-der-logistik","tag-options-dutilisation-flexibles","tag-peripherie-de-kirchheim","tag-photovoltaic-system-business-park","tag-photovoltaikanlage-gewerbepark","tag-pole-dinnovation-munich","tag-production-site-kirchheim","tag-produktionsstandort-kirchheim","tag-projet-de-construction-munich","tag-propriete-commerciale-munich","tag-proprietes-industrielles-legeres","tag-qualite-demplacement-munich","tag-quincap-investment-partners","tag-site-de-production-kirchheim","tag-solutions-de-pompe-a-chaleur","tag-spatenstich-gewerbepark","tag-standortqualitaet-muenchen","tag-sustainability-in-logistics","tag-systeme-photovoltaique-parc-dactivites","tag-systemes-techniques-ecoenergetiques","tag-waermepumpenloesungen","tag-wirtschaftliche-entwicklung-kirchheim"],"acf":[],"yoast_head":"<!-- This site is optimized with the Yoast SEO plugin v27.3 - https:\/\/yoast.com\/product\/yoast-seo-wordpress\/ -->\n<title>Four Parx con la primera piedra para el parque empresarial Kirchheim\/M\u00fanich - Loginfo24<\/title>\n<meta name=\"robots\" content=\"index, follow, max-snippet:-1, max-image-preview:large, max-video-preview:-1\" \/>\n<link rel=\"canonical\" href=\"https:\/\/loginfo24.com\/es\/2026\/04\/27\/four-parx-con-la-primera-piedra-para-el-parque-empresarial-kirchheim-munich\/\" \/>\n<meta property=\"og:locale\" content=\"es_ES\" \/>\n<meta property=\"og:type\" content=\"article\" \/>\n<meta property=\"og:title\" content=\"Four Parx con la primera piedra para el parque empresarial Kirchheim\/M\u00fanich - Loginfo24\" \/>\n<meta property=\"og:description\" content=\"El 24 de abril de 2026, FOUR PARX y QUINCAP celebraron el inicio de la construcci\u00f3n de un nuevo parque empresarial en Kirchheim, que se espera est\u00e9 terminado para el segundo trimestre de 2027.\" \/>\n<meta property=\"og:url\" content=\"https:\/\/loginfo24.com\/es\/2026\/04\/27\/four-parx-con-la-primera-piedra-para-el-parque-empresarial-kirchheim-munich\/\" \/>\n<meta property=\"og:site_name\" content=\"Loginfo24\" \/>\n<meta property=\"article:publisher\" content=\"https:\/\/www.facebook.com\/people\/Loginfo24\/100057360583332\/\" \/>\n<meta property=\"article:published_time\" content=\"2026-04-27T10:59:38+00:00\" \/>\n<meta property=\"og:image\" content=\"https:\/\/loginfo24.com\/wp-content\/uploads\/sites\/7\/2026\/04\/Four-Parx_Spatenstich-Kirchheim-scaled-aspect-ratio-1400-788-scaled-1.jpg\" \/>\n\t<meta property=\"og:image:width\" content=\"2560\" \/>\n\t<meta property=\"og:image:height\" content=\"1441\" \/>\n\t<meta property=\"og:image:type\" content=\"image\/jpeg\" \/>\n<meta name=\"author\" content=\"Andreas M\u00fcller\" \/>\n<meta name=\"twitter:card\" content=\"summary_large_image\" \/>\n<meta name=\"twitter:label1\" content=\"Escrito por\" \/>\n\t<meta name=\"twitter:data1\" content=\"Andreas M\u00fcller\" \/>\n\t<meta name=\"twitter:label2\" content=\"Tiempo de lectura\" \/>\n\t<meta name=\"twitter:data2\" content=\"2 minuto\" \/>\n<script type=\"application\/ld+json\" class=\"yoast-schema-graph\">{\"@context\":\"https:\\\/\\\/schema.org\",\"@graph\":[{\"@type\":\"Article\",\"@id\":\"https:\\\/\\\/loginfo24.com\\\/es\\\/2026\\\/04\\\/27\\\/four-parx-con-la-primera-piedra-para-el-parque-empresarial-kirchheim-munich\\\/#article\",\"isPartOf\":{\"@id\":\"https:\\\/\\\/loginfo24.com\\\/es\\\/2026\\\/04\\\/27\\\/four-parx-con-la-primera-piedra-para-el-parque-empresarial-kirchheim-munich\\\/\"},\"author\":{\"name\":\"Andreas M\u00fcller\",\"@id\":\"https:\\\/\\\/loginfo24.com\\\/es\\\/#\\\/schema\\\/person\\\/7b1593b33567ba798d300c8a1b0b85b1\"},\"headline\":\"Four Parx con la primera piedra para el parque empresarial Kirchheim\\\/M\u00fanich\",\"datePublished\":\"2026-04-27T10:59:38+00:00\",\"mainEntityOfPage\":{\"@id\":\"https:\\\/\\\/loginfo24.com\\\/es\\\/2026\\\/04\\\/27\\\/four-parx-con-la-primera-piedra-para-el-parque-empresarial-kirchheim-munich\\\/\"},\"wordCount\":476,\"commentCount\":0,\"publisher\":{\"@id\":\"https:\\\/\\\/loginfo24.com\\\/es\\\/#organization\"},\"image\":{\"@id\":\"https:\\\/\\\/loginfo24.com\\\/es\\\/2026\\\/04\\\/27\\\/four-parx-con-la-primera-piedra-para-el-parque-empresarial-kirchheim-munich\\\/#primaryimage\"},\"thumbnailUrl\":\"https:\\\/\\\/loginfo24.com\\\/wp-content\\\/uploads\\\/sites\\\/7\\\/2026\\\/04\\\/Four-Parx_Spatenstich-Kirchheim-scaled-aspect-ratio-1400-788-scaled-1.jpg\",\"keywords\":[\"Bauvorhaben M\u00fcnchen\",\"c\u00e9r\u00e9monie de pose de la premi\u00e8re pierre parc d'activit\u00e9s\",\"certification DGNB Gold\",\"commercial property Munich\",\"construction project Munich\",\"Deutsch Gewerbepark Kirchheim\",\"d\u00e9veloppement \u00e9conomique Kirchheim\",\"DGNB Gold certification\",\"DGNB Gold Zertifizierung\",\"digital infrastructure logistics\",\"digitale Infrastruktur Logistik\",\"durabilit\u00e9 dans la logistique\",\"economic development Kirchheim\",\"energieeffiziente technische Anlagen\",\"energy-efficient technical systems\",\"flexible Nutzungsm\u00f6glichkeiten\",\"flexible usage options\",\"FOUR PARX\",\"Gewerbeimmobilie M\u00fcnchen\",\"groundbreaking business park\",\"heat pump solutions\",\"infrastructure num\u00e9rique logistique\",\"innovation hub Munich Fran\u00e7ais parc d'activit\u00e9s Kirchheim\",\"Innovationsstandort M\u00fcnchen English Kirchheim business park\",\"Kirchheim outskirts\",\"Kirchheim Umland\",\"Light Industrial Immobilien\",\"light industrial properties\",\"location quality Munich\",\"logistics Munich\",\"Logistik M\u00fcnchen\",\"logistique Munich\",\"Nachhaltigkeit in der Logistik\",\"options d'utilisation flexibles\",\"p\u00e9riph\u00e9rie de Kirchheim\",\"photovoltaic system business park\",\"Photovoltaikanlage Gewerbepark\",\"p\u00f4le d'innovation Munich\",\"production site Kirchheim\",\"Produktionsstandort Kirchheim\",\"projet de construction Munich\",\"propri\u00e9t\u00e9 commerciale Munich\",\"propri\u00e9t\u00e9s industrielles l\u00e9g\u00e8res\",\"qualit\u00e9 d'emplacement Munich\",\"QUINCAP Investment Partners\",\"site de production Kirchheim\",\"solutions de pompe \u00e0 chaleur\",\"Spatenstich Gewerbepark\",\"Standortqualit\u00e4t M\u00fcnchen\",\"sustainability in logistics\",\"syst\u00e8me photovolta\u00efque parc d'activit\u00e9s\",\"syst\u00e8mes techniques \u00e9co\u00e9nerg\u00e9tiques\",\"W\u00e4rmepumpenl\u00f6sungen\",\"wirtschaftliche Entwicklung Kirchheim\"],\"articleSection\":[\"Alemania\",\"Europa\",\"Transporte de mercanc\u00edas y log\u00edstica\"],\"inLanguage\":\"es\",\"potentialAction\":[{\"@type\":\"CommentAction\",\"name\":\"Comment\",\"target\":[\"https:\\\/\\\/loginfo24.com\\\/es\\\/2026\\\/04\\\/27\\\/four-parx-con-la-primera-piedra-para-el-parque-empresarial-kirchheim-munich\\\/#respond\"]}]},{\"@type\":\"WebPage\",\"@id\":\"https:\\\/\\\/loginfo24.com\\\/es\\\/2026\\\/04\\\/27\\\/four-parx-con-la-primera-piedra-para-el-parque-empresarial-kirchheim-munich\\\/\",\"url\":\"https:\\\/\\\/loginfo24.com\\\/es\\\/2026\\\/04\\\/27\\\/four-parx-con-la-primera-piedra-para-el-parque-empresarial-kirchheim-munich\\\/\",\"name\":\"Four Parx con la primera piedra para el parque empresarial Kirchheim\\\/M\u00fanich - Loginfo24\",\"isPartOf\":{\"@id\":\"https:\\\/\\\/loginfo24.com\\\/es\\\/#website\"},\"primaryImageOfPage\":{\"@id\":\"https:\\\/\\\/loginfo24.com\\\/es\\\/2026\\\/04\\\/27\\\/four-parx-con-la-primera-piedra-para-el-parque-empresarial-kirchheim-munich\\\/#primaryimage\"},\"image\":{\"@id\":\"https:\\\/\\\/loginfo24.com\\\/es\\\/2026\\\/04\\\/27\\\/four-parx-con-la-primera-piedra-para-el-parque-empresarial-kirchheim-munich\\\/#primaryimage\"},\"thumbnailUrl\":\"https:\\\/\\\/loginfo24.com\\\/wp-content\\\/uploads\\\/sites\\\/7\\\/2026\\\/04\\\/Four-Parx_Spatenstich-Kirchheim-scaled-aspect-ratio-1400-788-scaled-1.jpg\",\"datePublished\":\"2026-04-27T10:59:38+00:00\",\"breadcrumb\":{\"@id\":\"https:\\\/\\\/loginfo24.com\\\/es\\\/2026\\\/04\\\/27\\\/four-parx-con-la-primera-piedra-para-el-parque-empresarial-kirchheim-munich\\\/#breadcrumb\"},\"inLanguage\":\"es\",\"potentialAction\":[{\"@type\":\"ReadAction\",\"target\":[\"https:\\\/\\\/loginfo24.com\\\/es\\\/2026\\\/04\\\/27\\\/four-parx-con-la-primera-piedra-para-el-parque-empresarial-kirchheim-munich\\\/\"]}]},{\"@type\":\"ImageObject\",\"inLanguage\":\"es\",\"@id\":\"https:\\\/\\\/loginfo24.com\\\/es\\\/2026\\\/04\\\/27\\\/four-parx-con-la-primera-piedra-para-el-parque-empresarial-kirchheim-munich\\\/#primaryimage\",\"url\":\"https:\\\/\\\/loginfo24.com\\\/wp-content\\\/uploads\\\/sites\\\/7\\\/2026\\\/04\\\/Four-Parx_Spatenstich-Kirchheim-scaled-aspect-ratio-1400-788-scaled-1.jpg\",\"contentUrl\":\"https:\\\/\\\/loginfo24.com\\\/wp-content\\\/uploads\\\/sites\\\/7\\\/2026\\\/04\\\/Four-Parx_Spatenstich-Kirchheim-scaled-aspect-ratio-1400-788-scaled-1.jpg\",\"width\":2560,\"height\":1441},{\"@type\":\"BreadcrumbList\",\"@id\":\"https:\\\/\\\/loginfo24.com\\\/es\\\/2026\\\/04\\\/27\\\/four-parx-con-la-primera-piedra-para-el-parque-empresarial-kirchheim-munich\\\/#breadcrumb\",\"itemListElement\":[{\"@type\":\"ListItem\",\"position\":1,\"name\":\"Startseite\",\"item\":\"https:\\\/\\\/loginfo24.com\\\/es\\\/\"},{\"@type\":\"ListItem\",\"position\":2,\"name\":\"Four Parx con la primera piedra para el parque empresarial Kirchheim\\\/M\u00fanich\"}]},{\"@type\":\"WebSite\",\"@id\":\"https:\\\/\\\/loginfo24.com\\\/es\\\/#website\",\"url\":\"https:\\\/\\\/loginfo24.com\\\/es\\\/\",\"name\":\"Loginfo24\",\"description\":\"Loginfo24 es la plataforma dedicada a la log\u00edstica y las cadenas de suministro con informaci\u00f3n las 24 horas del d\u00eda.\",\"publisher\":{\"@id\":\"https:\\\/\\\/loginfo24.com\\\/es\\\/#organization\"},\"potentialAction\":[{\"@type\":\"SearchAction\",\"target\":{\"@type\":\"EntryPoint\",\"urlTemplate\":\"https:\\\/\\\/loginfo24.com\\\/es\\\/?s={search_term_string}\"},\"query-input\":{\"@type\":\"PropertyValueSpecification\",\"valueRequired\":true,\"valueName\":\"search_term_string\"}}],\"inLanguage\":\"es\"},{\"@type\":\"Organization\",\"@id\":\"https:\\\/\\\/loginfo24.com\\\/es\\\/#organization\",\"name\":\"Grupo Logismedia AG\",\"url\":\"https:\\\/\\\/loginfo24.com\\\/es\\\/\",\"logo\":{\"@type\":\"ImageObject\",\"inLanguage\":\"es\",\"@id\":\"https:\\\/\\\/loginfo24.com\\\/es\\\/#\\\/schema\\\/logo\\\/image\\\/\",\"url\":\"https:\\\/\\\/loginfo24.com\\\/wp-content\\\/uploads\\\/sites\\\/7\\\/2026\\\/01\\\/Logo_LogInfo24.png\",\"contentUrl\":\"https:\\\/\\\/loginfo24.com\\\/wp-content\\\/uploads\\\/sites\\\/7\\\/2026\\\/01\\\/Logo_LogInfo24.png\",\"width\":938,\"height\":351,\"caption\":\"Grupo Logismedia AG\"},\"image\":{\"@id\":\"https:\\\/\\\/loginfo24.com\\\/es\\\/#\\\/schema\\\/logo\\\/image\\\/\"},\"sameAs\":[\"https:\\\/\\\/www.facebook.com\\\/people\\\/Loginfo24\\\/100057360583332\\\/\",\"https:\\\/\\\/www.linkedin.com\\\/company\\\/lofinfo24\\\/\"]},{\"@type\":\"Person\",\"@id\":\"https:\\\/\\\/loginfo24.com\\\/es\\\/#\\\/schema\\\/person\\\/7b1593b33567ba798d300c8a1b0b85b1\",\"name\":\"Andreas M\u00fcller\",\"url\":\"https:\\\/\\\/loginfo24.com\\\/es\\\/author\\\/logismedia\\\/\"}]}<\/script>\n<!-- \/ Yoast SEO plugin. -->","yoast_head_json":{"title":"Four Parx con la primera piedra para el parque empresarial Kirchheim\/M\u00fanich - Loginfo24","robots":{"index":"index","follow":"follow","max-snippet":"max-snippet:-1","max-image-preview":"max-image-preview:large","max-video-preview":"max-video-preview:-1"},"canonical":"https:\/\/loginfo24.com\/es\/2026\/04\/27\/four-parx-con-la-primera-piedra-para-el-parque-empresarial-kirchheim-munich\/","og_locale":"es_ES","og_type":"article","og_title":"Four Parx con la primera piedra para el parque empresarial Kirchheim\/M\u00fanich - Loginfo24","og_description":"El 24 de abril de 2026, FOUR PARX y QUINCAP celebraron el inicio de la construcci\u00f3n de un nuevo parque empresarial en Kirchheim, que se espera est\u00e9 terminado para el segundo trimestre de 2027.","og_url":"https:\/\/loginfo24.com\/es\/2026\/04\/27\/four-parx-con-la-primera-piedra-para-el-parque-empresarial-kirchheim-munich\/","og_site_name":"Loginfo24","article_publisher":"https:\/\/www.facebook.com\/people\/Loginfo24\/100057360583332\/","article_published_time":"2026-04-27T10:59:38+00:00","og_image":[{"width":2560,"height":1441,"url":"https:\/\/loginfo24.com\/wp-content\/uploads\/sites\/7\/2026\/04\/Four-Parx_Spatenstich-Kirchheim-scaled-aspect-ratio-1400-788-scaled-1.jpg","type":"image\/jpeg"}],"author":"Andreas M\u00fcller","twitter_card":"summary_large_image","twitter_misc":{"Escrito por":"Andreas M\u00fcller","Tiempo de lectura":"2 minuto"},"schema":{"@context":"https:\/\/schema.org","@graph":[{"@type":"Article","@id":"https:\/\/loginfo24.com\/es\/2026\/04\/27\/four-parx-con-la-primera-piedra-para-el-parque-empresarial-kirchheim-munich\/#article","isPartOf":{"@id":"https:\/\/loginfo24.com\/es\/2026\/04\/27\/four-parx-con-la-primera-piedra-para-el-parque-empresarial-kirchheim-munich\/"},"author":{"name":"Andreas M\u00fcller","@id":"https:\/\/loginfo24.com\/es\/#\/schema\/person\/7b1593b33567ba798d300c8a1b0b85b1"},"headline":"Four Parx con la primera piedra para el parque empresarial Kirchheim\/M\u00fanich","datePublished":"2026-04-27T10:59:38+00:00","mainEntityOfPage":{"@id":"https:\/\/loginfo24.com\/es\/2026\/04\/27\/four-parx-con-la-primera-piedra-para-el-parque-empresarial-kirchheim-munich\/"},"wordCount":476,"commentCount":0,"publisher":{"@id":"https:\/\/loginfo24.com\/es\/#organization"},"image":{"@id":"https:\/\/loginfo24.com\/es\/2026\/04\/27\/four-parx-con-la-primera-piedra-para-el-parque-empresarial-kirchheim-munich\/#primaryimage"},"thumbnailUrl":"https:\/\/loginfo24.com\/wp-content\/uploads\/sites\/7\/2026\/04\/Four-Parx_Spatenstich-Kirchheim-scaled-aspect-ratio-1400-788-scaled-1.jpg","keywords":["Bauvorhaben M\u00fcnchen","c\u00e9r\u00e9monie de pose de la premi\u00e8re pierre parc d'activit\u00e9s","certification DGNB Gold","commercial property Munich","construction project Munich","Deutsch Gewerbepark Kirchheim","d\u00e9veloppement \u00e9conomique Kirchheim","DGNB Gold certification","DGNB Gold Zertifizierung","digital infrastructure logistics","digitale Infrastruktur Logistik","durabilit\u00e9 dans la logistique","economic development Kirchheim","energieeffiziente technische Anlagen","energy-efficient technical systems","flexible Nutzungsm\u00f6glichkeiten","flexible usage options","FOUR PARX","Gewerbeimmobilie M\u00fcnchen","groundbreaking business park","heat pump solutions","infrastructure num\u00e9rique logistique","innovation hub Munich Fran\u00e7ais parc d'activit\u00e9s Kirchheim","Innovationsstandort M\u00fcnchen English Kirchheim business park","Kirchheim outskirts","Kirchheim Umland","Light Industrial Immobilien","light industrial properties","location quality Munich","logistics Munich","Logistik M\u00fcnchen","logistique Munich","Nachhaltigkeit in der Logistik","options d'utilisation flexibles","p\u00e9riph\u00e9rie de Kirchheim","photovoltaic system business park","Photovoltaikanlage Gewerbepark","p\u00f4le d'innovation Munich","production site Kirchheim","Produktionsstandort Kirchheim","projet de construction Munich","propri\u00e9t\u00e9 commerciale Munich","propri\u00e9t\u00e9s industrielles l\u00e9g\u00e8res","qualit\u00e9 d'emplacement Munich","QUINCAP Investment Partners","site de production Kirchheim","solutions de pompe \u00e0 chaleur","Spatenstich Gewerbepark","Standortqualit\u00e4t M\u00fcnchen","sustainability in logistics","syst\u00e8me photovolta\u00efque parc d'activit\u00e9s","syst\u00e8mes techniques \u00e9co\u00e9nerg\u00e9tiques","W\u00e4rmepumpenl\u00f6sungen","wirtschaftliche Entwicklung Kirchheim"],"articleSection":["Alemania","Europa","Transporte de mercanc\u00edas y log\u00edstica"],"inLanguage":"es","potentialAction":[{"@type":"CommentAction","name":"Comment","target":["https:\/\/loginfo24.com\/es\/2026\/04\/27\/four-parx-con-la-primera-piedra-para-el-parque-empresarial-kirchheim-munich\/#respond"]}]},{"@type":"WebPage","@id":"https:\/\/loginfo24.com\/es\/2026\/04\/27\/four-parx-con-la-primera-piedra-para-el-parque-empresarial-kirchheim-munich\/","url":"https:\/\/loginfo24.com\/es\/2026\/04\/27\/four-parx-con-la-primera-piedra-para-el-parque-empresarial-kirchheim-munich\/","name":"Four Parx con la primera piedra para el parque empresarial Kirchheim\/M\u00fanich - Loginfo24","isPartOf":{"@id":"https:\/\/loginfo24.com\/es\/#website"},"primaryImageOfPage":{"@id":"https:\/\/loginfo24.com\/es\/2026\/04\/27\/four-parx-con-la-primera-piedra-para-el-parque-empresarial-kirchheim-munich\/#primaryimage"},"image":{"@id":"https:\/\/loginfo24.com\/es\/2026\/04\/27\/four-parx-con-la-primera-piedra-para-el-parque-empresarial-kirchheim-munich\/#primaryimage"},"thumbnailUrl":"https:\/\/loginfo24.com\/wp-content\/uploads\/sites\/7\/2026\/04\/Four-Parx_Spatenstich-Kirchheim-scaled-aspect-ratio-1400-788-scaled-1.jpg","datePublished":"2026-04-27T10:59:38+00:00","breadcrumb":{"@id":"https:\/\/loginfo24.com\/es\/2026\/04\/27\/four-parx-con-la-primera-piedra-para-el-parque-empresarial-kirchheim-munich\/#breadcrumb"},"inLanguage":"es","potentialAction":[{"@type":"ReadAction","target":["https:\/\/loginfo24.com\/es\/2026\/04\/27\/four-parx-con-la-primera-piedra-para-el-parque-empresarial-kirchheim-munich\/"]}]},{"@type":"ImageObject","inLanguage":"es","@id":"https:\/\/loginfo24.com\/es\/2026\/04\/27\/four-parx-con-la-primera-piedra-para-el-parque-empresarial-kirchheim-munich\/#primaryimage","url":"https:\/\/loginfo24.com\/wp-content\/uploads\/sites\/7\/2026\/04\/Four-Parx_Spatenstich-Kirchheim-scaled-aspect-ratio-1400-788-scaled-1.jpg","contentUrl":"https:\/\/loginfo24.com\/wp-content\/uploads\/sites\/7\/2026\/04\/Four-Parx_Spatenstich-Kirchheim-scaled-aspect-ratio-1400-788-scaled-1.jpg","width":2560,"height":1441},{"@type":"BreadcrumbList","@id":"https:\/\/loginfo24.com\/es\/2026\/04\/27\/four-parx-con-la-primera-piedra-para-el-parque-empresarial-kirchheim-munich\/#breadcrumb","itemListElement":[{"@type":"ListItem","position":1,"name":"Startseite","item":"https:\/\/loginfo24.com\/es\/"},{"@type":"ListItem","position":2,"name":"Four Parx con la primera piedra para el parque empresarial Kirchheim\/M\u00fanich"}]},{"@type":"WebSite","@id":"https:\/\/loginfo24.com\/es\/#website","url":"https:\/\/loginfo24.com\/es\/","name":"Loginfo24","description":"Loginfo24 es la plataforma dedicada a la log\u00edstica y las cadenas de suministro con informaci\u00f3n las 24 horas del d\u00eda.","publisher":{"@id":"https:\/\/loginfo24.com\/es\/#organization"},"potentialAction":[{"@type":"SearchAction","target":{"@type":"EntryPoint","urlTemplate":"https:\/\/loginfo24.com\/es\/?s={search_term_string}"},"query-input":{"@type":"PropertyValueSpecification","valueRequired":true,"valueName":"search_term_string"}}],"inLanguage":"es"},{"@type":"Organization","@id":"https:\/\/loginfo24.com\/es\/#organization","name":"Grupo Logismedia AG","url":"https:\/\/loginfo24.com\/es\/","logo":{"@type":"ImageObject","inLanguage":"es","@id":"https:\/\/loginfo24.com\/es\/#\/schema\/logo\/image\/","url":"https:\/\/loginfo24.com\/wp-content\/uploads\/sites\/7\/2026\/01\/Logo_LogInfo24.png","contentUrl":"https:\/\/loginfo24.com\/wp-content\/uploads\/sites\/7\/2026\/01\/Logo_LogInfo24.png","width":938,"height":351,"caption":"Grupo Logismedia AG"},"image":{"@id":"https:\/\/loginfo24.com\/es\/#\/schema\/logo\/image\/"},"sameAs":["https:\/\/www.facebook.com\/people\/Loginfo24\/100057360583332\/","https:\/\/www.linkedin.com\/company\/lofinfo24\/"]},{"@type":"Person","@id":"https:\/\/loginfo24.com\/es\/#\/schema\/person\/7b1593b33567ba798d300c8a1b0b85b1","name":"Andreas M\u00fcller","url":"https:\/\/loginfo24.com\/es\/author\/logismedia\/"}]}},"_links":{"self":[{"href":"https:\/\/loginfo24.com\/es\/wp-json\/wp\/v2\/posts\/79283","targetHints":{"allow":["GET"]}}],"collection":[{"href":"https:\/\/loginfo24.com\/es\/wp-json\/wp\/v2\/posts"}],"about":[{"href":"https:\/\/loginfo24.com\/es\/wp-json\/wp\/v2\/types\/post"}],"author":[{"embeddable":true,"href":"https:\/\/loginfo24.com\/es\/wp-json\/wp\/v2\/users\/7"}],"replies":[{"embeddable":true,"href":"https:\/\/loginfo24.com\/es\/wp-json\/wp\/v2\/comments?post=79283"}],"version-history":[{"count":0,"href":"https:\/\/loginfo24.com\/es\/wp-json\/wp\/v2\/posts\/79283\/revisions"}],"wp:featuredmedia":[{"embeddable":true,"href":"https:\/\/loginfo24.com\/es\/wp-json\/wp\/v2\/media\/79280"}],"wp:attachment":[{"href":"https:\/\/loginfo24.com\/es\/wp-json\/wp\/v2\/media?parent=79283"}],"wp:term":[{"taxonomy":"category","embeddable":true,"href":"https:\/\/loginfo24.com\/es\/wp-json\/wp\/v2\/categories?post=79283"},{"taxonomy":"post_tag","embeddable":true,"href":"https:\/\/loginfo24.com\/es\/wp-json\/wp\/v2\/tags?post=79283"}],"curies":[{"name":"wp","href":"https:\/\/api.w.org\/{rel}","templated":true}]}}