{"id":79253,"date":"2026-04-27T08:43:35","date_gmt":"2026-04-27T08:43:35","guid":{"rendered":"https:\/\/loginfo24.com\/2026\/04\/27\/el-grupo-lagermax-logra-una-facturacion-estable\/"},"modified":"2026-04-27T10:56:13","modified_gmt":"2026-04-27T08:56:13","slug":"el-grupo-lagermax-logra-una-facturacion-estable","status":"publish","type":"post","link":"https:\/\/loginfo24.com\/es\/2026\/04\/27\/el-grupo-lagermax-logra-una-facturacion-estable\/","title":{"rendered":"El grupo Lagermax logra una facturaci\u00f3n estable"},"content":{"rendered":"<p>La Gruppe Lagermax ha alcanzado una facturaci\u00f3n de 760 millones de euros en el a\u00f1o fiscal 2025, lo que representa un resultado estable en comparaci\u00f3n con el a\u00f1o anterior, seg\u00fan informa la empresa. Los directores Alexander Friesz y Thomas Baumgartner eval\u00faan el desarrollo como satisfactorio, especialmente ante los desaf\u00edos globales y la continua volatilidad en los mercados.<\/p>\n<p>En el a\u00f1o fiscal que concluy\u00f3, la Gruppe Lagermax invirti\u00f3 un total de 75 millones de euros, lo que representa un aumento de m\u00e1s del 65 por ciento en comparaci\u00f3n con el a\u00f1o anterior, cuando se destinaron 49 millones de euros a proyectos. Friesz y Baumgartner subrayan que la grupo continuar\u00e1 en la direcci\u00f3n que ha tomado. El n\u00famero de empleados se mantuvo constante en 4.050. &#8222;El resultado total subraya, a pesar de una ligera disminuci\u00f3n, la estabilidad de nuestras \u00e1reas de negocio diversificadas y el compromiso de todos los empleados&#8220;, afirman Friesz y Baumgartner.<\/p>\n<p><a href=\"https:\/\/www.lagermax.com\/en\" target=\"_blank\" rel=\"noopener noreferrer\">www.lagermax.com<\/a><\/p>\n","protected":false},"excerpt":{"rendered":"<p>El grupo Lagermax alcanz\u00f3 en 2025 una facturaci\u00f3n estable de 760 millones de euros e invirti\u00f3 75 millones de euros.<\/p>\n","protected":false},"author":10,"featured_media":79250,"comment_status":"open","ping_status":"","sticky":false,"template":"","format":"standard","meta":{"_acf_changed":false,"footnotes":""},"categories":[6655,6679,1605],"tags":[11993,21915,21916,21917,21918,21919,2115,2116,21920,21921,21922,21250,21923,21924,9710,2123,21925,21926,10506,4166,4167,9836,21927,9837,9838,21928,21929,21930,2469,21931,1831,21932,21933,2622,21934,21935,1800,3157,12376,2481,4178,21936,21937,18944,21938,21279,21939,2106,2641,21940,6757,6759,21941,21942,21943,21944,21285],"class_list":["post-79253","post","type-post","status-publish","format-standard","has-post-thumbnail","hentry","category-alemania","category-europa","category-expedicion-y-logistica","tag-analyse-du-marche-logistique","tag-beschaeftigtenzahl-lagermax","tag-chiffre-daffaires-2025","tag-croissance-du-chiffre-daffaires-logistique","tag-deutsch-lagermax-gruppe","tag-developpement-commercial-stable","tag-digitalisierung-in-der-logistik","tag-digitalization-in-logistics","tag-diversification-en-logistique","tag-diversification-in-logistics","tag-diversifizierung-in-der-logistik","tag-economic-stability","tag-effectif-lagermax","tag-employee-count-lagermax","tag-fachkraeftemangel-in-der-branche","tag-gestion-de-la-chaine-dapprovisionnement","tag-global-turbulence","tag-globale-turbulenzen","tag-industrie-du-transport-autriche","tag-infrastructure-projects","tag-infrastrukturprojekte","tag-investissements-dans-la-logistique","tag-investissements-lagermax","tag-investitionen-in-logistik","tag-investments-in-logistics","tag-lagermax-investitionen","tag-lagermax-investments","tag-logistics-market-analysis-francais-groupe-lagermax","tag-logistics-service-provider","tag-logistics-trends-2025","tag-logistikdienstleister","tag-logistikmarktanalyse-english-lagermax-group","tag-logistiktrends-2025","tag-logistique-durable","tag-market-volatility","tag-marktvolatilitaet","tag-nachhaltige-logistik","tag-numerisation-dans-la-logistique","tag-penurie-de-competences-dans-le-secteur","tag-prestataire-logistique","tag-projets-dinfrastructure","tag-revenue-2025","tag-revenue-growth-logistics","tag-skills-shortage-in-the-industry","tag-stabile-geschaeftsentwicklung","tag-stabilite-economique","tag-stable-business-development","tag-supply-chain-management","tag-sustainable-logistics","tag-tendances-logistiques-2025","tag-transport-industry-austria","tag-transportwirtschaft-oesterreich","tag-turbulences-mondiales","tag-umsatz-2025","tag-umsatzsteigerung-logistik","tag-volatilite-du-marche","tag-wirtschaftliche-stabilitaet"],"acf":[],"yoast_head":"<!-- This site is optimized with the Yoast SEO plugin v27.3 - https:\/\/yoast.com\/product\/yoast-seo-wordpress\/ -->\n<title>El grupo Lagermax logra una facturaci\u00f3n estable - Loginfo24<\/title>\n<meta name=\"robots\" content=\"index, follow, max-snippet:-1, max-image-preview:large, max-video-preview:-1\" \/>\n<link rel=\"canonical\" href=\"https:\/\/loginfo24.com\/es\/2026\/04\/27\/el-grupo-lagermax-logra-una-facturacion-estable\/\" \/>\n<meta property=\"og:locale\" content=\"es_ES\" \/>\n<meta property=\"og:type\" content=\"article\" \/>\n<meta property=\"og:title\" content=\"El grupo Lagermax logra una facturaci\u00f3n estable - Loginfo24\" \/>\n<meta property=\"og:description\" content=\"El grupo Lagermax alcanz\u00f3 en 2025 una facturaci\u00f3n estable de 760 millones de euros e invirti\u00f3 75 millones de euros.\" \/>\n<meta property=\"og:url\" content=\"https:\/\/loginfo24.com\/es\/2026\/04\/27\/el-grupo-lagermax-logra-una-facturacion-estable\/\" \/>\n<meta property=\"og:site_name\" content=\"Loginfo24\" \/>\n<meta property=\"article:publisher\" content=\"https:\/\/www.facebook.com\/people\/Loginfo24\/100057360583332\/\" \/>\n<meta property=\"article:published_time\" content=\"2026-04-27T08:43:35+00:00\" \/>\n<meta property=\"article:modified_time\" content=\"2026-04-27T08:56:13+00:00\" \/>\n<meta property=\"og:image\" content=\"https:\/\/loginfo24.com\/wp-content\/uploads\/sites\/7\/2026\/04\/Image-Photovoltaic-plant-SUNPARK_Strasswalchen-scaled-aspect-ratio-1400-788-scaled-1.jpg\" \/>\n\t<meta property=\"og:image:width\" content=\"2560\" \/>\n\t<meta property=\"og:image:height\" content=\"1441\" \/>\n\t<meta property=\"og:image:type\" content=\"image\/jpeg\" \/>\n<meta name=\"author\" content=\"Jeremy Soland\" \/>\n<meta name=\"twitter:card\" content=\"summary_large_image\" \/>\n<meta name=\"twitter:label1\" content=\"Escrito por\" \/>\n\t<meta name=\"twitter:data1\" content=\"Jeremy Soland\" \/>\n\t<meta name=\"twitter:label2\" content=\"Tiempo de lectura\" \/>\n\t<meta name=\"twitter:data2\" content=\"1 minuto\" \/>\n<script type=\"application\/ld+json\" class=\"yoast-schema-graph\">{\"@context\":\"https:\\\/\\\/schema.org\",\"@graph\":[{\"@type\":\"Article\",\"@id\":\"https:\\\/\\\/loginfo24.com\\\/es\\\/2026\\\/04\\\/27\\\/el-grupo-lagermax-logra-una-facturacion-estable\\\/#article\",\"isPartOf\":{\"@id\":\"https:\\\/\\\/loginfo24.com\\\/es\\\/2026\\\/04\\\/27\\\/el-grupo-lagermax-logra-una-facturacion-estable\\\/\"},\"author\":{\"name\":\"Jeremy Soland\",\"@id\":\"https:\\\/\\\/loginfo24.com\\\/es\\\/#\\\/schema\\\/person\\\/41d36b5474b623392fa613e97e2363fa\"},\"headline\":\"El grupo Lagermax logra una facturaci\u00f3n estable\",\"datePublished\":\"2026-04-27T08:43:35+00:00\",\"dateModified\":\"2026-04-27T08:56:13+00:00\",\"mainEntityOfPage\":{\"@id\":\"https:\\\/\\\/loginfo24.com\\\/es\\\/2026\\\/04\\\/27\\\/el-grupo-lagermax-logra-una-facturacion-estable\\\/\"},\"wordCount\":171,\"commentCount\":0,\"publisher\":{\"@id\":\"https:\\\/\\\/loginfo24.com\\\/es\\\/#organization\"},\"image\":{\"@id\":\"https:\\\/\\\/loginfo24.com\\\/es\\\/2026\\\/04\\\/27\\\/el-grupo-lagermax-logra-una-facturacion-estable\\\/#primaryimage\"},\"thumbnailUrl\":\"https:\\\/\\\/loginfo24.com\\\/wp-content\\\/uploads\\\/sites\\\/7\\\/2026\\\/04\\\/Image-Photovoltaic-plant-SUNPARK_Strasswalchen-scaled-aspect-ratio-1400-788-scaled-1.jpg\",\"keywords\":[\"analyse du march\u00e9 logistique\",\"Besch\u00e4ftigtenzahl Lagermax\",\"chiffre d'affaires 2025\",\"croissance du chiffre d'affaires logistique\",\"Deutsch Lagermax Gruppe\",\"d\u00e9veloppement commercial stable\",\"Digitalisierung in der Logistik\",\"digitalization in logistics\",\"diversification en logistique\",\"diversification in logistics\",\"Diversifizierung in der Logistik\",\"economic stability\",\"effectif Lagermax\",\"employee count Lagermax\",\"Fachkr\u00e4ftemangel in der Branche\",\"gestion de la cha\u00eene d'approvisionnement\",\"global turbulence\",\"globale Turbulenzen\",\"industrie du transport Autriche\",\"infrastructure projects\",\"Infrastrukturprojekte\",\"investissements dans la logistique\",\"investissements Lagermax\",\"Investitionen in Logistik\",\"investments in logistics\",\"Lagermax Investitionen\",\"Lagermax investments\",\"logistics market analysis Fran\u00e7ais Groupe Lagermax\",\"logistics service provider\",\"logistics trends 2025\",\"Logistikdienstleister\",\"Logistikmarktanalyse English Lagermax Group\",\"Logistiktrends 2025\",\"logistique durable\",\"market volatility\",\"Marktvolatilit\u00e4t\",\"nachhaltige Logistik\",\"num\u00e9risation dans la logistique\",\"p\u00e9nurie de comp\u00e9tences dans le secteur\",\"prestataire logistique\",\"projets d'infrastructure\",\"revenue 2025\",\"revenue growth logistics\",\"skills shortage in the industry\",\"stabile Gesch\u00e4ftsentwicklung\",\"stabilit\u00e9 \u00e9conomique\",\"stable business development\",\"Supply Chain Management\",\"sustainable logistics\",\"tendances logistiques 2025\",\"transport industry Austria\",\"Transportwirtschaft \u00d6sterreich\",\"turbulences mondiales\",\"Umsatz 2025\",\"Umsatzsteigerung Logistik\",\"volatilit\u00e9 du march\u00e9\",\"wirtschaftliche Stabilit\u00e4t\"],\"articleSection\":[\"Alemania\",\"Europa\",\"Transporte de mercanc\u00edas y log\u00edstica\"],\"inLanguage\":\"es\",\"potentialAction\":[{\"@type\":\"CommentAction\",\"name\":\"Comment\",\"target\":[\"https:\\\/\\\/loginfo24.com\\\/es\\\/2026\\\/04\\\/27\\\/el-grupo-lagermax-logra-una-facturacion-estable\\\/#respond\"]}]},{\"@type\":\"WebPage\",\"@id\":\"https:\\\/\\\/loginfo24.com\\\/es\\\/2026\\\/04\\\/27\\\/el-grupo-lagermax-logra-una-facturacion-estable\\\/\",\"url\":\"https:\\\/\\\/loginfo24.com\\\/es\\\/2026\\\/04\\\/27\\\/el-grupo-lagermax-logra-una-facturacion-estable\\\/\",\"name\":\"El grupo Lagermax logra una facturaci\u00f3n estable - Loginfo24\",\"isPartOf\":{\"@id\":\"https:\\\/\\\/loginfo24.com\\\/es\\\/#website\"},\"primaryImageOfPage\":{\"@id\":\"https:\\\/\\\/loginfo24.com\\\/es\\\/2026\\\/04\\\/27\\\/el-grupo-lagermax-logra-una-facturacion-estable\\\/#primaryimage\"},\"image\":{\"@id\":\"https:\\\/\\\/loginfo24.com\\\/es\\\/2026\\\/04\\\/27\\\/el-grupo-lagermax-logra-una-facturacion-estable\\\/#primaryimage\"},\"thumbnailUrl\":\"https:\\\/\\\/loginfo24.com\\\/wp-content\\\/uploads\\\/sites\\\/7\\\/2026\\\/04\\\/Image-Photovoltaic-plant-SUNPARK_Strasswalchen-scaled-aspect-ratio-1400-788-scaled-1.jpg\",\"datePublished\":\"2026-04-27T08:43:35+00:00\",\"dateModified\":\"2026-04-27T08:56:13+00:00\",\"breadcrumb\":{\"@id\":\"https:\\\/\\\/loginfo24.com\\\/es\\\/2026\\\/04\\\/27\\\/el-grupo-lagermax-logra-una-facturacion-estable\\\/#breadcrumb\"},\"inLanguage\":\"es\",\"potentialAction\":[{\"@type\":\"ReadAction\",\"target\":[\"https:\\\/\\\/loginfo24.com\\\/es\\\/2026\\\/04\\\/27\\\/el-grupo-lagermax-logra-una-facturacion-estable\\\/\"]}]},{\"@type\":\"ImageObject\",\"inLanguage\":\"es\",\"@id\":\"https:\\\/\\\/loginfo24.com\\\/es\\\/2026\\\/04\\\/27\\\/el-grupo-lagermax-logra-una-facturacion-estable\\\/#primaryimage\",\"url\":\"https:\\\/\\\/loginfo24.com\\\/wp-content\\\/uploads\\\/sites\\\/7\\\/2026\\\/04\\\/Image-Photovoltaic-plant-SUNPARK_Strasswalchen-scaled-aspect-ratio-1400-788-scaled-1.jpg\",\"contentUrl\":\"https:\\\/\\\/loginfo24.com\\\/wp-content\\\/uploads\\\/sites\\\/7\\\/2026\\\/04\\\/Image-Photovoltaic-plant-SUNPARK_Strasswalchen-scaled-aspect-ratio-1400-788-scaled-1.jpg\",\"width\":2560,\"height\":1441},{\"@type\":\"BreadcrumbList\",\"@id\":\"https:\\\/\\\/loginfo24.com\\\/es\\\/2026\\\/04\\\/27\\\/el-grupo-lagermax-logra-una-facturacion-estable\\\/#breadcrumb\",\"itemListElement\":[{\"@type\":\"ListItem\",\"position\":1,\"name\":\"Startseite\",\"item\":\"https:\\\/\\\/loginfo24.com\\\/es\\\/\"},{\"@type\":\"ListItem\",\"position\":2,\"name\":\"El grupo Lagermax logra una facturaci\u00f3n estable\"}]},{\"@type\":\"WebSite\",\"@id\":\"https:\\\/\\\/loginfo24.com\\\/es\\\/#website\",\"url\":\"https:\\\/\\\/loginfo24.com\\\/es\\\/\",\"name\":\"Loginfo24\",\"description\":\"Loginfo24 es la plataforma dedicada a la log\u00edstica y las cadenas de suministro con informaci\u00f3n las 24 horas del d\u00eda.\",\"publisher\":{\"@id\":\"https:\\\/\\\/loginfo24.com\\\/es\\\/#organization\"},\"potentialAction\":[{\"@type\":\"SearchAction\",\"target\":{\"@type\":\"EntryPoint\",\"urlTemplate\":\"https:\\\/\\\/loginfo24.com\\\/es\\\/?s={search_term_string}\"},\"query-input\":{\"@type\":\"PropertyValueSpecification\",\"valueRequired\":true,\"valueName\":\"search_term_string\"}}],\"inLanguage\":\"es\"},{\"@type\":\"Organization\",\"@id\":\"https:\\\/\\\/loginfo24.com\\\/es\\\/#organization\",\"name\":\"Grupo Logismedia AG\",\"url\":\"https:\\\/\\\/loginfo24.com\\\/es\\\/\",\"logo\":{\"@type\":\"ImageObject\",\"inLanguage\":\"es\",\"@id\":\"https:\\\/\\\/loginfo24.com\\\/es\\\/#\\\/schema\\\/logo\\\/image\\\/\",\"url\":\"https:\\\/\\\/loginfo24.com\\\/wp-content\\\/uploads\\\/sites\\\/7\\\/2026\\\/01\\\/Logo_LogInfo24.png\",\"contentUrl\":\"https:\\\/\\\/loginfo24.com\\\/wp-content\\\/uploads\\\/sites\\\/7\\\/2026\\\/01\\\/Logo_LogInfo24.png\",\"width\":938,\"height\":351,\"caption\":\"Grupo Logismedia AG\"},\"image\":{\"@id\":\"https:\\\/\\\/loginfo24.com\\\/es\\\/#\\\/schema\\\/logo\\\/image\\\/\"},\"sameAs\":[\"https:\\\/\\\/www.facebook.com\\\/people\\\/Loginfo24\\\/100057360583332\\\/\",\"https:\\\/\\\/www.linkedin.com\\\/company\\\/lofinfo24\\\/\"]},{\"@type\":\"Person\",\"@id\":\"https:\\\/\\\/loginfo24.com\\\/es\\\/#\\\/schema\\\/person\\\/41d36b5474b623392fa613e97e2363fa\",\"name\":\"Jeremy Soland\",\"url\":\"https:\\\/\\\/loginfo24.com\\\/es\\\/author\\\/jeremy\\\/\"}]}<\/script>\n<!-- \/ Yoast SEO plugin. -->","yoast_head_json":{"title":"El grupo Lagermax logra una facturaci\u00f3n estable - Loginfo24","robots":{"index":"index","follow":"follow","max-snippet":"max-snippet:-1","max-image-preview":"max-image-preview:large","max-video-preview":"max-video-preview:-1"},"canonical":"https:\/\/loginfo24.com\/es\/2026\/04\/27\/el-grupo-lagermax-logra-una-facturacion-estable\/","og_locale":"es_ES","og_type":"article","og_title":"El grupo Lagermax logra una facturaci\u00f3n estable - Loginfo24","og_description":"El grupo Lagermax alcanz\u00f3 en 2025 una facturaci\u00f3n estable de 760 millones de euros e invirti\u00f3 75 millones de euros.","og_url":"https:\/\/loginfo24.com\/es\/2026\/04\/27\/el-grupo-lagermax-logra-una-facturacion-estable\/","og_site_name":"Loginfo24","article_publisher":"https:\/\/www.facebook.com\/people\/Loginfo24\/100057360583332\/","article_published_time":"2026-04-27T08:43:35+00:00","article_modified_time":"2026-04-27T08:56:13+00:00","og_image":[{"width":2560,"height":1441,"url":"https:\/\/loginfo24.com\/wp-content\/uploads\/sites\/7\/2026\/04\/Image-Photovoltaic-plant-SUNPARK_Strasswalchen-scaled-aspect-ratio-1400-788-scaled-1.jpg","type":"image\/jpeg"}],"author":"Jeremy Soland","twitter_card":"summary_large_image","twitter_misc":{"Escrito por":"Jeremy Soland","Tiempo de lectura":"1 minuto"},"schema":{"@context":"https:\/\/schema.org","@graph":[{"@type":"Article","@id":"https:\/\/loginfo24.com\/es\/2026\/04\/27\/el-grupo-lagermax-logra-una-facturacion-estable\/#article","isPartOf":{"@id":"https:\/\/loginfo24.com\/es\/2026\/04\/27\/el-grupo-lagermax-logra-una-facturacion-estable\/"},"author":{"name":"Jeremy Soland","@id":"https:\/\/loginfo24.com\/es\/#\/schema\/person\/41d36b5474b623392fa613e97e2363fa"},"headline":"El grupo Lagermax logra una facturaci\u00f3n estable","datePublished":"2026-04-27T08:43:35+00:00","dateModified":"2026-04-27T08:56:13+00:00","mainEntityOfPage":{"@id":"https:\/\/loginfo24.com\/es\/2026\/04\/27\/el-grupo-lagermax-logra-una-facturacion-estable\/"},"wordCount":171,"commentCount":0,"publisher":{"@id":"https:\/\/loginfo24.com\/es\/#organization"},"image":{"@id":"https:\/\/loginfo24.com\/es\/2026\/04\/27\/el-grupo-lagermax-logra-una-facturacion-estable\/#primaryimage"},"thumbnailUrl":"https:\/\/loginfo24.com\/wp-content\/uploads\/sites\/7\/2026\/04\/Image-Photovoltaic-plant-SUNPARK_Strasswalchen-scaled-aspect-ratio-1400-788-scaled-1.jpg","keywords":["analyse du march\u00e9 logistique","Besch\u00e4ftigtenzahl Lagermax","chiffre d'affaires 2025","croissance du chiffre d'affaires logistique","Deutsch Lagermax Gruppe","d\u00e9veloppement commercial stable","Digitalisierung in der Logistik","digitalization in logistics","diversification en logistique","diversification in logistics","Diversifizierung in der Logistik","economic stability","effectif Lagermax","employee count Lagermax","Fachkr\u00e4ftemangel in der Branche","gestion de la cha\u00eene d'approvisionnement","global turbulence","globale Turbulenzen","industrie du transport Autriche","infrastructure projects","Infrastrukturprojekte","investissements dans la logistique","investissements Lagermax","Investitionen in Logistik","investments in logistics","Lagermax Investitionen","Lagermax investments","logistics market analysis Fran\u00e7ais Groupe Lagermax","logistics service provider","logistics trends 2025","Logistikdienstleister","Logistikmarktanalyse English Lagermax Group","Logistiktrends 2025","logistique durable","market volatility","Marktvolatilit\u00e4t","nachhaltige Logistik","num\u00e9risation dans la logistique","p\u00e9nurie de comp\u00e9tences dans le secteur","prestataire logistique","projets d'infrastructure","revenue 2025","revenue growth logistics","skills shortage in the industry","stabile Gesch\u00e4ftsentwicklung","stabilit\u00e9 \u00e9conomique","stable business development","Supply Chain Management","sustainable logistics","tendances logistiques 2025","transport industry Austria","Transportwirtschaft \u00d6sterreich","turbulences mondiales","Umsatz 2025","Umsatzsteigerung Logistik","volatilit\u00e9 du march\u00e9","wirtschaftliche Stabilit\u00e4t"],"articleSection":["Alemania","Europa","Transporte de mercanc\u00edas y log\u00edstica"],"inLanguage":"es","potentialAction":[{"@type":"CommentAction","name":"Comment","target":["https:\/\/loginfo24.com\/es\/2026\/04\/27\/el-grupo-lagermax-logra-una-facturacion-estable\/#respond"]}]},{"@type":"WebPage","@id":"https:\/\/loginfo24.com\/es\/2026\/04\/27\/el-grupo-lagermax-logra-una-facturacion-estable\/","url":"https:\/\/loginfo24.com\/es\/2026\/04\/27\/el-grupo-lagermax-logra-una-facturacion-estable\/","name":"El grupo Lagermax logra una facturaci\u00f3n estable - Loginfo24","isPartOf":{"@id":"https:\/\/loginfo24.com\/es\/#website"},"primaryImageOfPage":{"@id":"https:\/\/loginfo24.com\/es\/2026\/04\/27\/el-grupo-lagermax-logra-una-facturacion-estable\/#primaryimage"},"image":{"@id":"https:\/\/loginfo24.com\/es\/2026\/04\/27\/el-grupo-lagermax-logra-una-facturacion-estable\/#primaryimage"},"thumbnailUrl":"https:\/\/loginfo24.com\/wp-content\/uploads\/sites\/7\/2026\/04\/Image-Photovoltaic-plant-SUNPARK_Strasswalchen-scaled-aspect-ratio-1400-788-scaled-1.jpg","datePublished":"2026-04-27T08:43:35+00:00","dateModified":"2026-04-27T08:56:13+00:00","breadcrumb":{"@id":"https:\/\/loginfo24.com\/es\/2026\/04\/27\/el-grupo-lagermax-logra-una-facturacion-estable\/#breadcrumb"},"inLanguage":"es","potentialAction":[{"@type":"ReadAction","target":["https:\/\/loginfo24.com\/es\/2026\/04\/27\/el-grupo-lagermax-logra-una-facturacion-estable\/"]}]},{"@type":"ImageObject","inLanguage":"es","@id":"https:\/\/loginfo24.com\/es\/2026\/04\/27\/el-grupo-lagermax-logra-una-facturacion-estable\/#primaryimage","url":"https:\/\/loginfo24.com\/wp-content\/uploads\/sites\/7\/2026\/04\/Image-Photovoltaic-plant-SUNPARK_Strasswalchen-scaled-aspect-ratio-1400-788-scaled-1.jpg","contentUrl":"https:\/\/loginfo24.com\/wp-content\/uploads\/sites\/7\/2026\/04\/Image-Photovoltaic-plant-SUNPARK_Strasswalchen-scaled-aspect-ratio-1400-788-scaled-1.jpg","width":2560,"height":1441},{"@type":"BreadcrumbList","@id":"https:\/\/loginfo24.com\/es\/2026\/04\/27\/el-grupo-lagermax-logra-una-facturacion-estable\/#breadcrumb","itemListElement":[{"@type":"ListItem","position":1,"name":"Startseite","item":"https:\/\/loginfo24.com\/es\/"},{"@type":"ListItem","position":2,"name":"El grupo Lagermax logra una facturaci\u00f3n estable"}]},{"@type":"WebSite","@id":"https:\/\/loginfo24.com\/es\/#website","url":"https:\/\/loginfo24.com\/es\/","name":"Loginfo24","description":"Loginfo24 es la plataforma dedicada a la log\u00edstica y las cadenas de suministro con informaci\u00f3n las 24 horas del d\u00eda.","publisher":{"@id":"https:\/\/loginfo24.com\/es\/#organization"},"potentialAction":[{"@type":"SearchAction","target":{"@type":"EntryPoint","urlTemplate":"https:\/\/loginfo24.com\/es\/?s={search_term_string}"},"query-input":{"@type":"PropertyValueSpecification","valueRequired":true,"valueName":"search_term_string"}}],"inLanguage":"es"},{"@type":"Organization","@id":"https:\/\/loginfo24.com\/es\/#organization","name":"Grupo Logismedia AG","url":"https:\/\/loginfo24.com\/es\/","logo":{"@type":"ImageObject","inLanguage":"es","@id":"https:\/\/loginfo24.com\/es\/#\/schema\/logo\/image\/","url":"https:\/\/loginfo24.com\/wp-content\/uploads\/sites\/7\/2026\/01\/Logo_LogInfo24.png","contentUrl":"https:\/\/loginfo24.com\/wp-content\/uploads\/sites\/7\/2026\/01\/Logo_LogInfo24.png","width":938,"height":351,"caption":"Grupo Logismedia AG"},"image":{"@id":"https:\/\/loginfo24.com\/es\/#\/schema\/logo\/image\/"},"sameAs":["https:\/\/www.facebook.com\/people\/Loginfo24\/100057360583332\/","https:\/\/www.linkedin.com\/company\/lofinfo24\/"]},{"@type":"Person","@id":"https:\/\/loginfo24.com\/es\/#\/schema\/person\/41d36b5474b623392fa613e97e2363fa","name":"Jeremy Soland","url":"https:\/\/loginfo24.com\/es\/author\/jeremy\/"}]}},"_links":{"self":[{"href":"https:\/\/loginfo24.com\/es\/wp-json\/wp\/v2\/posts\/79253","targetHints":{"allow":["GET"]}}],"collection":[{"href":"https:\/\/loginfo24.com\/es\/wp-json\/wp\/v2\/posts"}],"about":[{"href":"https:\/\/loginfo24.com\/es\/wp-json\/wp\/v2\/types\/post"}],"author":[{"embeddable":true,"href":"https:\/\/loginfo24.com\/es\/wp-json\/wp\/v2\/users\/10"}],"replies":[{"embeddable":true,"href":"https:\/\/loginfo24.com\/es\/wp-json\/wp\/v2\/comments?post=79253"}],"version-history":[{"count":1,"href":"https:\/\/loginfo24.com\/es\/wp-json\/wp\/v2\/posts\/79253\/revisions"}],"predecessor-version":[{"id":79260,"href":"https:\/\/loginfo24.com\/es\/wp-json\/wp\/v2\/posts\/79253\/revisions\/79260"}],"wp:featuredmedia":[{"embeddable":true,"href":"https:\/\/loginfo24.com\/es\/wp-json\/wp\/v2\/media\/79250"}],"wp:attachment":[{"href":"https:\/\/loginfo24.com\/es\/wp-json\/wp\/v2\/media?parent=79253"}],"wp:term":[{"taxonomy":"category","embeddable":true,"href":"https:\/\/loginfo24.com\/es\/wp-json\/wp\/v2\/categories?post=79253"},{"taxonomy":"post_tag","embeddable":true,"href":"https:\/\/loginfo24.com\/es\/wp-json\/wp\/v2\/tags?post=79253"}],"curies":[{"name":"wp","href":"https:\/\/api.w.org\/{rel}","templated":true}]}}