{"id":76463,"date":"2026-03-11T14:31:19","date_gmt":"2026-03-11T14:31:19","guid":{"rendered":"https:\/\/loginfo24.com\/2026\/03\/11\/los-pilotos-de-lufthansa-planean-una-huelga-de-dos-dias\/"},"modified":"2026-03-11T15:47:13","modified_gmt":"2026-03-11T14:47:13","slug":"los-pilotos-de-lufthansa-planean-una-huelga-de-dos-dias","status":"publish","type":"post","link":"https:\/\/loginfo24.com\/es\/2026\/03\/11\/los-pilotos-de-lufthansa-planean-una-huelga-de-dos-dias\/","title":{"rendered":"Los pilotos de Lufthansa planean una huelga de dos d\u00edas"},"content":{"rendered":"<p>En Lufthansa se perfila una huelga de pilotos. El sindicato Vereinigung Cockpit (VC) ha llamado a sus miembros a dejar de trabajar el jueves y viernes (12-13 de marzo). La huelga planificada durar\u00e1 48 horas y podr\u00eda afectar numerosos vuelos del grupo Lufthansa.<\/p>\n<p>Se ver\u00edan especialmente afectados los despegues en Alemania, incluidas las conexiones de la marca Lufthansa, su compa\u00f1\u00eda de carga Lufthansa Cargo y la aerol\u00ednea regional Lufthansa Cityline. El trasfondo son las negociaciones salariales a\u00fan no resueltas entre la aerol\u00ednea y la representaci\u00f3n de los pilotos.<\/p>\n<p>Ya a mediados de febrero hubo una huelga de un d\u00eda en el marco de la actual ronda de negociaciones. Tambi\u00e9n esta vez, los pilotos de las aerol\u00edneas afectadas se han pronunciado mayoritariamente a favor de medidas de huelga en votaciones. En Eurowings, una votaci\u00f3n correspondiente a\u00fan est\u00e1 en curso, por lo que sus empleados no participar\u00e1n en las huelgas actuales.<\/p>\n<p>Los vuelos hacia Oriente Medio no ser\u00e1n objeto de huelga. El sindicato justifica esto por la tensa situaci\u00f3n en el tr\u00e1fico a\u00e9reo regional.<\/p>\n<p>Seg\u00fan VC, el trasfondo del conflicto son las conversaciones infructuosas sobre la pensi\u00f3n empresarial en Lufthansa y Lufthansa Cargo. El sindicato exige una oferta mejorada por parte de la empresa.<\/p>\n<p><a href=\"https:\/\/newsroom.lufthansagroup.com\" target=\"_blank\" rel=\"noopener noreferrer\">www.newsroom.lufthansagroup.com<\/a><\/p>\n<p><a href=\"https:\/\/www.zdfheute.de\" target=\"_blank\" rel=\"noopener noreferrer\">www.zdfheute.de<\/a><\/p>\n","protected":false},"excerpt":{"rendered":"<p>Se anuncia una huelga de pilotos en Lufthansa para el 12 y 13 de marzo, lo que podr\u00eda afectar numerosos vuelos de la aerol\u00ednea.<\/p>\n","protected":false},"author":14,"featured_media":76460,"comment_status":"open","ping_status":"","sticky":false,"template":"","format":"standard","meta":{"_acf_changed":false,"footnotes":""},"categories":[1606,6679],"tags":[13833,13834,13835,13836,13837,13838,13839,3397,13840,13841,13842,13843,13844,13845,13846,13847,13848,13849,13850,13851,13852,13853,13854,13855,13856,13857,13858,3418,13859,4293,2035,13860,13861,13862,13863,13864,13865,13866,13867,13868,13869,13870,13871,13872,13873,13874,13875,13876,13877,13878,13879,13880,13881,13882,13883,13884],"class_list":["post-76463","post","type-post","status-publish","format-standard","has-post-thumbnail","hentry","category-carga-aerea","category-europa","tag-actions-de-greve","tag-affected-flights","tag-air-freight-logistics-francais-lufthansa","tag-air-traffic-middle-east","tag-annonce-de-greve","tag-arbeitskampf","tag-arbeitskampfmassnahmen","tag-aviation-industry","tag-bargaining-round","tag-betriebliche-altersversorgung","tag-collective-bargaining","tag-compagnie-regionale-lufthansa-cityline","tag-conflit-de-travail","tag-deutsch-lufthansa","tag-droits-des-passagers","tag-duree-de-greve-48-heures","tag-eurowings-streik","tag-eurowings-strike","tag-flights-germany","tag-fluege-beeintraechtigt","tag-fluege-deutschland","tag-fluggastrechte","tag-frachtgesellschaft-lufthansa","tag-freight-company-lufthansa","tag-gewerkschaft-vereinigung-cockpit","tag-greve-des-pilotes","tag-greve-eurowings","tag-industrie-aeronautique","tag-labor-dispute","tag-logistique-aerienne","tag-luftfahrtbranche","tag-luftfahrtlogistik-english-lufthansa","tag-lufthansa-cargo","tag-luftverkehr-naher-osten","tag-negociations-collectives","tag-occupational-pension-scheme","tag-passenger-rights","tag-pilotenstreik","tag-pilots-strike","tag-regime-de-retraite-professionnel","tag-regional-airline-lufthansa-cityline","tag-regionalfluglinie-lufthansa-cityline","tag-ronde-de-negociations","tag-societe-de-fret-lufthansa","tag-streikankuendigung","tag-streikdauer-48-stunden","tag-strike-actions","tag-strike-announcement","tag-strike-duration-48-hours","tag-syndicat-vereinigung-cockpit","tag-tarifrunde","tag-tarifverhandlungen","tag-trafic-aerien-moyen-orient","tag-vereinigung-cockpit-union","tag-vols-affectes","tag-vols-allemagne"],"acf":[],"yoast_head":"<!-- This site is optimized with the Yoast SEO plugin v27.3 - https:\/\/yoast.com\/product\/yoast-seo-wordpress\/ -->\n<title>Los pilotos de Lufthansa planean una huelga de dos d\u00edas - Loginfo24<\/title>\n<meta name=\"robots\" content=\"index, follow, max-snippet:-1, max-image-preview:large, max-video-preview:-1\" \/>\n<link rel=\"canonical\" href=\"https:\/\/loginfo24.com\/es\/2026\/03\/11\/los-pilotos-de-lufthansa-planean-una-huelga-de-dos-dias\/\" \/>\n<meta property=\"og:locale\" content=\"es_ES\" \/>\n<meta property=\"og:type\" content=\"article\" \/>\n<meta property=\"og:title\" content=\"Los pilotos de Lufthansa planean una huelga de dos d\u00edas - Loginfo24\" \/>\n<meta property=\"og:description\" content=\"Se anuncia una huelga de pilotos en Lufthansa para el 12 y 13 de marzo, lo que podr\u00eda afectar numerosos vuelos de la aerol\u00ednea.\" \/>\n<meta property=\"og:url\" content=\"https:\/\/loginfo24.com\/es\/2026\/03\/11\/los-pilotos-de-lufthansa-planean-una-huelga-de-dos-dias\/\" \/>\n<meta property=\"og:site_name\" content=\"Loginfo24\" \/>\n<meta property=\"article:publisher\" content=\"https:\/\/www.facebook.com\/people\/Loginfo24\/100057360583332\/\" \/>\n<meta property=\"article:published_time\" content=\"2026-03-11T14:31:19+00:00\" \/>\n<meta property=\"article:modified_time\" content=\"2026-03-11T14:47:13+00:00\" \/>\n<meta property=\"og:image\" content=\"https:\/\/loginfo24.com\/wp-content\/uploads\/sites\/7\/2026\/03\/NEW_A321F_B777F_Lateral_PPT_Min-scaled-aspect-ratio-1400-788-2.jpg\" \/>\n\t<meta property=\"og:image:width\" content=\"2471\" \/>\n\t<meta property=\"og:image:height\" content=\"1391\" \/>\n\t<meta property=\"og:image:type\" content=\"image\/jpeg\" \/>\n<meta name=\"author\" content=\"Gyan Sharan\" \/>\n<meta name=\"twitter:card\" content=\"summary_large_image\" \/>\n<meta name=\"twitter:label1\" content=\"Escrito por\" \/>\n\t<meta name=\"twitter:data1\" content=\"Gyan Sharan\" \/>\n\t<meta name=\"twitter:label2\" content=\"Tiempo de lectura\" \/>\n\t<meta name=\"twitter:data2\" content=\"1 minuto\" \/>\n<script type=\"application\/ld+json\" class=\"yoast-schema-graph\">{\"@context\":\"https:\\\/\\\/schema.org\",\"@graph\":[{\"@type\":\"Article\",\"@id\":\"https:\\\/\\\/loginfo24.com\\\/es\\\/2026\\\/03\\\/11\\\/los-pilotos-de-lufthansa-planean-una-huelga-de-dos-dias\\\/#article\",\"isPartOf\":{\"@id\":\"https:\\\/\\\/loginfo24.com\\\/es\\\/2026\\\/03\\\/11\\\/los-pilotos-de-lufthansa-planean-una-huelga-de-dos-dias\\\/\"},\"author\":{\"name\":\"Gyan Sharan\",\"@id\":\"https:\\\/\\\/loginfo24.com\\\/es\\\/#\\\/schema\\\/person\\\/13a9fc605c753db60ef7750a229cd042\"},\"headline\":\"Los pilotos de Lufthansa planean una huelga de dos d\u00edas\",\"datePublished\":\"2026-03-11T14:31:19+00:00\",\"dateModified\":\"2026-03-11T14:47:13+00:00\",\"mainEntityOfPage\":{\"@id\":\"https:\\\/\\\/loginfo24.com\\\/es\\\/2026\\\/03\\\/11\\\/los-pilotos-de-lufthansa-planean-una-huelga-de-dos-dias\\\/\"},\"wordCount\":238,\"commentCount\":0,\"publisher\":{\"@id\":\"https:\\\/\\\/loginfo24.com\\\/es\\\/#organization\"},\"image\":{\"@id\":\"https:\\\/\\\/loginfo24.com\\\/es\\\/2026\\\/03\\\/11\\\/los-pilotos-de-lufthansa-planean-una-huelga-de-dos-dias\\\/#primaryimage\"},\"thumbnailUrl\":\"https:\\\/\\\/loginfo24.com\\\/wp-content\\\/uploads\\\/sites\\\/7\\\/2026\\\/03\\\/NEW_A321F_B777F_Lateral_PPT_Min-scaled-aspect-ratio-1400-788-2.jpg\",\"keywords\":[\"actions de gr\u00e8ve\",\"affected flights\",\"air freight logistics Fran\u00e7ais Lufthansa\",\"air traffic Middle East\",\"annonce de gr\u00e8ve\",\"Arbeitskampf\",\"Arbeitskampfmassnahmen\",\"aviation industry\",\"bargaining round\",\"betriebliche Altersversorgung\",\"collective bargaining\",\"compagnie r\u00e9gionale Lufthansa Cityline\",\"conflit de travail\",\"Deutsch Lufthansa\",\"droits des passagers\",\"dur\u00e9e de gr\u00e8ve 48 heures\",\"Eurowings Streik\",\"Eurowings strike\",\"flights Germany\",\"Fl\u00fcge beeintr\u00e4chtigt\",\"Fl\u00fcge Deutschland\",\"Fluggastrechte\",\"Frachtgesellschaft Lufthansa\",\"freight company Lufthansa\",\"Gewerkschaft Vereinigung Cockpit\",\"gr\u00e8ve des pilotes\",\"gr\u00e8ve Eurowings\",\"industrie a\u00e9ronautique\",\"labor dispute\",\"logistique a\u00e9rienne\",\"Luftfahrtbranche\",\"Luftfahrtlogistik English Lufthansa\",\"Lufthansa Cargo\",\"Luftverkehr Naher Osten\",\"n\u00e9gociations collectives\",\"occupational pension scheme\",\"passenger rights\",\"Pilotenstreik\",\"pilots strike\",\"r\u00e9gime de retraite professionnel\",\"regional airline Lufthansa Cityline\",\"Regionalfluglinie Lufthansa Cityline\",\"ronde de n\u00e9gociations\",\"soci\u00e9t\u00e9 de fret Lufthansa\",\"Streikank\u00fcndigung\",\"Streikdauer 48 Stunden\",\"strike actions\",\"strike announcement\",\"strike duration 48 hours\",\"syndicat Vereinigung Cockpit\",\"Tarifrunde\",\"Tarifverhandlungen\",\"trafic a\u00e9rien Moyen-Orient\",\"Vereinigung Cockpit union\",\"vols affect\u00e9s\",\"vols Allemagne\"],\"articleSection\":[\"Carga a\u00e9rea\",\"Europa\"],\"inLanguage\":\"es\",\"potentialAction\":[{\"@type\":\"CommentAction\",\"name\":\"Comment\",\"target\":[\"https:\\\/\\\/loginfo24.com\\\/es\\\/2026\\\/03\\\/11\\\/los-pilotos-de-lufthansa-planean-una-huelga-de-dos-dias\\\/#respond\"]}]},{\"@type\":\"WebPage\",\"@id\":\"https:\\\/\\\/loginfo24.com\\\/es\\\/2026\\\/03\\\/11\\\/los-pilotos-de-lufthansa-planean-una-huelga-de-dos-dias\\\/\",\"url\":\"https:\\\/\\\/loginfo24.com\\\/es\\\/2026\\\/03\\\/11\\\/los-pilotos-de-lufthansa-planean-una-huelga-de-dos-dias\\\/\",\"name\":\"Los pilotos de Lufthansa planean una huelga de dos d\u00edas - Loginfo24\",\"isPartOf\":{\"@id\":\"https:\\\/\\\/loginfo24.com\\\/es\\\/#website\"},\"primaryImageOfPage\":{\"@id\":\"https:\\\/\\\/loginfo24.com\\\/es\\\/2026\\\/03\\\/11\\\/los-pilotos-de-lufthansa-planean-una-huelga-de-dos-dias\\\/#primaryimage\"},\"image\":{\"@id\":\"https:\\\/\\\/loginfo24.com\\\/es\\\/2026\\\/03\\\/11\\\/los-pilotos-de-lufthansa-planean-una-huelga-de-dos-dias\\\/#primaryimage\"},\"thumbnailUrl\":\"https:\\\/\\\/loginfo24.com\\\/wp-content\\\/uploads\\\/sites\\\/7\\\/2026\\\/03\\\/NEW_A321F_B777F_Lateral_PPT_Min-scaled-aspect-ratio-1400-788-2.jpg\",\"datePublished\":\"2026-03-11T14:31:19+00:00\",\"dateModified\":\"2026-03-11T14:47:13+00:00\",\"breadcrumb\":{\"@id\":\"https:\\\/\\\/loginfo24.com\\\/es\\\/2026\\\/03\\\/11\\\/los-pilotos-de-lufthansa-planean-una-huelga-de-dos-dias\\\/#breadcrumb\"},\"inLanguage\":\"es\",\"potentialAction\":[{\"@type\":\"ReadAction\",\"target\":[\"https:\\\/\\\/loginfo24.com\\\/es\\\/2026\\\/03\\\/11\\\/los-pilotos-de-lufthansa-planean-una-huelga-de-dos-dias\\\/\"]}]},{\"@type\":\"ImageObject\",\"inLanguage\":\"es\",\"@id\":\"https:\\\/\\\/loginfo24.com\\\/es\\\/2026\\\/03\\\/11\\\/los-pilotos-de-lufthansa-planean-una-huelga-de-dos-dias\\\/#primaryimage\",\"url\":\"https:\\\/\\\/loginfo24.com\\\/wp-content\\\/uploads\\\/sites\\\/7\\\/2026\\\/03\\\/NEW_A321F_B777F_Lateral_PPT_Min-scaled-aspect-ratio-1400-788-2.jpg\",\"contentUrl\":\"https:\\\/\\\/loginfo24.com\\\/wp-content\\\/uploads\\\/sites\\\/7\\\/2026\\\/03\\\/NEW_A321F_B777F_Lateral_PPT_Min-scaled-aspect-ratio-1400-788-2.jpg\",\"width\":2471,\"height\":1391},{\"@type\":\"BreadcrumbList\",\"@id\":\"https:\\\/\\\/loginfo24.com\\\/es\\\/2026\\\/03\\\/11\\\/los-pilotos-de-lufthansa-planean-una-huelga-de-dos-dias\\\/#breadcrumb\",\"itemListElement\":[{\"@type\":\"ListItem\",\"position\":1,\"name\":\"Startseite\",\"item\":\"https:\\\/\\\/loginfo24.com\\\/es\\\/\"},{\"@type\":\"ListItem\",\"position\":2,\"name\":\"Los pilotos de Lufthansa planean una huelga de dos d\u00edas\"}]},{\"@type\":\"WebSite\",\"@id\":\"https:\\\/\\\/loginfo24.com\\\/es\\\/#website\",\"url\":\"https:\\\/\\\/loginfo24.com\\\/es\\\/\",\"name\":\"Loginfo24\",\"description\":\"Loginfo24 es la plataforma dedicada a la log\u00edstica y las cadenas de suministro con informaci\u00f3n las 24 horas del d\u00eda.\",\"publisher\":{\"@id\":\"https:\\\/\\\/loginfo24.com\\\/es\\\/#organization\"},\"potentialAction\":[{\"@type\":\"SearchAction\",\"target\":{\"@type\":\"EntryPoint\",\"urlTemplate\":\"https:\\\/\\\/loginfo24.com\\\/es\\\/?s={search_term_string}\"},\"query-input\":{\"@type\":\"PropertyValueSpecification\",\"valueRequired\":true,\"valueName\":\"search_term_string\"}}],\"inLanguage\":\"es\"},{\"@type\":\"Organization\",\"@id\":\"https:\\\/\\\/loginfo24.com\\\/es\\\/#organization\",\"name\":\"Grupo Logismedia AG\",\"url\":\"https:\\\/\\\/loginfo24.com\\\/es\\\/\",\"logo\":{\"@type\":\"ImageObject\",\"inLanguage\":\"es\",\"@id\":\"https:\\\/\\\/loginfo24.com\\\/es\\\/#\\\/schema\\\/logo\\\/image\\\/\",\"url\":\"https:\\\/\\\/loginfo24.com\\\/wp-content\\\/uploads\\\/sites\\\/7\\\/2026\\\/01\\\/Logo_LogInfo24.png\",\"contentUrl\":\"https:\\\/\\\/loginfo24.com\\\/wp-content\\\/uploads\\\/sites\\\/7\\\/2026\\\/01\\\/Logo_LogInfo24.png\",\"width\":938,\"height\":351,\"caption\":\"Grupo Logismedia AG\"},\"image\":{\"@id\":\"https:\\\/\\\/loginfo24.com\\\/es\\\/#\\\/schema\\\/logo\\\/image\\\/\"},\"sameAs\":[\"https:\\\/\\\/www.facebook.com\\\/people\\\/Loginfo24\\\/100057360583332\\\/\",\"https:\\\/\\\/www.linkedin.com\\\/company\\\/lofinfo24\\\/\"]},{\"@type\":\"Person\",\"@id\":\"https:\\\/\\\/loginfo24.com\\\/es\\\/#\\\/schema\\\/person\\\/13a9fc605c753db60ef7750a229cd042\",\"name\":\"Gyan Sharan\",\"url\":\"https:\\\/\\\/loginfo24.com\\\/es\\\/author\\\/gyan\\\/\"}]}<\/script>\n<!-- \/ Yoast SEO plugin. -->","yoast_head_json":{"title":"Los pilotos de Lufthansa planean una huelga de dos d\u00edas - Loginfo24","robots":{"index":"index","follow":"follow","max-snippet":"max-snippet:-1","max-image-preview":"max-image-preview:large","max-video-preview":"max-video-preview:-1"},"canonical":"https:\/\/loginfo24.com\/es\/2026\/03\/11\/los-pilotos-de-lufthansa-planean-una-huelga-de-dos-dias\/","og_locale":"es_ES","og_type":"article","og_title":"Los pilotos de Lufthansa planean una huelga de dos d\u00edas - Loginfo24","og_description":"Se anuncia una huelga de pilotos en Lufthansa para el 12 y 13 de marzo, lo que podr\u00eda afectar numerosos vuelos de la aerol\u00ednea.","og_url":"https:\/\/loginfo24.com\/es\/2026\/03\/11\/los-pilotos-de-lufthansa-planean-una-huelga-de-dos-dias\/","og_site_name":"Loginfo24","article_publisher":"https:\/\/www.facebook.com\/people\/Loginfo24\/100057360583332\/","article_published_time":"2026-03-11T14:31:19+00:00","article_modified_time":"2026-03-11T14:47:13+00:00","og_image":[{"width":2471,"height":1391,"url":"https:\/\/loginfo24.com\/wp-content\/uploads\/sites\/7\/2026\/03\/NEW_A321F_B777F_Lateral_PPT_Min-scaled-aspect-ratio-1400-788-2.jpg","type":"image\/jpeg"}],"author":"Gyan Sharan","twitter_card":"summary_large_image","twitter_misc":{"Escrito por":"Gyan Sharan","Tiempo de lectura":"1 minuto"},"schema":{"@context":"https:\/\/schema.org","@graph":[{"@type":"Article","@id":"https:\/\/loginfo24.com\/es\/2026\/03\/11\/los-pilotos-de-lufthansa-planean-una-huelga-de-dos-dias\/#article","isPartOf":{"@id":"https:\/\/loginfo24.com\/es\/2026\/03\/11\/los-pilotos-de-lufthansa-planean-una-huelga-de-dos-dias\/"},"author":{"name":"Gyan Sharan","@id":"https:\/\/loginfo24.com\/es\/#\/schema\/person\/13a9fc605c753db60ef7750a229cd042"},"headline":"Los pilotos de Lufthansa planean una huelga de dos d\u00edas","datePublished":"2026-03-11T14:31:19+00:00","dateModified":"2026-03-11T14:47:13+00:00","mainEntityOfPage":{"@id":"https:\/\/loginfo24.com\/es\/2026\/03\/11\/los-pilotos-de-lufthansa-planean-una-huelga-de-dos-dias\/"},"wordCount":238,"commentCount":0,"publisher":{"@id":"https:\/\/loginfo24.com\/es\/#organization"},"image":{"@id":"https:\/\/loginfo24.com\/es\/2026\/03\/11\/los-pilotos-de-lufthansa-planean-una-huelga-de-dos-dias\/#primaryimage"},"thumbnailUrl":"https:\/\/loginfo24.com\/wp-content\/uploads\/sites\/7\/2026\/03\/NEW_A321F_B777F_Lateral_PPT_Min-scaled-aspect-ratio-1400-788-2.jpg","keywords":["actions de gr\u00e8ve","affected flights","air freight logistics Fran\u00e7ais Lufthansa","air traffic Middle East","annonce de gr\u00e8ve","Arbeitskampf","Arbeitskampfmassnahmen","aviation industry","bargaining round","betriebliche Altersversorgung","collective bargaining","compagnie r\u00e9gionale Lufthansa Cityline","conflit de travail","Deutsch Lufthansa","droits des passagers","dur\u00e9e de gr\u00e8ve 48 heures","Eurowings Streik","Eurowings strike","flights Germany","Fl\u00fcge beeintr\u00e4chtigt","Fl\u00fcge Deutschland","Fluggastrechte","Frachtgesellschaft Lufthansa","freight company Lufthansa","Gewerkschaft Vereinigung Cockpit","gr\u00e8ve des pilotes","gr\u00e8ve Eurowings","industrie a\u00e9ronautique","labor dispute","logistique a\u00e9rienne","Luftfahrtbranche","Luftfahrtlogistik English Lufthansa","Lufthansa Cargo","Luftverkehr Naher Osten","n\u00e9gociations collectives","occupational pension scheme","passenger rights","Pilotenstreik","pilots strike","r\u00e9gime de retraite professionnel","regional airline Lufthansa Cityline","Regionalfluglinie Lufthansa Cityline","ronde de n\u00e9gociations","soci\u00e9t\u00e9 de fret Lufthansa","Streikank\u00fcndigung","Streikdauer 48 Stunden","strike actions","strike announcement","strike duration 48 hours","syndicat Vereinigung Cockpit","Tarifrunde","Tarifverhandlungen","trafic a\u00e9rien Moyen-Orient","Vereinigung Cockpit union","vols affect\u00e9s","vols Allemagne"],"articleSection":["Carga a\u00e9rea","Europa"],"inLanguage":"es","potentialAction":[{"@type":"CommentAction","name":"Comment","target":["https:\/\/loginfo24.com\/es\/2026\/03\/11\/los-pilotos-de-lufthansa-planean-una-huelga-de-dos-dias\/#respond"]}]},{"@type":"WebPage","@id":"https:\/\/loginfo24.com\/es\/2026\/03\/11\/los-pilotos-de-lufthansa-planean-una-huelga-de-dos-dias\/","url":"https:\/\/loginfo24.com\/es\/2026\/03\/11\/los-pilotos-de-lufthansa-planean-una-huelga-de-dos-dias\/","name":"Los pilotos de Lufthansa planean una huelga de dos d\u00edas - Loginfo24","isPartOf":{"@id":"https:\/\/loginfo24.com\/es\/#website"},"primaryImageOfPage":{"@id":"https:\/\/loginfo24.com\/es\/2026\/03\/11\/los-pilotos-de-lufthansa-planean-una-huelga-de-dos-dias\/#primaryimage"},"image":{"@id":"https:\/\/loginfo24.com\/es\/2026\/03\/11\/los-pilotos-de-lufthansa-planean-una-huelga-de-dos-dias\/#primaryimage"},"thumbnailUrl":"https:\/\/loginfo24.com\/wp-content\/uploads\/sites\/7\/2026\/03\/NEW_A321F_B777F_Lateral_PPT_Min-scaled-aspect-ratio-1400-788-2.jpg","datePublished":"2026-03-11T14:31:19+00:00","dateModified":"2026-03-11T14:47:13+00:00","breadcrumb":{"@id":"https:\/\/loginfo24.com\/es\/2026\/03\/11\/los-pilotos-de-lufthansa-planean-una-huelga-de-dos-dias\/#breadcrumb"},"inLanguage":"es","potentialAction":[{"@type":"ReadAction","target":["https:\/\/loginfo24.com\/es\/2026\/03\/11\/los-pilotos-de-lufthansa-planean-una-huelga-de-dos-dias\/"]}]},{"@type":"ImageObject","inLanguage":"es","@id":"https:\/\/loginfo24.com\/es\/2026\/03\/11\/los-pilotos-de-lufthansa-planean-una-huelga-de-dos-dias\/#primaryimage","url":"https:\/\/loginfo24.com\/wp-content\/uploads\/sites\/7\/2026\/03\/NEW_A321F_B777F_Lateral_PPT_Min-scaled-aspect-ratio-1400-788-2.jpg","contentUrl":"https:\/\/loginfo24.com\/wp-content\/uploads\/sites\/7\/2026\/03\/NEW_A321F_B777F_Lateral_PPT_Min-scaled-aspect-ratio-1400-788-2.jpg","width":2471,"height":1391},{"@type":"BreadcrumbList","@id":"https:\/\/loginfo24.com\/es\/2026\/03\/11\/los-pilotos-de-lufthansa-planean-una-huelga-de-dos-dias\/#breadcrumb","itemListElement":[{"@type":"ListItem","position":1,"name":"Startseite","item":"https:\/\/loginfo24.com\/es\/"},{"@type":"ListItem","position":2,"name":"Los pilotos de Lufthansa planean una huelga de dos d\u00edas"}]},{"@type":"WebSite","@id":"https:\/\/loginfo24.com\/es\/#website","url":"https:\/\/loginfo24.com\/es\/","name":"Loginfo24","description":"Loginfo24 es la plataforma dedicada a la log\u00edstica y las cadenas de suministro con informaci\u00f3n las 24 horas del d\u00eda.","publisher":{"@id":"https:\/\/loginfo24.com\/es\/#organization"},"potentialAction":[{"@type":"SearchAction","target":{"@type":"EntryPoint","urlTemplate":"https:\/\/loginfo24.com\/es\/?s={search_term_string}"},"query-input":{"@type":"PropertyValueSpecification","valueRequired":true,"valueName":"search_term_string"}}],"inLanguage":"es"},{"@type":"Organization","@id":"https:\/\/loginfo24.com\/es\/#organization","name":"Grupo Logismedia AG","url":"https:\/\/loginfo24.com\/es\/","logo":{"@type":"ImageObject","inLanguage":"es","@id":"https:\/\/loginfo24.com\/es\/#\/schema\/logo\/image\/","url":"https:\/\/loginfo24.com\/wp-content\/uploads\/sites\/7\/2026\/01\/Logo_LogInfo24.png","contentUrl":"https:\/\/loginfo24.com\/wp-content\/uploads\/sites\/7\/2026\/01\/Logo_LogInfo24.png","width":938,"height":351,"caption":"Grupo Logismedia AG"},"image":{"@id":"https:\/\/loginfo24.com\/es\/#\/schema\/logo\/image\/"},"sameAs":["https:\/\/www.facebook.com\/people\/Loginfo24\/100057360583332\/","https:\/\/www.linkedin.com\/company\/lofinfo24\/"]},{"@type":"Person","@id":"https:\/\/loginfo24.com\/es\/#\/schema\/person\/13a9fc605c753db60ef7750a229cd042","name":"Gyan Sharan","url":"https:\/\/loginfo24.com\/es\/author\/gyan\/"}]}},"_links":{"self":[{"href":"https:\/\/loginfo24.com\/es\/wp-json\/wp\/v2\/posts\/76463","targetHints":{"allow":["GET"]}}],"collection":[{"href":"https:\/\/loginfo24.com\/es\/wp-json\/wp\/v2\/posts"}],"about":[{"href":"https:\/\/loginfo24.com\/es\/wp-json\/wp\/v2\/types\/post"}],"author":[{"embeddable":true,"href":"https:\/\/loginfo24.com\/es\/wp-json\/wp\/v2\/users\/14"}],"replies":[{"embeddable":true,"href":"https:\/\/loginfo24.com\/es\/wp-json\/wp\/v2\/comments?post=76463"}],"version-history":[{"count":2,"href":"https:\/\/loginfo24.com\/es\/wp-json\/wp\/v2\/posts\/76463\/revisions"}],"predecessor-version":[{"id":76477,"href":"https:\/\/loginfo24.com\/es\/wp-json\/wp\/v2\/posts\/76463\/revisions\/76477"}],"wp:featuredmedia":[{"embeddable":true,"href":"https:\/\/loginfo24.com\/es\/wp-json\/wp\/v2\/media\/76460"}],"wp:attachment":[{"href":"https:\/\/loginfo24.com\/es\/wp-json\/wp\/v2\/media?parent=76463"}],"wp:term":[{"taxonomy":"category","embeddable":true,"href":"https:\/\/loginfo24.com\/es\/wp-json\/wp\/v2\/categories?post=76463"},{"taxonomy":"post_tag","embeddable":true,"href":"https:\/\/loginfo24.com\/es\/wp-json\/wp\/v2\/tags?post=76463"}],"curies":[{"name":"wp","href":"https:\/\/api.w.org\/{rel}","templated":true}]}}