{"id":76455,"date":"2026-03-11T13:29:34","date_gmt":"2026-03-11T13:29:34","guid":{"rendered":"https:\/\/loginfo24.com\/2026\/03\/11\/nagel-group-abre-centro-logistico-en-poznan\/"},"modified":"2026-03-12T10:21:57","modified_gmt":"2026-03-12T09:21:57","slug":"nagel-group-abre-centro-logistico-en-poznan","status":"publish","type":"post","link":"https:\/\/loginfo24.com\/es\/2026\/03\/11\/nagel-group-abre-centro-logistico-en-poznan\/","title":{"rendered":"Nagel-Group abre centro log\u00edstico en Pozna\u0144"},"content":{"rendered":"<p>El operador log\u00edstico de alimentos Nagel-Group planea la apertura de un nuevo centro log\u00edstico central cerca de Pozna\u0144, Polonia. La construcci\u00f3n del centro log\u00edstico a medida es parte de una estrategia integral para la consolidaci\u00f3n y el aumento de la eficiencia, prevista para la primera mitad de 2027. En el marco de este proyecto, se fusionar\u00e1n cuatro ubicaciones existentes para crear un nodo operativo central.<\/p>\n<h3>Consolidaci\u00f3n para aumentar la eficiencia<\/h3>\n<p>El nuevo centro log\u00edstico se construir\u00e1 en el Panattoni Park Pozna\u0144 East III. El desarrollador Panattoni est\u00e1 llevando a cabo una propiedad moderna con una superficie total de aproximadamente 46,000 m\u00b2. Esta nueva instalaci\u00f3n funcionar\u00e1 como el sitio operativo central de Nagel-Group en Polonia. La fusi\u00f3n de los actuales almacenes en Diamentowa, Kolumba, Robakowo y Wi\u015bniowa en una nueva ubicaci\u00f3n tiene como objetivo aumentar la eficiencia operativa y, al mismo tiempo, ofrecer rutas cortas y un entorno de trabajo moderno para los empleados.<\/p>\n<p>La nueva sucursal se caracteriza por una excelente conexi\u00f3n con las autopistas A2 y S5. Marek Dobrzycki, socio de Panattoni, enfatiza: \u201cEl proyecto BTS de Nagel-Group en Pozna\u0144 representa el siguiente cap\u00edtulo en nuestra larga asociaci\u00f3n, que ha crecido paralelamente a las actividades en expansi\u00f3n de nuestro socio en Polonia.\u201d<\/p>\n<h3>Espacios log\u00edsticos modernos para diferentes rangos de temperatura<\/h3>\n<p>El nuevo centro log\u00edstico contar\u00e1 con casi 42,000 m\u00b2 de espacio de almacenamiento y alrededor de 4,500 m\u00b2 de espacio de oficina, cubriendo todos los requisitos de control de temperatura de la log\u00edstica de alimentos. Esto incluye \u00e1reas para productos ultrafrescos (0-2\/0-4 \u00b0C), frescos (4-7 \u00b0C) y a temperatura ambiente (16-18 \u00b0C), respaldadas por modernos sistemas de control de temperatura. Adem\u00e1s, la instalaci\u00f3n contar\u00e1 con un \u00e1rea de Cross-Dock de aproximadamente 11,000 m\u00b2 y 66 muelles de carga. En total, habr\u00e1 300 plazas de aparcamiento para coches y 120 para camiones.<\/p>\n<p>El proyecto cumple con altos requisitos de sostenibilidad y est\u00e1 certificado seg\u00fan el est\u00e1ndar BREEAM en el nivel &#8222;Excellent&#8220;.<\/p>\n<h3>Importancia estrat\u00e9gica de Pozna\u0144<\/h3>\n<p>Andr\u00e9 Pleines, Director Ejecutivo de Bienes Ra\u00edces de Nagel-Group, destaca: \u201cCon la nueva ubicaci\u00f3n en Pozna\u0144, establecemos la base para un crecimiento sostenible adicional en Polonia. La consolidaci\u00f3n de cuatro sucursales existentes en una instalaci\u00f3n log\u00edstica moderna y \u00f3ptimamente conectada aumenta nuestra eficiencia y fortalece nuestro rendimiento operativo.\u201d Pozna\u0144 se convierte as\u00ed en una parte central de la red nacional y europea de Nagel-Group.<\/p>\n<p>El mercado log\u00edstico en Pozna\u0144 ha sido uno de los m\u00e1s din\u00e1micos en Polonia durante a\u00f1os. La excelente infraestructura, la proximidad a importantes v\u00edas de transporte y el acceso a mano de obra calificada hacen de la regi\u00f3n un lugar estrat\u00e9gicamente importante en el mapa log\u00edstico europeo.<\/p>\n<p>&nbsp;<\/p>\n<p><a href=\"https:\/\/www.nagel-group.com\/\" target=\"_blank\" rel=\"noopener noreferrer\">www.nagel-group.com<\/a><\/p>\n<p>&nbsp;<\/p>\n","protected":false},"excerpt":{"rendered":"<p>La Nagel-Group abrir\u00e1 un moderno centro log\u00edstico en Pozna\u0144 para consolidar cuatro ubicaciones y aumentar la eficiencia operativa.<\/p>\n","protected":false},"author":12,"featured_media":76452,"comment_status":"open","ping_status":"","sticky":false,"template":"","format":"standard","meta":{"_acf_changed":false,"footnotes":""},"categories":[6655,6679,1605],"tags":[3268,13788,13789,13790,13791,13792,13793,13794,13795,13796,13797,13798,13799,13800,13801,7023,4232,3274,3275,13802,13803,13804,13805,13806,13807,13808,13809,13810,13811,13812,13813,13814,13815,13816,13817,13818,13819,13820,13821,5112,4257,5738,13822,13823,13824,13825,13826,5119,13827,13828,5120,13829,13830,13831,13832,8651],"class_list":["post-76455","post","type-post","status-publish","format-standard","has-post-thumbnail","hentry","category-alemania","category-europa","category-expedicion-y-logistica","tag-amelioration-de-lefficacite-logistique","tag-autobahn-a2","tag-autobahn-s5","tag-autoroute-a2","tag-autoroute-s5","tag-bien-etre-des-employes-logistique","tag-breeam-certified","tag-breeam-zertifiziert","tag-central-logistics-locations","tag-centre-logistique-poznan","tag-certifie-breeam","tag-consolidation-de-sites","tag-consolidation-of-sites","tag-cross-dock-area","tag-cross-dock-flaeche","tag-deutsch-nagel-group","tag-efficacite-operationnelle","tag-efficiency-improvement-logistics","tag-effizienzsteigerung-logistik","tag-emplacements-logistiques-centraux","tag-emplacements-logistiques-strategiques","tag-employee-well-being-logistics","tag-food-logistics-europe","tag-highway-a2","tag-highway-s5","tag-konsolidierung-von-standorten","tag-lebensmittellogistik-europa","tag-logistics-center-poznan","tag-logistics-market-poznan","tag-logistics-service-providers-poland","tag-logistikdienstleister-polen","tag-logistikmarkt-poznan","tag-logistikzentrum-poznan","tag-logistique-alimentaire-europe","tag-main-doeuvre-qualifiee","tag-marche-logistique-poznan","tag-mitarbeiterwohlbefinden-logistik","tag-modern-logistics-properties","tag-moderne-logistikimmobilien","tag-nachhaltige-logistikloesungen","tag-operational-efficiency","tag-operative-effizienz","tag-panattoni-park-poznan","tag-prestataires-logistiques-pologne","tag-proprietes-logistiques-modernes","tag-qualified-workforce-francais-nagel-group","tag-qualifizierte-arbeitskraefte-english-nagel-group","tag-solutions-logistiques-durables","tag-strategic-logistics-locations","tag-strategische-logistikstandorte","tag-sustainable-logistics-solutions","tag-temperature-controlled-storage-areas","tag-temperaturkontrollierte-lagerflaechen","tag-zentrale-logistikstandorte","tag-zone-de-cross-dock","tag-zones-de-stockage-a-temperature-controlee"],"acf":[],"yoast_head":"<!-- This site is optimized with the Yoast SEO plugin v27.3 - https:\/\/yoast.com\/product\/yoast-seo-wordpress\/ -->\n<title>Nagel-Group abre centro log\u00edstico en Pozna\u0144 - Loginfo24<\/title>\n<meta name=\"robots\" content=\"index, follow, max-snippet:-1, max-image-preview:large, max-video-preview:-1\" \/>\n<link rel=\"canonical\" href=\"https:\/\/loginfo24.com\/es\/2026\/03\/11\/nagel-group-abre-centro-logistico-en-poznan\/\" \/>\n<meta property=\"og:locale\" content=\"es_ES\" \/>\n<meta property=\"og:type\" content=\"article\" \/>\n<meta property=\"og:title\" content=\"Nagel-Group abre centro log\u00edstico en Pozna\u0144 - Loginfo24\" \/>\n<meta property=\"og:description\" content=\"La Nagel-Group abrir\u00e1 un moderno centro log\u00edstico en Pozna\u0144 para consolidar cuatro ubicaciones y aumentar la eficiencia operativa.\" \/>\n<meta property=\"og:url\" content=\"https:\/\/loginfo24.com\/es\/2026\/03\/11\/nagel-group-abre-centro-logistico-en-poznan\/\" \/>\n<meta property=\"og:site_name\" content=\"Loginfo24\" \/>\n<meta property=\"article:publisher\" content=\"https:\/\/www.facebook.com\/people\/Loginfo24\/100057360583332\/\" \/>\n<meta property=\"article:published_time\" content=\"2026-03-11T13:29:34+00:00\" \/>\n<meta property=\"article:modified_time\" content=\"2026-03-12T09:21:57+00:00\" \/>\n<meta property=\"og:image\" content=\"https:\/\/loginfo24.com\/wp-content\/uploads\/sites\/7\/2026\/03\/PM_Nagel-Group_-Logistik-Hub-in-Poznan-1536x926-1-aspect-ratio-1400-788.jpg\" \/>\n\t<meta property=\"og:image:width\" content=\"1391\" \/>\n\t<meta property=\"og:image:height\" content=\"783\" \/>\n\t<meta property=\"og:image:type\" content=\"image\/jpeg\" \/>\n<meta name=\"author\" content=\"Andreas Haug\" \/>\n<meta name=\"twitter:card\" content=\"summary_large_image\" \/>\n<meta name=\"twitter:label1\" content=\"Escrito por\" \/>\n\t<meta name=\"twitter:data1\" content=\"Andreas Haug\" \/>\n\t<meta name=\"twitter:label2\" content=\"Tiempo de lectura\" \/>\n\t<meta name=\"twitter:data2\" content=\"2 minuto\" \/>\n<script type=\"application\/ld+json\" class=\"yoast-schema-graph\">{\"@context\":\"https:\\\/\\\/schema.org\",\"@graph\":[{\"@type\":\"Article\",\"@id\":\"https:\\\/\\\/loginfo24.com\\\/es\\\/2026\\\/03\\\/11\\\/nagel-group-abre-centro-logistico-en-poznan\\\/#article\",\"isPartOf\":{\"@id\":\"https:\\\/\\\/loginfo24.com\\\/es\\\/2026\\\/03\\\/11\\\/nagel-group-abre-centro-logistico-en-poznan\\\/\"},\"author\":{\"name\":\"Andreas Haug\",\"@id\":\"https:\\\/\\\/loginfo24.com\\\/es\\\/#\\\/schema\\\/person\\\/cf538b3157f15afd7589245a4b3dbd25\"},\"headline\":\"Nagel-Group abre centro log\u00edstico en Pozna\u0144\",\"datePublished\":\"2026-03-11T13:29:34+00:00\",\"dateModified\":\"2026-03-12T09:21:57+00:00\",\"mainEntityOfPage\":{\"@id\":\"https:\\\/\\\/loginfo24.com\\\/es\\\/2026\\\/03\\\/11\\\/nagel-group-abre-centro-logistico-en-poznan\\\/\"},\"wordCount\":478,\"commentCount\":0,\"publisher\":{\"@id\":\"https:\\\/\\\/loginfo24.com\\\/es\\\/#organization\"},\"image\":{\"@id\":\"https:\\\/\\\/loginfo24.com\\\/es\\\/2026\\\/03\\\/11\\\/nagel-group-abre-centro-logistico-en-poznan\\\/#primaryimage\"},\"thumbnailUrl\":\"https:\\\/\\\/loginfo24.com\\\/wp-content\\\/uploads\\\/sites\\\/7\\\/2026\\\/03\\\/PM_Nagel-Group_-Logistik-Hub-in-Poznan-1536x926-1-aspect-ratio-1400-788.jpg\",\"keywords\":[\"am\u00e9lioration de l'efficacit\u00e9 logistique\",\"Autobahn A2\",\"Autobahn S5\",\"autoroute A2\",\"autoroute S5\",\"bien-\u00eatre des employ\u00e9s logistique\",\"BREEAM certified\",\"BREEAM zertifiziert\",\"central logistics locations\",\"centre logistique Pozna\u0144\",\"certifi\u00e9 BREEAM\",\"consolidation de sites\",\"consolidation of sites\",\"cross-dock area\",\"Cross-Dock-Fl\u00e4che\",\"Deutsch Nagel-Group\",\"efficacit\u00e9 op\u00e9rationnelle\",\"efficiency improvement logistics\",\"Effizienzsteigerung Logistik\",\"emplacements logistiques centraux\",\"emplacements logistiques strat\u00e9giques\",\"employee well-being logistics\",\"food logistics Europe\",\"highway A2\",\"highway S5\",\"Konsolidierung von Standorten\",\"Lebensmittellogistik Europa\",\"logistics center Pozna\u0144\",\"logistics market Pozna\u0144\",\"logistics service providers Poland\",\"Logistikdienstleister Polen\",\"Logistikmarkt Pozna\u0144\",\"Logistikzentrum Pozna\u0144\",\"logistique alimentaire Europe\",\"main-d'\u0153uvre qualifi\u00e9e\",\"march\u00e9 logistique Pozna\u0144\",\"Mitarbeiterwohlbefinden Logistik\",\"modern logistics properties\",\"moderne Logistikimmobilien\",\"nachhaltige Logistikl\u00f6sungen\",\"operational efficiency\",\"operative Effizienz\",\"Panattoni Park Pozna\u0144\",\"prestataires logistiques Pologne\",\"propri\u00e9t\u00e9s logistiques modernes\",\"qualified workforce Fran\u00e7ais Nagel-Group\",\"qualifizierte Arbeitskr\u00e4fte English Nagel-Group\",\"solutions logistiques durables\",\"strategic logistics locations\",\"strategische Logistikstandorte\",\"sustainable logistics solutions\",\"temperature-controlled storage areas\",\"temperaturkontrollierte Lagerfl\u00e4chen\",\"zentrale Logistikstandorte\",\"zone de cross-dock\",\"zones de stockage \u00e0 temp\u00e9rature contr\u00f4l\u00e9e\"],\"articleSection\":[\"Alemania\",\"Europa\",\"Transporte de mercanc\u00edas y log\u00edstica\"],\"inLanguage\":\"es\",\"potentialAction\":[{\"@type\":\"CommentAction\",\"name\":\"Comment\",\"target\":[\"https:\\\/\\\/loginfo24.com\\\/es\\\/2026\\\/03\\\/11\\\/nagel-group-abre-centro-logistico-en-poznan\\\/#respond\"]}]},{\"@type\":\"WebPage\",\"@id\":\"https:\\\/\\\/loginfo24.com\\\/es\\\/2026\\\/03\\\/11\\\/nagel-group-abre-centro-logistico-en-poznan\\\/\",\"url\":\"https:\\\/\\\/loginfo24.com\\\/es\\\/2026\\\/03\\\/11\\\/nagel-group-abre-centro-logistico-en-poznan\\\/\",\"name\":\"Nagel-Group abre centro log\u00edstico en Pozna\u0144 - Loginfo24\",\"isPartOf\":{\"@id\":\"https:\\\/\\\/loginfo24.com\\\/es\\\/#website\"},\"primaryImageOfPage\":{\"@id\":\"https:\\\/\\\/loginfo24.com\\\/es\\\/2026\\\/03\\\/11\\\/nagel-group-abre-centro-logistico-en-poznan\\\/#primaryimage\"},\"image\":{\"@id\":\"https:\\\/\\\/loginfo24.com\\\/es\\\/2026\\\/03\\\/11\\\/nagel-group-abre-centro-logistico-en-poznan\\\/#primaryimage\"},\"thumbnailUrl\":\"https:\\\/\\\/loginfo24.com\\\/wp-content\\\/uploads\\\/sites\\\/7\\\/2026\\\/03\\\/PM_Nagel-Group_-Logistik-Hub-in-Poznan-1536x926-1-aspect-ratio-1400-788.jpg\",\"datePublished\":\"2026-03-11T13:29:34+00:00\",\"dateModified\":\"2026-03-12T09:21:57+00:00\",\"breadcrumb\":{\"@id\":\"https:\\\/\\\/loginfo24.com\\\/es\\\/2026\\\/03\\\/11\\\/nagel-group-abre-centro-logistico-en-poznan\\\/#breadcrumb\"},\"inLanguage\":\"es\",\"potentialAction\":[{\"@type\":\"ReadAction\",\"target\":[\"https:\\\/\\\/loginfo24.com\\\/es\\\/2026\\\/03\\\/11\\\/nagel-group-abre-centro-logistico-en-poznan\\\/\"]}]},{\"@type\":\"ImageObject\",\"inLanguage\":\"es\",\"@id\":\"https:\\\/\\\/loginfo24.com\\\/es\\\/2026\\\/03\\\/11\\\/nagel-group-abre-centro-logistico-en-poznan\\\/#primaryimage\",\"url\":\"https:\\\/\\\/loginfo24.com\\\/wp-content\\\/uploads\\\/sites\\\/7\\\/2026\\\/03\\\/PM_Nagel-Group_-Logistik-Hub-in-Poznan-1536x926-1-aspect-ratio-1400-788.jpg\",\"contentUrl\":\"https:\\\/\\\/loginfo24.com\\\/wp-content\\\/uploads\\\/sites\\\/7\\\/2026\\\/03\\\/PM_Nagel-Group_-Logistik-Hub-in-Poznan-1536x926-1-aspect-ratio-1400-788.jpg\",\"width\":1391,\"height\":783},{\"@type\":\"BreadcrumbList\",\"@id\":\"https:\\\/\\\/loginfo24.com\\\/es\\\/2026\\\/03\\\/11\\\/nagel-group-abre-centro-logistico-en-poznan\\\/#breadcrumb\",\"itemListElement\":[{\"@type\":\"ListItem\",\"position\":1,\"name\":\"Startseite\",\"item\":\"https:\\\/\\\/loginfo24.com\\\/es\\\/\"},{\"@type\":\"ListItem\",\"position\":2,\"name\":\"Nagel-Group abre centro log\u00edstico en Pozna\u0144\"}]},{\"@type\":\"WebSite\",\"@id\":\"https:\\\/\\\/loginfo24.com\\\/es\\\/#website\",\"url\":\"https:\\\/\\\/loginfo24.com\\\/es\\\/\",\"name\":\"Loginfo24\",\"description\":\"Loginfo24 es la plataforma dedicada a la log\u00edstica y las cadenas de suministro con informaci\u00f3n las 24 horas del d\u00eda.\",\"publisher\":{\"@id\":\"https:\\\/\\\/loginfo24.com\\\/es\\\/#organization\"},\"potentialAction\":[{\"@type\":\"SearchAction\",\"target\":{\"@type\":\"EntryPoint\",\"urlTemplate\":\"https:\\\/\\\/loginfo24.com\\\/es\\\/?s={search_term_string}\"},\"query-input\":{\"@type\":\"PropertyValueSpecification\",\"valueRequired\":true,\"valueName\":\"search_term_string\"}}],\"inLanguage\":\"es\"},{\"@type\":\"Organization\",\"@id\":\"https:\\\/\\\/loginfo24.com\\\/es\\\/#organization\",\"name\":\"Grupo Logismedia AG\",\"url\":\"https:\\\/\\\/loginfo24.com\\\/es\\\/\",\"logo\":{\"@type\":\"ImageObject\",\"inLanguage\":\"es\",\"@id\":\"https:\\\/\\\/loginfo24.com\\\/es\\\/#\\\/schema\\\/logo\\\/image\\\/\",\"url\":\"https:\\\/\\\/loginfo24.com\\\/wp-content\\\/uploads\\\/sites\\\/7\\\/2026\\\/01\\\/Logo_LogInfo24.png\",\"contentUrl\":\"https:\\\/\\\/loginfo24.com\\\/wp-content\\\/uploads\\\/sites\\\/7\\\/2026\\\/01\\\/Logo_LogInfo24.png\",\"width\":938,\"height\":351,\"caption\":\"Grupo Logismedia AG\"},\"image\":{\"@id\":\"https:\\\/\\\/loginfo24.com\\\/es\\\/#\\\/schema\\\/logo\\\/image\\\/\"},\"sameAs\":[\"https:\\\/\\\/www.facebook.com\\\/people\\\/Loginfo24\\\/100057360583332\\\/\",\"https:\\\/\\\/www.linkedin.com\\\/company\\\/lofinfo24\\\/\"]},{\"@type\":\"Person\",\"@id\":\"https:\\\/\\\/loginfo24.com\\\/es\\\/#\\\/schema\\\/person\\\/cf538b3157f15afd7589245a4b3dbd25\",\"name\":\"Andreas Haug\",\"url\":\"https:\\\/\\\/loginfo24.com\\\/es\\\/author\\\/andreas\\\/\"}]}<\/script>\n<!-- \/ Yoast SEO plugin. -->","yoast_head_json":{"title":"Nagel-Group abre centro log\u00edstico en Pozna\u0144 - Loginfo24","robots":{"index":"index","follow":"follow","max-snippet":"max-snippet:-1","max-image-preview":"max-image-preview:large","max-video-preview":"max-video-preview:-1"},"canonical":"https:\/\/loginfo24.com\/es\/2026\/03\/11\/nagel-group-abre-centro-logistico-en-poznan\/","og_locale":"es_ES","og_type":"article","og_title":"Nagel-Group abre centro log\u00edstico en Pozna\u0144 - Loginfo24","og_description":"La Nagel-Group abrir\u00e1 un moderno centro log\u00edstico en Pozna\u0144 para consolidar cuatro ubicaciones y aumentar la eficiencia operativa.","og_url":"https:\/\/loginfo24.com\/es\/2026\/03\/11\/nagel-group-abre-centro-logistico-en-poznan\/","og_site_name":"Loginfo24","article_publisher":"https:\/\/www.facebook.com\/people\/Loginfo24\/100057360583332\/","article_published_time":"2026-03-11T13:29:34+00:00","article_modified_time":"2026-03-12T09:21:57+00:00","og_image":[{"width":1391,"height":783,"url":"https:\/\/loginfo24.com\/wp-content\/uploads\/sites\/7\/2026\/03\/PM_Nagel-Group_-Logistik-Hub-in-Poznan-1536x926-1-aspect-ratio-1400-788.jpg","type":"image\/jpeg"}],"author":"Andreas Haug","twitter_card":"summary_large_image","twitter_misc":{"Escrito por":"Andreas Haug","Tiempo de lectura":"2 minuto"},"schema":{"@context":"https:\/\/schema.org","@graph":[{"@type":"Article","@id":"https:\/\/loginfo24.com\/es\/2026\/03\/11\/nagel-group-abre-centro-logistico-en-poznan\/#article","isPartOf":{"@id":"https:\/\/loginfo24.com\/es\/2026\/03\/11\/nagel-group-abre-centro-logistico-en-poznan\/"},"author":{"name":"Andreas Haug","@id":"https:\/\/loginfo24.com\/es\/#\/schema\/person\/cf538b3157f15afd7589245a4b3dbd25"},"headline":"Nagel-Group abre centro log\u00edstico en Pozna\u0144","datePublished":"2026-03-11T13:29:34+00:00","dateModified":"2026-03-12T09:21:57+00:00","mainEntityOfPage":{"@id":"https:\/\/loginfo24.com\/es\/2026\/03\/11\/nagel-group-abre-centro-logistico-en-poznan\/"},"wordCount":478,"commentCount":0,"publisher":{"@id":"https:\/\/loginfo24.com\/es\/#organization"},"image":{"@id":"https:\/\/loginfo24.com\/es\/2026\/03\/11\/nagel-group-abre-centro-logistico-en-poznan\/#primaryimage"},"thumbnailUrl":"https:\/\/loginfo24.com\/wp-content\/uploads\/sites\/7\/2026\/03\/PM_Nagel-Group_-Logistik-Hub-in-Poznan-1536x926-1-aspect-ratio-1400-788.jpg","keywords":["am\u00e9lioration de l'efficacit\u00e9 logistique","Autobahn A2","Autobahn S5","autoroute A2","autoroute S5","bien-\u00eatre des employ\u00e9s logistique","BREEAM certified","BREEAM zertifiziert","central logistics locations","centre logistique Pozna\u0144","certifi\u00e9 BREEAM","consolidation de sites","consolidation of sites","cross-dock area","Cross-Dock-Fl\u00e4che","Deutsch Nagel-Group","efficacit\u00e9 op\u00e9rationnelle","efficiency improvement logistics","Effizienzsteigerung Logistik","emplacements logistiques centraux","emplacements logistiques strat\u00e9giques","employee well-being logistics","food logistics Europe","highway A2","highway S5","Konsolidierung von Standorten","Lebensmittellogistik Europa","logistics center Pozna\u0144","logistics market Pozna\u0144","logistics service providers Poland","Logistikdienstleister Polen","Logistikmarkt Pozna\u0144","Logistikzentrum Pozna\u0144","logistique alimentaire Europe","main-d'\u0153uvre qualifi\u00e9e","march\u00e9 logistique Pozna\u0144","Mitarbeiterwohlbefinden Logistik","modern logistics properties","moderne Logistikimmobilien","nachhaltige Logistikl\u00f6sungen","operational efficiency","operative Effizienz","Panattoni Park Pozna\u0144","prestataires logistiques Pologne","propri\u00e9t\u00e9s logistiques modernes","qualified workforce Fran\u00e7ais Nagel-Group","qualifizierte Arbeitskr\u00e4fte English Nagel-Group","solutions logistiques durables","strategic logistics locations","strategische Logistikstandorte","sustainable logistics solutions","temperature-controlled storage areas","temperaturkontrollierte Lagerfl\u00e4chen","zentrale Logistikstandorte","zone de cross-dock","zones de stockage \u00e0 temp\u00e9rature contr\u00f4l\u00e9e"],"articleSection":["Alemania","Europa","Transporte de mercanc\u00edas y log\u00edstica"],"inLanguage":"es","potentialAction":[{"@type":"CommentAction","name":"Comment","target":["https:\/\/loginfo24.com\/es\/2026\/03\/11\/nagel-group-abre-centro-logistico-en-poznan\/#respond"]}]},{"@type":"WebPage","@id":"https:\/\/loginfo24.com\/es\/2026\/03\/11\/nagel-group-abre-centro-logistico-en-poznan\/","url":"https:\/\/loginfo24.com\/es\/2026\/03\/11\/nagel-group-abre-centro-logistico-en-poznan\/","name":"Nagel-Group abre centro log\u00edstico en Pozna\u0144 - Loginfo24","isPartOf":{"@id":"https:\/\/loginfo24.com\/es\/#website"},"primaryImageOfPage":{"@id":"https:\/\/loginfo24.com\/es\/2026\/03\/11\/nagel-group-abre-centro-logistico-en-poznan\/#primaryimage"},"image":{"@id":"https:\/\/loginfo24.com\/es\/2026\/03\/11\/nagel-group-abre-centro-logistico-en-poznan\/#primaryimage"},"thumbnailUrl":"https:\/\/loginfo24.com\/wp-content\/uploads\/sites\/7\/2026\/03\/PM_Nagel-Group_-Logistik-Hub-in-Poznan-1536x926-1-aspect-ratio-1400-788.jpg","datePublished":"2026-03-11T13:29:34+00:00","dateModified":"2026-03-12T09:21:57+00:00","breadcrumb":{"@id":"https:\/\/loginfo24.com\/es\/2026\/03\/11\/nagel-group-abre-centro-logistico-en-poznan\/#breadcrumb"},"inLanguage":"es","potentialAction":[{"@type":"ReadAction","target":["https:\/\/loginfo24.com\/es\/2026\/03\/11\/nagel-group-abre-centro-logistico-en-poznan\/"]}]},{"@type":"ImageObject","inLanguage":"es","@id":"https:\/\/loginfo24.com\/es\/2026\/03\/11\/nagel-group-abre-centro-logistico-en-poznan\/#primaryimage","url":"https:\/\/loginfo24.com\/wp-content\/uploads\/sites\/7\/2026\/03\/PM_Nagel-Group_-Logistik-Hub-in-Poznan-1536x926-1-aspect-ratio-1400-788.jpg","contentUrl":"https:\/\/loginfo24.com\/wp-content\/uploads\/sites\/7\/2026\/03\/PM_Nagel-Group_-Logistik-Hub-in-Poznan-1536x926-1-aspect-ratio-1400-788.jpg","width":1391,"height":783},{"@type":"BreadcrumbList","@id":"https:\/\/loginfo24.com\/es\/2026\/03\/11\/nagel-group-abre-centro-logistico-en-poznan\/#breadcrumb","itemListElement":[{"@type":"ListItem","position":1,"name":"Startseite","item":"https:\/\/loginfo24.com\/es\/"},{"@type":"ListItem","position":2,"name":"Nagel-Group abre centro log\u00edstico en Pozna\u0144"}]},{"@type":"WebSite","@id":"https:\/\/loginfo24.com\/es\/#website","url":"https:\/\/loginfo24.com\/es\/","name":"Loginfo24","description":"Loginfo24 es la plataforma dedicada a la log\u00edstica y las cadenas de suministro con informaci\u00f3n las 24 horas del d\u00eda.","publisher":{"@id":"https:\/\/loginfo24.com\/es\/#organization"},"potentialAction":[{"@type":"SearchAction","target":{"@type":"EntryPoint","urlTemplate":"https:\/\/loginfo24.com\/es\/?s={search_term_string}"},"query-input":{"@type":"PropertyValueSpecification","valueRequired":true,"valueName":"search_term_string"}}],"inLanguage":"es"},{"@type":"Organization","@id":"https:\/\/loginfo24.com\/es\/#organization","name":"Grupo Logismedia AG","url":"https:\/\/loginfo24.com\/es\/","logo":{"@type":"ImageObject","inLanguage":"es","@id":"https:\/\/loginfo24.com\/es\/#\/schema\/logo\/image\/","url":"https:\/\/loginfo24.com\/wp-content\/uploads\/sites\/7\/2026\/01\/Logo_LogInfo24.png","contentUrl":"https:\/\/loginfo24.com\/wp-content\/uploads\/sites\/7\/2026\/01\/Logo_LogInfo24.png","width":938,"height":351,"caption":"Grupo Logismedia AG"},"image":{"@id":"https:\/\/loginfo24.com\/es\/#\/schema\/logo\/image\/"},"sameAs":["https:\/\/www.facebook.com\/people\/Loginfo24\/100057360583332\/","https:\/\/www.linkedin.com\/company\/lofinfo24\/"]},{"@type":"Person","@id":"https:\/\/loginfo24.com\/es\/#\/schema\/person\/cf538b3157f15afd7589245a4b3dbd25","name":"Andreas Haug","url":"https:\/\/loginfo24.com\/es\/author\/andreas\/"}]}},"_links":{"self":[{"href":"https:\/\/loginfo24.com\/es\/wp-json\/wp\/v2\/posts\/76455","targetHints":{"allow":["GET"]}}],"collection":[{"href":"https:\/\/loginfo24.com\/es\/wp-json\/wp\/v2\/posts"}],"about":[{"href":"https:\/\/loginfo24.com\/es\/wp-json\/wp\/v2\/types\/post"}],"author":[{"embeddable":true,"href":"https:\/\/loginfo24.com\/es\/wp-json\/wp\/v2\/users\/12"}],"replies":[{"embeddable":true,"href":"https:\/\/loginfo24.com\/es\/wp-json\/wp\/v2\/comments?post=76455"}],"version-history":[{"count":1,"href":"https:\/\/loginfo24.com\/es\/wp-json\/wp\/v2\/posts\/76455\/revisions"}],"predecessor-version":[{"id":76524,"href":"https:\/\/loginfo24.com\/es\/wp-json\/wp\/v2\/posts\/76455\/revisions\/76524"}],"wp:featuredmedia":[{"embeddable":true,"href":"https:\/\/loginfo24.com\/es\/wp-json\/wp\/v2\/media\/76452"}],"wp:attachment":[{"href":"https:\/\/loginfo24.com\/es\/wp-json\/wp\/v2\/media?parent=76455"}],"wp:term":[{"taxonomy":"category","embeddable":true,"href":"https:\/\/loginfo24.com\/es\/wp-json\/wp\/v2\/categories?post=76455"},{"taxonomy":"post_tag","embeddable":true,"href":"https:\/\/loginfo24.com\/es\/wp-json\/wp\/v2\/tags?post=76455"}],"curies":[{"name":"wp","href":"https:\/\/api.w.org\/{rel}","templated":true}]}}