{"id":76181,"date":"2026-03-10T10:14:01","date_gmt":"2026-03-10T10:14:01","guid":{"rendered":"https:\/\/loginfo24.com\/2026\/03\/10\/hoelkemeier-construye-un-centro-logistico-para-melitta-en-kalldorf\/"},"modified":"2026-03-12T20:17:47","modified_gmt":"2026-03-12T19:17:47","slug":"hoelkemeier-construye-un-centro-logistico-para-melitta-en-kalldorf","status":"publish","type":"post","link":"https:\/\/loginfo24.com\/es\/2026\/03\/10\/hoelkemeier-construye-un-centro-logistico-para-melitta-en-kalldorf\/","title":{"rendered":"H\u00f6lkemeier construye un centro log\u00edstico para Melitta en Kalldorf"},"content":{"rendered":"<p>La empresa H\u00f6lkemeier Spedition GmbH ha anunciado la expansi\u00f3n de su red de ubicaciones en Renania del Norte-Westfalia. En el antiguo terreno de Meyra en el distrito de Kalldorf se construir\u00e1 un nuevo centro log\u00edstico. La filial del grupo Braker L.I.T. invertir\u00e1 junto con ESM Ertl Systemlogistik GmbH &amp; Co. KG alrededor de 20 millones de euros en la creaci\u00f3n de un almac\u00e9n central europeo para los productos de consumo del grupo Melitta.<\/p>\n<h3>Infraestructura planificada y puestos de trabajo<\/h3>\n<p>Antes del inicio de los trabajos de desmantelamiento en el \u00e1rea, ya se ha definido el uso futuro. El edificio administrativo existente ser\u00e1 demolido, mientras que el almac\u00e9n de estanter\u00edas altas y el almac\u00e9n existente adyacente, con una superficie de aproximadamente 18,000 m\u00b2, se conservar\u00e1n e integrar\u00e1n en el nuevo concepto log\u00edstico. Adem\u00e1s, se planean nuevos edificios con una superficie \u00fatil de alrededor de 19,000 m\u00b2.<\/p>\n<p>Con el nuevo centro log\u00edstico se crear\u00e1n aproximadamente 50 puestos de trabajo. Se buscan empleados en diferentes niveles de cualificaci\u00f3n, incluidos trabajadores comerciales para el almac\u00e9n, personal especializado en procesos log\u00edsticos y especialistas en TI.<\/p>\n<p>Lars H\u00f6lkemeier, director general de H\u00f6lkemeier Spedition GmbH y de ESM Ertl Systemlogistik GmbH &amp; Co. KG, se pronunci\u00f3 sobre los planes: &#8222;Con el nuevo centro log\u00edstico en Kalletal, estamos ampliando estrat\u00e9gicamente nuestra colaboraci\u00f3n con Melitta y centralizando los flujos de mercanc\u00edas a nivel europeo en una ubicaci\u00f3n central. Es importante para nosotros atraer a empleados cualificados de la regi\u00f3n. Las distancias cortas entre el lugar de residencia y el trabajo crean estabilidad y fortalecen la conexi\u00f3n con la ubicaci\u00f3n.&#8220;<\/p>\n<h3>Procesos log\u00edsticos eficientes y orientaci\u00f3n sostenible<\/h3>\n<p>El nuevo centro log\u00edstico estar\u00e1 dise\u00f1ado para un almacenamiento estructurado de mercanc\u00edas y una distribuci\u00f3n ajustada a la demanda. Las mercanc\u00edas se almacenar\u00e1n de forma central y se entregar\u00e1n de manera eficiente en paletas a los mercados europeos. A trav\u00e9s de flujos de mercanc\u00edas claramente planificados y procesos coordinados, se garantizar\u00e1 un funcionamiento operativo estable y bien controlable. Adem\u00e1s, el uso de camiones el\u00e9ctricos apoyar\u00e1 una log\u00edstica con bajas emisiones.<\/p>\n<p>La orientaci\u00f3n sostenible del proyecto se basa en inversiones anteriores del grupo empresarial. As\u00ed, el a\u00f1o pasado se puso en funcionamiento un nuevo edificio log\u00edstico en el Regioport de Minden con una completa instalaci\u00f3n de energ\u00eda fotovoltaica. All\u00ed ya se est\u00e1n utilizando camiones el\u00e9ctricos en el tr\u00e1fico de lanzadera.<\/p>\n<p>Julian Lachnitt, miembro del consejo de L.I.T. Gruppe, destac\u00f3 la importancia de la inversi\u00f3n: &#8222;La inversi\u00f3n en Kalletal subraya nuestra estrategia de crecimiento a largo plazo en la log\u00edstica de contratos. Con infraestructuras modernas, conceptos energ\u00e9ticamente eficientes y procesos controlados digitalmente, creamos la base para soluciones log\u00edsticas sostenibles y escalables en Europa. Al mismo tiempo, fortalecemos de manera espec\u00edfica nuestra presencia regional en Ostwestfalen-Lippe.&#8220;<\/p>\n<p>Con el nuevo almac\u00e9n central, el grupo L.I.T. ampl\u00eda sus capacidades en el \u00e1rea de log\u00edstica de productos de consumo y consolida su posici\u00f3n como socio de fabricantes de marcas internacionales.<\/p>\n<p><a href=\"http:\/\/www.lit.de\" target=\"_blank\" rel=\"noopener noreferrer\">www.lit.de<\/a><\/p>\n","protected":false},"excerpt":{"rendered":"<p>H\u00f6lkemeier Spedition GmbH est\u00e1 construyendo un nuevo centro log\u00edstico en Kalldorf, creando 50 puestos de trabajo e invirtiendo 20 millones de euros en la infraestructura.<\/p>\n","protected":false},"author":7,"featured_media":76178,"comment_status":"open","ping_status":"","sticky":false,"template":"","format":"standard","meta":{"_acf_changed":false,"footnotes":""},"categories":[6655,6679,1605],"tags":[13527,13528,13529,12087,12089,13530,13531,2355,2356,13532,13533,13534,13535,13536,13537,13538,13539,13540,2122,2123,13541,13542,7598,13543,13544,13545,12099,2373,13546,13547,13548,13549,13550,13551,13552,13553,13554,13555,13556,13557,2145,13558,13559,13560,13561,13562,13563,13564,2394,2106,13565,13566,9192,6545,13567,13568,13569],"class_list":["post-76181","post","type-post","status-publish","format-standard","has-post-thumbnail","hentry","category-alemania","category-europa","category-expedicion-y-logistica","tag-arbeitsplaetze-logistikzentrum","tag-camions-electriques-logistique","tag-centre-logistique-kalldorf","tag-contract-logistics-growth","tag-croissance-logistique-contractuelle","tag-deutsch-hoelkemeier-spedition","tag-developpement-des-infrastructures-kalletal","tag-digital-logistics-solutions","tag-digitale-logistikloesungen","tag-e-lkw-logistik","tag-electric-trucks-logistics","tag-emplois-centre-logistique","tag-energieeffiziente-logistik","tag-energy-efficient-logistics","tag-entreposage-europe","tag-entrepot-central-europeen","tag-europaeisches-zentrallager","tag-european-central-warehouse","tag-fachkraeftemangel-logistik","tag-gestion-de-la-chaine-dapprovisionnement","tag-groupe-melitta","tag-halles-logistiques-minden","tag-industrie-du-transport-allemagne","tag-infrastructure-development-kalletal","tag-infrastrukturentwicklung-kalletal","tag-jobs-logistics-center","tag-kontraktlogistik-wachstum","tag-labor-shortage-logistics","tag-logistics-center-kalldorf","tag-logistics-hall-minden","tag-logistics-service-providers-north-rhine-westphalia","tag-logistikdienstleister-nordrhein-westfalen","tag-logistikhalle-minden","tag-logistikzentrum-kalldorf","tag-logistique-ecoenergetique","tag-melitta-group","tag-melitta-gruppe","tag-nachhaltige-logistikprozesse","tag-optimiser-les-flux-de-marchandises","tag-optimize-goods-flows-francais-hoelkemeier-spedition","tag-penurie-de-main-doeuvre-logistique","tag-photovoltaic-system-logistics","tag-photovoltaikanlage-logistik","tag-presence-regionale-ostwestfalen-lippe","tag-prestataires-logistiques-rhenanie-du-nord-westphalie","tag-processus-logistiques-durables","tag-regional-presence-east-westphalia-lippe","tag-regionale-praesenz-ostwestfalen-lippe","tag-solutions-logistiques-numeriques","tag-supply-chain-management","tag-sustainable-logistics-processes","tag-systeme-photovoltaique-logistique","tag-transport-industry-germany","tag-transportwirtschaft-deutschland","tag-warehousing-europe","tag-warenlagerung-europa","tag-warenstroeme-optimieren-english-hoelkemeier-spedition"],"acf":[],"yoast_head":"<!-- This site is optimized with the Yoast SEO plugin v27.3 - https:\/\/yoast.com\/product\/yoast-seo-wordpress\/ -->\n<title>H\u00f6lkemeier construye un centro log\u00edstico para Melitta en Kalldorf - Loginfo24<\/title>\n<meta name=\"robots\" content=\"index, follow, max-snippet:-1, max-image-preview:large, max-video-preview:-1\" \/>\n<link rel=\"canonical\" href=\"https:\/\/loginfo24.com\/es\/2026\/03\/10\/hoelkemeier-construye-un-centro-logistico-para-melitta-en-kalldorf\/\" \/>\n<meta property=\"og:locale\" content=\"es_ES\" \/>\n<meta property=\"og:type\" content=\"article\" \/>\n<meta property=\"og:title\" content=\"H\u00f6lkemeier construye un centro log\u00edstico para Melitta en Kalldorf - Loginfo24\" \/>\n<meta property=\"og:description\" content=\"H\u00f6lkemeier Spedition GmbH est\u00e1 construyendo un nuevo centro log\u00edstico en Kalldorf, creando 50 puestos de trabajo e invirtiendo 20 millones de euros en la infraestructura.\" \/>\n<meta property=\"og:url\" content=\"https:\/\/loginfo24.com\/es\/2026\/03\/10\/hoelkemeier-construye-un-centro-logistico-para-melitta-en-kalldorf\/\" \/>\n<meta property=\"og:site_name\" content=\"Loginfo24\" \/>\n<meta property=\"article:publisher\" content=\"https:\/\/www.facebook.com\/people\/Loginfo24\/100057360583332\/\" \/>\n<meta property=\"article:published_time\" content=\"2026-03-10T10:14:01+00:00\" \/>\n<meta property=\"article:modified_time\" content=\"2026-03-12T19:17:47+00:00\" \/>\n<meta property=\"og:image\" content=\"https:\/\/loginfo24.com\/wp-content\/uploads\/sites\/7\/2026\/03\/LIT_10.3.26-aspect-ratio-1400-788.png\" \/>\n\t<meta property=\"og:image:width\" content=\"1200\" \/>\n\t<meta property=\"og:image:height\" content=\"676\" \/>\n\t<meta property=\"og:image:type\" content=\"image\/png\" \/>\n<meta name=\"author\" content=\"Andreas M\u00fcller\" \/>\n<meta name=\"twitter:card\" content=\"summary_large_image\" \/>\n<meta name=\"twitter:label1\" content=\"Escrito por\" \/>\n\t<meta name=\"twitter:data1\" content=\"Andreas M\u00fcller\" \/>\n\t<meta name=\"twitter:label2\" content=\"Tiempo de lectura\" \/>\n\t<meta name=\"twitter:data2\" content=\"3 minuto\" \/>\n<script type=\"application\/ld+json\" class=\"yoast-schema-graph\">{\"@context\":\"https:\\\/\\\/schema.org\",\"@graph\":[{\"@type\":\"Article\",\"@id\":\"https:\\\/\\\/loginfo24.com\\\/es\\\/2026\\\/03\\\/10\\\/hoelkemeier-construye-un-centro-logistico-para-melitta-en-kalldorf\\\/#article\",\"isPartOf\":{\"@id\":\"https:\\\/\\\/loginfo24.com\\\/es\\\/2026\\\/03\\\/10\\\/hoelkemeier-construye-un-centro-logistico-para-melitta-en-kalldorf\\\/\"},\"author\":{\"name\":\"Andreas M\u00fcller\",\"@id\":\"https:\\\/\\\/loginfo24.com\\\/es\\\/#\\\/schema\\\/person\\\/7b1593b33567ba798d300c8a1b0b85b1\"},\"headline\":\"H\u00f6lkemeier construye un centro log\u00edstico para Melitta en Kalldorf\",\"datePublished\":\"2026-03-10T10:14:01+00:00\",\"dateModified\":\"2026-03-12T19:17:47+00:00\",\"mainEntityOfPage\":{\"@id\":\"https:\\\/\\\/loginfo24.com\\\/es\\\/2026\\\/03\\\/10\\\/hoelkemeier-construye-un-centro-logistico-para-melitta-en-kalldorf\\\/\"},\"wordCount\":555,\"commentCount\":0,\"publisher\":{\"@id\":\"https:\\\/\\\/loginfo24.com\\\/es\\\/#organization\"},\"image\":{\"@id\":\"https:\\\/\\\/loginfo24.com\\\/es\\\/2026\\\/03\\\/10\\\/hoelkemeier-construye-un-centro-logistico-para-melitta-en-kalldorf\\\/#primaryimage\"},\"thumbnailUrl\":\"https:\\\/\\\/loginfo24.com\\\/wp-content\\\/uploads\\\/sites\\\/7\\\/2026\\\/03\\\/LIT_10.3.26-aspect-ratio-1400-788.png\",\"keywords\":[\"Arbeitspl\u00e4tze Logistikzentrum\",\"camions \u00e9lectriques logistique\",\"centre logistique Kalldorf\",\"contract logistics growth\",\"croissance logistique contractuelle\",\"Deutsch H\u00f6lkemeier Spedition\",\"d\u00e9veloppement des infrastructures Kalletal\",\"digital logistics solutions\",\"digitale Logistikl\u00f6sungen\",\"E-Lkw Logistik\",\"electric trucks logistics\",\"emplois centre logistique\",\"energieeffiziente Logistik\",\"energy-efficient logistics\",\"entreposage Europe\",\"entrep\u00f4t central europ\u00e9en\",\"europ\u00e4isches Zentrallager\",\"European central warehouse\",\"Fachkr\u00e4ftemangel Logistik\",\"gestion de la cha\u00eene d'approvisionnement\",\"groupe Melitta\",\"halles logistiques Minden\",\"industrie du transport Allemagne\",\"infrastructure development Kalletal\",\"Infrastrukturentwicklung Kalletal\",\"jobs logistics center\",\"Kontraktlogistik Wachstum\",\"labor shortage logistics\",\"logistics center Kalldorf\",\"logistics hall Minden\",\"logistics service providers North Rhine-Westphalia\",\"Logistikdienstleister Nordrhein-Westfalen\",\"Logistikhalle Minden\",\"Logistikzentrum Kalldorf\",\"logistique \u00e9co\u00e9nerg\u00e9tique\",\"Melitta Group\",\"Melitta Gruppe\",\"nachhaltige Logistikprozesse\",\"optimiser les flux de marchandises\",\"optimize goods flows Fran\u00e7ais H\u00f6lkemeier Spedition\",\"p\u00e9nurie de main-d'\u0153uvre logistique\",\"photovoltaic system logistics\",\"Photovoltaikanlage Logistik\",\"pr\u00e9sence r\u00e9gionale Ostwestfalen-Lippe\",\"prestataires logistiques Rh\u00e9nanie-du-Nord-Westphalie\",\"processus logistiques durables\",\"regional presence East Westphalia-Lippe\",\"regionale Pr\u00e4senz Ostwestfalen-Lippe\",\"solutions logistiques num\u00e9riques\",\"Supply Chain Management\",\"sustainable logistics processes\",\"syst\u00e8me photovolta\u00efque logistique\",\"transport industry Germany\",\"Transportwirtschaft Deutschland\",\"warehousing Europe\",\"Warenlagerung Europa\",\"Warenstr\u00f6me optimieren English H\u00f6lkemeier Spedition\"],\"articleSection\":[\"Alemania\",\"Europa\",\"Transporte de mercanc\u00edas y log\u00edstica\"],\"inLanguage\":\"es\",\"potentialAction\":[{\"@type\":\"CommentAction\",\"name\":\"Comment\",\"target\":[\"https:\\\/\\\/loginfo24.com\\\/es\\\/2026\\\/03\\\/10\\\/hoelkemeier-construye-un-centro-logistico-para-melitta-en-kalldorf\\\/#respond\"]}]},{\"@type\":\"WebPage\",\"@id\":\"https:\\\/\\\/loginfo24.com\\\/es\\\/2026\\\/03\\\/10\\\/hoelkemeier-construye-un-centro-logistico-para-melitta-en-kalldorf\\\/\",\"url\":\"https:\\\/\\\/loginfo24.com\\\/es\\\/2026\\\/03\\\/10\\\/hoelkemeier-construye-un-centro-logistico-para-melitta-en-kalldorf\\\/\",\"name\":\"H\u00f6lkemeier construye un centro log\u00edstico para Melitta en Kalldorf - Loginfo24\",\"isPartOf\":{\"@id\":\"https:\\\/\\\/loginfo24.com\\\/es\\\/#website\"},\"primaryImageOfPage\":{\"@id\":\"https:\\\/\\\/loginfo24.com\\\/es\\\/2026\\\/03\\\/10\\\/hoelkemeier-construye-un-centro-logistico-para-melitta-en-kalldorf\\\/#primaryimage\"},\"image\":{\"@id\":\"https:\\\/\\\/loginfo24.com\\\/es\\\/2026\\\/03\\\/10\\\/hoelkemeier-construye-un-centro-logistico-para-melitta-en-kalldorf\\\/#primaryimage\"},\"thumbnailUrl\":\"https:\\\/\\\/loginfo24.com\\\/wp-content\\\/uploads\\\/sites\\\/7\\\/2026\\\/03\\\/LIT_10.3.26-aspect-ratio-1400-788.png\",\"datePublished\":\"2026-03-10T10:14:01+00:00\",\"dateModified\":\"2026-03-12T19:17:47+00:00\",\"breadcrumb\":{\"@id\":\"https:\\\/\\\/loginfo24.com\\\/es\\\/2026\\\/03\\\/10\\\/hoelkemeier-construye-un-centro-logistico-para-melitta-en-kalldorf\\\/#breadcrumb\"},\"inLanguage\":\"es\",\"potentialAction\":[{\"@type\":\"ReadAction\",\"target\":[\"https:\\\/\\\/loginfo24.com\\\/es\\\/2026\\\/03\\\/10\\\/hoelkemeier-construye-un-centro-logistico-para-melitta-en-kalldorf\\\/\"]}]},{\"@type\":\"ImageObject\",\"inLanguage\":\"es\",\"@id\":\"https:\\\/\\\/loginfo24.com\\\/es\\\/2026\\\/03\\\/10\\\/hoelkemeier-construye-un-centro-logistico-para-melitta-en-kalldorf\\\/#primaryimage\",\"url\":\"https:\\\/\\\/loginfo24.com\\\/wp-content\\\/uploads\\\/sites\\\/7\\\/2026\\\/03\\\/LIT_10.3.26-aspect-ratio-1400-788.png\",\"contentUrl\":\"https:\\\/\\\/loginfo24.com\\\/wp-content\\\/uploads\\\/sites\\\/7\\\/2026\\\/03\\\/LIT_10.3.26-aspect-ratio-1400-788.png\",\"width\":1200,\"height\":676},{\"@type\":\"BreadcrumbList\",\"@id\":\"https:\\\/\\\/loginfo24.com\\\/es\\\/2026\\\/03\\\/10\\\/hoelkemeier-construye-un-centro-logistico-para-melitta-en-kalldorf\\\/#breadcrumb\",\"itemListElement\":[{\"@type\":\"ListItem\",\"position\":1,\"name\":\"Startseite\",\"item\":\"https:\\\/\\\/loginfo24.com\\\/es\\\/\"},{\"@type\":\"ListItem\",\"position\":2,\"name\":\"H\u00f6lkemeier construye un centro log\u00edstico para Melitta en Kalldorf\"}]},{\"@type\":\"WebSite\",\"@id\":\"https:\\\/\\\/loginfo24.com\\\/es\\\/#website\",\"url\":\"https:\\\/\\\/loginfo24.com\\\/es\\\/\",\"name\":\"Loginfo24\",\"description\":\"Loginfo24 es la plataforma dedicada a la log\u00edstica y las cadenas de suministro con informaci\u00f3n las 24 horas del d\u00eda.\",\"publisher\":{\"@id\":\"https:\\\/\\\/loginfo24.com\\\/es\\\/#organization\"},\"potentialAction\":[{\"@type\":\"SearchAction\",\"target\":{\"@type\":\"EntryPoint\",\"urlTemplate\":\"https:\\\/\\\/loginfo24.com\\\/es\\\/?s={search_term_string}\"},\"query-input\":{\"@type\":\"PropertyValueSpecification\",\"valueRequired\":true,\"valueName\":\"search_term_string\"}}],\"inLanguage\":\"es\"},{\"@type\":\"Organization\",\"@id\":\"https:\\\/\\\/loginfo24.com\\\/es\\\/#organization\",\"name\":\"Grupo Logismedia AG\",\"url\":\"https:\\\/\\\/loginfo24.com\\\/es\\\/\",\"logo\":{\"@type\":\"ImageObject\",\"inLanguage\":\"es\",\"@id\":\"https:\\\/\\\/loginfo24.com\\\/es\\\/#\\\/schema\\\/logo\\\/image\\\/\",\"url\":\"https:\\\/\\\/loginfo24.com\\\/wp-content\\\/uploads\\\/sites\\\/7\\\/2026\\\/01\\\/Logo_LogInfo24.png\",\"contentUrl\":\"https:\\\/\\\/loginfo24.com\\\/wp-content\\\/uploads\\\/sites\\\/7\\\/2026\\\/01\\\/Logo_LogInfo24.png\",\"width\":938,\"height\":351,\"caption\":\"Grupo Logismedia AG\"},\"image\":{\"@id\":\"https:\\\/\\\/loginfo24.com\\\/es\\\/#\\\/schema\\\/logo\\\/image\\\/\"},\"sameAs\":[\"https:\\\/\\\/www.facebook.com\\\/people\\\/Loginfo24\\\/100057360583332\\\/\",\"https:\\\/\\\/www.linkedin.com\\\/company\\\/lofinfo24\\\/\"]},{\"@type\":\"Person\",\"@id\":\"https:\\\/\\\/loginfo24.com\\\/es\\\/#\\\/schema\\\/person\\\/7b1593b33567ba798d300c8a1b0b85b1\",\"name\":\"Andreas M\u00fcller\",\"url\":\"https:\\\/\\\/loginfo24.com\\\/es\\\/author\\\/logismedia\\\/\"}]}<\/script>\n<!-- \/ Yoast SEO plugin. -->","yoast_head_json":{"title":"H\u00f6lkemeier construye un centro log\u00edstico para Melitta en Kalldorf - Loginfo24","robots":{"index":"index","follow":"follow","max-snippet":"max-snippet:-1","max-image-preview":"max-image-preview:large","max-video-preview":"max-video-preview:-1"},"canonical":"https:\/\/loginfo24.com\/es\/2026\/03\/10\/hoelkemeier-construye-un-centro-logistico-para-melitta-en-kalldorf\/","og_locale":"es_ES","og_type":"article","og_title":"H\u00f6lkemeier construye un centro log\u00edstico para Melitta en Kalldorf - Loginfo24","og_description":"H\u00f6lkemeier Spedition GmbH est\u00e1 construyendo un nuevo centro log\u00edstico en Kalldorf, creando 50 puestos de trabajo e invirtiendo 20 millones de euros en la infraestructura.","og_url":"https:\/\/loginfo24.com\/es\/2026\/03\/10\/hoelkemeier-construye-un-centro-logistico-para-melitta-en-kalldorf\/","og_site_name":"Loginfo24","article_publisher":"https:\/\/www.facebook.com\/people\/Loginfo24\/100057360583332\/","article_published_time":"2026-03-10T10:14:01+00:00","article_modified_time":"2026-03-12T19:17:47+00:00","og_image":[{"width":1200,"height":676,"url":"https:\/\/loginfo24.com\/wp-content\/uploads\/sites\/7\/2026\/03\/LIT_10.3.26-aspect-ratio-1400-788.png","type":"image\/png"}],"author":"Andreas M\u00fcller","twitter_card":"summary_large_image","twitter_misc":{"Escrito por":"Andreas M\u00fcller","Tiempo de lectura":"3 minuto"},"schema":{"@context":"https:\/\/schema.org","@graph":[{"@type":"Article","@id":"https:\/\/loginfo24.com\/es\/2026\/03\/10\/hoelkemeier-construye-un-centro-logistico-para-melitta-en-kalldorf\/#article","isPartOf":{"@id":"https:\/\/loginfo24.com\/es\/2026\/03\/10\/hoelkemeier-construye-un-centro-logistico-para-melitta-en-kalldorf\/"},"author":{"name":"Andreas M\u00fcller","@id":"https:\/\/loginfo24.com\/es\/#\/schema\/person\/7b1593b33567ba798d300c8a1b0b85b1"},"headline":"H\u00f6lkemeier construye un centro log\u00edstico para Melitta en Kalldorf","datePublished":"2026-03-10T10:14:01+00:00","dateModified":"2026-03-12T19:17:47+00:00","mainEntityOfPage":{"@id":"https:\/\/loginfo24.com\/es\/2026\/03\/10\/hoelkemeier-construye-un-centro-logistico-para-melitta-en-kalldorf\/"},"wordCount":555,"commentCount":0,"publisher":{"@id":"https:\/\/loginfo24.com\/es\/#organization"},"image":{"@id":"https:\/\/loginfo24.com\/es\/2026\/03\/10\/hoelkemeier-construye-un-centro-logistico-para-melitta-en-kalldorf\/#primaryimage"},"thumbnailUrl":"https:\/\/loginfo24.com\/wp-content\/uploads\/sites\/7\/2026\/03\/LIT_10.3.26-aspect-ratio-1400-788.png","keywords":["Arbeitspl\u00e4tze Logistikzentrum","camions \u00e9lectriques logistique","centre logistique Kalldorf","contract logistics growth","croissance logistique contractuelle","Deutsch H\u00f6lkemeier Spedition","d\u00e9veloppement des infrastructures Kalletal","digital logistics solutions","digitale Logistikl\u00f6sungen","E-Lkw Logistik","electric trucks logistics","emplois centre logistique","energieeffiziente Logistik","energy-efficient logistics","entreposage Europe","entrep\u00f4t central europ\u00e9en","europ\u00e4isches Zentrallager","European central warehouse","Fachkr\u00e4ftemangel Logistik","gestion de la cha\u00eene d'approvisionnement","groupe Melitta","halles logistiques Minden","industrie du transport Allemagne","infrastructure development Kalletal","Infrastrukturentwicklung Kalletal","jobs logistics center","Kontraktlogistik Wachstum","labor shortage logistics","logistics center Kalldorf","logistics hall Minden","logistics service providers North Rhine-Westphalia","Logistikdienstleister Nordrhein-Westfalen","Logistikhalle Minden","Logistikzentrum Kalldorf","logistique \u00e9co\u00e9nerg\u00e9tique","Melitta Group","Melitta Gruppe","nachhaltige Logistikprozesse","optimiser les flux de marchandises","optimize goods flows Fran\u00e7ais H\u00f6lkemeier Spedition","p\u00e9nurie de main-d'\u0153uvre logistique","photovoltaic system logistics","Photovoltaikanlage Logistik","pr\u00e9sence r\u00e9gionale Ostwestfalen-Lippe","prestataires logistiques Rh\u00e9nanie-du-Nord-Westphalie","processus logistiques durables","regional presence East Westphalia-Lippe","regionale Pr\u00e4senz Ostwestfalen-Lippe","solutions logistiques num\u00e9riques","Supply Chain Management","sustainable logistics processes","syst\u00e8me photovolta\u00efque logistique","transport industry Germany","Transportwirtschaft Deutschland","warehousing Europe","Warenlagerung Europa","Warenstr\u00f6me optimieren English H\u00f6lkemeier Spedition"],"articleSection":["Alemania","Europa","Transporte de mercanc\u00edas y log\u00edstica"],"inLanguage":"es","potentialAction":[{"@type":"CommentAction","name":"Comment","target":["https:\/\/loginfo24.com\/es\/2026\/03\/10\/hoelkemeier-construye-un-centro-logistico-para-melitta-en-kalldorf\/#respond"]}]},{"@type":"WebPage","@id":"https:\/\/loginfo24.com\/es\/2026\/03\/10\/hoelkemeier-construye-un-centro-logistico-para-melitta-en-kalldorf\/","url":"https:\/\/loginfo24.com\/es\/2026\/03\/10\/hoelkemeier-construye-un-centro-logistico-para-melitta-en-kalldorf\/","name":"H\u00f6lkemeier construye un centro log\u00edstico para Melitta en Kalldorf - Loginfo24","isPartOf":{"@id":"https:\/\/loginfo24.com\/es\/#website"},"primaryImageOfPage":{"@id":"https:\/\/loginfo24.com\/es\/2026\/03\/10\/hoelkemeier-construye-un-centro-logistico-para-melitta-en-kalldorf\/#primaryimage"},"image":{"@id":"https:\/\/loginfo24.com\/es\/2026\/03\/10\/hoelkemeier-construye-un-centro-logistico-para-melitta-en-kalldorf\/#primaryimage"},"thumbnailUrl":"https:\/\/loginfo24.com\/wp-content\/uploads\/sites\/7\/2026\/03\/LIT_10.3.26-aspect-ratio-1400-788.png","datePublished":"2026-03-10T10:14:01+00:00","dateModified":"2026-03-12T19:17:47+00:00","breadcrumb":{"@id":"https:\/\/loginfo24.com\/es\/2026\/03\/10\/hoelkemeier-construye-un-centro-logistico-para-melitta-en-kalldorf\/#breadcrumb"},"inLanguage":"es","potentialAction":[{"@type":"ReadAction","target":["https:\/\/loginfo24.com\/es\/2026\/03\/10\/hoelkemeier-construye-un-centro-logistico-para-melitta-en-kalldorf\/"]}]},{"@type":"ImageObject","inLanguage":"es","@id":"https:\/\/loginfo24.com\/es\/2026\/03\/10\/hoelkemeier-construye-un-centro-logistico-para-melitta-en-kalldorf\/#primaryimage","url":"https:\/\/loginfo24.com\/wp-content\/uploads\/sites\/7\/2026\/03\/LIT_10.3.26-aspect-ratio-1400-788.png","contentUrl":"https:\/\/loginfo24.com\/wp-content\/uploads\/sites\/7\/2026\/03\/LIT_10.3.26-aspect-ratio-1400-788.png","width":1200,"height":676},{"@type":"BreadcrumbList","@id":"https:\/\/loginfo24.com\/es\/2026\/03\/10\/hoelkemeier-construye-un-centro-logistico-para-melitta-en-kalldorf\/#breadcrumb","itemListElement":[{"@type":"ListItem","position":1,"name":"Startseite","item":"https:\/\/loginfo24.com\/es\/"},{"@type":"ListItem","position":2,"name":"H\u00f6lkemeier construye un centro log\u00edstico para Melitta en Kalldorf"}]},{"@type":"WebSite","@id":"https:\/\/loginfo24.com\/es\/#website","url":"https:\/\/loginfo24.com\/es\/","name":"Loginfo24","description":"Loginfo24 es la plataforma dedicada a la log\u00edstica y las cadenas de suministro con informaci\u00f3n las 24 horas del d\u00eda.","publisher":{"@id":"https:\/\/loginfo24.com\/es\/#organization"},"potentialAction":[{"@type":"SearchAction","target":{"@type":"EntryPoint","urlTemplate":"https:\/\/loginfo24.com\/es\/?s={search_term_string}"},"query-input":{"@type":"PropertyValueSpecification","valueRequired":true,"valueName":"search_term_string"}}],"inLanguage":"es"},{"@type":"Organization","@id":"https:\/\/loginfo24.com\/es\/#organization","name":"Grupo Logismedia AG","url":"https:\/\/loginfo24.com\/es\/","logo":{"@type":"ImageObject","inLanguage":"es","@id":"https:\/\/loginfo24.com\/es\/#\/schema\/logo\/image\/","url":"https:\/\/loginfo24.com\/wp-content\/uploads\/sites\/7\/2026\/01\/Logo_LogInfo24.png","contentUrl":"https:\/\/loginfo24.com\/wp-content\/uploads\/sites\/7\/2026\/01\/Logo_LogInfo24.png","width":938,"height":351,"caption":"Grupo Logismedia AG"},"image":{"@id":"https:\/\/loginfo24.com\/es\/#\/schema\/logo\/image\/"},"sameAs":["https:\/\/www.facebook.com\/people\/Loginfo24\/100057360583332\/","https:\/\/www.linkedin.com\/company\/lofinfo24\/"]},{"@type":"Person","@id":"https:\/\/loginfo24.com\/es\/#\/schema\/person\/7b1593b33567ba798d300c8a1b0b85b1","name":"Andreas M\u00fcller","url":"https:\/\/loginfo24.com\/es\/author\/logismedia\/"}]}},"_links":{"self":[{"href":"https:\/\/loginfo24.com\/es\/wp-json\/wp\/v2\/posts\/76181","targetHints":{"allow":["GET"]}}],"collection":[{"href":"https:\/\/loginfo24.com\/es\/wp-json\/wp\/v2\/posts"}],"about":[{"href":"https:\/\/loginfo24.com\/es\/wp-json\/wp\/v2\/types\/post"}],"author":[{"embeddable":true,"href":"https:\/\/loginfo24.com\/es\/wp-json\/wp\/v2\/users\/7"}],"replies":[{"embeddable":true,"href":"https:\/\/loginfo24.com\/es\/wp-json\/wp\/v2\/comments?post=76181"}],"version-history":[{"count":16,"href":"https:\/\/loginfo24.com\/es\/wp-json\/wp\/v2\/posts\/76181\/revisions"}],"predecessor-version":[{"id":76588,"href":"https:\/\/loginfo24.com\/es\/wp-json\/wp\/v2\/posts\/76181\/revisions\/76588"}],"wp:featuredmedia":[{"embeddable":true,"href":"https:\/\/loginfo24.com\/es\/wp-json\/wp\/v2\/media\/76178"}],"wp:attachment":[{"href":"https:\/\/loginfo24.com\/es\/wp-json\/wp\/v2\/media?parent=76181"}],"wp:term":[{"taxonomy":"category","embeddable":true,"href":"https:\/\/loginfo24.com\/es\/wp-json\/wp\/v2\/categories?post=76181"},{"taxonomy":"post_tag","embeddable":true,"href":"https:\/\/loginfo24.com\/es\/wp-json\/wp\/v2\/tags?post=76181"}],"curies":[{"name":"wp","href":"https:\/\/api.w.org\/{rel}","templated":true}]}}