{"id":76135,"date":"2026-03-10T08:15:20","date_gmt":"2026-03-10T08:15:20","guid":{"rendered":"https:\/\/loginfo24.com\/2026\/03\/10\/harder-logistics-organiza-la-mudanza-de-los-talleres-de-formacion-de-ulm\/"},"modified":"2026-03-10T09:31:20","modified_gmt":"2026-03-10T08:31:20","slug":"harder-logistics-organiza-la-mudanza-de-los-talleres-de-formacion-de-ulm","status":"publish","type":"post","link":"https:\/\/loginfo24.com\/es\/2026\/03\/10\/harder-logistics-organiza-la-mudanza-de-los-talleres-de-formacion-de-ulm\/","title":{"rendered":"Harder Logistics organiza la mudanza de los talleres de formaci\u00f3n de Ulm"},"content":{"rendered":"<p>Las aulas de formaci\u00f3n de la IHK Akademie Schwaben han consolidado su formaci\u00f3n cl\u00e1sica y t\u00e9cnica en un nuevo centro de competencia metal\u00fargica en Neu-Ulm. El traslado de las dos ubicaciones anteriores fue realizado por el proveedor de servicios HARDER logistics. Un desaf\u00edo especial fue el estrecho plazo de solo diez d\u00edas, durante el cual se tuvo que mantener el funcionamiento continuo de la formaci\u00f3n.<\/p>\n<p>Para el traslado, fue necesario transportar todo el inventario de las aulas de formaci\u00f3n. Esto incluy\u00f3 m\u00e1s de 30 m\u00e1quinas, que pesaban entre una y cinco toneladas cada una, as\u00ed como armarios de material, materia prima y equipo de oficina. Wolfgang Gollmann, director del campus de la Akademie en Neu-Ulm, enfatiza la importancia de un proceso fluido: &#8222;Adem\u00e1s del manejo seguro y profesional de las m\u00e1quinas de alta calidad, era fundamental afectar lo menos posible las medidas de formaci\u00f3n y cualificaci\u00f3n en curso. Actualmente atendemos a cerca de 50 participantes.&#8220;<\/p>\n<h3>Traslado en dos etapas<\/h3>\n<p>La reubicaci\u00f3n de las aulas de formaci\u00f3n se llev\u00f3 a cabo en dos etapas. La primera ubicaci\u00f3n externa en Baumgartenstra\u00dfe fue trasladada en diciembre del a\u00f1o pasado al nuevo centro de competencia en Finninger Stra\u00dfe. En los \u00faltimos diez d\u00edas, sigui\u00f3 el traslado de la segunda ubicaci\u00f3n en Heinz-R\u00fchmann-Stra\u00dfe, cuya reubicaci\u00f3n fue especialmente cr\u00edtica en t\u00e9rminos de tiempo y log\u00edsticamente exigente.<\/p>\n<p>Desaf\u00edos adicionales surgieron de las condiciones estructurales. Las aulas de formaci\u00f3n se encontraban en un edificio de tres pisos, donde aproximadamente el 40 por ciento de las instalaciones estaban ubicadas en el s\u00f3tano. Andreas Hermann, gerente de proyecto en HARDER logistics, explica el procedimiento: &#8222;Este \u00e1rea la cargamos con una gr\u00faa especial desde el patio de luces directamente en el veh\u00edculo especializado. De esta manera, pudimos evitar desmontar m\u00e1quinas o realizar m\u00faltiples cargas. Un plan de acci\u00f3n detallado y la estrecha colaboraci\u00f3n con los responsables de la IHK contribuyeron significativamente a que pudi\u00e9ramos llevar a cabo el proyecto con \u00e9xito dentro del ajustado plazo.&#8220; Para la implementaci\u00f3n, se utilizaron cinco empleados y equipo especializado.<\/p>\n<p>Desde el 9 de marzo, el aula de formaci\u00f3n en el nuevo centro de competencia metal\u00fargica en Finninger Stra\u00dfe 46 est\u00e1 nuevamente disponible para los estudiantes de la IHK. Gollmann hace un balance positivo: &#8222;Con la consolidaci\u00f3n de nuestra estructura descentralizada y hist\u00f3ricamente desarrollada, hemos logrado posicionarnos de manera segura y coherente para el futuro. El nuevo concepto impresiona con instalaciones modernas, caminos cortos y crea condiciones \u00f3ptimas para el cuerpo docente y los participantes.&#8220;<\/p>\n<p><a href=\"http:\/\/harder-logistics.com\" target=\"_blank\" rel=\"noopener noreferrer\"><span data-olk-copy-source=\"MessageBody\">www.harder-logistics.com <\/span><\/a><\/p>\n","protected":false},"excerpt":{"rendered":"<p>La IHK Akademie Schwaben ha trasladado con \u00e9xito sus talleres de formaci\u00f3n a un nuevo centro de competencia en metal en Neu-Ulm para crear condiciones \u00f3ptimas de formaci\u00f3n.<\/p>\n","protected":false},"author":7,"featured_media":76132,"comment_status":"open","ping_status":"","sticky":false,"template":"","format":"standard","meta":{"_acf_changed":false,"footnotes":""},"categories":[6655,6679,1605],"tags":[13393,13394,13395,13396,13397,13398,13399,7630,13400,2700,13401,13402,13403,13404,13405,13406,13407,13408,13409,13410,6446,13411,13412,13413,2469,1831,2431,13414,13415,13416,13417,13418,11207,13419,2720,2481,13420,13421,13422,13423,13424,13425,13426,13427,13428,13429,13430,13431,13432,13433,2449,2450,13434,13435],"class_list":["post-76135","post","type-post","status-publish","format-standard","has-post-thumbnail","hentry","category-alemania","category-europa","category-expedicion-y-logistica","tag-academie-ihk-schwaben","tag-ateliers-de-formation","tag-aus-und-qualifizierungsmassnahmen","tag-bauliche-gegebenheiten","tag-centre-de-competences-metalliques","tag-conditions-structurelles","tag-crane-for-machines","tag-defis-logistiques","tag-deutsch-umzug","tag-fachkraeftemangel-in-der-logistik","tag-gestion-de-projet-dans-le-demenagement","tag-gestion-du-temps-dans-le-demenagement","tag-grue-pour-machines","tag-harder-logistics","tag-ihk-academy-schwaben-francais-demenagement","tag-ihk-akademie-schwaben-english-moving","tag-infrastructure-for-educational-institutions","tag-infrastructure-pour-les-etablissements-educatifs","tag-infrastruktur-fuer-bildungseinrichtungen","tag-kompetenzzentrum-metall","tag-labor-shortage-in-logistics","tag-ladekran-fuer-maschinen","tag-lehrwerkstaetten","tag-logistical-challenges","tag-logistics-service-provider","tag-logistikdienstleister","tag-logistique-de-transport","tag-logistische-herausforderungen","tag-machine-transport","tag-maschinentransport","tag-mesures-de-formation-et-de-qualification","tag-metal-competence-center","tag-neu-ulm","tag-operations-de-formation","tag-penurie-de-main-doeuvre-dans-la-logistique","tag-prestataire-logistique","tag-processus-fluide","tag-project-management-in-moving","tag-projektmanagement-im-umzug","tag-reibungsloser-ablauf","tag-schulungsbetrieb","tag-smooth-process","tag-special-vehicle-for-moving","tag-spezialfahrzeug-fuer-umzuege","tag-structural-conditions","tag-time-management-in-moving","tag-training-and-qualification-measures","tag-training-operations","tag-training-workshops","tag-transport-de-machines","tag-transport-logistics","tag-transportlogistik","tag-vehicule-special-pour-le-demenagement","tag-zeitmanagement-im-umzug"],"acf":[],"yoast_head":"<!-- This site is optimized with the Yoast SEO plugin v27.3 - https:\/\/yoast.com\/product\/yoast-seo-wordpress\/ -->\n<title>Harder Logistics organiza la mudanza de los talleres de formaci\u00f3n de Ulm - Loginfo24<\/title>\n<meta name=\"robots\" content=\"index, follow, max-snippet:-1, max-image-preview:large, max-video-preview:-1\" \/>\n<link rel=\"canonical\" href=\"https:\/\/loginfo24.com\/es\/2026\/03\/10\/harder-logistics-organiza-la-mudanza-de-los-talleres-de-formacion-de-ulm\/\" \/>\n<meta property=\"og:locale\" content=\"es_ES\" \/>\n<meta property=\"og:type\" content=\"article\" \/>\n<meta property=\"og:title\" content=\"Harder Logistics organiza la mudanza de los talleres de formaci\u00f3n de Ulm - Loginfo24\" \/>\n<meta property=\"og:description\" content=\"La IHK Akademie Schwaben ha trasladado con \u00e9xito sus talleres de formaci\u00f3n a un nuevo centro de competencia en metal en Neu-Ulm para crear condiciones \u00f3ptimas de formaci\u00f3n.\" \/>\n<meta property=\"og:url\" content=\"https:\/\/loginfo24.com\/es\/2026\/03\/10\/harder-logistics-organiza-la-mudanza-de-los-talleres-de-formacion-de-ulm\/\" \/>\n<meta property=\"og:site_name\" content=\"Loginfo24\" \/>\n<meta property=\"article:publisher\" content=\"https:\/\/www.facebook.com\/people\/Loginfo24\/100057360583332\/\" \/>\n<meta property=\"article:published_time\" content=\"2026-03-10T08:15:20+00:00\" \/>\n<meta property=\"article:modified_time\" content=\"2026-03-10T08:31:20+00:00\" \/>\n<meta property=\"og:image\" content=\"https:\/\/loginfo24.com\/wp-content\/uploads\/sites\/7\/2026\/03\/Harder_10.3.26.png_2-aspect-ratio-1400-788.jpg\" \/>\n\t<meta property=\"og:image:width\" content=\"1114\" \/>\n\t<meta property=\"og:image:height\" content=\"627\" \/>\n\t<meta property=\"og:image:type\" content=\"image\/jpeg\" \/>\n<meta name=\"author\" content=\"Andreas M\u00fcller\" \/>\n<meta name=\"twitter:card\" content=\"summary_large_image\" \/>\n<meta name=\"twitter:label1\" content=\"Escrito por\" \/>\n\t<meta name=\"twitter:data1\" content=\"Andreas M\u00fcller\" \/>\n\t<meta name=\"twitter:label2\" content=\"Tiempo de lectura\" \/>\n\t<meta name=\"twitter:data2\" content=\"2 minuto\" \/>\n<script type=\"application\/ld+json\" class=\"yoast-schema-graph\">{\"@context\":\"https:\\\/\\\/schema.org\",\"@graph\":[{\"@type\":\"Article\",\"@id\":\"https:\\\/\\\/loginfo24.com\\\/es\\\/2026\\\/03\\\/10\\\/harder-logistics-organiza-la-mudanza-de-los-talleres-de-formacion-de-ulm\\\/#article\",\"isPartOf\":{\"@id\":\"https:\\\/\\\/loginfo24.com\\\/es\\\/2026\\\/03\\\/10\\\/harder-logistics-organiza-la-mudanza-de-los-talleres-de-formacion-de-ulm\\\/\"},\"author\":{\"name\":\"Andreas M\u00fcller\",\"@id\":\"https:\\\/\\\/loginfo24.com\\\/es\\\/#\\\/schema\\\/person\\\/7b1593b33567ba798d300c8a1b0b85b1\"},\"headline\":\"Harder Logistics organiza la mudanza de los talleres de formaci\u00f3n de Ulm\",\"datePublished\":\"2026-03-10T08:15:20+00:00\",\"dateModified\":\"2026-03-10T08:31:20+00:00\",\"mainEntityOfPage\":{\"@id\":\"https:\\\/\\\/loginfo24.com\\\/es\\\/2026\\\/03\\\/10\\\/harder-logistics-organiza-la-mudanza-de-los-talleres-de-formacion-de-ulm\\\/\"},\"wordCount\":465,\"commentCount\":0,\"publisher\":{\"@id\":\"https:\\\/\\\/loginfo24.com\\\/es\\\/#organization\"},\"image\":{\"@id\":\"https:\\\/\\\/loginfo24.com\\\/es\\\/2026\\\/03\\\/10\\\/harder-logistics-organiza-la-mudanza-de-los-talleres-de-formacion-de-ulm\\\/#primaryimage\"},\"thumbnailUrl\":\"https:\\\/\\\/loginfo24.com\\\/wp-content\\\/uploads\\\/sites\\\/7\\\/2026\\\/03\\\/Harder_10.3.26.png_2-aspect-ratio-1400-788.jpg\",\"keywords\":[\"Acad\u00e9mie IHK Schwaben\",\"ateliers de formation\",\"Aus- und Qualifizierungsma\u00dfnahmen\",\"bauliche Gegebenheiten\",\"centre de comp\u00e9tences m\u00e9talliques\",\"conditions structurelles\",\"crane for machines\",\"d\u00e9fis logistiques\",\"Deutsch Umzug\",\"Fachkr\u00e4ftemangel in der Logistik\",\"gestion de projet dans le d\u00e9m\u00e9nagement\",\"gestion du temps dans le d\u00e9m\u00e9nagement\",\"grue pour machines\",\"HARDER logistics\",\"IHK Academy Schwaben Fran\u00e7ais d\u00e9m\u00e9nagement\",\"IHK Akademie Schwaben English moving\",\"infrastructure for educational institutions\",\"infrastructure pour les \u00e9tablissements \u00e9ducatifs\",\"Infrastruktur f\u00fcr Bildungseinrichtungen\",\"Kompetenzzentrum Metall\",\"labor shortage in logistics\",\"Ladekran f\u00fcr Maschinen\",\"Lehrwerkst\u00e4tten\",\"logistical challenges\",\"logistics service provider\",\"Logistikdienstleister\",\"logistique de transport\",\"logistische Herausforderungen\",\"machine transport\",\"Maschinentransport\",\"mesures de formation et de qualification\",\"metal competence center\",\"Neu-Ulm\",\"op\u00e9rations de formation\",\"p\u00e9nurie de main-d'\u0153uvre dans la logistique\",\"prestataire logistique\",\"processus fluide\",\"project management in moving\",\"Projektmanagement im Umzug\",\"reibungsloser Ablauf\",\"Schulungsbetrieb\",\"smooth process\",\"special vehicle for moving\",\"Spezialfahrzeug f\u00fcr Umz\u00fcge\",\"structural conditions\",\"time management in moving\",\"training and qualification measures\",\"training operations\",\"training workshops\",\"transport de machines\",\"transport logistics\",\"Transportlogistik\",\"v\u00e9hicule sp\u00e9cial pour le d\u00e9m\u00e9nagement\",\"Zeitmanagement im Umzug\"],\"articleSection\":[\"Alemania\",\"Europa\",\"Transporte de mercanc\u00edas y log\u00edstica\"],\"inLanguage\":\"es\",\"potentialAction\":[{\"@type\":\"CommentAction\",\"name\":\"Comment\",\"target\":[\"https:\\\/\\\/loginfo24.com\\\/es\\\/2026\\\/03\\\/10\\\/harder-logistics-organiza-la-mudanza-de-los-talleres-de-formacion-de-ulm\\\/#respond\"]}]},{\"@type\":\"WebPage\",\"@id\":\"https:\\\/\\\/loginfo24.com\\\/es\\\/2026\\\/03\\\/10\\\/harder-logistics-organiza-la-mudanza-de-los-talleres-de-formacion-de-ulm\\\/\",\"url\":\"https:\\\/\\\/loginfo24.com\\\/es\\\/2026\\\/03\\\/10\\\/harder-logistics-organiza-la-mudanza-de-los-talleres-de-formacion-de-ulm\\\/\",\"name\":\"Harder Logistics organiza la mudanza de los talleres de formaci\u00f3n de Ulm - Loginfo24\",\"isPartOf\":{\"@id\":\"https:\\\/\\\/loginfo24.com\\\/es\\\/#website\"},\"primaryImageOfPage\":{\"@id\":\"https:\\\/\\\/loginfo24.com\\\/es\\\/2026\\\/03\\\/10\\\/harder-logistics-organiza-la-mudanza-de-los-talleres-de-formacion-de-ulm\\\/#primaryimage\"},\"image\":{\"@id\":\"https:\\\/\\\/loginfo24.com\\\/es\\\/2026\\\/03\\\/10\\\/harder-logistics-organiza-la-mudanza-de-los-talleres-de-formacion-de-ulm\\\/#primaryimage\"},\"thumbnailUrl\":\"https:\\\/\\\/loginfo24.com\\\/wp-content\\\/uploads\\\/sites\\\/7\\\/2026\\\/03\\\/Harder_10.3.26.png_2-aspect-ratio-1400-788.jpg\",\"datePublished\":\"2026-03-10T08:15:20+00:00\",\"dateModified\":\"2026-03-10T08:31:20+00:00\",\"breadcrumb\":{\"@id\":\"https:\\\/\\\/loginfo24.com\\\/es\\\/2026\\\/03\\\/10\\\/harder-logistics-organiza-la-mudanza-de-los-talleres-de-formacion-de-ulm\\\/#breadcrumb\"},\"inLanguage\":\"es\",\"potentialAction\":[{\"@type\":\"ReadAction\",\"target\":[\"https:\\\/\\\/loginfo24.com\\\/es\\\/2026\\\/03\\\/10\\\/harder-logistics-organiza-la-mudanza-de-los-talleres-de-formacion-de-ulm\\\/\"]}]},{\"@type\":\"ImageObject\",\"inLanguage\":\"es\",\"@id\":\"https:\\\/\\\/loginfo24.com\\\/es\\\/2026\\\/03\\\/10\\\/harder-logistics-organiza-la-mudanza-de-los-talleres-de-formacion-de-ulm\\\/#primaryimage\",\"url\":\"https:\\\/\\\/loginfo24.com\\\/wp-content\\\/uploads\\\/sites\\\/7\\\/2026\\\/03\\\/Harder_10.3.26.png_2-aspect-ratio-1400-788.jpg\",\"contentUrl\":\"https:\\\/\\\/loginfo24.com\\\/wp-content\\\/uploads\\\/sites\\\/7\\\/2026\\\/03\\\/Harder_10.3.26.png_2-aspect-ratio-1400-788.jpg\",\"width\":1114,\"height\":627},{\"@type\":\"BreadcrumbList\",\"@id\":\"https:\\\/\\\/loginfo24.com\\\/es\\\/2026\\\/03\\\/10\\\/harder-logistics-organiza-la-mudanza-de-los-talleres-de-formacion-de-ulm\\\/#breadcrumb\",\"itemListElement\":[{\"@type\":\"ListItem\",\"position\":1,\"name\":\"Startseite\",\"item\":\"https:\\\/\\\/loginfo24.com\\\/es\\\/\"},{\"@type\":\"ListItem\",\"position\":2,\"name\":\"Harder Logistics organiza la mudanza de los talleres de formaci\u00f3n de Ulm\"}]},{\"@type\":\"WebSite\",\"@id\":\"https:\\\/\\\/loginfo24.com\\\/es\\\/#website\",\"url\":\"https:\\\/\\\/loginfo24.com\\\/es\\\/\",\"name\":\"Loginfo24\",\"description\":\"Loginfo24 es la plataforma dedicada a la log\u00edstica y las cadenas de suministro con informaci\u00f3n las 24 horas del d\u00eda.\",\"publisher\":{\"@id\":\"https:\\\/\\\/loginfo24.com\\\/es\\\/#organization\"},\"potentialAction\":[{\"@type\":\"SearchAction\",\"target\":{\"@type\":\"EntryPoint\",\"urlTemplate\":\"https:\\\/\\\/loginfo24.com\\\/es\\\/?s={search_term_string}\"},\"query-input\":{\"@type\":\"PropertyValueSpecification\",\"valueRequired\":true,\"valueName\":\"search_term_string\"}}],\"inLanguage\":\"es\"},{\"@type\":\"Organization\",\"@id\":\"https:\\\/\\\/loginfo24.com\\\/es\\\/#organization\",\"name\":\"Grupo Logismedia AG\",\"url\":\"https:\\\/\\\/loginfo24.com\\\/es\\\/\",\"logo\":{\"@type\":\"ImageObject\",\"inLanguage\":\"es\",\"@id\":\"https:\\\/\\\/loginfo24.com\\\/es\\\/#\\\/schema\\\/logo\\\/image\\\/\",\"url\":\"https:\\\/\\\/loginfo24.com\\\/wp-content\\\/uploads\\\/sites\\\/7\\\/2026\\\/01\\\/Logo_LogInfo24.png\",\"contentUrl\":\"https:\\\/\\\/loginfo24.com\\\/wp-content\\\/uploads\\\/sites\\\/7\\\/2026\\\/01\\\/Logo_LogInfo24.png\",\"width\":938,\"height\":351,\"caption\":\"Grupo Logismedia AG\"},\"image\":{\"@id\":\"https:\\\/\\\/loginfo24.com\\\/es\\\/#\\\/schema\\\/logo\\\/image\\\/\"},\"sameAs\":[\"https:\\\/\\\/www.facebook.com\\\/people\\\/Loginfo24\\\/100057360583332\\\/\",\"https:\\\/\\\/www.linkedin.com\\\/company\\\/lofinfo24\\\/\"]},{\"@type\":\"Person\",\"@id\":\"https:\\\/\\\/loginfo24.com\\\/es\\\/#\\\/schema\\\/person\\\/7b1593b33567ba798d300c8a1b0b85b1\",\"name\":\"Andreas M\u00fcller\",\"url\":\"https:\\\/\\\/loginfo24.com\\\/es\\\/author\\\/logismedia\\\/\"}]}<\/script>\n<!-- \/ Yoast SEO plugin. -->","yoast_head_json":{"title":"Harder Logistics organiza la mudanza de los talleres de formaci\u00f3n de Ulm - Loginfo24","robots":{"index":"index","follow":"follow","max-snippet":"max-snippet:-1","max-image-preview":"max-image-preview:large","max-video-preview":"max-video-preview:-1"},"canonical":"https:\/\/loginfo24.com\/es\/2026\/03\/10\/harder-logistics-organiza-la-mudanza-de-los-talleres-de-formacion-de-ulm\/","og_locale":"es_ES","og_type":"article","og_title":"Harder Logistics organiza la mudanza de los talleres de formaci\u00f3n de Ulm - Loginfo24","og_description":"La IHK Akademie Schwaben ha trasladado con \u00e9xito sus talleres de formaci\u00f3n a un nuevo centro de competencia en metal en Neu-Ulm para crear condiciones \u00f3ptimas de formaci\u00f3n.","og_url":"https:\/\/loginfo24.com\/es\/2026\/03\/10\/harder-logistics-organiza-la-mudanza-de-los-talleres-de-formacion-de-ulm\/","og_site_name":"Loginfo24","article_publisher":"https:\/\/www.facebook.com\/people\/Loginfo24\/100057360583332\/","article_published_time":"2026-03-10T08:15:20+00:00","article_modified_time":"2026-03-10T08:31:20+00:00","og_image":[{"width":1114,"height":627,"url":"https:\/\/loginfo24.com\/wp-content\/uploads\/sites\/7\/2026\/03\/Harder_10.3.26.png_2-aspect-ratio-1400-788.jpg","type":"image\/jpeg"}],"author":"Andreas M\u00fcller","twitter_card":"summary_large_image","twitter_misc":{"Escrito por":"Andreas M\u00fcller","Tiempo de lectura":"2 minuto"},"schema":{"@context":"https:\/\/schema.org","@graph":[{"@type":"Article","@id":"https:\/\/loginfo24.com\/es\/2026\/03\/10\/harder-logistics-organiza-la-mudanza-de-los-talleres-de-formacion-de-ulm\/#article","isPartOf":{"@id":"https:\/\/loginfo24.com\/es\/2026\/03\/10\/harder-logistics-organiza-la-mudanza-de-los-talleres-de-formacion-de-ulm\/"},"author":{"name":"Andreas M\u00fcller","@id":"https:\/\/loginfo24.com\/es\/#\/schema\/person\/7b1593b33567ba798d300c8a1b0b85b1"},"headline":"Harder Logistics organiza la mudanza de los talleres de formaci\u00f3n de Ulm","datePublished":"2026-03-10T08:15:20+00:00","dateModified":"2026-03-10T08:31:20+00:00","mainEntityOfPage":{"@id":"https:\/\/loginfo24.com\/es\/2026\/03\/10\/harder-logistics-organiza-la-mudanza-de-los-talleres-de-formacion-de-ulm\/"},"wordCount":465,"commentCount":0,"publisher":{"@id":"https:\/\/loginfo24.com\/es\/#organization"},"image":{"@id":"https:\/\/loginfo24.com\/es\/2026\/03\/10\/harder-logistics-organiza-la-mudanza-de-los-talleres-de-formacion-de-ulm\/#primaryimage"},"thumbnailUrl":"https:\/\/loginfo24.com\/wp-content\/uploads\/sites\/7\/2026\/03\/Harder_10.3.26.png_2-aspect-ratio-1400-788.jpg","keywords":["Acad\u00e9mie IHK Schwaben","ateliers de formation","Aus- und Qualifizierungsma\u00dfnahmen","bauliche Gegebenheiten","centre de comp\u00e9tences m\u00e9talliques","conditions structurelles","crane for machines","d\u00e9fis logistiques","Deutsch Umzug","Fachkr\u00e4ftemangel in der Logistik","gestion de projet dans le d\u00e9m\u00e9nagement","gestion du temps dans le d\u00e9m\u00e9nagement","grue pour machines","HARDER logistics","IHK Academy Schwaben Fran\u00e7ais d\u00e9m\u00e9nagement","IHK Akademie Schwaben English moving","infrastructure for educational institutions","infrastructure pour les \u00e9tablissements \u00e9ducatifs","Infrastruktur f\u00fcr Bildungseinrichtungen","Kompetenzzentrum Metall","labor shortage in logistics","Ladekran f\u00fcr Maschinen","Lehrwerkst\u00e4tten","logistical challenges","logistics service provider","Logistikdienstleister","logistique de transport","logistische Herausforderungen","machine transport","Maschinentransport","mesures de formation et de qualification","metal competence center","Neu-Ulm","op\u00e9rations de formation","p\u00e9nurie de main-d'\u0153uvre dans la logistique","prestataire logistique","processus fluide","project management in moving","Projektmanagement im Umzug","reibungsloser Ablauf","Schulungsbetrieb","smooth process","special vehicle for moving","Spezialfahrzeug f\u00fcr Umz\u00fcge","structural conditions","time management in moving","training and qualification measures","training operations","training workshops","transport de machines","transport logistics","Transportlogistik","v\u00e9hicule sp\u00e9cial pour le d\u00e9m\u00e9nagement","Zeitmanagement im Umzug"],"articleSection":["Alemania","Europa","Transporte de mercanc\u00edas y log\u00edstica"],"inLanguage":"es","potentialAction":[{"@type":"CommentAction","name":"Comment","target":["https:\/\/loginfo24.com\/es\/2026\/03\/10\/harder-logistics-organiza-la-mudanza-de-los-talleres-de-formacion-de-ulm\/#respond"]}]},{"@type":"WebPage","@id":"https:\/\/loginfo24.com\/es\/2026\/03\/10\/harder-logistics-organiza-la-mudanza-de-los-talleres-de-formacion-de-ulm\/","url":"https:\/\/loginfo24.com\/es\/2026\/03\/10\/harder-logistics-organiza-la-mudanza-de-los-talleres-de-formacion-de-ulm\/","name":"Harder Logistics organiza la mudanza de los talleres de formaci\u00f3n de Ulm - Loginfo24","isPartOf":{"@id":"https:\/\/loginfo24.com\/es\/#website"},"primaryImageOfPage":{"@id":"https:\/\/loginfo24.com\/es\/2026\/03\/10\/harder-logistics-organiza-la-mudanza-de-los-talleres-de-formacion-de-ulm\/#primaryimage"},"image":{"@id":"https:\/\/loginfo24.com\/es\/2026\/03\/10\/harder-logistics-organiza-la-mudanza-de-los-talleres-de-formacion-de-ulm\/#primaryimage"},"thumbnailUrl":"https:\/\/loginfo24.com\/wp-content\/uploads\/sites\/7\/2026\/03\/Harder_10.3.26.png_2-aspect-ratio-1400-788.jpg","datePublished":"2026-03-10T08:15:20+00:00","dateModified":"2026-03-10T08:31:20+00:00","breadcrumb":{"@id":"https:\/\/loginfo24.com\/es\/2026\/03\/10\/harder-logistics-organiza-la-mudanza-de-los-talleres-de-formacion-de-ulm\/#breadcrumb"},"inLanguage":"es","potentialAction":[{"@type":"ReadAction","target":["https:\/\/loginfo24.com\/es\/2026\/03\/10\/harder-logistics-organiza-la-mudanza-de-los-talleres-de-formacion-de-ulm\/"]}]},{"@type":"ImageObject","inLanguage":"es","@id":"https:\/\/loginfo24.com\/es\/2026\/03\/10\/harder-logistics-organiza-la-mudanza-de-los-talleres-de-formacion-de-ulm\/#primaryimage","url":"https:\/\/loginfo24.com\/wp-content\/uploads\/sites\/7\/2026\/03\/Harder_10.3.26.png_2-aspect-ratio-1400-788.jpg","contentUrl":"https:\/\/loginfo24.com\/wp-content\/uploads\/sites\/7\/2026\/03\/Harder_10.3.26.png_2-aspect-ratio-1400-788.jpg","width":1114,"height":627},{"@type":"BreadcrumbList","@id":"https:\/\/loginfo24.com\/es\/2026\/03\/10\/harder-logistics-organiza-la-mudanza-de-los-talleres-de-formacion-de-ulm\/#breadcrumb","itemListElement":[{"@type":"ListItem","position":1,"name":"Startseite","item":"https:\/\/loginfo24.com\/es\/"},{"@type":"ListItem","position":2,"name":"Harder Logistics organiza la mudanza de los talleres de formaci\u00f3n de Ulm"}]},{"@type":"WebSite","@id":"https:\/\/loginfo24.com\/es\/#website","url":"https:\/\/loginfo24.com\/es\/","name":"Loginfo24","description":"Loginfo24 es la plataforma dedicada a la log\u00edstica y las cadenas de suministro con informaci\u00f3n las 24 horas del d\u00eda.","publisher":{"@id":"https:\/\/loginfo24.com\/es\/#organization"},"potentialAction":[{"@type":"SearchAction","target":{"@type":"EntryPoint","urlTemplate":"https:\/\/loginfo24.com\/es\/?s={search_term_string}"},"query-input":{"@type":"PropertyValueSpecification","valueRequired":true,"valueName":"search_term_string"}}],"inLanguage":"es"},{"@type":"Organization","@id":"https:\/\/loginfo24.com\/es\/#organization","name":"Grupo Logismedia AG","url":"https:\/\/loginfo24.com\/es\/","logo":{"@type":"ImageObject","inLanguage":"es","@id":"https:\/\/loginfo24.com\/es\/#\/schema\/logo\/image\/","url":"https:\/\/loginfo24.com\/wp-content\/uploads\/sites\/7\/2026\/01\/Logo_LogInfo24.png","contentUrl":"https:\/\/loginfo24.com\/wp-content\/uploads\/sites\/7\/2026\/01\/Logo_LogInfo24.png","width":938,"height":351,"caption":"Grupo Logismedia AG"},"image":{"@id":"https:\/\/loginfo24.com\/es\/#\/schema\/logo\/image\/"},"sameAs":["https:\/\/www.facebook.com\/people\/Loginfo24\/100057360583332\/","https:\/\/www.linkedin.com\/company\/lofinfo24\/"]},{"@type":"Person","@id":"https:\/\/loginfo24.com\/es\/#\/schema\/person\/7b1593b33567ba798d300c8a1b0b85b1","name":"Andreas M\u00fcller","url":"https:\/\/loginfo24.com\/es\/author\/logismedia\/"}]}},"_links":{"self":[{"href":"https:\/\/loginfo24.com\/es\/wp-json\/wp\/v2\/posts\/76135","targetHints":{"allow":["GET"]}}],"collection":[{"href":"https:\/\/loginfo24.com\/es\/wp-json\/wp\/v2\/posts"}],"about":[{"href":"https:\/\/loginfo24.com\/es\/wp-json\/wp\/v2\/types\/post"}],"author":[{"embeddable":true,"href":"https:\/\/loginfo24.com\/es\/wp-json\/wp\/v2\/users\/7"}],"replies":[{"embeddable":true,"href":"https:\/\/loginfo24.com\/es\/wp-json\/wp\/v2\/comments?post=76135"}],"version-history":[{"count":1,"href":"https:\/\/loginfo24.com\/es\/wp-json\/wp\/v2\/posts\/76135\/revisions"}],"predecessor-version":[{"id":76142,"href":"https:\/\/loginfo24.com\/es\/wp-json\/wp\/v2\/posts\/76135\/revisions\/76142"}],"wp:featuredmedia":[{"embeddable":true,"href":"https:\/\/loginfo24.com\/es\/wp-json\/wp\/v2\/media\/76132"}],"wp:attachment":[{"href":"https:\/\/loginfo24.com\/es\/wp-json\/wp\/v2\/media?parent=76135"}],"wp:term":[{"taxonomy":"category","embeddable":true,"href":"https:\/\/loginfo24.com\/es\/wp-json\/wp\/v2\/categories?post=76135"},{"taxonomy":"post_tag","embeddable":true,"href":"https:\/\/loginfo24.com\/es\/wp-json\/wp\/v2\/tags?post=76135"}],"curies":[{"name":"wp","href":"https:\/\/api.w.org\/{rel}","templated":true}]}}