{"id":74190,"date":"2026-01-29T09:46:54","date_gmt":"2026-01-29T09:46:54","guid":{"rendered":"https:\/\/loginfo24.com\/2026\/01\/29\/peter-ehler-sera-el-nuevo-director-general-de-rheincargo\/"},"modified":"2026-01-29T09:46:54","modified_gmt":"2026-01-29T09:46:54","slug":"peter-ehler-sera-el-nuevo-director-general-de-rheincargo","status":"publish","type":"post","link":"https:\/\/loginfo24.com\/es\/2026\/01\/29\/peter-ehler-sera-el-nuevo-director-general-de-rheincargo\/","title":{"rendered":"Peter Ehler ser\u00e1 el nuevo director general de RheinCargo"},"content":{"rendered":"<p>Peter Ehler (izquierda) ser\u00e1 el nuevo director general de RheinCargo GmbH &amp; Co. KG. Asume el cargo tras Sascha Odermatt (derecha), quien se concentrar\u00e1 nuevamente en su papel como director general de Neuss D\u00fcsseldorfer H\u00e4fen GmbH &amp; Co. KG (NDH). Ehler, quien hasta ahora fue portavoz de la direcci\u00f3n de AWISTA GmbH y AWISTA Kommunal en D\u00fcsseldorf, asumir\u00e1 la direcci\u00f3n comercial de la empresa el 1 de febrero de 2026.<\/p>\n<p>RheinCargo GmbH &amp; Co. KG es una empresa conjunta de H\u00e4fen und G\u00fcterverkehr K\u00f6ln AG (HGK) y NDH. El cambio en la direcci\u00f3n se produce en un entorno desafiante para la industria log\u00edstica, especialmente en el sector ferroviario. Jan Huth, presidente del consejo de supervisi\u00f3n de RheinCargo, enfatiza la necesidad de un liderazgo fortalecido para adaptar la empresa a las condiciones actuales del mercado. &#8222;Una demanda industrial m\u00e1s d\u00e9bil, extensas restricciones de obras en la red y el aumento de los precios de las rutas afectan los resultados y la planificaci\u00f3n&#8220;, explica Huth.<\/p>\n<h3>Experiencias y desaf\u00edos<\/h3>\n<p>Peter Ehler aporta una amplia experiencia de su trayectoria anterior. Ha dirigido con \u00e9xito AWISTA Kommunal en D\u00fcsseldorf en un entorno complejo y ahora dirigir\u00e1 RheinCargo junto con el director operativo G\u00f6tz Jesberg. Huth destaca que la experiencia de Ehler en el trato con diferentes partes interesadas beneficiar\u00e1 el rendimiento econ\u00f3mico y operativo de RheinCargo.<\/p>\n<p>Julien Mounier, presidente del consejo de supervisi\u00f3n de AWISTA GmbH, expresa su pesar por el cambio de Ehler, pero reconoce la importancia del desarrollo continuo de RheinCargo para la regi\u00f3n. &#8222;El desarrollo de RheinCargo es de gran importancia para D\u00fcsseldorf y la regi\u00f3n&#8220;, dice Mounier.<\/p>\n<p>Ehler se muestra optimista respecto a los nuevos desaf\u00edos. &#8222;La log\u00edstica en el ferrocarril y en el Rin es un requisito fundamental para una econom\u00eda y sociedad pr\u00f3speras en nuestra regi\u00f3n&#8220;, explica. Al mismo tiempo, enfatiza que le resulta dif\u00edcil despedirse de AWISTA, pero est\u00e1 emocionado por la nueva tarea en RheinCargo.<\/p>\n<p>La planificaci\u00f3n de la sucesi\u00f3n de Ehler en AWISTA ya est\u00e1 en marcha.<\/p>\n<p>&nbsp;<\/p>\n<p><a href=\"https:\/\/www.hgk.de\/\" target=\"_blank\" rel=\"noopener noreferrer\">www.hgk.de<\/a><\/p>\n","protected":false},"excerpt":{"rendered":"<p>Peter Ehler asumir\u00e1 el 1 de febrero de 2026 como nuevo director general de RheinCargo, sucediendo as\u00ed a Sascha Odermatt.<\/p>\n","protected":false},"author":12,"featured_media":74187,"comment_status":"open","ping_status":"open","sticky":false,"template":"","format":"standard","meta":{"_acf_changed":false,"footnotes":""},"categories":[6655,6679,1604,1603],"tags":[7627,7628,7629,7630,7631,7632,3739,7633,7634,7635,7636,7637,7638,2122,7639,7640,7641,7642,2123,7643,7644,7645,7646,7647,3745,2075,7648,2918,7649,2135,7650,5258,7651,7652,7653,7654,7655,2479,7656,7657,7658,7659,5263,7660,7661,7662,7663,7664,2153,2339,2106,7665,7666,7667,7668],"class_list":["post-74190","post","type-post","status-publish","format-standard","has-post-thumbnail","hentry","category-alemania","category-europa","category-intermodal-carretera","category-personas-y-empresas","tag-awista-gmbh","tag-baustellensperrungen","tag-construction-site-closures","tag-defis-logistiques","tag-demande-industrielle","tag-deutsch-rheincargo","tag-developpement-des-infrastructures","tag-directeur-general-rheincargo","tag-duesseldorf-logistics","tag-duesseldorf-logistik","tag-economic-performance","tag-eisenbahnbereich","tag-entreprises-logistiques-regionales","tag-fachkraeftemangel-logistik","tag-fermetures-de-chantiers","tag-freight-transport-cologne","tag-geschaeftsfuehrer-rheincargo","tag-gestion-dans-la-logistique","tag-gestion-de-la-chaine-dapprovisionnement","tag-gestion-operationnelle","tag-gueterverkehr-koeln","tag-herausforderungen-in-der-logistik","tag-industrial-demand","tag-industrielle-nachfrage","tag-infrastructure-development","tag-infrastrukturentwicklung","tag-logistics-challenges","tag-logistics-industry","tag-logistik-auf-der-schiene","tag-logistikbranche","tag-logistique-duesseldorf","tag-logistique-ferroviaire","tag-management-in-der-logistik","tag-management-in-logistics","tag-neuss-duesseldorf-ports","tag-neuss-duesseldorfer-haefen","tag-operational-management-francais-rheincargo","tag-penurie-de-competences-logistique","tag-performance-economique","tag-peter-ehler","tag-ports-de-neuss-duesseldorf","tag-prix-des-voies","tag-rail-logistics","tag-railway-sector","tag-regional-logistics-companies","tag-regionale-logistikunternehmen","tag-rheincargo-ceo","tag-secteur-ferroviaire","tag-secteur-logistique","tag-skills-shortage-logistics","tag-supply-chain-management","tag-track-prices","tag-transport-de-marchandises-cologne","tag-trassenpreise","tag-wirtschaftliche-performance-english-rheincargo"],"acf":[],"yoast_head":"<!-- This site is optimized with the Yoast SEO plugin v27.3 - https:\/\/yoast.com\/product\/yoast-seo-wordpress\/ -->\n<title>Peter Ehler ser\u00e1 el nuevo director general de RheinCargo - Loginfo24<\/title>\n<meta name=\"robots\" content=\"index, follow, max-snippet:-1, max-image-preview:large, max-video-preview:-1\" \/>\n<link rel=\"canonical\" href=\"https:\/\/loginfo24.com\/es\/2026\/01\/29\/peter-ehler-sera-el-nuevo-director-general-de-rheincargo\/\" \/>\n<meta property=\"og:locale\" content=\"es_ES\" \/>\n<meta property=\"og:type\" content=\"article\" \/>\n<meta property=\"og:title\" content=\"Peter Ehler ser\u00e1 el nuevo director general de RheinCargo - Loginfo24\" \/>\n<meta property=\"og:description\" content=\"Peter Ehler asumir\u00e1 el 1 de febrero de 2026 como nuevo director general de RheinCargo, sucediendo as\u00ed a Sascha Odermatt.\" \/>\n<meta property=\"og:url\" content=\"https:\/\/loginfo24.com\/es\/2026\/01\/29\/peter-ehler-sera-el-nuevo-director-general-de-rheincargo\/\" \/>\n<meta property=\"og:site_name\" content=\"Loginfo24\" \/>\n<meta property=\"article:publisher\" content=\"https:\/\/www.facebook.com\/people\/Loginfo24\/100057360583332\/\" \/>\n<meta property=\"article:published_time\" content=\"2026-01-29T09:46:54+00:00\" \/>\n<meta property=\"og:image\" content=\"https:\/\/loginfo24.com\/wp-content\/uploads\/sites\/7\/2026\/01\/2026_01_29_V_l_Peter_Ehler_Sascha_Odermatt-scaled-aspect-ratio-1400-788-scaled-1.jpg\" \/>\n\t<meta property=\"og:image:width\" content=\"2560\" \/>\n\t<meta property=\"og:image:height\" content=\"1441\" \/>\n\t<meta property=\"og:image:type\" content=\"image\/jpeg\" \/>\n<meta name=\"author\" content=\"Andreas Haug\" \/>\n<meta name=\"twitter:card\" content=\"summary_large_image\" \/>\n<meta name=\"twitter:label1\" content=\"Escrito por\" \/>\n\t<meta name=\"twitter:data1\" content=\"Andreas Haug\" \/>\n\t<meta name=\"twitter:label2\" content=\"Tiempo de lectura\" \/>\n\t<meta name=\"twitter:data2\" content=\"2 minuto\" \/>\n<script type=\"application\/ld+json\" class=\"yoast-schema-graph\">{\"@context\":\"https:\\\/\\\/schema.org\",\"@graph\":[{\"@type\":\"Article\",\"@id\":\"https:\\\/\\\/loginfo24.com\\\/es\\\/2026\\\/01\\\/29\\\/peter-ehler-sera-el-nuevo-director-general-de-rheincargo\\\/#article\",\"isPartOf\":{\"@id\":\"https:\\\/\\\/loginfo24.com\\\/es\\\/2026\\\/01\\\/29\\\/peter-ehler-sera-el-nuevo-director-general-de-rheincargo\\\/\"},\"author\":{\"name\":\"Andreas Haug\",\"@id\":\"https:\\\/\\\/loginfo24.com\\\/es\\\/#\\\/schema\\\/person\\\/cf538b3157f15afd7589245a4b3dbd25\"},\"headline\":\"Peter Ehler ser\u00e1 el nuevo director general de RheinCargo\",\"datePublished\":\"2026-01-29T09:46:54+00:00\",\"mainEntityOfPage\":{\"@id\":\"https:\\\/\\\/loginfo24.com\\\/es\\\/2026\\\/01\\\/29\\\/peter-ehler-sera-el-nuevo-director-general-de-rheincargo\\\/\"},\"wordCount\":372,\"commentCount\":0,\"publisher\":{\"@id\":\"https:\\\/\\\/loginfo24.com\\\/es\\\/#organization\"},\"image\":{\"@id\":\"https:\\\/\\\/loginfo24.com\\\/es\\\/2026\\\/01\\\/29\\\/peter-ehler-sera-el-nuevo-director-general-de-rheincargo\\\/#primaryimage\"},\"thumbnailUrl\":\"https:\\\/\\\/loginfo24.com\\\/wp-content\\\/uploads\\\/sites\\\/7\\\/2026\\\/01\\\/2026_01_29_V_l_Peter_Ehler_Sascha_Odermatt-scaled-aspect-ratio-1400-788-scaled-1.jpg\",\"keywords\":[\"AWISTA GmbH\",\"Baustellensperrungen\",\"construction site closures\",\"d\u00e9fis logistiques\",\"demande industrielle\",\"Deutsch RheinCargo\",\"d\u00e9veloppement des infrastructures\",\"directeur g\u00e9n\u00e9ral RheinCargo\",\"D\u00fcsseldorf logistics\",\"D\u00fcsseldorf Logistik\",\"economic performance\",\"Eisenbahnbereich\",\"entreprises logistiques r\u00e9gionales\",\"Fachkr\u00e4ftemangel Logistik\",\"fermetures de chantiers\",\"freight transport Cologne\",\"Gesch\u00e4ftsf\u00fchrer RheinCargo\",\"gestion dans la logistique\",\"gestion de la cha\u00eene d'approvisionnement\",\"gestion op\u00e9rationnelle\",\"G\u00fcterverkehr K\u00f6ln\",\"Herausforderungen in der Logistik\",\"industrial demand\",\"industrielle Nachfrage\",\"infrastructure development\",\"Infrastrukturentwicklung\",\"logistics challenges\",\"logistics industry\",\"Logistik auf der Schiene\",\"Logistikbranche\",\"logistique D\u00fcsseldorf\",\"logistique ferroviaire\",\"Management in der Logistik\",\"management in logistics\",\"Neuss D\u00fcsseldorf ports\",\"Neuss D\u00fcsseldorfer H\u00e4fen\",\"operational management Fran\u00e7ais RheinCargo\",\"p\u00e9nurie de comp\u00e9tences logistique\",\"performance \u00e9conomique\",\"Peter Ehler\",\"ports de Neuss D\u00fcsseldorf\",\"prix des voies\",\"rail logistics\",\"railway sector\",\"regional logistics companies\",\"regionale Logistikunternehmen\",\"RheinCargo CEO\",\"secteur ferroviaire\",\"secteur logistique\",\"skills shortage logistics\",\"Supply Chain Management\",\"track prices\",\"transport de marchandises Cologne\",\"Trassenpreise\",\"wirtschaftliche Performance English RheinCargo\"],\"articleSection\":[\"Alemania\",\"Europa\",\"Intermodal \\\/ Carretera\",\"Personas y empresas\"],\"inLanguage\":\"es\",\"potentialAction\":[{\"@type\":\"CommentAction\",\"name\":\"Comment\",\"target\":[\"https:\\\/\\\/loginfo24.com\\\/es\\\/2026\\\/01\\\/29\\\/peter-ehler-sera-el-nuevo-director-general-de-rheincargo\\\/#respond\"]}]},{\"@type\":\"WebPage\",\"@id\":\"https:\\\/\\\/loginfo24.com\\\/es\\\/2026\\\/01\\\/29\\\/peter-ehler-sera-el-nuevo-director-general-de-rheincargo\\\/\",\"url\":\"https:\\\/\\\/loginfo24.com\\\/es\\\/2026\\\/01\\\/29\\\/peter-ehler-sera-el-nuevo-director-general-de-rheincargo\\\/\",\"name\":\"Peter Ehler ser\u00e1 el nuevo director general de RheinCargo - Loginfo24\",\"isPartOf\":{\"@id\":\"https:\\\/\\\/loginfo24.com\\\/es\\\/#website\"},\"primaryImageOfPage\":{\"@id\":\"https:\\\/\\\/loginfo24.com\\\/es\\\/2026\\\/01\\\/29\\\/peter-ehler-sera-el-nuevo-director-general-de-rheincargo\\\/#primaryimage\"},\"image\":{\"@id\":\"https:\\\/\\\/loginfo24.com\\\/es\\\/2026\\\/01\\\/29\\\/peter-ehler-sera-el-nuevo-director-general-de-rheincargo\\\/#primaryimage\"},\"thumbnailUrl\":\"https:\\\/\\\/loginfo24.com\\\/wp-content\\\/uploads\\\/sites\\\/7\\\/2026\\\/01\\\/2026_01_29_V_l_Peter_Ehler_Sascha_Odermatt-scaled-aspect-ratio-1400-788-scaled-1.jpg\",\"datePublished\":\"2026-01-29T09:46:54+00:00\",\"breadcrumb\":{\"@id\":\"https:\\\/\\\/loginfo24.com\\\/es\\\/2026\\\/01\\\/29\\\/peter-ehler-sera-el-nuevo-director-general-de-rheincargo\\\/#breadcrumb\"},\"inLanguage\":\"es\",\"potentialAction\":[{\"@type\":\"ReadAction\",\"target\":[\"https:\\\/\\\/loginfo24.com\\\/es\\\/2026\\\/01\\\/29\\\/peter-ehler-sera-el-nuevo-director-general-de-rheincargo\\\/\"]}]},{\"@type\":\"ImageObject\",\"inLanguage\":\"es\",\"@id\":\"https:\\\/\\\/loginfo24.com\\\/es\\\/2026\\\/01\\\/29\\\/peter-ehler-sera-el-nuevo-director-general-de-rheincargo\\\/#primaryimage\",\"url\":\"https:\\\/\\\/loginfo24.com\\\/wp-content\\\/uploads\\\/sites\\\/7\\\/2026\\\/01\\\/2026_01_29_V_l_Peter_Ehler_Sascha_Odermatt-scaled-aspect-ratio-1400-788-scaled-1.jpg\",\"contentUrl\":\"https:\\\/\\\/loginfo24.com\\\/wp-content\\\/uploads\\\/sites\\\/7\\\/2026\\\/01\\\/2026_01_29_V_l_Peter_Ehler_Sascha_Odermatt-scaled-aspect-ratio-1400-788-scaled-1.jpg\",\"width\":2560,\"height\":1441},{\"@type\":\"BreadcrumbList\",\"@id\":\"https:\\\/\\\/loginfo24.com\\\/es\\\/2026\\\/01\\\/29\\\/peter-ehler-sera-el-nuevo-director-general-de-rheincargo\\\/#breadcrumb\",\"itemListElement\":[{\"@type\":\"ListItem\",\"position\":1,\"name\":\"Startseite\",\"item\":\"https:\\\/\\\/loginfo24.com\\\/es\\\/\"},{\"@type\":\"ListItem\",\"position\":2,\"name\":\"Peter Ehler ser\u00e1 el nuevo director general de RheinCargo\"}]},{\"@type\":\"WebSite\",\"@id\":\"https:\\\/\\\/loginfo24.com\\\/es\\\/#website\",\"url\":\"https:\\\/\\\/loginfo24.com\\\/es\\\/\",\"name\":\"Loginfo24\",\"description\":\"Loginfo24 es la plataforma dedicada a la log\u00edstica y las cadenas de suministro con informaci\u00f3n las 24 horas del d\u00eda.\",\"publisher\":{\"@id\":\"https:\\\/\\\/loginfo24.com\\\/es\\\/#organization\"},\"potentialAction\":[{\"@type\":\"SearchAction\",\"target\":{\"@type\":\"EntryPoint\",\"urlTemplate\":\"https:\\\/\\\/loginfo24.com\\\/es\\\/?s={search_term_string}\"},\"query-input\":{\"@type\":\"PropertyValueSpecification\",\"valueRequired\":true,\"valueName\":\"search_term_string\"}}],\"inLanguage\":\"es\"},{\"@type\":\"Organization\",\"@id\":\"https:\\\/\\\/loginfo24.com\\\/es\\\/#organization\",\"name\":\"Grupo Logismedia AG\",\"url\":\"https:\\\/\\\/loginfo24.com\\\/es\\\/\",\"logo\":{\"@type\":\"ImageObject\",\"inLanguage\":\"es\",\"@id\":\"https:\\\/\\\/loginfo24.com\\\/es\\\/#\\\/schema\\\/logo\\\/image\\\/\",\"url\":\"https:\\\/\\\/loginfo24.com\\\/wp-content\\\/uploads\\\/sites\\\/7\\\/2026\\\/01\\\/Logo_LogInfo24.png\",\"contentUrl\":\"https:\\\/\\\/loginfo24.com\\\/wp-content\\\/uploads\\\/sites\\\/7\\\/2026\\\/01\\\/Logo_LogInfo24.png\",\"width\":938,\"height\":351,\"caption\":\"Grupo Logismedia AG\"},\"image\":{\"@id\":\"https:\\\/\\\/loginfo24.com\\\/es\\\/#\\\/schema\\\/logo\\\/image\\\/\"},\"sameAs\":[\"https:\\\/\\\/www.facebook.com\\\/people\\\/Loginfo24\\\/100057360583332\\\/\",\"https:\\\/\\\/www.linkedin.com\\\/company\\\/lofinfo24\\\/\"]},{\"@type\":\"Person\",\"@id\":\"https:\\\/\\\/loginfo24.com\\\/es\\\/#\\\/schema\\\/person\\\/cf538b3157f15afd7589245a4b3dbd25\",\"name\":\"Andreas Haug\",\"url\":\"https:\\\/\\\/loginfo24.com\\\/es\\\/author\\\/andreas\\\/\"}]}<\/script>\n<!-- \/ Yoast SEO plugin. -->","yoast_head_json":{"title":"Peter Ehler ser\u00e1 el nuevo director general de RheinCargo - Loginfo24","robots":{"index":"index","follow":"follow","max-snippet":"max-snippet:-1","max-image-preview":"max-image-preview:large","max-video-preview":"max-video-preview:-1"},"canonical":"https:\/\/loginfo24.com\/es\/2026\/01\/29\/peter-ehler-sera-el-nuevo-director-general-de-rheincargo\/","og_locale":"es_ES","og_type":"article","og_title":"Peter Ehler ser\u00e1 el nuevo director general de RheinCargo - Loginfo24","og_description":"Peter Ehler asumir\u00e1 el 1 de febrero de 2026 como nuevo director general de RheinCargo, sucediendo as\u00ed a Sascha Odermatt.","og_url":"https:\/\/loginfo24.com\/es\/2026\/01\/29\/peter-ehler-sera-el-nuevo-director-general-de-rheincargo\/","og_site_name":"Loginfo24","article_publisher":"https:\/\/www.facebook.com\/people\/Loginfo24\/100057360583332\/","article_published_time":"2026-01-29T09:46:54+00:00","og_image":[{"width":2560,"height":1441,"url":"https:\/\/loginfo24.com\/wp-content\/uploads\/sites\/7\/2026\/01\/2026_01_29_V_l_Peter_Ehler_Sascha_Odermatt-scaled-aspect-ratio-1400-788-scaled-1.jpg","type":"image\/jpeg"}],"author":"Andreas Haug","twitter_card":"summary_large_image","twitter_misc":{"Escrito por":"Andreas Haug","Tiempo de lectura":"2 minuto"},"schema":{"@context":"https:\/\/schema.org","@graph":[{"@type":"Article","@id":"https:\/\/loginfo24.com\/es\/2026\/01\/29\/peter-ehler-sera-el-nuevo-director-general-de-rheincargo\/#article","isPartOf":{"@id":"https:\/\/loginfo24.com\/es\/2026\/01\/29\/peter-ehler-sera-el-nuevo-director-general-de-rheincargo\/"},"author":{"name":"Andreas Haug","@id":"https:\/\/loginfo24.com\/es\/#\/schema\/person\/cf538b3157f15afd7589245a4b3dbd25"},"headline":"Peter Ehler ser\u00e1 el nuevo director general de RheinCargo","datePublished":"2026-01-29T09:46:54+00:00","mainEntityOfPage":{"@id":"https:\/\/loginfo24.com\/es\/2026\/01\/29\/peter-ehler-sera-el-nuevo-director-general-de-rheincargo\/"},"wordCount":372,"commentCount":0,"publisher":{"@id":"https:\/\/loginfo24.com\/es\/#organization"},"image":{"@id":"https:\/\/loginfo24.com\/es\/2026\/01\/29\/peter-ehler-sera-el-nuevo-director-general-de-rheincargo\/#primaryimage"},"thumbnailUrl":"https:\/\/loginfo24.com\/wp-content\/uploads\/sites\/7\/2026\/01\/2026_01_29_V_l_Peter_Ehler_Sascha_Odermatt-scaled-aspect-ratio-1400-788-scaled-1.jpg","keywords":["AWISTA GmbH","Baustellensperrungen","construction site closures","d\u00e9fis logistiques","demande industrielle","Deutsch RheinCargo","d\u00e9veloppement des infrastructures","directeur g\u00e9n\u00e9ral RheinCargo","D\u00fcsseldorf logistics","D\u00fcsseldorf Logistik","economic performance","Eisenbahnbereich","entreprises logistiques r\u00e9gionales","Fachkr\u00e4ftemangel Logistik","fermetures de chantiers","freight transport Cologne","Gesch\u00e4ftsf\u00fchrer RheinCargo","gestion dans la logistique","gestion de la cha\u00eene d'approvisionnement","gestion op\u00e9rationnelle","G\u00fcterverkehr K\u00f6ln","Herausforderungen in der Logistik","industrial demand","industrielle Nachfrage","infrastructure development","Infrastrukturentwicklung","logistics challenges","logistics industry","Logistik auf der Schiene","Logistikbranche","logistique D\u00fcsseldorf","logistique ferroviaire","Management in der Logistik","management in logistics","Neuss D\u00fcsseldorf ports","Neuss D\u00fcsseldorfer H\u00e4fen","operational management Fran\u00e7ais RheinCargo","p\u00e9nurie de comp\u00e9tences logistique","performance \u00e9conomique","Peter Ehler","ports de Neuss D\u00fcsseldorf","prix des voies","rail logistics","railway sector","regional logistics companies","regionale Logistikunternehmen","RheinCargo CEO","secteur ferroviaire","secteur logistique","skills shortage logistics","Supply Chain Management","track prices","transport de marchandises Cologne","Trassenpreise","wirtschaftliche Performance English RheinCargo"],"articleSection":["Alemania","Europa","Intermodal \/ Carretera","Personas y empresas"],"inLanguage":"es","potentialAction":[{"@type":"CommentAction","name":"Comment","target":["https:\/\/loginfo24.com\/es\/2026\/01\/29\/peter-ehler-sera-el-nuevo-director-general-de-rheincargo\/#respond"]}]},{"@type":"WebPage","@id":"https:\/\/loginfo24.com\/es\/2026\/01\/29\/peter-ehler-sera-el-nuevo-director-general-de-rheincargo\/","url":"https:\/\/loginfo24.com\/es\/2026\/01\/29\/peter-ehler-sera-el-nuevo-director-general-de-rheincargo\/","name":"Peter Ehler ser\u00e1 el nuevo director general de RheinCargo - Loginfo24","isPartOf":{"@id":"https:\/\/loginfo24.com\/es\/#website"},"primaryImageOfPage":{"@id":"https:\/\/loginfo24.com\/es\/2026\/01\/29\/peter-ehler-sera-el-nuevo-director-general-de-rheincargo\/#primaryimage"},"image":{"@id":"https:\/\/loginfo24.com\/es\/2026\/01\/29\/peter-ehler-sera-el-nuevo-director-general-de-rheincargo\/#primaryimage"},"thumbnailUrl":"https:\/\/loginfo24.com\/wp-content\/uploads\/sites\/7\/2026\/01\/2026_01_29_V_l_Peter_Ehler_Sascha_Odermatt-scaled-aspect-ratio-1400-788-scaled-1.jpg","datePublished":"2026-01-29T09:46:54+00:00","breadcrumb":{"@id":"https:\/\/loginfo24.com\/es\/2026\/01\/29\/peter-ehler-sera-el-nuevo-director-general-de-rheincargo\/#breadcrumb"},"inLanguage":"es","potentialAction":[{"@type":"ReadAction","target":["https:\/\/loginfo24.com\/es\/2026\/01\/29\/peter-ehler-sera-el-nuevo-director-general-de-rheincargo\/"]}]},{"@type":"ImageObject","inLanguage":"es","@id":"https:\/\/loginfo24.com\/es\/2026\/01\/29\/peter-ehler-sera-el-nuevo-director-general-de-rheincargo\/#primaryimage","url":"https:\/\/loginfo24.com\/wp-content\/uploads\/sites\/7\/2026\/01\/2026_01_29_V_l_Peter_Ehler_Sascha_Odermatt-scaled-aspect-ratio-1400-788-scaled-1.jpg","contentUrl":"https:\/\/loginfo24.com\/wp-content\/uploads\/sites\/7\/2026\/01\/2026_01_29_V_l_Peter_Ehler_Sascha_Odermatt-scaled-aspect-ratio-1400-788-scaled-1.jpg","width":2560,"height":1441},{"@type":"BreadcrumbList","@id":"https:\/\/loginfo24.com\/es\/2026\/01\/29\/peter-ehler-sera-el-nuevo-director-general-de-rheincargo\/#breadcrumb","itemListElement":[{"@type":"ListItem","position":1,"name":"Startseite","item":"https:\/\/loginfo24.com\/es\/"},{"@type":"ListItem","position":2,"name":"Peter Ehler ser\u00e1 el nuevo director general de RheinCargo"}]},{"@type":"WebSite","@id":"https:\/\/loginfo24.com\/es\/#website","url":"https:\/\/loginfo24.com\/es\/","name":"Loginfo24","description":"Loginfo24 es la plataforma dedicada a la log\u00edstica y las cadenas de suministro con informaci\u00f3n las 24 horas del d\u00eda.","publisher":{"@id":"https:\/\/loginfo24.com\/es\/#organization"},"potentialAction":[{"@type":"SearchAction","target":{"@type":"EntryPoint","urlTemplate":"https:\/\/loginfo24.com\/es\/?s={search_term_string}"},"query-input":{"@type":"PropertyValueSpecification","valueRequired":true,"valueName":"search_term_string"}}],"inLanguage":"es"},{"@type":"Organization","@id":"https:\/\/loginfo24.com\/es\/#organization","name":"Grupo Logismedia AG","url":"https:\/\/loginfo24.com\/es\/","logo":{"@type":"ImageObject","inLanguage":"es","@id":"https:\/\/loginfo24.com\/es\/#\/schema\/logo\/image\/","url":"https:\/\/loginfo24.com\/wp-content\/uploads\/sites\/7\/2026\/01\/Logo_LogInfo24.png","contentUrl":"https:\/\/loginfo24.com\/wp-content\/uploads\/sites\/7\/2026\/01\/Logo_LogInfo24.png","width":938,"height":351,"caption":"Grupo Logismedia AG"},"image":{"@id":"https:\/\/loginfo24.com\/es\/#\/schema\/logo\/image\/"},"sameAs":["https:\/\/www.facebook.com\/people\/Loginfo24\/100057360583332\/","https:\/\/www.linkedin.com\/company\/lofinfo24\/"]},{"@type":"Person","@id":"https:\/\/loginfo24.com\/es\/#\/schema\/person\/cf538b3157f15afd7589245a4b3dbd25","name":"Andreas Haug","url":"https:\/\/loginfo24.com\/es\/author\/andreas\/"}]}},"_links":{"self":[{"href":"https:\/\/loginfo24.com\/es\/wp-json\/wp\/v2\/posts\/74190","targetHints":{"allow":["GET"]}}],"collection":[{"href":"https:\/\/loginfo24.com\/es\/wp-json\/wp\/v2\/posts"}],"about":[{"href":"https:\/\/loginfo24.com\/es\/wp-json\/wp\/v2\/types\/post"}],"author":[{"embeddable":true,"href":"https:\/\/loginfo24.com\/es\/wp-json\/wp\/v2\/users\/12"}],"replies":[{"embeddable":true,"href":"https:\/\/loginfo24.com\/es\/wp-json\/wp\/v2\/comments?post=74190"}],"version-history":[{"count":0,"href":"https:\/\/loginfo24.com\/es\/wp-json\/wp\/v2\/posts\/74190\/revisions"}],"wp:featuredmedia":[{"embeddable":true,"href":"https:\/\/loginfo24.com\/es\/wp-json\/wp\/v2\/media\/74187"}],"wp:attachment":[{"href":"https:\/\/loginfo24.com\/es\/wp-json\/wp\/v2\/media?parent=74190"}],"wp:term":[{"taxonomy":"category","embeddable":true,"href":"https:\/\/loginfo24.com\/es\/wp-json\/wp\/v2\/categories?post=74190"},{"taxonomy":"post_tag","embeddable":true,"href":"https:\/\/loginfo24.com\/es\/wp-json\/wp\/v2\/tags?post=74190"}],"curies":[{"name":"wp","href":"https:\/\/api.w.org\/{rel}","templated":true}]}}