{"id":73869,"date":"2026-01-27T12:07:48","date_gmt":"2026-01-27T12:07:48","guid":{"rendered":"https:\/\/loginfo24.com\/2026\/01\/27\/lars-erik-poths-sera-ceo-del-nagel-group\/"},"modified":"2026-01-28T15:51:54","modified_gmt":"2026-01-28T14:51:54","slug":"lars-erik-poths-sera-ceo-del-nagel-group","status":"publish","type":"post","link":"https:\/\/loginfo24.com\/es\/2026\/01\/27\/lars-erik-poths-sera-ceo-del-nagel-group\/","title":{"rendered":"Lars-Erik Poths ser\u00e1 CEO del Nagel-Group."},"content":{"rendered":"<p>Lars-Erik Poths ser\u00e1 el nuevo CEO del Nagel-Group a partir del 1 de febrero de 2026, una de las principales empresas de log\u00edstica de alimentos en Europa. Sucede a Carsten Taucke, quien ha dirigido la empresa en los \u00faltimos a\u00f1os. Marion Nagel, presidenta del consejo de administraci\u00f3n, expres\u00f3 su satisfacci\u00f3n por la contrataci\u00f3n de Poths y destac\u00f3 su amplia experiencia en el sector de la log\u00edstica.<\/p>\n<p>Poths, quien anteriormente fue Chief Financial Officer (CFO) en Logwin AG, aporta una extensa experiencia internacional. En su puesto anterior, fue responsable del \u00e1rea financiera, as\u00ed como de la gesti\u00f3n de sostenibilidad y calidad en el sector de Air + Ocean. Anteriormente, ocup\u00f3 la direcci\u00f3n general en Alemania y lider\u00f3 la gesti\u00f3n de productos para carga a\u00e9rea a nivel mundial. &#8222;El Nagel-Group es una gran empresa con perspectivas futuras emocionantes. Estoy muy emocionado de trabajar en los pr\u00f3ximos a\u00f1os junto con el consejo de administraci\u00f3n, la direcci\u00f3n y empleados motivados como un socio confiable para nuestros clientes, para desarrollar una din\u00e1mica empresarial con un crecimiento continuo y sostenible&#8220;, declar\u00f3 Poths.<\/p>\n<h3>Orientaci\u00f3n estrat\u00e9gica y desaf\u00edos futuros<\/h3>\n<p>En su nuevo rol, Poths dirigir\u00e1 el destino de la empresa familiar junto con el consejo de administraci\u00f3n y los dem\u00e1s miembros de la junta directiva. Esto incluye a Jens Kleiner (Chief Operating Officer), Michael L\u00fctjann (Chief Information Officer) y Dr. Holger Werthschulte (Chief Financial Officer). Marion Nagel enfatiz\u00f3 que el Nagel-Group, como empresa familiar, persigue valores claros y altas exigencias. Junto con Poths, se busca seguir ampliando el papel de liderazgo como proveedor de todas las clases de temperatura.<\/p>\n<p>El Nagel-Group ha realizado ajustes estructurales en los \u00faltimos a\u00f1os bajo la direcci\u00f3n de Carsten Taucke para posicionarse de manera sostenible para el futuro. &#8222;Agradecemos a Carsten Taucke por su exitosa labor y su compromiso con el Nagel-Group, que est\u00e1 preparado para el futuro tras a\u00f1os desafiantes&#8220;, dijo Marion Nagel. Poths ahora dar\u00e1 forma a la pr\u00f3xima fase de crecimiento, habi\u00e9ndose ya establecido la base para futuras inversiones.<\/p>\n<p>El Nagel-Group, que genera ingresos de 2,3 mil millones de EUR y emplea a alrededor de 11,000 empleados en m\u00e1s de 130 ubicaciones, se especializa en log\u00edstica de alimentos. Diariamente, se mueven m\u00e1s de 105,000 env\u00edos de alimentos, desde secos hasta congelados. La empresa ofrece soluciones de transporte y log\u00edstica contractual a medida y se ha posicionado, entre otras cosas, a trav\u00e9s de iniciativas de descarbonizaci\u00f3n e inversiones en procesos digitales.<\/p>\n<p>&nbsp;<\/p>\n<p><a href=\"https:\/\/www.nagel-group.com\/\" target=\"_blank\" rel=\"noopener noreferrer\">www.nagel-group.com<\/a><\/p>\n<p>&nbsp;<\/p>\n","protected":false},"excerpt":{"rendered":"<p>Lars-Erik Poths ser\u00e1 el CEO de Nagel-Group a partir del 1 de febrero de 2026 y aporta una amplia experiencia en la industria de la log\u00edstica para desarrollar a\u00fan m\u00e1s la empresa.<\/p>\n","protected":false},"author":12,"featured_media":73864,"comment_status":"open","ping_status":"open","sticky":false,"template":"","format":"standard","meta":{"_acf_changed":false,"footnotes":""},"categories":[6655,6679,1603,1605],"tags":[7021,7022,6683,2548,7023,2115,2116,2213,7024,6690,2064,7025,2809,7026,2123,7027,2562,2279,2280,7028,7029,2820,2918,2133,2135,1831,2822,6703,2622,2282,7030,7031,7032,1800,3157,7033,2148,7034,7035,3976,7036,4144,2106,2641,7037,7038,2246,1837,2157,7039],"class_list":["post-73869","post","type-post","status-publish","format-standard","has-post-thumbnail","hentry","category-alemania","category-europa","category-personas-y-empresas","category-expedicion-y-logistica","tag-carsten-taucke","tag-classes-de-temperature","tag-cold-chain-logistics","tag-corporate-governance","tag-deutsch-nagel-group","tag-digitalisierung-in-der-logistik","tag-digitalization-in-logistics","tag-economie-du-transport","tag-employee-motivation","tag-entreprise-familiale","tag-familienunternehmen","tag-family-business","tag-food-logistics","tag-future-proof-logistics-francais-nagel-group","tag-gestion-de-la-chaine-dapprovisionnement","tag-gestion-de-la-qualite","tag-gouvernance-dentreprise","tag-international-logistics","tag-internationale-logistik","tag-kaeltelogistik","tag-lars-erik-poths","tag-lebensmittellogistik","tag-logistics-industry","tag-logistics-service-providers","tag-logistikbranche","tag-logistikdienstleister","tag-logistique-alimentaire","tag-logistique-de-chaine-du-froid","tag-logistique-durable","tag-logistique-internationale","tag-logwin-ag","tag-mitarbeitermotivation","tag-motivation-des-employes","tag-nachhaltige-logistik","tag-numerisation-dans-la-logistique","tag-orientation-strategique","tag-prestataires-de-services-logistiques","tag-qualitaetsmanagement","tag-quality-management","tag-secteur-de-la-logistique","tag-strategic-direction","tag-strategische-ausrichtung","tag-supply-chain-management","tag-sustainable-logistics","tag-temperature-classes","tag-temperaturklassen","tag-transportation-economy","tag-transportwirtschaft","tag-unternehmensfuehrung","tag-zukunftsfaehige-logistik-english-nagel-group"],"acf":[],"yoast_head":"<!-- This site is optimized with the Yoast SEO plugin v27.3 - https:\/\/yoast.com\/product\/yoast-seo-wordpress\/ -->\n<title>Lars-Erik Poths ser\u00e1 CEO del Nagel-Group. - Loginfo24<\/title>\n<meta name=\"robots\" content=\"index, follow, max-snippet:-1, max-image-preview:large, max-video-preview:-1\" \/>\n<link rel=\"canonical\" href=\"https:\/\/loginfo24.com\/es\/2026\/01\/27\/lars-erik-poths-sera-ceo-del-nagel-group\/\" \/>\n<meta property=\"og:locale\" content=\"es_ES\" \/>\n<meta property=\"og:type\" content=\"article\" \/>\n<meta property=\"og:title\" content=\"Lars-Erik Poths ser\u00e1 CEO del Nagel-Group. - Loginfo24\" \/>\n<meta property=\"og:description\" content=\"Lars-Erik Poths ser\u00e1 el CEO de Nagel-Group a partir del 1 de febrero de 2026 y aporta una amplia experiencia en la industria de la log\u00edstica para desarrollar a\u00fan m\u00e1s la empresa.\" \/>\n<meta property=\"og:url\" content=\"https:\/\/loginfo24.com\/es\/2026\/01\/27\/lars-erik-poths-sera-ceo-del-nagel-group\/\" \/>\n<meta property=\"og:site_name\" content=\"Loginfo24\" \/>\n<meta property=\"article:publisher\" content=\"https:\/\/www.facebook.com\/people\/Loginfo24\/100057360583332\/\" \/>\n<meta property=\"article:published_time\" content=\"2026-01-27T12:07:48+00:00\" \/>\n<meta property=\"article:modified_time\" content=\"2026-01-28T14:51:54+00:00\" \/>\n<meta property=\"og:image\" content=\"https:\/\/loginfo24.com\/wp-content\/uploads\/sites\/7\/2026\/01\/Lars-Erik-Poths-1024x643-1-aspect-ratio-1400-788.png\" \/>\n\t<meta property=\"og:image:width\" content=\"727\" \/>\n\t<meta property=\"og:image:height\" content=\"409\" \/>\n\t<meta property=\"og:image:type\" content=\"image\/png\" \/>\n<meta name=\"author\" content=\"Andreas Haug\" \/>\n<meta name=\"twitter:card\" content=\"summary_large_image\" \/>\n<meta name=\"twitter:label1\" content=\"Escrito por\" \/>\n\t<meta name=\"twitter:data1\" content=\"Andreas Haug\" \/>\n\t<meta name=\"twitter:label2\" content=\"Tiempo de lectura\" \/>\n\t<meta name=\"twitter:data2\" content=\"2 minuto\" \/>\n<script type=\"application\/ld+json\" class=\"yoast-schema-graph\">{\"@context\":\"https:\\\/\\\/schema.org\",\"@graph\":[{\"@type\":\"Article\",\"@id\":\"https:\\\/\\\/loginfo24.com\\\/es\\\/2026\\\/01\\\/27\\\/lars-erik-poths-sera-ceo-del-nagel-group\\\/#article\",\"isPartOf\":{\"@id\":\"https:\\\/\\\/loginfo24.com\\\/es\\\/2026\\\/01\\\/27\\\/lars-erik-poths-sera-ceo-del-nagel-group\\\/\"},\"author\":{\"name\":\"Andreas Haug\",\"@id\":\"https:\\\/\\\/loginfo24.com\\\/es\\\/#\\\/schema\\\/person\\\/cf538b3157f15afd7589245a4b3dbd25\"},\"headline\":\"Lars-Erik Poths ser\u00e1 CEO del Nagel-Group.\",\"datePublished\":\"2026-01-27T12:07:48+00:00\",\"dateModified\":\"2026-01-28T14:51:54+00:00\",\"mainEntityOfPage\":{\"@id\":\"https:\\\/\\\/loginfo24.com\\\/es\\\/2026\\\/01\\\/27\\\/lars-erik-poths-sera-ceo-del-nagel-group\\\/\"},\"wordCount\":437,\"commentCount\":0,\"publisher\":{\"@id\":\"https:\\\/\\\/loginfo24.com\\\/es\\\/#organization\"},\"image\":{\"@id\":\"https:\\\/\\\/loginfo24.com\\\/es\\\/2026\\\/01\\\/27\\\/lars-erik-poths-sera-ceo-del-nagel-group\\\/#primaryimage\"},\"thumbnailUrl\":\"https:\\\/\\\/loginfo24.com\\\/wp-content\\\/uploads\\\/sites\\\/7\\\/2026\\\/01\\\/Lars-Erik-Poths-1024x643-1-aspect-ratio-1400-788.png\",\"keywords\":[\"Carsten Taucke\",\"classes de temp\u00e9rature\",\"cold chain logistics\",\"corporate governance\",\"Deutsch Nagel-Group\",\"Digitalisierung in der Logistik\",\"digitalization in logistics\",\"\u00e9conomie du transport\",\"employee motivation\",\"entreprise familiale\",\"Familienunternehmen\",\"family business\",\"food logistics\",\"future-proof logistics Fran\u00e7ais Nagel-Group\",\"gestion de la cha\u00eene d'approvisionnement\",\"gestion de la qualit\u00e9\",\"gouvernance d'entreprise\",\"international logistics\",\"internationale Logistik\",\"K\u00e4ltelogistik\",\"Lars-Erik Poths\",\"Lebensmittellogistik\",\"logistics industry\",\"logistics service providers\",\"Logistikbranche\",\"Logistikdienstleister\",\"logistique alimentaire\",\"logistique de cha\u00eene du froid\",\"logistique durable\",\"logistique internationale\",\"Logwin AG\",\"Mitarbeitermotivation\",\"motivation des employ\u00e9s\",\"nachhaltige Logistik\",\"num\u00e9risation dans la logistique\",\"orientation strat\u00e9gique\",\"prestataires de services logistiques\",\"Qualit\u00e4tsmanagement\",\"quality management\",\"secteur de la logistique\",\"strategic direction\",\"strategische Ausrichtung\",\"Supply Chain Management\",\"sustainable logistics\",\"temperature classes\",\"Temperaturklassen\",\"transportation economy\",\"Transportwirtschaft\",\"Unternehmensf\u00fchrung\",\"zukunftsf\u00e4hige Logistik English Nagel-Group\"],\"articleSection\":[\"Alemania\",\"Europa\",\"Personas y empresas\",\"Transporte de mercanc\u00edas y log\u00edstica\"],\"inLanguage\":\"es\",\"potentialAction\":[{\"@type\":\"CommentAction\",\"name\":\"Comment\",\"target\":[\"https:\\\/\\\/loginfo24.com\\\/es\\\/2026\\\/01\\\/27\\\/lars-erik-poths-sera-ceo-del-nagel-group\\\/#respond\"]}]},{\"@type\":\"WebPage\",\"@id\":\"https:\\\/\\\/loginfo24.com\\\/es\\\/2026\\\/01\\\/27\\\/lars-erik-poths-sera-ceo-del-nagel-group\\\/\",\"url\":\"https:\\\/\\\/loginfo24.com\\\/es\\\/2026\\\/01\\\/27\\\/lars-erik-poths-sera-ceo-del-nagel-group\\\/\",\"name\":\"Lars-Erik Poths ser\u00e1 CEO del Nagel-Group. - Loginfo24\",\"isPartOf\":{\"@id\":\"https:\\\/\\\/loginfo24.com\\\/es\\\/#website\"},\"primaryImageOfPage\":{\"@id\":\"https:\\\/\\\/loginfo24.com\\\/es\\\/2026\\\/01\\\/27\\\/lars-erik-poths-sera-ceo-del-nagel-group\\\/#primaryimage\"},\"image\":{\"@id\":\"https:\\\/\\\/loginfo24.com\\\/es\\\/2026\\\/01\\\/27\\\/lars-erik-poths-sera-ceo-del-nagel-group\\\/#primaryimage\"},\"thumbnailUrl\":\"https:\\\/\\\/loginfo24.com\\\/wp-content\\\/uploads\\\/sites\\\/7\\\/2026\\\/01\\\/Lars-Erik-Poths-1024x643-1-aspect-ratio-1400-788.png\",\"datePublished\":\"2026-01-27T12:07:48+00:00\",\"dateModified\":\"2026-01-28T14:51:54+00:00\",\"breadcrumb\":{\"@id\":\"https:\\\/\\\/loginfo24.com\\\/es\\\/2026\\\/01\\\/27\\\/lars-erik-poths-sera-ceo-del-nagel-group\\\/#breadcrumb\"},\"inLanguage\":\"es\",\"potentialAction\":[{\"@type\":\"ReadAction\",\"target\":[\"https:\\\/\\\/loginfo24.com\\\/es\\\/2026\\\/01\\\/27\\\/lars-erik-poths-sera-ceo-del-nagel-group\\\/\"]}]},{\"@type\":\"ImageObject\",\"inLanguage\":\"es\",\"@id\":\"https:\\\/\\\/loginfo24.com\\\/es\\\/2026\\\/01\\\/27\\\/lars-erik-poths-sera-ceo-del-nagel-group\\\/#primaryimage\",\"url\":\"https:\\\/\\\/loginfo24.com\\\/wp-content\\\/uploads\\\/sites\\\/7\\\/2026\\\/01\\\/Lars-Erik-Poths-1024x643-1-aspect-ratio-1400-788.png\",\"contentUrl\":\"https:\\\/\\\/loginfo24.com\\\/wp-content\\\/uploads\\\/sites\\\/7\\\/2026\\\/01\\\/Lars-Erik-Poths-1024x643-1-aspect-ratio-1400-788.png\",\"width\":727,\"height\":409},{\"@type\":\"BreadcrumbList\",\"@id\":\"https:\\\/\\\/loginfo24.com\\\/es\\\/2026\\\/01\\\/27\\\/lars-erik-poths-sera-ceo-del-nagel-group\\\/#breadcrumb\",\"itemListElement\":[{\"@type\":\"ListItem\",\"position\":1,\"name\":\"Startseite\",\"item\":\"https:\\\/\\\/loginfo24.com\\\/es\\\/\"},{\"@type\":\"ListItem\",\"position\":2,\"name\":\"Lars-Erik Poths ser\u00e1 CEO del Nagel-Group\"}]},{\"@type\":\"WebSite\",\"@id\":\"https:\\\/\\\/loginfo24.com\\\/es\\\/#website\",\"url\":\"https:\\\/\\\/loginfo24.com\\\/es\\\/\",\"name\":\"Loginfo24\",\"description\":\"Loginfo24 es la plataforma dedicada a la log\u00edstica y las cadenas de suministro con informaci\u00f3n las 24 horas del d\u00eda.\",\"publisher\":{\"@id\":\"https:\\\/\\\/loginfo24.com\\\/es\\\/#organization\"},\"potentialAction\":[{\"@type\":\"SearchAction\",\"target\":{\"@type\":\"EntryPoint\",\"urlTemplate\":\"https:\\\/\\\/loginfo24.com\\\/es\\\/?s={search_term_string}\"},\"query-input\":{\"@type\":\"PropertyValueSpecification\",\"valueRequired\":true,\"valueName\":\"search_term_string\"}}],\"inLanguage\":\"es\"},{\"@type\":\"Organization\",\"@id\":\"https:\\\/\\\/loginfo24.com\\\/es\\\/#organization\",\"name\":\"Grupo Logismedia AG\",\"url\":\"https:\\\/\\\/loginfo24.com\\\/es\\\/\",\"logo\":{\"@type\":\"ImageObject\",\"inLanguage\":\"es\",\"@id\":\"https:\\\/\\\/loginfo24.com\\\/es\\\/#\\\/schema\\\/logo\\\/image\\\/\",\"url\":\"https:\\\/\\\/loginfo24.com\\\/wp-content\\\/uploads\\\/sites\\\/7\\\/2026\\\/01\\\/Logo_LogInfo24.png\",\"contentUrl\":\"https:\\\/\\\/loginfo24.com\\\/wp-content\\\/uploads\\\/sites\\\/7\\\/2026\\\/01\\\/Logo_LogInfo24.png\",\"width\":938,\"height\":351,\"caption\":\"Grupo Logismedia AG\"},\"image\":{\"@id\":\"https:\\\/\\\/loginfo24.com\\\/es\\\/#\\\/schema\\\/logo\\\/image\\\/\"},\"sameAs\":[\"https:\\\/\\\/www.facebook.com\\\/people\\\/Loginfo24\\\/100057360583332\\\/\",\"https:\\\/\\\/www.linkedin.com\\\/company\\\/lofinfo24\\\/\"]},{\"@type\":\"Person\",\"@id\":\"https:\\\/\\\/loginfo24.com\\\/es\\\/#\\\/schema\\\/person\\\/cf538b3157f15afd7589245a4b3dbd25\",\"name\":\"Andreas Haug\",\"url\":\"https:\\\/\\\/loginfo24.com\\\/es\\\/author\\\/andreas\\\/\"}]}<\/script>\n<!-- \/ Yoast SEO plugin. -->","yoast_head_json":{"title":"Lars-Erik Poths ser\u00e1 CEO del Nagel-Group. - Loginfo24","robots":{"index":"index","follow":"follow","max-snippet":"max-snippet:-1","max-image-preview":"max-image-preview:large","max-video-preview":"max-video-preview:-1"},"canonical":"https:\/\/loginfo24.com\/es\/2026\/01\/27\/lars-erik-poths-sera-ceo-del-nagel-group\/","og_locale":"es_ES","og_type":"article","og_title":"Lars-Erik Poths ser\u00e1 CEO del Nagel-Group. - Loginfo24","og_description":"Lars-Erik Poths ser\u00e1 el CEO de Nagel-Group a partir del 1 de febrero de 2026 y aporta una amplia experiencia en la industria de la log\u00edstica para desarrollar a\u00fan m\u00e1s la empresa.","og_url":"https:\/\/loginfo24.com\/es\/2026\/01\/27\/lars-erik-poths-sera-ceo-del-nagel-group\/","og_site_name":"Loginfo24","article_publisher":"https:\/\/www.facebook.com\/people\/Loginfo24\/100057360583332\/","article_published_time":"2026-01-27T12:07:48+00:00","article_modified_time":"2026-01-28T14:51:54+00:00","og_image":[{"width":727,"height":409,"url":"https:\/\/loginfo24.com\/wp-content\/uploads\/sites\/7\/2026\/01\/Lars-Erik-Poths-1024x643-1-aspect-ratio-1400-788.png","type":"image\/png"}],"author":"Andreas Haug","twitter_card":"summary_large_image","twitter_misc":{"Escrito por":"Andreas Haug","Tiempo de lectura":"2 minuto"},"schema":{"@context":"https:\/\/schema.org","@graph":[{"@type":"Article","@id":"https:\/\/loginfo24.com\/es\/2026\/01\/27\/lars-erik-poths-sera-ceo-del-nagel-group\/#article","isPartOf":{"@id":"https:\/\/loginfo24.com\/es\/2026\/01\/27\/lars-erik-poths-sera-ceo-del-nagel-group\/"},"author":{"name":"Andreas Haug","@id":"https:\/\/loginfo24.com\/es\/#\/schema\/person\/cf538b3157f15afd7589245a4b3dbd25"},"headline":"Lars-Erik Poths ser\u00e1 CEO del Nagel-Group.","datePublished":"2026-01-27T12:07:48+00:00","dateModified":"2026-01-28T14:51:54+00:00","mainEntityOfPage":{"@id":"https:\/\/loginfo24.com\/es\/2026\/01\/27\/lars-erik-poths-sera-ceo-del-nagel-group\/"},"wordCount":437,"commentCount":0,"publisher":{"@id":"https:\/\/loginfo24.com\/es\/#organization"},"image":{"@id":"https:\/\/loginfo24.com\/es\/2026\/01\/27\/lars-erik-poths-sera-ceo-del-nagel-group\/#primaryimage"},"thumbnailUrl":"https:\/\/loginfo24.com\/wp-content\/uploads\/sites\/7\/2026\/01\/Lars-Erik-Poths-1024x643-1-aspect-ratio-1400-788.png","keywords":["Carsten Taucke","classes de temp\u00e9rature","cold chain logistics","corporate governance","Deutsch Nagel-Group","Digitalisierung in der Logistik","digitalization in logistics","\u00e9conomie du transport","employee motivation","entreprise familiale","Familienunternehmen","family business","food logistics","future-proof logistics Fran\u00e7ais Nagel-Group","gestion de la cha\u00eene d'approvisionnement","gestion de la qualit\u00e9","gouvernance d'entreprise","international logistics","internationale Logistik","K\u00e4ltelogistik","Lars-Erik Poths","Lebensmittellogistik","logistics industry","logistics service providers","Logistikbranche","Logistikdienstleister","logistique alimentaire","logistique de cha\u00eene du froid","logistique durable","logistique internationale","Logwin AG","Mitarbeitermotivation","motivation des employ\u00e9s","nachhaltige Logistik","num\u00e9risation dans la logistique","orientation strat\u00e9gique","prestataires de services logistiques","Qualit\u00e4tsmanagement","quality management","secteur de la logistique","strategic direction","strategische Ausrichtung","Supply Chain Management","sustainable logistics","temperature classes","Temperaturklassen","transportation economy","Transportwirtschaft","Unternehmensf\u00fchrung","zukunftsf\u00e4hige Logistik English Nagel-Group"],"articleSection":["Alemania","Europa","Personas y empresas","Transporte de mercanc\u00edas y log\u00edstica"],"inLanguage":"es","potentialAction":[{"@type":"CommentAction","name":"Comment","target":["https:\/\/loginfo24.com\/es\/2026\/01\/27\/lars-erik-poths-sera-ceo-del-nagel-group\/#respond"]}]},{"@type":"WebPage","@id":"https:\/\/loginfo24.com\/es\/2026\/01\/27\/lars-erik-poths-sera-ceo-del-nagel-group\/","url":"https:\/\/loginfo24.com\/es\/2026\/01\/27\/lars-erik-poths-sera-ceo-del-nagel-group\/","name":"Lars-Erik Poths ser\u00e1 CEO del Nagel-Group. - Loginfo24","isPartOf":{"@id":"https:\/\/loginfo24.com\/es\/#website"},"primaryImageOfPage":{"@id":"https:\/\/loginfo24.com\/es\/2026\/01\/27\/lars-erik-poths-sera-ceo-del-nagel-group\/#primaryimage"},"image":{"@id":"https:\/\/loginfo24.com\/es\/2026\/01\/27\/lars-erik-poths-sera-ceo-del-nagel-group\/#primaryimage"},"thumbnailUrl":"https:\/\/loginfo24.com\/wp-content\/uploads\/sites\/7\/2026\/01\/Lars-Erik-Poths-1024x643-1-aspect-ratio-1400-788.png","datePublished":"2026-01-27T12:07:48+00:00","dateModified":"2026-01-28T14:51:54+00:00","breadcrumb":{"@id":"https:\/\/loginfo24.com\/es\/2026\/01\/27\/lars-erik-poths-sera-ceo-del-nagel-group\/#breadcrumb"},"inLanguage":"es","potentialAction":[{"@type":"ReadAction","target":["https:\/\/loginfo24.com\/es\/2026\/01\/27\/lars-erik-poths-sera-ceo-del-nagel-group\/"]}]},{"@type":"ImageObject","inLanguage":"es","@id":"https:\/\/loginfo24.com\/es\/2026\/01\/27\/lars-erik-poths-sera-ceo-del-nagel-group\/#primaryimage","url":"https:\/\/loginfo24.com\/wp-content\/uploads\/sites\/7\/2026\/01\/Lars-Erik-Poths-1024x643-1-aspect-ratio-1400-788.png","contentUrl":"https:\/\/loginfo24.com\/wp-content\/uploads\/sites\/7\/2026\/01\/Lars-Erik-Poths-1024x643-1-aspect-ratio-1400-788.png","width":727,"height":409},{"@type":"BreadcrumbList","@id":"https:\/\/loginfo24.com\/es\/2026\/01\/27\/lars-erik-poths-sera-ceo-del-nagel-group\/#breadcrumb","itemListElement":[{"@type":"ListItem","position":1,"name":"Startseite","item":"https:\/\/loginfo24.com\/es\/"},{"@type":"ListItem","position":2,"name":"Lars-Erik Poths ser\u00e1 CEO del Nagel-Group"}]},{"@type":"WebSite","@id":"https:\/\/loginfo24.com\/es\/#website","url":"https:\/\/loginfo24.com\/es\/","name":"Loginfo24","description":"Loginfo24 es la plataforma dedicada a la log\u00edstica y las cadenas de suministro con informaci\u00f3n las 24 horas del d\u00eda.","publisher":{"@id":"https:\/\/loginfo24.com\/es\/#organization"},"potentialAction":[{"@type":"SearchAction","target":{"@type":"EntryPoint","urlTemplate":"https:\/\/loginfo24.com\/es\/?s={search_term_string}"},"query-input":{"@type":"PropertyValueSpecification","valueRequired":true,"valueName":"search_term_string"}}],"inLanguage":"es"},{"@type":"Organization","@id":"https:\/\/loginfo24.com\/es\/#organization","name":"Grupo Logismedia AG","url":"https:\/\/loginfo24.com\/es\/","logo":{"@type":"ImageObject","inLanguage":"es","@id":"https:\/\/loginfo24.com\/es\/#\/schema\/logo\/image\/","url":"https:\/\/loginfo24.com\/wp-content\/uploads\/sites\/7\/2026\/01\/Logo_LogInfo24.png","contentUrl":"https:\/\/loginfo24.com\/wp-content\/uploads\/sites\/7\/2026\/01\/Logo_LogInfo24.png","width":938,"height":351,"caption":"Grupo Logismedia AG"},"image":{"@id":"https:\/\/loginfo24.com\/es\/#\/schema\/logo\/image\/"},"sameAs":["https:\/\/www.facebook.com\/people\/Loginfo24\/100057360583332\/","https:\/\/www.linkedin.com\/company\/lofinfo24\/"]},{"@type":"Person","@id":"https:\/\/loginfo24.com\/es\/#\/schema\/person\/cf538b3157f15afd7589245a4b3dbd25","name":"Andreas Haug","url":"https:\/\/loginfo24.com\/es\/author\/andreas\/"}]}},"_links":{"self":[{"href":"https:\/\/loginfo24.com\/es\/wp-json\/wp\/v2\/posts\/73869","targetHints":{"allow":["GET"]}}],"collection":[{"href":"https:\/\/loginfo24.com\/es\/wp-json\/wp\/v2\/posts"}],"about":[{"href":"https:\/\/loginfo24.com\/es\/wp-json\/wp\/v2\/types\/post"}],"author":[{"embeddable":true,"href":"https:\/\/loginfo24.com\/es\/wp-json\/wp\/v2\/users\/12"}],"replies":[{"embeddable":true,"href":"https:\/\/loginfo24.com\/es\/wp-json\/wp\/v2\/comments?post=73869"}],"version-history":[{"count":7,"href":"https:\/\/loginfo24.com\/es\/wp-json\/wp\/v2\/posts\/73869\/revisions"}],"predecessor-version":[{"id":74125,"href":"https:\/\/loginfo24.com\/es\/wp-json\/wp\/v2\/posts\/73869\/revisions\/74125"}],"wp:featuredmedia":[{"embeddable":true,"href":"https:\/\/loginfo24.com\/es\/wp-json\/wp\/v2\/media\/73864"}],"wp:attachment":[{"href":"https:\/\/loginfo24.com\/es\/wp-json\/wp\/v2\/media?parent=73869"}],"wp:term":[{"taxonomy":"category","embeddable":true,"href":"https:\/\/loginfo24.com\/es\/wp-json\/wp\/v2\/categories?post=73869"},{"taxonomy":"post_tag","embeddable":true,"href":"https:\/\/loginfo24.com\/es\/wp-json\/wp\/v2\/tags?post=73869"}],"curies":[{"name":"wp","href":"https:\/\/api.w.org\/{rel}","templated":true}]}}