{"id":73850,"date":"2026-01-27T11:50:14","date_gmt":"2026-01-27T11:50:14","guid":{"rendered":"https:\/\/loginfo24.com\/2026\/01\/27\/alan-obrien-sucede-a-garrett-obrien\/"},"modified":"2026-01-27T13:06:43","modified_gmt":"2026-01-27T12:06:43","slug":"alan-obrien-sucede-a-garrett-obrien","status":"publish","type":"post","link":"https:\/\/loginfo24.com\/es\/2026\/01\/27\/alan-obrien-sucede-a-garrett-obrien\/","title":{"rendered":"Alan O&#8217;Brien sucede a Garrett O&#8217;Brien"},"content":{"rendered":"<p>R\u00f6hlig Logistics ha nombrado a Alan O\u2019Brien como director general de R\u00f6hlig Irlanda. Asumi\u00f3 su nuevo cargo el 1 de enero de 2026.<\/p>\n<p>Alan O\u2019Brien comenz\u00f3 su carrera en diciembre de 2018 en AirOcean Irlanda como Senior Business Development Manager. Tras la adquisici\u00f3n de AirOcean Irlanda por R\u00f6hlig Logistics el 1 de enero de 2025, desempe\u00f1\u00f3 un papel decisivo en el crecimiento de la empresa y en la exitosa integraci\u00f3n de la ubicaci\u00f3n irlandesa en la red internacional de R\u00f6hlig.<\/p>\n<h3>Desarrollo estrat\u00e9gico de R\u00f6hlig Irlanda<\/h3>\n<p>En su nueva funci\u00f3n, Alan O\u2019Brien se basar\u00e1 en los cimientos establecidos en los \u00faltimos a\u00f1os y desarrollar\u00e1 R\u00f6hlig Irlanda como una organizaci\u00f3n escalable, orientada al cliente y sostenible. El enfoque estar\u00e1 en el crecimiento sostenible, el fortalecimiento y desarrollo de la cartera de clientes existente, as\u00ed como en la expansi\u00f3n de soluciones multimodales y nuevas rutas comerciales. Se prestar\u00e1 especial atenci\u00f3n al desarrollo de las exportaciones de carga a\u00e9rea y mar\u00edtima, as\u00ed como al negocio de oeste a este con el Lejano Oriente. Adem\u00e1s, se ampliar\u00e1n continuamente los canales de venta digitales y las herramientas de servicio al cliente, mientras que el uso de inteligencia artificial se fomentar\u00e1 de manera espec\u00edfica para apoyar los procesos operativos y crear un valor medible para los clientes.<\/p>\n<p>Alan O\u2019Brien sucede a Garrett O\u2019Brien, quien no est\u00e1 relacionado con \u00e9l. La colaboraci\u00f3n de Garrett O\u2019Brien con R\u00f6hlig comenz\u00f3 en la d\u00e9cada de 1980 y continu\u00f3 con la fundaci\u00f3n y direcci\u00f3n durante muchos a\u00f1os de AirOcean Irlanda en 1997 como agente. Desde la adquisici\u00f3n en 2025, Garrett O\u2019Brien ha dirigido R\u00f6hlig Irlanda como director general y se retirar\u00e1 a finales de abril de 2026.<\/p>\n<p>\u201cGarrett O\u2019Brien ha moldeado nuestro negocio irland\u00e9s durante d\u00e9cadas con visi\u00f3n empresarial, compromiso personal y gran lealtad, y lo ha desarrollado hasta la fortaleza que lo caracteriza hoy. Le agradecemos enormemente su excepcional dedicaci\u00f3n y muchos a\u00f1os de liderazgo. Su comprensi\u00f3n del mercado, los clientes y los empleados, as\u00ed como su colaboraci\u00f3n de confianza, fueron decisivas para la exitosa fusi\u00f3n de AirOcean Irlanda y R\u00f6hlig Logistics\u201d, dice Ulrike Baum, Chief Human Resources Officer y miembro de la Junta Ejecutiva Global de R\u00f6hlig Logistics. \u201cLe deseamos lo mejor en la pr\u00f3xima fase de su vida y miramos con gran aprecio su legado\u201d.<\/p>\n<p>Alan O\u2019Brien ejercer\u00e1 como director general hasta finales de abril de 2026 y trabajar\u00e1 en estrecha colaboraci\u00f3n con Garrett O\u2019Brien para garantizar una transici\u00f3n fluida y continuidad para clientes, socios y empleados.<\/p>\n<p>&nbsp;<\/p>\n<p><a href=\"https:\/\/www.rohlig.com\/\" target=\"_blank\" rel=\"noopener noreferrer\">www.rohlig.com<\/a><\/p>\n<p>&nbsp;<\/p>\n","protected":false},"excerpt":{"rendered":"<p>Alan O\u2019Brien ha sido nombrado director general de R\u00f6hlig Irlanda y dirigir\u00e1 la empresa hasta finales de abril de 2026 junto con su predecesor Garrett O\u2019Brien para fomentar un crecimiento sostenible.<\/p>\n","protected":false},"author":12,"featured_media":73855,"comment_status":"open","ping_status":"open","sticky":false,"template":"","format":"standard","meta":{"_acf_changed":false,"footnotes":""},"categories":[6655,6679,1603,1605],"tags":[6761,6985,6986,2256,6987,6988,6763,2995,6989,6990,6991,2459,6992,6993,6994,6995,6996,2700,6997,6998,6999,7000,2123,2520,7001,7002,7003,7004,2281,7005,7006,7007,7008,7009,7010,3015,7011,2720,7012,7013,7014,7015,7016,7017,7018,7019,2731,7020,2486,2488,2106,3029,3853],"class_list":["post-73850","post","type-post","status-publish","format-standard","has-post-thumbnail","hentry","category-alemania","category-europa","category-personas-y-empresas","category-expedicion-y-logistica","tag-acquisition-dentreprise","tag-air-freight-exports","tag-alan-obrien","tag-artificial-intelligence-in-logistics","tag-canaux-de-vente-numeriques","tag-commerce-avec-lextreme-orient","tag-company-acquisition","tag-croissance-durable","tag-customer-portfolio-francais-roehlig-logistics","tag-customer-service-tools","tag-deutsch-roehlig-logistics","tag-developpement-strategique","tag-digital-sales-channels","tag-digitale-vertriebskanaele","tag-directeur-general-roehlig-irlande","tag-exportations-de-fret-aerien","tag-exportations-de-fret-maritime","tag-fachkraeftemangel-in-der-logistik","tag-far-east-trade","tag-fernost-handel","tag-garrett-obrien","tag-geschaeftsfuehrer-roehlig-irland","tag-gestion-de-la-chaine-dapprovisionnement","tag-intelligence-artificielle-dans-la-logistique","tag-international-trade-routes","tag-internationale-handelsrouten","tag-kundenportfolio-english-roehlig-logistics","tag-kundenservicetools","tag-kuenstliche-intelligenz-in-der-logistik","tag-logistics-service-providers-ireland","tag-logistikdienstleister-irland","tag-luftfracht-exporte","tag-managing-director-roehlig-ireland","tag-multimodal-solutions","tag-multimodale-loesungen","tag-nachhaltiges-wachstum","tag-outils-de-service-client","tag-penurie-de-main-doeuvre-dans-la-logistique","tag-portefeuille-clients","tag-prestataires-de-services-logistiques-irlande","tag-reseau-roehlig","tag-roehlig-network","tag-roehlig-netzwerk","tag-routes-commerciales-internationales","tag-sea-freight-exports","tag-seefracht-exporte","tag-skills-shortage-in-logistics","tag-solutions-multimodales","tag-strategic-development","tag-strategische-weiterentwicklung","tag-supply-chain-management","tag-sustainable-growth","tag-unternehmensuebernahme"],"acf":[],"yoast_head":"<!-- This site is optimized with the Yoast SEO plugin v27.3 - https:\/\/yoast.com\/product\/yoast-seo-wordpress\/ -->\n<title>Alan O&#039;Brien sucede a Garrett O&#039;Brien - Loginfo24<\/title>\n<meta name=\"robots\" content=\"index, follow, max-snippet:-1, max-image-preview:large, max-video-preview:-1\" \/>\n<link rel=\"canonical\" href=\"https:\/\/loginfo24.com\/es\/2026\/01\/27\/alan-obrien-sucede-a-garrett-obrien\/\" \/>\n<meta property=\"og:locale\" content=\"es_ES\" \/>\n<meta property=\"og:type\" content=\"article\" \/>\n<meta property=\"og:title\" content=\"Alan O&#039;Brien sucede a Garrett O&#039;Brien - Loginfo24\" \/>\n<meta property=\"og:description\" content=\"Alan O\u2019Brien ha sido nombrado director general de R\u00f6hlig Irlanda y dirigir\u00e1 la empresa hasta finales de abril de 2026 junto con su predecesor Garrett O\u2019Brien para fomentar un crecimiento sostenible.\" \/>\n<meta property=\"og:url\" content=\"https:\/\/loginfo24.com\/es\/2026\/01\/27\/alan-obrien-sucede-a-garrett-obrien\/\" \/>\n<meta property=\"og:site_name\" content=\"Loginfo24\" \/>\n<meta property=\"article:publisher\" content=\"https:\/\/www.facebook.com\/people\/Loginfo24\/100057360583332\/\" \/>\n<meta property=\"article:published_time\" content=\"2026-01-27T11:50:14+00:00\" \/>\n<meta property=\"article:modified_time\" content=\"2026-01-27T12:06:43+00:00\" \/>\n<meta property=\"og:image\" content=\"https:\/\/loginfo24.com\/wp-content\/uploads\/sites\/7\/2026\/01\/alan-obrien-aspect-ratio-1400-788.jpg\" \/>\n\t<meta property=\"og:image:width\" content=\"850\" \/>\n\t<meta property=\"og:image:height\" content=\"479\" \/>\n\t<meta property=\"og:image:type\" content=\"image\/jpeg\" \/>\n<meta name=\"author\" content=\"Andreas Haug\" \/>\n<meta name=\"twitter:card\" content=\"summary_large_image\" \/>\n<meta name=\"twitter:label1\" content=\"Escrito por\" \/>\n\t<meta name=\"twitter:data1\" content=\"Andreas Haug\" \/>\n\t<meta name=\"twitter:label2\" content=\"Tiempo de lectura\" \/>\n\t<meta name=\"twitter:data2\" content=\"2 minuto\" \/>\n<script type=\"application\/ld+json\" class=\"yoast-schema-graph\">{\"@context\":\"https:\\\/\\\/schema.org\",\"@graph\":[{\"@type\":\"Article\",\"@id\":\"https:\\\/\\\/loginfo24.com\\\/es\\\/2026\\\/01\\\/27\\\/alan-obrien-sucede-a-garrett-obrien\\\/#article\",\"isPartOf\":{\"@id\":\"https:\\\/\\\/loginfo24.com\\\/es\\\/2026\\\/01\\\/27\\\/alan-obrien-sucede-a-garrett-obrien\\\/\"},\"author\":{\"name\":\"Andreas Haug\",\"@id\":\"https:\\\/\\\/loginfo24.com\\\/es\\\/#\\\/schema\\\/person\\\/cf538b3157f15afd7589245a4b3dbd25\"},\"headline\":\"Alan O&#8217;Brien sucede a Garrett O&#8217;Brien\",\"datePublished\":\"2026-01-27T11:50:14+00:00\",\"dateModified\":\"2026-01-27T12:06:43+00:00\",\"mainEntityOfPage\":{\"@id\":\"https:\\\/\\\/loginfo24.com\\\/es\\\/2026\\\/01\\\/27\\\/alan-obrien-sucede-a-garrett-obrien\\\/\"},\"wordCount\":462,\"commentCount\":0,\"publisher\":{\"@id\":\"https:\\\/\\\/loginfo24.com\\\/es\\\/#organization\"},\"image\":{\"@id\":\"https:\\\/\\\/loginfo24.com\\\/es\\\/2026\\\/01\\\/27\\\/alan-obrien-sucede-a-garrett-obrien\\\/#primaryimage\"},\"thumbnailUrl\":\"https:\\\/\\\/loginfo24.com\\\/wp-content\\\/uploads\\\/sites\\\/7\\\/2026\\\/01\\\/alan-obrien-aspect-ratio-1400-788.jpg\",\"keywords\":[\"acquisition d'entreprise\",\"air freight exports\",\"Alan O\u2019Brien\",\"artificial intelligence in logistics\",\"canaux de vente num\u00e9riques\",\"commerce avec l'Extr\u00eame-Orient\",\"company acquisition\",\"croissance durable\",\"customer portfolio Fran\u00e7ais R\u00f6hlig Logistics\",\"customer service tools\",\"Deutsch R\u00f6hlig Logistics\",\"d\u00e9veloppement strat\u00e9gique\",\"digital sales channels\",\"digitale Vertriebskan\u00e4le\",\"directeur g\u00e9n\u00e9ral R\u00f6hlig Irlande\",\"exportations de fret a\u00e9rien\",\"exportations de fret maritime\",\"Fachkr\u00e4ftemangel in der Logistik\",\"Far East trade\",\"Fernost Handel\",\"Garrett O\u2019Brien\",\"Gesch\u00e4ftsf\u00fchrer R\u00f6hlig Irland\",\"gestion de la cha\u00eene d'approvisionnement\",\"intelligence artificielle dans la logistique\",\"international trade routes\",\"internationale Handelsrouten\",\"Kundenportfolio English R\u00f6hlig Logistics\",\"Kundenservicetools\",\"k\u00fcnstliche Intelligenz in der Logistik\",\"logistics service providers Ireland\",\"Logistikdienstleister Irland\",\"Luftfracht Exporte\",\"Managing Director R\u00f6hlig Ireland\",\"multimodal solutions\",\"multimodale L\u00f6sungen\",\"nachhaltiges Wachstum\",\"outils de service client\",\"p\u00e9nurie de main-d'\u0153uvre dans la logistique\",\"portefeuille clients\",\"prestataires de services logistiques Irlande\",\"r\u00e9seau R\u00f6hlig\",\"R\u00f6hlig network\",\"R\u00f6hlig Netzwerk\",\"routes commerciales internationales\",\"sea freight exports\",\"Seefracht Exporte\",\"skills shortage in logistics\",\"solutions multimodales\",\"strategic development\",\"strategische Weiterentwicklung\",\"Supply Chain Management\",\"sustainable growth\",\"Unternehmens\u00fcbernahme\"],\"articleSection\":[\"Alemania\",\"Europa\",\"Personas y empresas\",\"Transporte de mercanc\u00edas y log\u00edstica\"],\"inLanguage\":\"es\",\"potentialAction\":[{\"@type\":\"CommentAction\",\"name\":\"Comment\",\"target\":[\"https:\\\/\\\/loginfo24.com\\\/es\\\/2026\\\/01\\\/27\\\/alan-obrien-sucede-a-garrett-obrien\\\/#respond\"]}]},{\"@type\":\"WebPage\",\"@id\":\"https:\\\/\\\/loginfo24.com\\\/es\\\/2026\\\/01\\\/27\\\/alan-obrien-sucede-a-garrett-obrien\\\/\",\"url\":\"https:\\\/\\\/loginfo24.com\\\/es\\\/2026\\\/01\\\/27\\\/alan-obrien-sucede-a-garrett-obrien\\\/\",\"name\":\"Alan O'Brien sucede a Garrett O'Brien - Loginfo24\",\"isPartOf\":{\"@id\":\"https:\\\/\\\/loginfo24.com\\\/es\\\/#website\"},\"primaryImageOfPage\":{\"@id\":\"https:\\\/\\\/loginfo24.com\\\/es\\\/2026\\\/01\\\/27\\\/alan-obrien-sucede-a-garrett-obrien\\\/#primaryimage\"},\"image\":{\"@id\":\"https:\\\/\\\/loginfo24.com\\\/es\\\/2026\\\/01\\\/27\\\/alan-obrien-sucede-a-garrett-obrien\\\/#primaryimage\"},\"thumbnailUrl\":\"https:\\\/\\\/loginfo24.com\\\/wp-content\\\/uploads\\\/sites\\\/7\\\/2026\\\/01\\\/alan-obrien-aspect-ratio-1400-788.jpg\",\"datePublished\":\"2026-01-27T11:50:14+00:00\",\"dateModified\":\"2026-01-27T12:06:43+00:00\",\"breadcrumb\":{\"@id\":\"https:\\\/\\\/loginfo24.com\\\/es\\\/2026\\\/01\\\/27\\\/alan-obrien-sucede-a-garrett-obrien\\\/#breadcrumb\"},\"inLanguage\":\"es\",\"potentialAction\":[{\"@type\":\"ReadAction\",\"target\":[\"https:\\\/\\\/loginfo24.com\\\/es\\\/2026\\\/01\\\/27\\\/alan-obrien-sucede-a-garrett-obrien\\\/\"]}]},{\"@type\":\"ImageObject\",\"inLanguage\":\"es\",\"@id\":\"https:\\\/\\\/loginfo24.com\\\/es\\\/2026\\\/01\\\/27\\\/alan-obrien-sucede-a-garrett-obrien\\\/#primaryimage\",\"url\":\"https:\\\/\\\/loginfo24.com\\\/wp-content\\\/uploads\\\/sites\\\/7\\\/2026\\\/01\\\/alan-obrien-aspect-ratio-1400-788.jpg\",\"contentUrl\":\"https:\\\/\\\/loginfo24.com\\\/wp-content\\\/uploads\\\/sites\\\/7\\\/2026\\\/01\\\/alan-obrien-aspect-ratio-1400-788.jpg\",\"width\":850,\"height\":479},{\"@type\":\"BreadcrumbList\",\"@id\":\"https:\\\/\\\/loginfo24.com\\\/es\\\/2026\\\/01\\\/27\\\/alan-obrien-sucede-a-garrett-obrien\\\/#breadcrumb\",\"itemListElement\":[{\"@type\":\"ListItem\",\"position\":1,\"name\":\"Startseite\",\"item\":\"https:\\\/\\\/loginfo24.com\\\/es\\\/\"},{\"@type\":\"ListItem\",\"position\":2,\"name\":\"Alan O&#8217;Brien sucede a Garrett O&#8217;Brien\"}]},{\"@type\":\"WebSite\",\"@id\":\"https:\\\/\\\/loginfo24.com\\\/es\\\/#website\",\"url\":\"https:\\\/\\\/loginfo24.com\\\/es\\\/\",\"name\":\"Loginfo24\",\"description\":\"Loginfo24 es la plataforma dedicada a la log\u00edstica y las cadenas de suministro con informaci\u00f3n las 24 horas del d\u00eda.\",\"publisher\":{\"@id\":\"https:\\\/\\\/loginfo24.com\\\/es\\\/#organization\"},\"potentialAction\":[{\"@type\":\"SearchAction\",\"target\":{\"@type\":\"EntryPoint\",\"urlTemplate\":\"https:\\\/\\\/loginfo24.com\\\/es\\\/?s={search_term_string}\"},\"query-input\":{\"@type\":\"PropertyValueSpecification\",\"valueRequired\":true,\"valueName\":\"search_term_string\"}}],\"inLanguage\":\"es\"},{\"@type\":\"Organization\",\"@id\":\"https:\\\/\\\/loginfo24.com\\\/es\\\/#organization\",\"name\":\"Grupo Logismedia AG\",\"url\":\"https:\\\/\\\/loginfo24.com\\\/es\\\/\",\"logo\":{\"@type\":\"ImageObject\",\"inLanguage\":\"es\",\"@id\":\"https:\\\/\\\/loginfo24.com\\\/es\\\/#\\\/schema\\\/logo\\\/image\\\/\",\"url\":\"https:\\\/\\\/loginfo24.com\\\/wp-content\\\/uploads\\\/sites\\\/7\\\/2026\\\/01\\\/Logo_LogInfo24.png\",\"contentUrl\":\"https:\\\/\\\/loginfo24.com\\\/wp-content\\\/uploads\\\/sites\\\/7\\\/2026\\\/01\\\/Logo_LogInfo24.png\",\"width\":938,\"height\":351,\"caption\":\"Grupo Logismedia AG\"},\"image\":{\"@id\":\"https:\\\/\\\/loginfo24.com\\\/es\\\/#\\\/schema\\\/logo\\\/image\\\/\"},\"sameAs\":[\"https:\\\/\\\/www.facebook.com\\\/people\\\/Loginfo24\\\/100057360583332\\\/\",\"https:\\\/\\\/www.linkedin.com\\\/company\\\/lofinfo24\\\/\"]},{\"@type\":\"Person\",\"@id\":\"https:\\\/\\\/loginfo24.com\\\/es\\\/#\\\/schema\\\/person\\\/cf538b3157f15afd7589245a4b3dbd25\",\"name\":\"Andreas Haug\",\"url\":\"https:\\\/\\\/loginfo24.com\\\/es\\\/author\\\/andreas\\\/\"}]}<\/script>\n<!-- \/ Yoast SEO plugin. -->","yoast_head_json":{"title":"Alan O'Brien sucede a Garrett O'Brien - Loginfo24","robots":{"index":"index","follow":"follow","max-snippet":"max-snippet:-1","max-image-preview":"max-image-preview:large","max-video-preview":"max-video-preview:-1"},"canonical":"https:\/\/loginfo24.com\/es\/2026\/01\/27\/alan-obrien-sucede-a-garrett-obrien\/","og_locale":"es_ES","og_type":"article","og_title":"Alan O'Brien sucede a Garrett O'Brien - Loginfo24","og_description":"Alan O\u2019Brien ha sido nombrado director general de R\u00f6hlig Irlanda y dirigir\u00e1 la empresa hasta finales de abril de 2026 junto con su predecesor Garrett O\u2019Brien para fomentar un crecimiento sostenible.","og_url":"https:\/\/loginfo24.com\/es\/2026\/01\/27\/alan-obrien-sucede-a-garrett-obrien\/","og_site_name":"Loginfo24","article_publisher":"https:\/\/www.facebook.com\/people\/Loginfo24\/100057360583332\/","article_published_time":"2026-01-27T11:50:14+00:00","article_modified_time":"2026-01-27T12:06:43+00:00","og_image":[{"width":850,"height":479,"url":"https:\/\/loginfo24.com\/wp-content\/uploads\/sites\/7\/2026\/01\/alan-obrien-aspect-ratio-1400-788.jpg","type":"image\/jpeg"}],"author":"Andreas Haug","twitter_card":"summary_large_image","twitter_misc":{"Escrito por":"Andreas Haug","Tiempo de lectura":"2 minuto"},"schema":{"@context":"https:\/\/schema.org","@graph":[{"@type":"Article","@id":"https:\/\/loginfo24.com\/es\/2026\/01\/27\/alan-obrien-sucede-a-garrett-obrien\/#article","isPartOf":{"@id":"https:\/\/loginfo24.com\/es\/2026\/01\/27\/alan-obrien-sucede-a-garrett-obrien\/"},"author":{"name":"Andreas Haug","@id":"https:\/\/loginfo24.com\/es\/#\/schema\/person\/cf538b3157f15afd7589245a4b3dbd25"},"headline":"Alan O&#8217;Brien sucede a Garrett O&#8217;Brien","datePublished":"2026-01-27T11:50:14+00:00","dateModified":"2026-01-27T12:06:43+00:00","mainEntityOfPage":{"@id":"https:\/\/loginfo24.com\/es\/2026\/01\/27\/alan-obrien-sucede-a-garrett-obrien\/"},"wordCount":462,"commentCount":0,"publisher":{"@id":"https:\/\/loginfo24.com\/es\/#organization"},"image":{"@id":"https:\/\/loginfo24.com\/es\/2026\/01\/27\/alan-obrien-sucede-a-garrett-obrien\/#primaryimage"},"thumbnailUrl":"https:\/\/loginfo24.com\/wp-content\/uploads\/sites\/7\/2026\/01\/alan-obrien-aspect-ratio-1400-788.jpg","keywords":["acquisition d'entreprise","air freight exports","Alan O\u2019Brien","artificial intelligence in logistics","canaux de vente num\u00e9riques","commerce avec l'Extr\u00eame-Orient","company acquisition","croissance durable","customer portfolio Fran\u00e7ais R\u00f6hlig Logistics","customer service tools","Deutsch R\u00f6hlig Logistics","d\u00e9veloppement strat\u00e9gique","digital sales channels","digitale Vertriebskan\u00e4le","directeur g\u00e9n\u00e9ral R\u00f6hlig Irlande","exportations de fret a\u00e9rien","exportations de fret maritime","Fachkr\u00e4ftemangel in der Logistik","Far East trade","Fernost Handel","Garrett O\u2019Brien","Gesch\u00e4ftsf\u00fchrer R\u00f6hlig Irland","gestion de la cha\u00eene d'approvisionnement","intelligence artificielle dans la logistique","international trade routes","internationale Handelsrouten","Kundenportfolio English R\u00f6hlig Logistics","Kundenservicetools","k\u00fcnstliche Intelligenz in der Logistik","logistics service providers Ireland","Logistikdienstleister Irland","Luftfracht Exporte","Managing Director R\u00f6hlig Ireland","multimodal solutions","multimodale L\u00f6sungen","nachhaltiges Wachstum","outils de service client","p\u00e9nurie de main-d'\u0153uvre dans la logistique","portefeuille clients","prestataires de services logistiques Irlande","r\u00e9seau R\u00f6hlig","R\u00f6hlig network","R\u00f6hlig Netzwerk","routes commerciales internationales","sea freight exports","Seefracht Exporte","skills shortage in logistics","solutions multimodales","strategic development","strategische Weiterentwicklung","Supply Chain Management","sustainable growth","Unternehmens\u00fcbernahme"],"articleSection":["Alemania","Europa","Personas y empresas","Transporte de mercanc\u00edas y log\u00edstica"],"inLanguage":"es","potentialAction":[{"@type":"CommentAction","name":"Comment","target":["https:\/\/loginfo24.com\/es\/2026\/01\/27\/alan-obrien-sucede-a-garrett-obrien\/#respond"]}]},{"@type":"WebPage","@id":"https:\/\/loginfo24.com\/es\/2026\/01\/27\/alan-obrien-sucede-a-garrett-obrien\/","url":"https:\/\/loginfo24.com\/es\/2026\/01\/27\/alan-obrien-sucede-a-garrett-obrien\/","name":"Alan O'Brien sucede a Garrett O'Brien - Loginfo24","isPartOf":{"@id":"https:\/\/loginfo24.com\/es\/#website"},"primaryImageOfPage":{"@id":"https:\/\/loginfo24.com\/es\/2026\/01\/27\/alan-obrien-sucede-a-garrett-obrien\/#primaryimage"},"image":{"@id":"https:\/\/loginfo24.com\/es\/2026\/01\/27\/alan-obrien-sucede-a-garrett-obrien\/#primaryimage"},"thumbnailUrl":"https:\/\/loginfo24.com\/wp-content\/uploads\/sites\/7\/2026\/01\/alan-obrien-aspect-ratio-1400-788.jpg","datePublished":"2026-01-27T11:50:14+00:00","dateModified":"2026-01-27T12:06:43+00:00","breadcrumb":{"@id":"https:\/\/loginfo24.com\/es\/2026\/01\/27\/alan-obrien-sucede-a-garrett-obrien\/#breadcrumb"},"inLanguage":"es","potentialAction":[{"@type":"ReadAction","target":["https:\/\/loginfo24.com\/es\/2026\/01\/27\/alan-obrien-sucede-a-garrett-obrien\/"]}]},{"@type":"ImageObject","inLanguage":"es","@id":"https:\/\/loginfo24.com\/es\/2026\/01\/27\/alan-obrien-sucede-a-garrett-obrien\/#primaryimage","url":"https:\/\/loginfo24.com\/wp-content\/uploads\/sites\/7\/2026\/01\/alan-obrien-aspect-ratio-1400-788.jpg","contentUrl":"https:\/\/loginfo24.com\/wp-content\/uploads\/sites\/7\/2026\/01\/alan-obrien-aspect-ratio-1400-788.jpg","width":850,"height":479},{"@type":"BreadcrumbList","@id":"https:\/\/loginfo24.com\/es\/2026\/01\/27\/alan-obrien-sucede-a-garrett-obrien\/#breadcrumb","itemListElement":[{"@type":"ListItem","position":1,"name":"Startseite","item":"https:\/\/loginfo24.com\/es\/"},{"@type":"ListItem","position":2,"name":"Alan O&#8217;Brien sucede a Garrett O&#8217;Brien"}]},{"@type":"WebSite","@id":"https:\/\/loginfo24.com\/es\/#website","url":"https:\/\/loginfo24.com\/es\/","name":"Loginfo24","description":"Loginfo24 es la plataforma dedicada a la log\u00edstica y las cadenas de suministro con informaci\u00f3n las 24 horas del d\u00eda.","publisher":{"@id":"https:\/\/loginfo24.com\/es\/#organization"},"potentialAction":[{"@type":"SearchAction","target":{"@type":"EntryPoint","urlTemplate":"https:\/\/loginfo24.com\/es\/?s={search_term_string}"},"query-input":{"@type":"PropertyValueSpecification","valueRequired":true,"valueName":"search_term_string"}}],"inLanguage":"es"},{"@type":"Organization","@id":"https:\/\/loginfo24.com\/es\/#organization","name":"Grupo Logismedia AG","url":"https:\/\/loginfo24.com\/es\/","logo":{"@type":"ImageObject","inLanguage":"es","@id":"https:\/\/loginfo24.com\/es\/#\/schema\/logo\/image\/","url":"https:\/\/loginfo24.com\/wp-content\/uploads\/sites\/7\/2026\/01\/Logo_LogInfo24.png","contentUrl":"https:\/\/loginfo24.com\/wp-content\/uploads\/sites\/7\/2026\/01\/Logo_LogInfo24.png","width":938,"height":351,"caption":"Grupo Logismedia AG"},"image":{"@id":"https:\/\/loginfo24.com\/es\/#\/schema\/logo\/image\/"},"sameAs":["https:\/\/www.facebook.com\/people\/Loginfo24\/100057360583332\/","https:\/\/www.linkedin.com\/company\/lofinfo24\/"]},{"@type":"Person","@id":"https:\/\/loginfo24.com\/es\/#\/schema\/person\/cf538b3157f15afd7589245a4b3dbd25","name":"Andreas Haug","url":"https:\/\/loginfo24.com\/es\/author\/andreas\/"}]}},"_links":{"self":[{"href":"https:\/\/loginfo24.com\/es\/wp-json\/wp\/v2\/posts\/73850","targetHints":{"allow":["GET"]}}],"collection":[{"href":"https:\/\/loginfo24.com\/es\/wp-json\/wp\/v2\/posts"}],"about":[{"href":"https:\/\/loginfo24.com\/es\/wp-json\/wp\/v2\/types\/post"}],"author":[{"embeddable":true,"href":"https:\/\/loginfo24.com\/es\/wp-json\/wp\/v2\/users\/12"}],"replies":[{"embeddable":true,"href":"https:\/\/loginfo24.com\/es\/wp-json\/wp\/v2\/comments?post=73850"}],"version-history":[{"count":1,"href":"https:\/\/loginfo24.com\/es\/wp-json\/wp\/v2\/posts\/73850\/revisions"}],"predecessor-version":[{"id":73858,"href":"https:\/\/loginfo24.com\/es\/wp-json\/wp\/v2\/posts\/73850\/revisions\/73858"}],"wp:featuredmedia":[{"embeddable":true,"href":"https:\/\/loginfo24.com\/es\/wp-json\/wp\/v2\/media\/73855"}],"wp:attachment":[{"href":"https:\/\/loginfo24.com\/es\/wp-json\/wp\/v2\/media?parent=73850"}],"wp:term":[{"taxonomy":"category","embeddable":true,"href":"https:\/\/loginfo24.com\/es\/wp-json\/wp\/v2\/categories?post=73850"},{"taxonomy":"post_tag","embeddable":true,"href":"https:\/\/loginfo24.com\/es\/wp-json\/wp\/v2\/tags?post=73850"}],"curies":[{"name":"wp","href":"https:\/\/api.w.org\/{rel}","templated":true}]}}